{"id":10491,"date":"2025-09-29T14:03:57","date_gmt":"2025-09-29T12:03:57","guid":{"rendered":"https:\/\/baumev.de\/?p=10491"},"modified":"2025-09-29T14:08:03","modified_gmt":"2025-09-29T12:08:03","slug":"ki-als-schluessel-fuer-nachhaltiges-mobilitaetsmanagement","status":"publish","type":"post","link":"https:\/\/baumev.de\/en\/ki-als-schluessel-fuer-nachhaltiges-mobilitaetsmanagement\/","title":{"rendered":"KI als Schl\u00fcssel f\u00fcr nachhaltiges Mobilit\u00e4tsmanagement"},"content":{"rendered":"<p>St\u00e4dte und Kommunen stehen beim Mobilit\u00e4tsmanagement vor einem doppelten Dilemma: Einerseits wachsen Wirtschaft und Bev\u00f6lkerung, was zu mehr Verkehr und h\u00f6heren Emissionen f\u00fchrt. Andererseits steigen die Anforderungen an Luftqualit\u00e4t, Klimaschutz und Lebensqualit\u00e4t. Genau hier setzt das vom ehemaligen Bundesministerium f\u00fcr Digitales und Verkehr gef\u00f6rderte Forschungsprojekt <a href=\"https:\/\/aiamo.de\/de\" target=\"_blank\" rel=\"noopener\">AIAMO<\/a> an. Der Name steht f\u00fcr \u201eArtificial Intelligence And MObility\u201c \u2013 und f\u00fcr die Vision, k\u00fcnstliche Intelligenz gezielt f\u00fcr lebenswertere St\u00e4dte einzusetzen.<\/p>\n<p>Das durch ITS Germany e.V. gef\u00fchrte Konsortium entwickelt innovative L\u00f6sungen, die urbane und l\u00e4ndlich gepr\u00e4gte Mobilit\u00e4tsbed\u00fcrfnisse gleicherma\u00dfen adressieren. Dem Konsortium geh\u00f6ren Partner aus Wissenschaft, Forschung und Industrie an: T-Systems, Theis Consult, Fraunhofer IML, Bosch, Deutsches Zentrum f\u00fcr Luft- und Raumfahrt, Helmholtz Zentrum f\u00fcr Umweltforschung, highQ, FKFS, TEQYARD, Swarco sowie Schlothauer &amp; Wauer.<\/p>\n<h4>Leipzig: Digitale Zwillinge f\u00fcr smarte Mobilit\u00e4t<\/h4>\n<p>Die s\u00e4chsische Metropole Leipzig ist eine von 100 EU-Modellst\u00e4dten f\u00fcr \u201eklimaneutrale und smarte St\u00e4dte\u201c. Sie steht exemplarisch f\u00fcr viele wachsende Gro\u00dfst\u00e4dte in Europa: steigende Einwohnerzahlen, mehr Verkehr, h\u00f6here Luftbelastung. Die Stadt begegnet diesen Herausforderungen mit einer ambitionierten Digitalstrategie, die neue Technologien mit konkretem Nutzen f\u00fcr B\u00fcrger:innen verbindet.<\/p>\n<p>AIAMO ist dabei ein zentraler Baustein: Im gesamten Stadtgebiet entsteht ein sensorbasiertes Umweltmessnetz mit rund 50 Stationen, das kontinuierlich Daten zur Luftqualit\u00e4t sammelt. Dar\u00fcber hinaus erfasst die Stadt aktuelle Verkehrsdaten. All diese Echtzeitdaten werden durch KI-Modelle analysiert und flie\u00dfen in die Entwicklung eines umweltsensitiven Mobilit\u00e4tsmanagementsystems ein.<\/p>\n<p>Ein digitales Abbild \u2013 der sog. digitale Zwilling \u2013 verkn\u00fcpft die Daten aus Umwelt und Verkehr und hilft, Hotspots fr\u00fch- zeitig zu erkennen, Szenarien zu simulieren und dynamische Gegenma\u00dfnahmen zu entwickeln. Wenn die Schadstoffkonzentrationen an bestimmten Orten steigen, soll das System automatisch reagieren und entsprechende Ma\u00dfnahmen vorschlagen: etwa Tempolimits, Verkehrsumleitungen oder Hinweise auf umweltfreundliche Alternativen.<\/p>\n<p>Der digitale Zwilling kombiniert dabei zwei Modelle \u2013 eines f\u00fcr Verkehr, eines f\u00fcr Umwelt \u2013 die miteinander gekoppelt werden, um Wechselwirkungen analysieren und steuern zu k\u00f6nnen. Damit schafft Leipzig eine innovative Grundlage f\u00fcr ein datenbasiertes, KI-gest\u00fctztes Mobilit\u00e4tsmanagement, das flexibel und zukunftssicher ist.<\/p>\n<h4>Landau in der Pfalz: Smarte Ampeln f\u00fcr saubere Luft in der Mittelstadt<\/h4>\n<p>Landau in der Pfalz steht vor ganz anderen, aber nicht weniger komplexen Aufgaben: Als Mittelstadt mit rund 46.000 Einwohner:innen liegt sie in einer Region mit hohem Pendelverkehr. T\u00e4glich passieren etwa 37.000 Pendler:innen die Stadtgrenzen \u2013 was zu regelm\u00e4\u00dfigen Belastungsspitzen f\u00fchrt.<\/p>\n<p>Im Rahmen von AIAMO wird in Landau in der Pfalz ein intelligentes\u00a0Verkehrssteuerungssystem erprobt, das mit Hilfe von KI die Ampelschaltungen an den Hauptverkehrsachsen optimiert. Ziel ist eine \u201edynamische gr\u00fcne Welle\u201c, die unn\u00f6tige Stopps vermeiden, den Verkehrsfluss verbessern und Emissionen reduzieren soll. Dar\u00fcber hinaus kommen auch Vorhersagemodelle zum Einsatz, etwa zur Steuerung eines beschrankten Bahn\u00fcbergangs, der bislang ein Engpass im Westen der Stadt war. Landau zeigt damit: Auch kleinere Kommunen k\u00f6nnen Vorreiter in Sachen KI-gest\u00fctzter Nachhaltigkeit sein.<\/p>\n<h4>Technische Infrastruktur<\/h4>\n<p>Der AIAMOnexus liefert die technische Grundlage: Er besteht aus der Integrationszone sowie aus leistungsstarken AI Foundation Models. Die Integrationszone verkn\u00fcpft die Mobilit\u00e4ts- und Umweltdaten sicher, interoperabel und im Einklang mit allen rechtlichen Vorschriften wie DSGVO, AI Act und Data Act. Die AI Foundation Models erm\u00f6glichen, die Daten f\u00fcr innovative KI-Anwendungen und passgenaue Mobilit\u00e4tsl\u00f6sungen wie digitale Zwillinge oder szenarienbasierte Steuerungsstrategien nutzbar zu machen. Damit bildet der AIAMOnexus das R\u00fcckgrat eines intelligenten, skalierbaren und praxisnahen Mobilit\u00e4tsmanagements.<\/p>\n<p>AIAMO ist zudem modular und \u00fcbertragbar. Ein zentrales Element ist daf\u00fcr das Entwickler-Framework editionAIAMO: Es bietet Zugang zu kuratierten, interoperablen Daten sowie zu leistungsstarken AI Foundation Models als Grundlage f\u00fcr Innovationen, neue digitale Services und Gesch\u00e4ftsmodelle \u2013 interessant auch f\u00fcr Verkehrsbetriebe und Wirtschaft.<\/p>\n<h4>Social Mobility: Gemeinwohlorientiert und intermodal<\/h4>\n<p>Neben der technischen Infrastruktur spielt auch die soziale Dimension eine wichtige Rolle bei AIAMO. Social Mobility erm\u00f6glicht soziale Teilhabe, Umweltgerechtigkeit und gemeinwohlorientierte Mobilit\u00e4tsangebote. Mit der Mobility- Suite und der App editionAIAMO des AIAMO Projektpartners highQ entsteht eine Plattform, die multimodale, barrierefreie und personalisierte Routenplanung erm\u00f6glicht \u2013 \u00fcber alle Verkehrstr\u00e4ger hinweg.<\/p>\n<p>Die App erkennt das Mobilit\u00e4tsverhalten der Nutzenden automatisch, schl\u00e4gt nachhaltige Alternativen vor und belohnt umweltfreundliches Verhalten mit einem Anreizsystem. Durch Funktionen wie Echtzeitinformationen, barrierefreie Wegef\u00fchrung und Sicherheitsfeatures profitieren besonders schutzbed\u00fcrftige Gruppen wie Kinder, \u00e4ltere Menschen oder Personen mit Mobilit\u00e4tseinschr\u00e4nkungen.<\/p>\n<h4>Fazit: KI erm\u00f6glicht die Mobilit\u00e4t der Zukunft<\/h4>\n<p>AIAMO zeigt, wie technologische Innovation, soziale Verantwortung und klare Nachhaltigkeitsziele miteinander vereinbar sind. Ob Gro\u00dfstadt oder Mittelzentrum: Mit Hilfe von KI lassen sich Verkehrsfl\u00fcsse vorausschauend steuern, Emissionen reduzieren, Barrieren abbauen und Mobilit\u00e4t ganzheitlich gestalten.<\/p>\n<p>AIAMO steht f\u00fcr einen \u00fcbertragbaren, datenbasierten L\u00f6sungsrahmen, der digitale Zwillinge, k\u00fcnstliche Intelligenz und soziale Innovation in ein intelligentes Gesamtsystem f\u00fcr umweltfreundliches Mobilit\u00e4tsmanagement integriert. Es bietet einen konkreten, praxiserprobten Beitrag zur digitalen und nachhaltigen Transformation des Verkehrssektors \u2013 und damit zur Gestaltung zukunftsf\u00e4higer Mobilit\u00e4t f\u00fcr Menschen und Umwelt.<\/p>\n<hr \/>\n<p>Dies ist ein Beitrag aus <a href=\"https:\/\/baumev.de\/baum-ev\/baum-insights\/\" target=\"_blank\" rel=\"noopener\">BAUM Insights<\/a> 4\/2025.<\/p>\n<p>Die Autorin, <strong>Sabine Rieth<\/strong>, ist bei <a href=\"https:\/\/itsgermany.org\/\" target=\"_blank\" rel=\"noopener\">ITS Germany<\/a> e.V. im Rahmen des Forschungsprojekts AIAMO verantwortlich f\u00fcr Transfer und \u00d6ffentlichkeitsarbeit. Sie ist Expertin f\u00fcr strategische Kommunikation, Projektmanagement und Wissenstransfer an der Schnittstelle von Mobilit\u00e4t, Digitalisierung und Nachhaltigkeit.<\/p>\n","protected":false},"excerpt":{"rendered":"<p>Das Forschungsprojekt AIAMO entwickelt und erprobt zukunftsweisende L\u00f6sungen f\u00fcr das Mobilit\u00e4tsmanagement in St\u00e4dten und Kommunen. Zwei Modellregionen \u2013 Leipzig und Landau in der Pfalz \u2013 zeigen exemplarisch, wie KI-basierte Steuerungssysteme Verkehrsfl\u00fcsse optimieren, Emissionen senken und den Mobilit\u00e4tswandel konkret unterst\u00fctzen k\u00f6nnen.<\/p>\n","protected":false},"author":2,"featured_media":10495,"comment_status":"closed","ping_status":"closed","sticky":false,"template":"","format":"standard","meta":{"_acf_changed":false,"_et_pb_use_builder":"","_et_pb_old_content":"","_et_gb_content_width":"","inline_featured_image":false,"footnotes":""},"categories":[14,18,16],"tags":[],"class_list":["post-10491","post","type-post","status-publish","format-standard","has-post-thumbnail","hentry","category-digitalisierung","category-news","category-mobilitaet-logistik"],"acf":[],"yoast_head":"<!-- This site is optimized with the Yoast SEO plugin v27.2 - https:\/\/yoast.com\/product\/yoast-seo-wordpress\/ -->\n<title>KI als Schl\u00fcssel f\u00fcr nachhaltiges Mobilit\u00e4tsmanagement - BAUM e.V.<\/title>\n<meta name=\"description\" content=\"Digitale Zwillinge, KI und soziale Innovation: ein intelligentes Gesamtsystem f\u00fcr umweltfreundliches Mobilit\u00e4tsmanagement.\" \/>\n<meta name=\"robots\" content=\"index, follow, max-snippet:-1, max-image-preview:large, max-video-preview:-1\" \/>\n<link rel=\"canonical\" href=\"https:\/\/baumev.de\/en\/ki-als-schluessel-fuer-nachhaltiges-mobilitaetsmanagement\/\" \/>\n<meta property=\"og:locale\" content=\"en_GB\" \/>\n<meta property=\"og:type\" content=\"article\" \/>\n<meta property=\"og:title\" content=\"KI als Schl\u00fcssel f\u00fcr nachhaltiges Mobilit\u00e4tsmanagement - BAUM e.V.\" \/>\n<meta property=\"og:description\" content=\"Digitale Zwillinge, KI und soziale Innovation: ein intelligentes Gesamtsystem f\u00fcr umweltfreundliches Mobilit\u00e4tsmanagement.\" \/>\n<meta property=\"og:url\" content=\"https:\/\/baumev.de\/en\/ki-als-schluessel-fuer-nachhaltiges-mobilitaetsmanagement\/\" \/>\n<meta property=\"og:site_name\" content=\"BAUM e.V.\" \/>\n<meta property=\"article:published_time\" content=\"2025-09-29T12:03:57+00:00\" \/>\n<meta property=\"article:modified_time\" content=\"2025-09-29T12:08:03+00:00\" \/>\n<meta property=\"og:image\" content=\"https:\/\/baumev.de\/wp-content\/uploads\/2025\/09\/1_AIAMO-17-ohne-text-scaled.jpg\" \/>\n\t<meta property=\"og:image:width\" content=\"2560\" \/>\n\t<meta property=\"og:image:height\" content=\"1440\" \/>\n\t<meta property=\"og:image:type\" content=\"image\/jpeg\" \/>\n<meta name=\"author\" content=\"Katrin Wippich\" \/>\n<meta name=\"twitter:card\" content=\"summary_large_image\" \/>\n<meta name=\"twitter:label1\" content=\"Written by\" \/>\n\t<meta name=\"twitter:data1\" content=\"Katrin Wippich\" \/>\n\t<meta name=\"twitter:label2\" content=\"Estimated reading time\" \/>\n\t<meta name=\"twitter:data2\" content=\"5 minutes\" \/>\n<script type=\"application\/ld+json\" class=\"yoast-schema-graph\">{\"@context\":\"https:\/\/schema.org\",\"@graph\":[{\"@type\":\"Article\",\"@id\":\"https:\/\/baumev.de\/en\/ki-als-schluessel-fuer-nachhaltiges-mobilitaetsmanagement\/#article\",\"isPartOf\":{\"@id\":\"https:\/\/baumev.de\/en\/ki-als-schluessel-fuer-nachhaltiges-mobilitaetsmanagement\/\"},\"author\":{\"name\":\"Katrin Wippich\",\"@id\":\"\/#\/schema\/person\/7cca3fa2dd5ee9056656013035fb46db\"},\"headline\":\"KI als Schl\u00fcssel f\u00fcr nachhaltiges Mobilit\u00e4tsmanagement\",\"datePublished\":\"2025-09-29T12:03:57+00:00\",\"dateModified\":\"2025-09-29T12:08:03+00:00\",\"mainEntityOfPage\":{\"@id\":\"https:\/\/baumev.de\/en\/ki-als-schluessel-fuer-nachhaltiges-mobilitaetsmanagement\/\"},\"wordCount\":887,\"publisher\":{\"@id\":\"\/#organization\"},\"image\":{\"@id\":\"https:\/\/baumev.de\/en\/ki-als-schluessel-fuer-nachhaltiges-mobilitaetsmanagement\/#primaryimage\"},\"thumbnailUrl\":\"https:\/\/baumev.de\/wp-content\/uploads\/2025\/09\/1_AIAMO-17-ohne-text-scaled.jpg\",\"articleSection\":[\"Digitalisierung\",\"Einblicke &amp; Perspektiven\",\"Mobilit\u00e4t &amp; Logistik\"],\"inLanguage\":\"en-GB\"},{\"@type\":\"WebPage\",\"@id\":\"https:\/\/baumev.de\/en\/ki-als-schluessel-fuer-nachhaltiges-mobilitaetsmanagement\/\",\"url\":\"https:\/\/baumev.de\/en\/ki-als-schluessel-fuer-nachhaltiges-mobilitaetsmanagement\/\",\"name\":\"KI als Schl\u00fcssel f\u00fcr nachhaltiges Mobilit\u00e4tsmanagement - BAUM e.V.\",\"isPartOf\":{\"@id\":\"\/#website\"},\"primaryImageOfPage\":{\"@id\":\"https:\/\/baumev.de\/en\/ki-als-schluessel-fuer-nachhaltiges-mobilitaetsmanagement\/#primaryimage\"},\"image\":{\"@id\":\"https:\/\/baumev.de\/en\/ki-als-schluessel-fuer-nachhaltiges-mobilitaetsmanagement\/#primaryimage\"},\"thumbnailUrl\":\"https:\/\/baumev.de\/wp-content\/uploads\/2025\/09\/1_AIAMO-17-ohne-text-scaled.jpg\",\"datePublished\":\"2025-09-29T12:03:57+00:00\",\"dateModified\":\"2025-09-29T12:08:03+00:00\",\"description\":\"Digitale Zwillinge, KI und soziale Innovation: ein intelligentes Gesamtsystem f\u00fcr umweltfreundliches Mobilit\u00e4tsmanagement.\",\"breadcrumb\":{\"@id\":\"https:\/\/baumev.de\/en\/ki-als-schluessel-fuer-nachhaltiges-mobilitaetsmanagement\/#breadcrumb\"},\"inLanguage\":\"en-GB\",\"potentialAction\":[{\"@type\":\"ReadAction\",\"target\":[\"https:\/\/baumev.de\/en\/ki-als-schluessel-fuer-nachhaltiges-mobilitaetsmanagement\/\"]}]},{\"@type\":\"ImageObject\",\"inLanguage\":\"en-GB\",\"@id\":\"https:\/\/baumev.de\/en\/ki-als-schluessel-fuer-nachhaltiges-mobilitaetsmanagement\/#primaryimage\",\"url\":\"https:\/\/baumev.de\/wp-content\/uploads\/2025\/09\/1_AIAMO-17-ohne-text-scaled.jpg\",\"contentUrl\":\"https:\/\/baumev.de\/wp-content\/uploads\/2025\/09\/1_AIAMO-17-ohne-text-scaled.jpg\",\"width\":2560,\"height\":1440,\"caption\":\"Grafik, die Zeigt: Mit AIAMO k\u00f6nnen St\u00e4dte und Kommunen Mobilit\u00e4t effizient, sozial und umweltfreundlich gestalten, den CO\u2082-Aussto\u00df minimieren und so die Lebensqualit\u00e4t der B\u00fcrger:innen verbessern.\"},{\"@type\":\"BreadcrumbList\",\"@id\":\"https:\/\/baumev.de\/en\/ki-als-schluessel-fuer-nachhaltiges-mobilitaetsmanagement\/#breadcrumb\",\"itemListElement\":[{\"@type\":\"ListItem\",\"position\":1,\"name\":\"Startseite\",\"item\":\"https:\/\/baumev.de\/en\/\"},{\"@type\":\"ListItem\",\"position\":2,\"name\":\"KI als Schl\u00fcssel f\u00fcr nachhaltiges Mobilit\u00e4tsmanagement\"}]},{\"@type\":\"WebSite\",\"@id\":\"\/#website\",\"url\":\"\/\",\"name\":\"BAUM e.V.\",\"description\":\"BAUM e.V. \u2013 Netzwerk f\u00fcr nachhaltiges Wirtschaften\",\"publisher\":{\"@id\":\"\/#organization\"},\"potentialAction\":[{\"@type\":\"SearchAction\",\"target\":{\"@type\":\"EntryPoint\",\"urlTemplate\":\"\/?s={search_term_string}\"},\"query-input\":{\"@type\":\"PropertyValueSpecification\",\"valueRequired\":true,\"valueName\":\"search_term_string\"}}],\"inLanguage\":\"en-GB\"},{\"@type\":\"Organization\",\"@id\":\"\/#organization\",\"name\":\"BAUM e.V.\",\"alternateName\":\"Bundesdeutscher Arbeitskreis f\u00fcr Umweltbewusstes Management\",\"url\":\"\/\",\"logo\":{\"@type\":\"ImageObject\",\"inLanguage\":\"en-GB\",\"@id\":\"\/#\/schema\/logo\/image\/\",\"url\":\"https:\/\/baumev.de\/wp-content\/uploads\/2025\/04\/Element-1.svg\",\"contentUrl\":\"https:\/\/baumev.de\/wp-content\/uploads\/2025\/04\/Element-1.svg\",\"width\":\"1024\",\"height\":\"1024\",\"caption\":\"BAUM e.V.\"},\"image\":{\"@id\":\"\/#\/schema\/logo\/image\/\"},\"sameAs\":[\"https:\/\/www.linkedin.com\/company\/baum-ev\"]},{\"@type\":\"Person\",\"@id\":\"\/#\/schema\/person\/7cca3fa2dd5ee9056656013035fb46db\",\"name\":\"Katrin Wippich\"}]}<\/script>\n<!-- \/ Yoast SEO plugin. -->","yoast_head_json":{"title":"KI als Schl\u00fcssel f\u00fcr nachhaltiges Mobilit\u00e4tsmanagement - BAUM e.V.","description":"Digitale Zwillinge, KI und soziale Innovation: ein intelligentes Gesamtsystem f\u00fcr umweltfreundliches Mobilit\u00e4tsmanagement.","robots":{"index":"index","follow":"follow","max-snippet":"max-snippet:-1","max-image-preview":"max-image-preview:large","max-video-preview":"max-video-preview:-1"},"canonical":"https:\/\/baumev.de\/en\/ki-als-schluessel-fuer-nachhaltiges-mobilitaetsmanagement\/","og_locale":"en_GB","og_type":"article","og_title":"KI als Schl\u00fcssel f\u00fcr nachhaltiges Mobilit\u00e4tsmanagement - BAUM e.V.","og_description":"Digitale Zwillinge, KI und soziale Innovation: ein intelligentes Gesamtsystem f\u00fcr umweltfreundliches Mobilit\u00e4tsmanagement.","og_url":"https:\/\/baumev.de\/en\/ki-als-schluessel-fuer-nachhaltiges-mobilitaetsmanagement\/","og_site_name":"BAUM e.V.","article_published_time":"2025-09-29T12:03:57+00:00","article_modified_time":"2025-09-29T12:08:03+00:00","og_image":[{"width":2560,"height":1440,"url":"https:\/\/baumev.de\/wp-content\/uploads\/2025\/09\/1_AIAMO-17-ohne-text-scaled.jpg","type":"image\/jpeg"}],"author":"Katrin Wippich","twitter_card":"summary_large_image","twitter_misc":{"Written by":"Katrin Wippich","Estimated reading time":"5 minutes"},"schema":{"@context":"https:\/\/schema.org","@graph":[{"@type":"Article","@id":"https:\/\/baumev.de\/en\/ki-als-schluessel-fuer-nachhaltiges-mobilitaetsmanagement\/#article","isPartOf":{"@id":"https:\/\/baumev.de\/en\/ki-als-schluessel-fuer-nachhaltiges-mobilitaetsmanagement\/"},"author":{"name":"Katrin Wippich","@id":"\/#\/schema\/person\/7cca3fa2dd5ee9056656013035fb46db"},"headline":"KI als Schl\u00fcssel f\u00fcr nachhaltiges Mobilit\u00e4tsmanagement","datePublished":"2025-09-29T12:03:57+00:00","dateModified":"2025-09-29T12:08:03+00:00","mainEntityOfPage":{"@id":"https:\/\/baumev.de\/en\/ki-als-schluessel-fuer-nachhaltiges-mobilitaetsmanagement\/"},"wordCount":887,"publisher":{"@id":"\/#organization"},"image":{"@id":"https:\/\/baumev.de\/en\/ki-als-schluessel-fuer-nachhaltiges-mobilitaetsmanagement\/#primaryimage"},"thumbnailUrl":"https:\/\/baumev.de\/wp-content\/uploads\/2025\/09\/1_AIAMO-17-ohne-text-scaled.jpg","articleSection":["Digitalisierung","Einblicke &amp; Perspektiven","Mobilit\u00e4t &amp; Logistik"],"inLanguage":"en-GB"},{"@type":"WebPage","@id":"https:\/\/baumev.de\/en\/ki-als-schluessel-fuer-nachhaltiges-mobilitaetsmanagement\/","url":"https:\/\/baumev.de\/en\/ki-als-schluessel-fuer-nachhaltiges-mobilitaetsmanagement\/","name":"KI als Schl\u00fcssel f\u00fcr nachhaltiges Mobilit\u00e4tsmanagement - BAUM e.V.","isPartOf":{"@id":"\/#website"},"primaryImageOfPage":{"@id":"https:\/\/baumev.de\/en\/ki-als-schluessel-fuer-nachhaltiges-mobilitaetsmanagement\/#primaryimage"},"image":{"@id":"https:\/\/baumev.de\/en\/ki-als-schluessel-fuer-nachhaltiges-mobilitaetsmanagement\/#primaryimage"},"thumbnailUrl":"https:\/\/baumev.de\/wp-content\/uploads\/2025\/09\/1_AIAMO-17-ohne-text-scaled.jpg","datePublished":"2025-09-29T12:03:57+00:00","dateModified":"2025-09-29T12:08:03+00:00","description":"Digitale Zwillinge, KI und soziale Innovation: ein intelligentes Gesamtsystem f\u00fcr umweltfreundliches Mobilit\u00e4tsmanagement.","breadcrumb":{"@id":"https:\/\/baumev.de\/en\/ki-als-schluessel-fuer-nachhaltiges-mobilitaetsmanagement\/#breadcrumb"},"inLanguage":"en-GB","potentialAction":[{"@type":"ReadAction","target":["https:\/\/baumev.de\/en\/ki-als-schluessel-fuer-nachhaltiges-mobilitaetsmanagement\/"]}]},{"@type":"ImageObject","inLanguage":"en-GB","@id":"https:\/\/baumev.de\/en\/ki-als-schluessel-fuer-nachhaltiges-mobilitaetsmanagement\/#primaryimage","url":"https:\/\/baumev.de\/wp-content\/uploads\/2025\/09\/1_AIAMO-17-ohne-text-scaled.jpg","contentUrl":"https:\/\/baumev.de\/wp-content\/uploads\/2025\/09\/1_AIAMO-17-ohne-text-scaled.jpg","width":2560,"height":1440,"caption":"Grafik, die Zeigt: Mit AIAMO k\u00f6nnen St\u00e4dte und Kommunen Mobilit\u00e4t effizient, sozial und umweltfreundlich gestalten, den CO\u2082-Aussto\u00df minimieren und so die Lebensqualit\u00e4t der B\u00fcrger:innen verbessern."},{"@type":"BreadcrumbList","@id":"https:\/\/baumev.de\/en\/ki-als-schluessel-fuer-nachhaltiges-mobilitaetsmanagement\/#breadcrumb","itemListElement":[{"@type":"ListItem","position":1,"name":"Startseite","item":"https:\/\/baumev.de\/en\/"},{"@type":"ListItem","position":2,"name":"KI als Schl\u00fcssel f\u00fcr nachhaltiges Mobilit\u00e4tsmanagement"}]},{"@type":"WebSite","@id":"\/#website","url":"\/","name":"BAUM e.V.","description":"BAUM e.V. \u2013 Netzwerk f\u00fcr nachhaltiges Wirtschaften","publisher":{"@id":"\/#organization"},"potentialAction":[{"@type":"SearchAction","target":{"@type":"EntryPoint","urlTemplate":"\/?s={search_term_string}"},"query-input":{"@type":"PropertyValueSpecification","valueRequired":true,"valueName":"search_term_string"}}],"inLanguage":"en-GB"},{"@type":"Organization","@id":"\/#organization","name":"BAUM e.V.","alternateName":"Bundesdeutscher Arbeitskreis f\u00fcr Umweltbewusstes Management","url":"\/","logo":{"@type":"ImageObject","inLanguage":"en-GB","@id":"\/#\/schema\/logo\/image\/","url":"https:\/\/baumev.de\/wp-content\/uploads\/2025\/04\/Element-1.svg","contentUrl":"https:\/\/baumev.de\/wp-content\/uploads\/2025\/04\/Element-1.svg","width":"1024","height":"1024","caption":"BAUM e.V."},"image":{"@id":"\/#\/schema\/logo\/image\/"},"sameAs":["https:\/\/www.linkedin.com\/company\/baum-ev"]},{"@type":"Person","@id":"\/#\/schema\/person\/7cca3fa2dd5ee9056656013035fb46db","name":"Katrin Wippich"}]}},"_links":{"self":[{"href":"https:\/\/baumev.de\/en\/wp-json\/wp\/v2\/posts\/10491","targetHints":{"allow":["GET"]}}],"collection":[{"href":"https:\/\/baumev.de\/en\/wp-json\/wp\/v2\/posts"}],"about":[{"href":"https:\/\/baumev.de\/en\/wp-json\/wp\/v2\/types\/post"}],"author":[{"embeddable":true,"href":"https:\/\/baumev.de\/en\/wp-json\/wp\/v2\/users\/2"}],"replies":[{"embeddable":true,"href":"https:\/\/baumev.de\/en\/wp-json\/wp\/v2\/comments?post=10491"}],"version-history":[{"count":6,"href":"https:\/\/baumev.de\/en\/wp-json\/wp\/v2\/posts\/10491\/revisions"}],"predecessor-version":[{"id":11475,"href":"https:\/\/baumev.de\/en\/wp-json\/wp\/v2\/posts\/10491\/revisions\/11475"}],"wp:featuredmedia":[{"embeddable":true,"href":"https:\/\/baumev.de\/en\/wp-json\/wp\/v2\/media\/10495"}],"wp:attachment":[{"href":"https:\/\/baumev.de\/en\/wp-json\/wp\/v2\/media?parent=10491"}],"wp:term":[{"taxonomy":"category","embeddable":true,"href":"https:\/\/baumev.de\/en\/wp-json\/wp\/v2\/categories?post=10491"},{"taxonomy":"post_tag","embeddable":true,"href":"https:\/\/baumev.de\/en\/wp-json\/wp\/v2\/tags?post=10491"}],"curies":[{"name":"wp","href":"https:\/\/api.w.org\/{rel}","templated":true}]}}