{"id":10517,"date":"2025-09-16T12:35:31","date_gmt":"2025-09-16T10:35:31","guid":{"rendered":"https:\/\/baumev.de\/?p=10517"},"modified":"2025-09-16T12:37:50","modified_gmt":"2025-09-16T10:37:50","slug":"nicht-die-energiewende-bremsen","status":"publish","type":"post","link":"https:\/\/baumev.de\/en\/nicht-die-energiewende-bremsen\/","title":{"rendered":"Nicht die Energiewende bremsen"},"content":{"rendered":"<p>Am 15. September ver\u00f6ffentlichte das Bundesministerium f\u00fcr Wirtschaft und Energie den <a href=\"https:\/\/www.bundeswirtschaftsministerium.de\/Redaktion\/DE\/Artikel\/Energie\/monitoring-prozess.html\" target=\"_blank\" rel=\"noopener\">Monitoringbericht zur Energiewende<\/a>, der von den wissenschaftlichen Instituten BET und EWI erstellt wurde. Zum Bericht und den in dem Zusammenhang von Bundesministerin Katherina Reiche vorgeschlagenen zehn Schl\u00fcsselma\u00dfnahmen \u00e4u\u00dferte sich Kai Niebert, Pr\u00e4sident des Deutschen Naturschutzrings (DNR).<\/p>\n<p>\u201eWas Ministerin Reiche am heutigen Montag als Kurskorrektur verkauft, droht eine energiepolitische Vollbremsung zu werden\u201c, so Nieberts Kritik. \u201eMit ihrem Abgesang auf die Elektrifizierung industrieller Gro\u00dfverbraucher versagt Katherina Reiche in ihrer Funktion als Wirtschafts- und Energieministerin. F\u00fcr einen nachhaltigen Wohlstand m\u00fcsste sie es als ihre zentrale Aufgabe sehen, den Industriestandort Deutschland zu modernisieren und Unternehmen dabei zu helfen, in moderne Produktionsverfahren zu investieren. Stattdessen l\u00e4sst sie den Strombedarf runterrechnen und ignoriert dabei zuk\u00fcnftige Gro\u00dfverbraucher wie Rechenzentren, die sie selber in gro\u00dfem Stil ansiedeln m\u00f6chte. Der erfreulichen Aufholjagd beim Ausbau der erneuerbaren Energien nach vielen verlorenen Jahren droht damit ein Fadenriss.\u201c<\/p>\n<p>Wer die Energiewende bremse, schade Deutschland wirtschaftlich wie sozial und mache das Land anf\u00e4llig f\u00fcr Preisrisiken durch fossile Importe und die Auswirkungen geopolitischer Krisen. Ohne einen ambitionierten Ausbau von Wind- und Solarenergie werde Deutschland seine Klimaziele zudem weit verfehlen. \u201eEine moderne Energiepolitik erkennt in den Erneuerbaren nicht das Problem, sondern die Voraussetzung f\u00fcr wirtschaftliche Stabilit\u00e4t und Klimaschutz\u201c, betont Niebert. \u201eDiese interessengetriebene politische Ableitung verspielt Vertrauen und die von Katherina Reiche mehrfach betonte Wettbewerbsf\u00e4higkeit und unsere Zukunft.\u201c<\/p>\n<p>BAUM ist Mitglied des <a href=\"https:\/\/www.dnr.de\/\" target=\"_blank\" rel=\"noopener\">DNR<\/a>, des Dachverbands der deutschen Natur-, Tier- und Umweltschutzorganisationen.<\/p>\n","protected":false},"excerpt":{"rendered":"<p>Am 15. September ver\u00f6ffentlichte das Bundesministerium f\u00fcr Wirtschaft und Energie den Monitoringbericht zur Energiewende, der von den wissenschaftlichen Instituten BET und EWI erstellt wurde. Zum Bericht und den in dem Zusammenhang von Bundesministerin Katherina Reiche vorgeschlagenen zehn Schl\u00fcsselma\u00dfnahmen \u00e4u\u00dferte sich DNR-Pr\u00e4sident Kai Niebert.<\/p>\n","protected":false},"author":2,"featured_media":10519,"comment_status":"closed","ping_status":"closed","sticky":false,"template":"","format":"standard","meta":{"_acf_changed":false,"_et_pb_use_builder":"","_et_pb_old_content":"","_et_gb_content_width":"","inline_featured_image":false,"footnotes":""},"categories":[18,15],"tags":[],"class_list":["post-10517","post","type-post","status-publish","format-standard","has-post-thumbnail","hentry","category-news","category-klima-energie"],"acf":[],"yoast_head":"<!-- This site is optimized with the Yoast SEO plugin v27.2 - https:\/\/yoast.com\/product\/yoast-seo-wordpress\/ -->\n<title>Nicht die Energiewende bremsen - BAUM e.V.<\/title>\n<meta name=\"description\" content=\"Am 15. September stellte das BMWE den Monitoringbericht zur Energiewende und 10 Schl\u00fcsselma\u00dfnahmen vor. Dazu DNR-Pr\u00e4sident Kai Niebert.\" \/>\n<meta name=\"robots\" content=\"index, follow, max-snippet:-1, max-image-preview:large, max-video-preview:-1\" \/>\n<link rel=\"canonical\" href=\"https:\/\/baumev.de\/en\/nicht-die-energiewende-bremsen\/\" \/>\n<meta property=\"og:locale\" content=\"en_GB\" \/>\n<meta property=\"og:type\" content=\"article\" \/>\n<meta property=\"og:title\" content=\"Nicht die Energiewende bremsen - BAUM e.V.\" \/>\n<meta property=\"og:description\" content=\"Am 15. September stellte das BMWE den Monitoringbericht zur Energiewende und 10 Schl\u00fcsselma\u00dfnahmen vor. Dazu DNR-Pr\u00e4sident Kai Niebert.\" \/>\n<meta property=\"og:url\" content=\"https:\/\/baumev.de\/en\/nicht-die-energiewende-bremsen\/\" \/>\n<meta property=\"og:site_name\" content=\"BAUM e.V.\" \/>\n<meta property=\"article:published_time\" content=\"2025-09-16T10:35:31+00:00\" \/>\n<meta property=\"article:modified_time\" content=\"2025-09-16T10:37:50+00:00\" \/>\n<meta property=\"og:image\" content=\"https:\/\/baumev.de\/wp-content\/uploads\/2025\/09\/iStock-489193525.jpg\" \/>\n\t<meta property=\"og:image:width\" content=\"2119\" \/>\n\t<meta property=\"og:image:height\" content=\"1415\" \/>\n\t<meta property=\"og:image:type\" content=\"image\/jpeg\" \/>\n<meta name=\"author\" content=\"Katrin Wippich\" \/>\n<meta name=\"twitter:card\" content=\"summary_large_image\" \/>\n<meta name=\"twitter:label1\" content=\"Written by\" \/>\n\t<meta name=\"twitter:data1\" content=\"Katrin Wippich\" \/>\n\t<meta name=\"twitter:label2\" content=\"Estimated reading time\" \/>\n\t<meta name=\"twitter:data2\" content=\"2 minutes\" \/>\n<script type=\"application\/ld+json\" class=\"yoast-schema-graph\">{\"@context\":\"https:\/\/schema.org\",\"@graph\":[{\"@type\":\"Article\",\"@id\":\"https:\/\/baumev.de\/en\/nicht-die-energiewende-bremsen\/#article\",\"isPartOf\":{\"@id\":\"https:\/\/baumev.de\/en\/nicht-die-energiewende-bremsen\/\"},\"author\":{\"name\":\"Katrin Wippich\",\"@id\":\"\/#\/schema\/person\/7cca3fa2dd5ee9056656013035fb46db\"},\"headline\":\"Nicht die Energiewende bremsen\",\"datePublished\":\"2025-09-16T10:35:31+00:00\",\"dateModified\":\"2025-09-16T10:37:50+00:00\",\"mainEntityOfPage\":{\"@id\":\"https:\/\/baumev.de\/en\/nicht-die-energiewende-bremsen\/\"},\"wordCount\":258,\"publisher\":{\"@id\":\"\/#organization\"},\"image\":{\"@id\":\"https:\/\/baumev.de\/en\/nicht-die-energiewende-bremsen\/#primaryimage\"},\"thumbnailUrl\":\"https:\/\/baumev.de\/wp-content\/uploads\/2025\/09\/iStock-489193525.jpg\",\"articleSection\":[\"Einblicke &amp; Perspektiven\",\"Klima &amp; Energie\"],\"inLanguage\":\"en-GB\"},{\"@type\":\"WebPage\",\"@id\":\"https:\/\/baumev.de\/en\/nicht-die-energiewende-bremsen\/\",\"url\":\"https:\/\/baumev.de\/en\/nicht-die-energiewende-bremsen\/\",\"name\":\"Nicht die Energiewende bremsen - BAUM e.V.\",\"isPartOf\":{\"@id\":\"\/#website\"},\"primaryImageOfPage\":{\"@id\":\"https:\/\/baumev.de\/en\/nicht-die-energiewende-bremsen\/#primaryimage\"},\"image\":{\"@id\":\"https:\/\/baumev.de\/en\/nicht-die-energiewende-bremsen\/#primaryimage\"},\"thumbnailUrl\":\"https:\/\/baumev.de\/wp-content\/uploads\/2025\/09\/iStock-489193525.jpg\",\"datePublished\":\"2025-09-16T10:35:31+00:00\",\"dateModified\":\"2025-09-16T10:37:50+00:00\",\"description\":\"Am 15. September stellte das BMWE den Monitoringbericht zur Energiewende und 10 Schl\u00fcsselma\u00dfnahmen vor. Dazu DNR-Pr\u00e4sident Kai Niebert.\",\"breadcrumb\":{\"@id\":\"https:\/\/baumev.de\/en\/nicht-die-energiewende-bremsen\/#breadcrumb\"},\"inLanguage\":\"en-GB\",\"potentialAction\":[{\"@type\":\"ReadAction\",\"target\":[\"https:\/\/baumev.de\/en\/nicht-die-energiewende-bremsen\/\"]}]},{\"@type\":\"ImageObject\",\"inLanguage\":\"en-GB\",\"@id\":\"https:\/\/baumev.de\/en\/nicht-die-energiewende-bremsen\/#primaryimage\",\"url\":\"https:\/\/baumev.de\/wp-content\/uploads\/2025\/09\/iStock-489193525.jpg\",\"contentUrl\":\"https:\/\/baumev.de\/wp-content\/uploads\/2025\/09\/iStock-489193525.jpg\",\"width\":2119,\"height\":1415,\"caption\":\"PV-Panele und Windr\u00e4der\"},{\"@type\":\"BreadcrumbList\",\"@id\":\"https:\/\/baumev.de\/en\/nicht-die-energiewende-bremsen\/#breadcrumb\",\"itemListElement\":[{\"@type\":\"ListItem\",\"position\":1,\"name\":\"Startseite\",\"item\":\"https:\/\/baumev.de\/en\/\"},{\"@type\":\"ListItem\",\"position\":2,\"name\":\"Nicht die Energiewende bremsen\"}]},{\"@type\":\"WebSite\",\"@id\":\"\/#website\",\"url\":\"\/\",\"name\":\"BAUM e.V.\",\"description\":\"BAUM e.V. \u2013 Netzwerk f\u00fcr nachhaltiges Wirtschaften\",\"publisher\":{\"@id\":\"\/#organization\"},\"potentialAction\":[{\"@type\":\"SearchAction\",\"target\":{\"@type\":\"EntryPoint\",\"urlTemplate\":\"\/?s={search_term_string}\"},\"query-input\":{\"@type\":\"PropertyValueSpecification\",\"valueRequired\":true,\"valueName\":\"search_term_string\"}}],\"inLanguage\":\"en-GB\"},{\"@type\":\"Organization\",\"@id\":\"\/#organization\",\"name\":\"BAUM e.V.\",\"alternateName\":\"Bundesdeutscher Arbeitskreis f\u00fcr Umweltbewusstes Management\",\"url\":\"\/\",\"logo\":{\"@type\":\"ImageObject\",\"inLanguage\":\"en-GB\",\"@id\":\"\/#\/schema\/logo\/image\/\",\"url\":\"https:\/\/baumev.de\/wp-content\/uploads\/2025\/04\/Element-1.svg\",\"contentUrl\":\"https:\/\/baumev.de\/wp-content\/uploads\/2025\/04\/Element-1.svg\",\"width\":\"1024\",\"height\":\"1024\",\"caption\":\"BAUM e.V.\"},\"image\":{\"@id\":\"\/#\/schema\/logo\/image\/\"},\"sameAs\":[\"https:\/\/www.linkedin.com\/company\/baum-ev\"]},{\"@type\":\"Person\",\"@id\":\"\/#\/schema\/person\/7cca3fa2dd5ee9056656013035fb46db\",\"name\":\"Katrin Wippich\"}]}<\/script>\n<!-- \/ Yoast SEO plugin. -->","yoast_head_json":{"title":"Nicht die Energiewende bremsen - BAUM e.V.","description":"Am 15. September stellte das BMWE den Monitoringbericht zur Energiewende und 10 Schl\u00fcsselma\u00dfnahmen vor. Dazu DNR-Pr\u00e4sident Kai Niebert.","robots":{"index":"index","follow":"follow","max-snippet":"max-snippet:-1","max-image-preview":"max-image-preview:large","max-video-preview":"max-video-preview:-1"},"canonical":"https:\/\/baumev.de\/en\/nicht-die-energiewende-bremsen\/","og_locale":"en_GB","og_type":"article","og_title":"Nicht die Energiewende bremsen - BAUM e.V.","og_description":"Am 15. September stellte das BMWE den Monitoringbericht zur Energiewende und 10 Schl\u00fcsselma\u00dfnahmen vor. Dazu DNR-Pr\u00e4sident Kai Niebert.","og_url":"https:\/\/baumev.de\/en\/nicht-die-energiewende-bremsen\/","og_site_name":"BAUM e.V.","article_published_time":"2025-09-16T10:35:31+00:00","article_modified_time":"2025-09-16T10:37:50+00:00","og_image":[{"width":2119,"height":1415,"url":"https:\/\/baumev.de\/wp-content\/uploads\/2025\/09\/iStock-489193525.jpg","type":"image\/jpeg"}],"author":"Katrin Wippich","twitter_card":"summary_large_image","twitter_misc":{"Written by":"Katrin Wippich","Estimated reading time":"2 minutes"},"schema":{"@context":"https:\/\/schema.org","@graph":[{"@type":"Article","@id":"https:\/\/baumev.de\/en\/nicht-die-energiewende-bremsen\/#article","isPartOf":{"@id":"https:\/\/baumev.de\/en\/nicht-die-energiewende-bremsen\/"},"author":{"name":"Katrin Wippich","@id":"\/#\/schema\/person\/7cca3fa2dd5ee9056656013035fb46db"},"headline":"Nicht die Energiewende bremsen","datePublished":"2025-09-16T10:35:31+00:00","dateModified":"2025-09-16T10:37:50+00:00","mainEntityOfPage":{"@id":"https:\/\/baumev.de\/en\/nicht-die-energiewende-bremsen\/"},"wordCount":258,"publisher":{"@id":"\/#organization"},"image":{"@id":"https:\/\/baumev.de\/en\/nicht-die-energiewende-bremsen\/#primaryimage"},"thumbnailUrl":"https:\/\/baumev.de\/wp-content\/uploads\/2025\/09\/iStock-489193525.jpg","articleSection":["Einblicke &amp; Perspektiven","Klima &amp; Energie"],"inLanguage":"en-GB"},{"@type":"WebPage","@id":"https:\/\/baumev.de\/en\/nicht-die-energiewende-bremsen\/","url":"https:\/\/baumev.de\/en\/nicht-die-energiewende-bremsen\/","name":"Nicht die Energiewende bremsen - BAUM e.V.","isPartOf":{"@id":"\/#website"},"primaryImageOfPage":{"@id":"https:\/\/baumev.de\/en\/nicht-die-energiewende-bremsen\/#primaryimage"},"image":{"@id":"https:\/\/baumev.de\/en\/nicht-die-energiewende-bremsen\/#primaryimage"},"thumbnailUrl":"https:\/\/baumev.de\/wp-content\/uploads\/2025\/09\/iStock-489193525.jpg","datePublished":"2025-09-16T10:35:31+00:00","dateModified":"2025-09-16T10:37:50+00:00","description":"Am 15. September stellte das BMWE den Monitoringbericht zur Energiewende und 10 Schl\u00fcsselma\u00dfnahmen vor. Dazu DNR-Pr\u00e4sident Kai Niebert.","breadcrumb":{"@id":"https:\/\/baumev.de\/en\/nicht-die-energiewende-bremsen\/#breadcrumb"},"inLanguage":"en-GB","potentialAction":[{"@type":"ReadAction","target":["https:\/\/baumev.de\/en\/nicht-die-energiewende-bremsen\/"]}]},{"@type":"ImageObject","inLanguage":"en-GB","@id":"https:\/\/baumev.de\/en\/nicht-die-energiewende-bremsen\/#primaryimage","url":"https:\/\/baumev.de\/wp-content\/uploads\/2025\/09\/iStock-489193525.jpg","contentUrl":"https:\/\/baumev.de\/wp-content\/uploads\/2025\/09\/iStock-489193525.jpg","width":2119,"height":1415,"caption":"PV-Panele und Windr\u00e4der"},{"@type":"BreadcrumbList","@id":"https:\/\/baumev.de\/en\/nicht-die-energiewende-bremsen\/#breadcrumb","itemListElement":[{"@type":"ListItem","position":1,"name":"Startseite","item":"https:\/\/baumev.de\/en\/"},{"@type":"ListItem","position":2,"name":"Nicht die Energiewende bremsen"}]},{"@type":"WebSite","@id":"\/#website","url":"\/","name":"BAUM e.V.","description":"BAUM e.V. \u2013 Netzwerk f\u00fcr nachhaltiges Wirtschaften","publisher":{"@id":"\/#organization"},"potentialAction":[{"@type":"SearchAction","target":{"@type":"EntryPoint","urlTemplate":"\/?s={search_term_string}"},"query-input":{"@type":"PropertyValueSpecification","valueRequired":true,"valueName":"search_term_string"}}],"inLanguage":"en-GB"},{"@type":"Organization","@id":"\/#organization","name":"BAUM e.V.","alternateName":"Bundesdeutscher Arbeitskreis f\u00fcr Umweltbewusstes Management","url":"\/","logo":{"@type":"ImageObject","inLanguage":"en-GB","@id":"\/#\/schema\/logo\/image\/","url":"https:\/\/baumev.de\/wp-content\/uploads\/2025\/04\/Element-1.svg","contentUrl":"https:\/\/baumev.de\/wp-content\/uploads\/2025\/04\/Element-1.svg","width":"1024","height":"1024","caption":"BAUM e.V."},"image":{"@id":"\/#\/schema\/logo\/image\/"},"sameAs":["https:\/\/www.linkedin.com\/company\/baum-ev"]},{"@type":"Person","@id":"\/#\/schema\/person\/7cca3fa2dd5ee9056656013035fb46db","name":"Katrin Wippich"}]}},"_links":{"self":[{"href":"https:\/\/baumev.de\/en\/wp-json\/wp\/v2\/posts\/10517","targetHints":{"allow":["GET"]}}],"collection":[{"href":"https:\/\/baumev.de\/en\/wp-json\/wp\/v2\/posts"}],"about":[{"href":"https:\/\/baumev.de\/en\/wp-json\/wp\/v2\/types\/post"}],"author":[{"embeddable":true,"href":"https:\/\/baumev.de\/en\/wp-json\/wp\/v2\/users\/2"}],"replies":[{"embeddable":true,"href":"https:\/\/baumev.de\/en\/wp-json\/wp\/v2\/comments?post=10517"}],"version-history":[{"count":4,"href":"https:\/\/baumev.de\/en\/wp-json\/wp\/v2\/posts\/10517\/revisions"}],"predecessor-version":[{"id":10522,"href":"https:\/\/baumev.de\/en\/wp-json\/wp\/v2\/posts\/10517\/revisions\/10522"}],"wp:featuredmedia":[{"embeddable":true,"href":"https:\/\/baumev.de\/en\/wp-json\/wp\/v2\/media\/10519"}],"wp:attachment":[{"href":"https:\/\/baumev.de\/en\/wp-json\/wp\/v2\/media?parent=10517"}],"wp:term":[{"taxonomy":"category","embeddable":true,"href":"https:\/\/baumev.de\/en\/wp-json\/wp\/v2\/categories?post=10517"},{"taxonomy":"post_tag","embeddable":true,"href":"https:\/\/baumev.de\/en\/wp-json\/wp\/v2\/tags?post=10517"}],"curies":[{"name":"wp","href":"https:\/\/api.w.org\/{rel}","templated":true}]}}