{"id":10964,"date":"2025-09-23T17:11:32","date_gmt":"2025-09-23T15:11:32","guid":{"rendered":"https:\/\/baumev.de\/?p=10964"},"modified":"2025-09-23T17:27:54","modified_gmt":"2025-09-23T15:27:54","slug":"baum-ist-fuer-mich-eine-wertvolle-kontaktboerse-und-plattform","status":"publish","type":"post","link":"https:\/\/baumev.de\/en\/baum-ist-fuer-mich-eine-wertvolle-kontaktboerse-und-plattform\/","title":{"rendered":"&#8220;BAUM ist f\u00fcr mich eine wertvolle Kontaktb\u00f6rse und Plattform f\u00fcr gemeinsames Lernen.&#8221;"},"content":{"rendered":"<p>Bert Odenthal, Inhaber des BAUM-Mitglieds <a href=\"https:\/\/www.odenthal-design.de\/\" target=\"_blank\" rel=\"noopener\">odenthal design<\/a>, ist der Grafiker von BAUM. Als solcher schl\u00e4gt er die Br\u00fccke zwischen Inhalt und guter Gestaltung. Bert Odenthal arbeitet f\u00fcr Unternehmen und NGOs, aber auch f\u00fcr K\u00fcnstler:innen, Museen und Galerien. Wir sprachen mit ihm \u00fcber Projekte, die Spa\u00df machen, \u00fcber Co-Creation und wertvolle Veranstaltungen.<\/p>\n<hr \/>\n<p><strong>Bert, seit 2022 arbeitest du als Grafiker f\u00fcr BAUM \u2013 und du hast weitere Kund:innen aus dem Nachhaltigkeitsbereich. Wie setzt du Nachhaltigkeitsprinzipien in deiner Arbeit um?<\/strong><\/p>\n<p>Viele denken bei Grafik-Design zuerst an Recyclingpapier \u2013 ein guter Anfang. Mit <a href=\"https:\/\/www.lokay.de\/\" target=\"_blank\" rel=\"noopener\">Druckerei Lokay<\/a>, die auch BAUM-Mitglied ist, habe ich schon vor Jahren daran gearbeitet, hochwertige Druckerzeugnisse auf Recyclingpapier m\u00f6glich zu machen. Inzwischen achten wir in vielen weiteren Punkten auf einen reduzierten Fu\u00dfabdruck.<\/p>\n<p>Noch spannender ist f\u00fcr mich der \u201eHandabdruck\u201c: die Zusammenarbeit mit Auftraggeber:innen. Wenn wir fr\u00fch inhaltlich einsteigen, entstehen Projekte, die echte Transformation unterst\u00fctzen. Damit sind wir nah am BAUM-Motto \u201eZukunftsbilder\u201c: Starke Bilder k\u00f6nnen inspirieren, motivieren und strategisch wirken. Ich bin \u00fcberzeugt: Zuk\u00fcnfte entwickeln wir am besten gemeinsam. Deshalb besch\u00e4ftigen wir uns intensiv mit Co-Creation \u2013 was sie braucht, warum sie wirkt und welches Potenzial darin steckt. Richtig befl\u00fcgelnd ist es, f\u00fcr Menschen zu arbeiten, die selbst Transformation wollen \u2013 dann wird jedes Projekt zu einer gemeinsamen Bewegung.<\/p>\n<p><strong>Welche Auftr\u00e4ge machen dir am meisten Spa\u00df?<\/strong><\/p>\n<p>Solche, wo ich eingeladen werde, fr\u00fchzeitig mitzudenken und wo Projekte noch wirklich offen sind. Ein Beispiel ist das Projekt \u201e<a href=\"https:\/\/www.nachhaltiger-warenkorb.de\/der-nachhaltige-warenkorb-2\/\" target=\"_blank\" rel=\"noopener\">Der Nachhaltige Warenkorb<\/a>\u201c\u00a0des Nachhaltigkeitsrates (damals unter Yvonne Zwick). Wir arbeiteten eng und kreativ zusammen, entwickelten Ideen weiter und gestalteten den \u00dcbergang vom Printprodukt ins Internet. Uns ging es nie nur um Information \u00fcber Nachhaltigkeitslabels, sondern darum, Menschen zum Handeln zu bewegen. Und bei BAUM-Projekten denke ich als erstes an die Gestaltungen der <a href=\"https:\/\/baumev.de\/baum-tagung\/\">Jahrestagungen<\/a>. Da ist es eine sch\u00f6ne Herausforderung, nicht in Routine zu fallen, sondern jedes Jahr neue Keyvisuals zu entwickeln.<\/p>\n<p><strong>Was sind aktuell im Design-Bereich wichtige Themen, mit denen sich Unternehmen befassen sollten?<\/strong><\/p>\n<p>Design wird noch oft untersch\u00e4tzt \u2013 als \u201eH\u00fcbschmachen\u201c oder reine Verkaufsf\u00f6rderung. Diese Zeiten sollten vorbei sein. Denn Design hat leider auch dazu beigetragen, dass wir heute planetare Kipppunkte erreichen. Umso wichtiger ist es jetzt, Design als Hebel zu nutzen: Zukunftsbilder entwickeln, neue Warenstr\u00f6me und Lebensmodelle entwerfen \u2013 sozial nachhaltig und zirkul\u00e4r. Perfektion ist dabei nicht n\u00f6tig, aber Mut und Begeisterung. Ein wichtiger Schl\u00fcssel dazu ist Co-Creation.\u00a0Auf praktischer Ebene sind Inklusion und Barrierefreiheit zentrale Themen. Mein pers\u00f6nliches Anliegen sind resiliente Corporate Designs \u2013 dazu plane ich einen Blogbeitrag.<\/p>\n<p><strong>Warum ist dir Co-Creation so wichtig?<\/strong><\/p>\n<p>Weil in dieser schnelllebigen Zeit eine multiperspektivische Entwicklung klar im Vorteil ist. Organisationen und Unternehmen sollten noch st\u00e4rker auf die Kr\u00e4fte der Co-Creation setzen. Design Thinking ist dabei nur eine von vielen Methoden. Ich arbeite zum Beispiel viel mit Bildern \u2013 sie kn\u00fcpfen in unserem Gehirn direkter an Erfahrungen und Visionen an als Texte. Dadurch aktivieren sie uns st\u00e4rker zur Mitarbeit, erzeugen Energie und schaffen einen Flow, in dem Zusammenarbeit automatisch lebendiger wird.<\/p>\n<p><strong>Du bist mit deinem Unternehmen odenthal design auch BAUM-Mitglied. Was sch\u00e4tzt du an unserem Verband?<\/strong><\/p>\n<p>Nach vielen Projekten f\u00fcr NGOs und Politik m\u00f6chte ich k\u00fcnftig st\u00e4rker mit Unternehmen arbeiten. Daf\u00fcr ist BAUM f\u00fcr mich eine wertvolle Kontaktb\u00f6rse und Plattform f\u00fcr gemeinsames Lernen. Dass mit neuem Schwung auch Herausforderungen einhergehen, sehe ich positiv.<\/p>\n<p><strong>\u00dcber deine T\u00e4tigkeit als Grafiker hinaus engagierst du dich f\u00fcr weitere Themen, z.B. bei \u201eDer Kongress tanzt\u201c. Was macht ihr da und warum ist dir das wichtig?<\/strong><\/p>\n<p>\u201e<a href=\"https:\/\/derkongresstanzt.com\/\" target=\"_blank\" rel=\"noopener\">Der Kongress tanzt<\/a>\u201c ist ein Netzwerk f\u00fcr lebendige Veranstaltungen. Hier treffen sich Moderator:innen, Veranstalter:innen und Gestalter:innen. Gemeinsam haben wir ein Manifest f\u00fcr sinnvolle Events erarbeitet, und wir treffen uns zweimal im Jahr, um voneinander zu lernen, Erfahrungen auszutauschen und neue Formate zu erproben. Dieses Wissen bringe ich z.B. in die <a href=\"https:\/\/www.wirtschaftproklima.de\/veranstaltungswirtschaft\" target=\"_blank\" rel=\"noopener\">Initiative Nachhaltige Veranstaltungswirtschaft<\/a> (INV) bei BAUM ein.\u00a0Kongresse, Workshops und Events sind f\u00fcr mich Orte, an denen neue Impulse entstehen, wo wir uns inspirieren lassen und Mut gewinnen, neue Wege zu gehen \u2013 gemeinsam.<\/p>\n","protected":false},"excerpt":{"rendered":"<p>Als Grafiker schl\u00e4gt Bert Odenthal die Br\u00fccke zwischen Inhalt und guter Gestaltung. Er arbeitet f\u00fcr Unternehmen und NGOs, aber auch f\u00fcr K\u00fcnstler:innen, Museen und Galerien. Wir sprachen mit ihm \u00fcber Projekte, die Spa\u00df machen, \u00fcber Co-Creation und wertvolle Veranstaltungen.<\/p>\n","protected":false},"author":2,"featured_media":10968,"comment_status":"closed","ping_status":"closed","sticky":false,"template":"","format":"standard","meta":{"_acf_changed":false,"_et_pb_use_builder":"","_et_pb_old_content":"","_et_gb_content_width":"","inline_featured_image":false,"footnotes":""},"categories":[18],"tags":[],"class_list":["post-10964","post","type-post","status-publish","format-standard","has-post-thumbnail","hentry","category-news"],"acf":[],"yoast_head":"<!-- This site is optimized with the Yoast SEO plugin v27.2 - https:\/\/yoast.com\/product\/yoast-seo-wordpress\/ -->\n<title>&quot;BAUM ist f\u00fcr mich eine wertvolle Kontaktb\u00f6rse und Plattform f\u00fcr gemeinsames Lernen.&quot; - BAUM e.V.<\/title>\n<meta name=\"description\" content=\"Bert Odenthal, Inhaber des BAUM-Mitglieds odenthal design, \u00fcber Projekte, die Spa\u00df machen, \u00fcber Co-Creation und wertvolle Veranstaltungen.\" \/>\n<meta name=\"robots\" content=\"index, follow, max-snippet:-1, max-image-preview:large, max-video-preview:-1\" \/>\n<link rel=\"canonical\" href=\"https:\/\/baumev.de\/en\/baum-ist-fuer-mich-eine-wertvolle-kontaktboerse-und-plattform\/\" \/>\n<meta property=\"og:locale\" content=\"en_GB\" \/>\n<meta property=\"og:type\" content=\"article\" \/>\n<meta property=\"og:title\" content=\"&quot;BAUM ist f\u00fcr mich eine wertvolle Kontaktb\u00f6rse und Plattform f\u00fcr gemeinsames Lernen.&quot; - BAUM e.V.\" \/>\n<meta property=\"og:description\" content=\"Bert Odenthal, Inhaber des BAUM-Mitglieds odenthal design, \u00fcber Projekte, die Spa\u00df machen, \u00fcber Co-Creation und wertvolle Veranstaltungen.\" \/>\n<meta property=\"og:url\" content=\"https:\/\/baumev.de\/en\/baum-ist-fuer-mich-eine-wertvolle-kontaktboerse-und-plattform\/\" \/>\n<meta property=\"og:site_name\" content=\"BAUM e.V.\" \/>\n<meta property=\"article:published_time\" content=\"2025-09-23T15:11:32+00:00\" \/>\n<meta property=\"article:modified_time\" content=\"2025-09-23T15:27:54+00:00\" \/>\n<meta property=\"og:image\" content=\"https:\/\/baumev.de\/wp-content\/uploads\/2025\/09\/Bert-Odenthal.jpg\" \/>\n\t<meta property=\"og:image:width\" content=\"2100\" \/>\n\t<meta property=\"og:image:height\" content=\"1400\" \/>\n\t<meta property=\"og:image:type\" content=\"image\/jpeg\" \/>\n<meta name=\"author\" content=\"Katrin Wippich\" \/>\n<meta name=\"twitter:card\" content=\"summary_large_image\" \/>\n<meta name=\"twitter:label1\" content=\"Written by\" \/>\n\t<meta name=\"twitter:data1\" content=\"Katrin Wippich\" \/>\n\t<meta name=\"twitter:label2\" content=\"Estimated reading time\" \/>\n\t<meta name=\"twitter:data2\" content=\"4 minutes\" \/>\n<script type=\"application\/ld+json\" class=\"yoast-schema-graph\">{\"@context\":\"https:\/\/schema.org\",\"@graph\":[{\"@type\":\"Article\",\"@id\":\"https:\/\/baumev.de\/en\/baum-ist-fuer-mich-eine-wertvolle-kontaktboerse-und-plattform\/#article\",\"isPartOf\":{\"@id\":\"https:\/\/baumev.de\/en\/baum-ist-fuer-mich-eine-wertvolle-kontaktboerse-und-plattform\/\"},\"author\":{\"name\":\"Katrin Wippich\",\"@id\":\"\/#\/schema\/person\/7cca3fa2dd5ee9056656013035fb46db\"},\"headline\":\"&#8220;BAUM ist f\u00fcr mich eine wertvolle Kontaktb\u00f6rse und Plattform f\u00fcr gemeinsames Lernen.&#8221;\",\"datePublished\":\"2025-09-23T15:11:32+00:00\",\"dateModified\":\"2025-09-23T15:27:54+00:00\",\"mainEntityOfPage\":{\"@id\":\"https:\/\/baumev.de\/en\/baum-ist-fuer-mich-eine-wertvolle-kontaktboerse-und-plattform\/\"},\"wordCount\":705,\"publisher\":{\"@id\":\"\/#organization\"},\"image\":{\"@id\":\"https:\/\/baumev.de\/en\/baum-ist-fuer-mich-eine-wertvolle-kontaktboerse-und-plattform\/#primaryimage\"},\"thumbnailUrl\":\"https:\/\/baumev.de\/wp-content\/uploads\/2025\/09\/Bert-Odenthal.jpg\",\"articleSection\":[\"Einblicke &amp; Perspektiven\"],\"inLanguage\":\"en-GB\"},{\"@type\":\"WebPage\",\"@id\":\"https:\/\/baumev.de\/en\/baum-ist-fuer-mich-eine-wertvolle-kontaktboerse-und-plattform\/\",\"url\":\"https:\/\/baumev.de\/en\/baum-ist-fuer-mich-eine-wertvolle-kontaktboerse-und-plattform\/\",\"name\":\"\\\"BAUM ist f\u00fcr mich eine wertvolle Kontaktb\u00f6rse und Plattform f\u00fcr gemeinsames Lernen.\\\" - BAUM e.V.\",\"isPartOf\":{\"@id\":\"\/#website\"},\"primaryImageOfPage\":{\"@id\":\"https:\/\/baumev.de\/en\/baum-ist-fuer-mich-eine-wertvolle-kontaktboerse-und-plattform\/#primaryimage\"},\"image\":{\"@id\":\"https:\/\/baumev.de\/en\/baum-ist-fuer-mich-eine-wertvolle-kontaktboerse-und-plattform\/#primaryimage\"},\"thumbnailUrl\":\"https:\/\/baumev.de\/wp-content\/uploads\/2025\/09\/Bert-Odenthal.jpg\",\"datePublished\":\"2025-09-23T15:11:32+00:00\",\"dateModified\":\"2025-09-23T15:27:54+00:00\",\"description\":\"Bert Odenthal, Inhaber des BAUM-Mitglieds odenthal design, \u00fcber Projekte, die Spa\u00df machen, \u00fcber Co-Creation und wertvolle Veranstaltungen.\",\"breadcrumb\":{\"@id\":\"https:\/\/baumev.de\/en\/baum-ist-fuer-mich-eine-wertvolle-kontaktboerse-und-plattform\/#breadcrumb\"},\"inLanguage\":\"en-GB\",\"potentialAction\":[{\"@type\":\"ReadAction\",\"target\":[\"https:\/\/baumev.de\/en\/baum-ist-fuer-mich-eine-wertvolle-kontaktboerse-und-plattform\/\"]}]},{\"@type\":\"ImageObject\",\"inLanguage\":\"en-GB\",\"@id\":\"https:\/\/baumev.de\/en\/baum-ist-fuer-mich-eine-wertvolle-kontaktboerse-und-plattform\/#primaryimage\",\"url\":\"https:\/\/baumev.de\/wp-content\/uploads\/2025\/09\/Bert-Odenthal.jpg\",\"contentUrl\":\"https:\/\/baumev.de\/wp-content\/uploads\/2025\/09\/Bert-Odenthal.jpg\",\"width\":2100,\"height\":1400,\"caption\":\"Portr\u00e4tfoto Bert Odenthal\"},{\"@type\":\"BreadcrumbList\",\"@id\":\"https:\/\/baumev.de\/en\/baum-ist-fuer-mich-eine-wertvolle-kontaktboerse-und-plattform\/#breadcrumb\",\"itemListElement\":[{\"@type\":\"ListItem\",\"position\":1,\"name\":\"Startseite\",\"item\":\"https:\/\/baumev.de\/en\/\"},{\"@type\":\"ListItem\",\"position\":2,\"name\":\"&#8222;BAUM ist f\u00fcr mich eine wertvolle Kontaktb\u00f6rse und Plattform f\u00fcr gemeinsames Lernen.&#8220;\"}]},{\"@type\":\"WebSite\",\"@id\":\"\/#website\",\"url\":\"\/\",\"name\":\"BAUM e.V.\",\"description\":\"BAUM e.V. \u2013 Netzwerk f\u00fcr nachhaltiges Wirtschaften\",\"publisher\":{\"@id\":\"\/#organization\"},\"potentialAction\":[{\"@type\":\"SearchAction\",\"target\":{\"@type\":\"EntryPoint\",\"urlTemplate\":\"\/?s={search_term_string}\"},\"query-input\":{\"@type\":\"PropertyValueSpecification\",\"valueRequired\":true,\"valueName\":\"search_term_string\"}}],\"inLanguage\":\"en-GB\"},{\"@type\":\"Organization\",\"@id\":\"\/#organization\",\"name\":\"BAUM e.V.\",\"alternateName\":\"Bundesdeutscher Arbeitskreis f\u00fcr Umweltbewusstes Management\",\"url\":\"\/\",\"logo\":{\"@type\":\"ImageObject\",\"inLanguage\":\"en-GB\",\"@id\":\"\/#\/schema\/logo\/image\/\",\"url\":\"https:\/\/baumev.de\/wp-content\/uploads\/2025\/04\/Element-1.svg\",\"contentUrl\":\"https:\/\/baumev.de\/wp-content\/uploads\/2025\/04\/Element-1.svg\",\"width\":\"1024\",\"height\":\"1024\",\"caption\":\"BAUM e.V.\"},\"image\":{\"@id\":\"\/#\/schema\/logo\/image\/\"},\"sameAs\":[\"https:\/\/www.linkedin.com\/company\/baum-ev\"]},{\"@type\":\"Person\",\"@id\":\"\/#\/schema\/person\/7cca3fa2dd5ee9056656013035fb46db\",\"name\":\"Katrin Wippich\"}]}<\/script>\n<!-- \/ Yoast SEO plugin. -->","yoast_head_json":{"title":"\"BAUM ist f\u00fcr mich eine wertvolle Kontaktb\u00f6rse und Plattform f\u00fcr gemeinsames Lernen.\" - BAUM e.V.","description":"Bert Odenthal, Inhaber des BAUM-Mitglieds odenthal design, \u00fcber Projekte, die Spa\u00df machen, \u00fcber Co-Creation und wertvolle Veranstaltungen.","robots":{"index":"index","follow":"follow","max-snippet":"max-snippet:-1","max-image-preview":"max-image-preview:large","max-video-preview":"max-video-preview:-1"},"canonical":"https:\/\/baumev.de\/en\/baum-ist-fuer-mich-eine-wertvolle-kontaktboerse-und-plattform\/","og_locale":"en_GB","og_type":"article","og_title":"\"BAUM ist f\u00fcr mich eine wertvolle Kontaktb\u00f6rse und Plattform f\u00fcr gemeinsames Lernen.\" - BAUM e.V.","og_description":"Bert Odenthal, Inhaber des BAUM-Mitglieds odenthal design, \u00fcber Projekte, die Spa\u00df machen, \u00fcber Co-Creation und wertvolle Veranstaltungen.","og_url":"https:\/\/baumev.de\/en\/baum-ist-fuer-mich-eine-wertvolle-kontaktboerse-und-plattform\/","og_site_name":"BAUM e.V.","article_published_time":"2025-09-23T15:11:32+00:00","article_modified_time":"2025-09-23T15:27:54+00:00","og_image":[{"width":2100,"height":1400,"url":"https:\/\/baumev.de\/wp-content\/uploads\/2025\/09\/Bert-Odenthal.jpg","type":"image\/jpeg"}],"author":"Katrin Wippich","twitter_card":"summary_large_image","twitter_misc":{"Written by":"Katrin Wippich","Estimated reading time":"4 minutes"},"schema":{"@context":"https:\/\/schema.org","@graph":[{"@type":"Article","@id":"https:\/\/baumev.de\/en\/baum-ist-fuer-mich-eine-wertvolle-kontaktboerse-und-plattform\/#article","isPartOf":{"@id":"https:\/\/baumev.de\/en\/baum-ist-fuer-mich-eine-wertvolle-kontaktboerse-und-plattform\/"},"author":{"name":"Katrin Wippich","@id":"\/#\/schema\/person\/7cca3fa2dd5ee9056656013035fb46db"},"headline":"&#8220;BAUM ist f\u00fcr mich eine wertvolle Kontaktb\u00f6rse und Plattform f\u00fcr gemeinsames Lernen.&#8221;","datePublished":"2025-09-23T15:11:32+00:00","dateModified":"2025-09-23T15:27:54+00:00","mainEntityOfPage":{"@id":"https:\/\/baumev.de\/en\/baum-ist-fuer-mich-eine-wertvolle-kontaktboerse-und-plattform\/"},"wordCount":705,"publisher":{"@id":"\/#organization"},"image":{"@id":"https:\/\/baumev.de\/en\/baum-ist-fuer-mich-eine-wertvolle-kontaktboerse-und-plattform\/#primaryimage"},"thumbnailUrl":"https:\/\/baumev.de\/wp-content\/uploads\/2025\/09\/Bert-Odenthal.jpg","articleSection":["Einblicke &amp; Perspektiven"],"inLanguage":"en-GB"},{"@type":"WebPage","@id":"https:\/\/baumev.de\/en\/baum-ist-fuer-mich-eine-wertvolle-kontaktboerse-und-plattform\/","url":"https:\/\/baumev.de\/en\/baum-ist-fuer-mich-eine-wertvolle-kontaktboerse-und-plattform\/","name":"\"BAUM ist f\u00fcr mich eine wertvolle Kontaktb\u00f6rse und Plattform f\u00fcr gemeinsames Lernen.\" - BAUM e.V.","isPartOf":{"@id":"\/#website"},"primaryImageOfPage":{"@id":"https:\/\/baumev.de\/en\/baum-ist-fuer-mich-eine-wertvolle-kontaktboerse-und-plattform\/#primaryimage"},"image":{"@id":"https:\/\/baumev.de\/en\/baum-ist-fuer-mich-eine-wertvolle-kontaktboerse-und-plattform\/#primaryimage"},"thumbnailUrl":"https:\/\/baumev.de\/wp-content\/uploads\/2025\/09\/Bert-Odenthal.jpg","datePublished":"2025-09-23T15:11:32+00:00","dateModified":"2025-09-23T15:27:54+00:00","description":"Bert Odenthal, Inhaber des BAUM-Mitglieds odenthal design, \u00fcber Projekte, die Spa\u00df machen, \u00fcber Co-Creation und wertvolle Veranstaltungen.","breadcrumb":{"@id":"https:\/\/baumev.de\/en\/baum-ist-fuer-mich-eine-wertvolle-kontaktboerse-und-plattform\/#breadcrumb"},"inLanguage":"en-GB","potentialAction":[{"@type":"ReadAction","target":["https:\/\/baumev.de\/en\/baum-ist-fuer-mich-eine-wertvolle-kontaktboerse-und-plattform\/"]}]},{"@type":"ImageObject","inLanguage":"en-GB","@id":"https:\/\/baumev.de\/en\/baum-ist-fuer-mich-eine-wertvolle-kontaktboerse-und-plattform\/#primaryimage","url":"https:\/\/baumev.de\/wp-content\/uploads\/2025\/09\/Bert-Odenthal.jpg","contentUrl":"https:\/\/baumev.de\/wp-content\/uploads\/2025\/09\/Bert-Odenthal.jpg","width":2100,"height":1400,"caption":"Portr\u00e4tfoto Bert Odenthal"},{"@type":"BreadcrumbList","@id":"https:\/\/baumev.de\/en\/baum-ist-fuer-mich-eine-wertvolle-kontaktboerse-und-plattform\/#breadcrumb","itemListElement":[{"@type":"ListItem","position":1,"name":"Startseite","item":"https:\/\/baumev.de\/en\/"},{"@type":"ListItem","position":2,"name":"&#8222;BAUM ist f\u00fcr mich eine wertvolle Kontaktb\u00f6rse und Plattform f\u00fcr gemeinsames Lernen.&#8220;"}]},{"@type":"WebSite","@id":"\/#website","url":"\/","name":"BAUM e.V.","description":"BAUM e.V. \u2013 Netzwerk f\u00fcr nachhaltiges Wirtschaften","publisher":{"@id":"\/#organization"},"potentialAction":[{"@type":"SearchAction","target":{"@type":"EntryPoint","urlTemplate":"\/?s={search_term_string}"},"query-input":{"@type":"PropertyValueSpecification","valueRequired":true,"valueName":"search_term_string"}}],"inLanguage":"en-GB"},{"@type":"Organization","@id":"\/#organization","name":"BAUM e.V.","alternateName":"Bundesdeutscher Arbeitskreis f\u00fcr Umweltbewusstes Management","url":"\/","logo":{"@type":"ImageObject","inLanguage":"en-GB","@id":"\/#\/schema\/logo\/image\/","url":"https:\/\/baumev.de\/wp-content\/uploads\/2025\/04\/Element-1.svg","contentUrl":"https:\/\/baumev.de\/wp-content\/uploads\/2025\/04\/Element-1.svg","width":"1024","height":"1024","caption":"BAUM e.V."},"image":{"@id":"\/#\/schema\/logo\/image\/"},"sameAs":["https:\/\/www.linkedin.com\/company\/baum-ev"]},{"@type":"Person","@id":"\/#\/schema\/person\/7cca3fa2dd5ee9056656013035fb46db","name":"Katrin Wippich"}]}},"_links":{"self":[{"href":"https:\/\/baumev.de\/en\/wp-json\/wp\/v2\/posts\/10964","targetHints":{"allow":["GET"]}}],"collection":[{"href":"https:\/\/baumev.de\/en\/wp-json\/wp\/v2\/posts"}],"about":[{"href":"https:\/\/baumev.de\/en\/wp-json\/wp\/v2\/types\/post"}],"author":[{"embeddable":true,"href":"https:\/\/baumev.de\/en\/wp-json\/wp\/v2\/users\/2"}],"replies":[{"embeddable":true,"href":"https:\/\/baumev.de\/en\/wp-json\/wp\/v2\/comments?post=10964"}],"version-history":[{"count":5,"href":"https:\/\/baumev.de\/en\/wp-json\/wp\/v2\/posts\/10964\/revisions"}],"predecessor-version":[{"id":10971,"href":"https:\/\/baumev.de\/en\/wp-json\/wp\/v2\/posts\/10964\/revisions\/10971"}],"wp:featuredmedia":[{"embeddable":true,"href":"https:\/\/baumev.de\/en\/wp-json\/wp\/v2\/media\/10968"}],"wp:attachment":[{"href":"https:\/\/baumev.de\/en\/wp-json\/wp\/v2\/media?parent=10964"}],"wp:term":[{"taxonomy":"category","embeddable":true,"href":"https:\/\/baumev.de\/en\/wp-json\/wp\/v2\/categories?post=10964"},{"taxonomy":"post_tag","embeddable":true,"href":"https:\/\/baumev.de\/en\/wp-json\/wp\/v2\/tags?post=10964"}],"curies":[{"name":"wp","href":"https:\/\/api.w.org\/{rel}","templated":true}]}}