{"id":12081,"date":"2025-10-07T09:17:15","date_gmt":"2025-10-07T07:17:15","guid":{"rendered":"https:\/\/baumev.de\/?p=12081"},"modified":"2025-10-07T09:17:15","modified_gmt":"2025-10-07T07:17:15","slug":"jane-goodall-forscherin-visionaerin-wegbereiterin","status":"publish","type":"post","link":"https:\/\/baumev.de\/en\/jane-goodall-forscherin-visionaerin-wegbereiterin\/","title":{"rendered":"Jane Goodall: Forscherin, Vision\u00e4rin, Wegbereiterin"},"content":{"rendered":"<p>Am 1. Oktober 2025 verstarb Jane Goodall \u2013 eine Forscherin, Vision\u00e4rin und Wegbereiterin f\u00fcr eine nachhaltige Zukunft. Mit tiefer Betroffenheit und gro\u00dfem Respekt nehmen wir Abschied von einer Frau, die ihr Leben dem Schutz unserer Umwelt und dem verantwortungsvollen Umgang mit unseren nat\u00fcrlichen Ressourcen gewidmet hat.<\/p>\n<p>Jane Goodall war weit <a href=\"https:\/\/janegoodall.de\/unsere-ziele\/\">mehr als eine Wissenschaftlerin<\/a>. Sie war eine leidenschaftliche Mahnerin, eine mutige Vordenkerin und eine inspirierende Pers\u00f6nlichkeit, die unz\u00e4hlige Menschen weltweit bewegt hat. Ihr besonderes Lebensthema waren die Schimpansen \u2013 jene faszinierenden Verwandten des Menschen, deren Verhalten und Lebensweise sie \u00fcber Jahrzehnte hinweg erforschte.<\/p>\n<p>Ihr Einsatz galt jedoch nicht allein der Forschung. Mit derselben Entschlossenheit k\u00e4mpfte sie f\u00fcr den Schutz der Lebensr\u00e4ume der Schimpansen, gegen Wilderei, Abholzung und Ausbeutung. F\u00fcr Jane Goodall waren Schimpansen nicht nur Forschungsobjekte, sondern f\u00fchlende Individuen \u2013 Teil einer Mitwelt, die wir bewahren m\u00fcssen.<\/p>\n<p>F\u00fcr dieses au\u00dfergew\u00f6hnliche Lebenswerk wurde sie 2014 mit dem Internationalen <a href=\"https:\/\/baumev.de\/baum-preis\/\">BAUM | Umwelt- und Nachhaltigkeitspreis<\/a> ausgezeichnet. Die feierliche Verleihung in Hamburg war ein sichtbares Zeichen der Wertsch\u00e4tzung f\u00fcr ihre unerm\u00fcdliche Arbeit \u2013 und eine W\u00fcrdigung einer Frau, die mit ihrer Forschung Br\u00fccken geschlagen hat: zwischen Wissenschaft und Gesellschaft, zwischen Mensch und Tier, zwischen Gegenwart und Zukunft.<\/p>\n<p>Ein Gedanke zog sich wie ein roter Faden durch ihr Leben: \u201eDu kannst etwas ver\u00e4ndern \u2013 jeden Tag und zu jeder Zeit!\u201c Diesen zentralen Appell wiederholte Jane Goodall in unz\u00e4hligen Interviews, B\u00fcchern und \u00f6ffentlichen Auftritten \u2013 in immer neuen Variationen, aber stets mit derselben Dringlichkeit.<\/p>\n<p>Jane Goodall wird uns fehlen. Sie hinterl\u00e4sst eine F\u00fclle an Erkenntnissen, Ver\u00f6ffentlichungen und Projekten, die auch in Zukunft Wegweiser f\u00fcr Generationen sein werden.<\/p>\n","protected":false},"excerpt":{"rendered":"<p>Am 1. Oktober 2025 verstarb Jane Goodall \u2013 eine Forscherin, Vision\u00e4rin und Wegbereiterin f\u00fcr eine nachhaltige Zukunft. Mit tiefer Betroffenheit und gro\u00dfem Respekt nehmen wir Abschied von einer Frau, die ihr Leben dem Schutz unserer Umwelt und dem verantwortungsvollen Umgang mit unseren nat\u00fcrlichen Ressourcen gewidmet hat.<\/p>\n","protected":false},"author":2,"featured_media":12082,"comment_status":"closed","ping_status":"closed","sticky":false,"template":"","format":"standard","meta":{"_acf_changed":false,"_et_pb_use_builder":"","_et_pb_old_content":"","_et_gb_content_width":"","inline_featured_image":false,"footnotes":""},"categories":[18],"tags":[],"class_list":["post-12081","post","type-post","status-publish","format-standard","has-post-thumbnail","hentry","category-news"],"acf":[],"yoast_head":"<!-- This site is optimized with the Yoast SEO plugin v27.2 - https:\/\/yoast.com\/product\/yoast-seo-wordpress\/ -->\n<title>Jane Goodall: Forscherin, Vision\u00e4rin, Wegbereiterin - BAUM e.V.<\/title>\n<meta name=\"description\" content=\"Am 1. Oktober 2025 verstarb Jane Goodall \u2013 eine Forscherin, Vision\u00e4rin und Wegbereiterin f\u00fcr eine nachhaltige Zukunft.\" \/>\n<meta name=\"robots\" content=\"index, follow, max-snippet:-1, max-image-preview:large, max-video-preview:-1\" \/>\n<link rel=\"canonical\" href=\"https:\/\/baumev.de\/en\/jane-goodall-forscherin-visionaerin-wegbereiterin\/\" \/>\n<meta property=\"og:locale\" content=\"en_GB\" \/>\n<meta property=\"og:type\" content=\"article\" \/>\n<meta property=\"og:title\" content=\"Jane Goodall: Forscherin, Vision\u00e4rin, Wegbereiterin - BAUM e.V.\" \/>\n<meta property=\"og:description\" content=\"Am 1. Oktober 2025 verstarb Jane Goodall \u2013 eine Forscherin, Vision\u00e4rin und Wegbereiterin f\u00fcr eine nachhaltige Zukunft.\" \/>\n<meta property=\"og:url\" content=\"https:\/\/baumev.de\/en\/jane-goodall-forscherin-visionaerin-wegbereiterin\/\" \/>\n<meta property=\"og:site_name\" content=\"BAUM e.V.\" \/>\n<meta property=\"article:published_time\" content=\"2025-10-07T07:17:15+00:00\" \/>\n<meta property=\"og:image\" content=\"https:\/\/baumev.de\/wp-content\/uploads\/2025\/10\/RKA_4382_quer_sw-scaled.jpg\" \/>\n\t<meta property=\"og:image:width\" content=\"2560\" \/>\n\t<meta property=\"og:image:height\" content=\"1440\" \/>\n\t<meta property=\"og:image:type\" content=\"image\/jpeg\" \/>\n<meta name=\"author\" content=\"Katrin Wippich\" \/>\n<meta name=\"twitter:card\" content=\"summary_large_image\" \/>\n<meta name=\"twitter:label1\" content=\"Written by\" \/>\n\t<meta name=\"twitter:data1\" content=\"Katrin Wippich\" \/>\n\t<meta name=\"twitter:label2\" content=\"Estimated reading time\" \/>\n\t<meta name=\"twitter:data2\" content=\"2 minutes\" \/>\n<script type=\"application\/ld+json\" class=\"yoast-schema-graph\">{\"@context\":\"https:\/\/schema.org\",\"@graph\":[{\"@type\":\"Article\",\"@id\":\"https:\/\/baumev.de\/en\/jane-goodall-forscherin-visionaerin-wegbereiterin\/#article\",\"isPartOf\":{\"@id\":\"https:\/\/baumev.de\/en\/jane-goodall-forscherin-visionaerin-wegbereiterin\/\"},\"author\":{\"name\":\"Katrin Wippich\",\"@id\":\"\/#\/schema\/person\/7cca3fa2dd5ee9056656013035fb46db\"},\"headline\":\"Jane Goodall: Forscherin, Vision\u00e4rin, Wegbereiterin\",\"datePublished\":\"2025-10-07T07:17:15+00:00\",\"mainEntityOfPage\":{\"@id\":\"https:\/\/baumev.de\/en\/jane-goodall-forscherin-visionaerin-wegbereiterin\/\"},\"wordCount\":284,\"publisher\":{\"@id\":\"\/#organization\"},\"image\":{\"@id\":\"https:\/\/baumev.de\/en\/jane-goodall-forscherin-visionaerin-wegbereiterin\/#primaryimage\"},\"thumbnailUrl\":\"https:\/\/baumev.de\/wp-content\/uploads\/2025\/10\/RKA_4382_quer_sw-scaled.jpg\",\"articleSection\":[\"Einblicke &amp; Perspektiven\"],\"inLanguage\":\"en-GB\"},{\"@type\":\"WebPage\",\"@id\":\"https:\/\/baumev.de\/en\/jane-goodall-forscherin-visionaerin-wegbereiterin\/\",\"url\":\"https:\/\/baumev.de\/en\/jane-goodall-forscherin-visionaerin-wegbereiterin\/\",\"name\":\"Jane Goodall: Forscherin, Vision\u00e4rin, Wegbereiterin - BAUM e.V.\",\"isPartOf\":{\"@id\":\"\/#website\"},\"primaryImageOfPage\":{\"@id\":\"https:\/\/baumev.de\/en\/jane-goodall-forscherin-visionaerin-wegbereiterin\/#primaryimage\"},\"image\":{\"@id\":\"https:\/\/baumev.de\/en\/jane-goodall-forscherin-visionaerin-wegbereiterin\/#primaryimage\"},\"thumbnailUrl\":\"https:\/\/baumev.de\/wp-content\/uploads\/2025\/10\/RKA_4382_quer_sw-scaled.jpg\",\"datePublished\":\"2025-10-07T07:17:15+00:00\",\"description\":\"Am 1. Oktober 2025 verstarb Jane Goodall \u2013 eine Forscherin, Vision\u00e4rin und Wegbereiterin f\u00fcr eine nachhaltige Zukunft.\",\"breadcrumb\":{\"@id\":\"https:\/\/baumev.de\/en\/jane-goodall-forscherin-visionaerin-wegbereiterin\/#breadcrumb\"},\"inLanguage\":\"en-GB\",\"potentialAction\":[{\"@type\":\"ReadAction\",\"target\":[\"https:\/\/baumev.de\/en\/jane-goodall-forscherin-visionaerin-wegbereiterin\/\"]}]},{\"@type\":\"ImageObject\",\"inLanguage\":\"en-GB\",\"@id\":\"https:\/\/baumev.de\/en\/jane-goodall-forscherin-visionaerin-wegbereiterin\/#primaryimage\",\"url\":\"https:\/\/baumev.de\/wp-content\/uploads\/2025\/10\/RKA_4382_quer_sw-scaled.jpg\",\"contentUrl\":\"https:\/\/baumev.de\/wp-content\/uploads\/2025\/10\/RKA_4382_quer_sw-scaled.jpg\",\"width\":2560,\"height\":1440,\"caption\":\"Jane Goodall bei der BAUM-Tagung 2014\"},{\"@type\":\"BreadcrumbList\",\"@id\":\"https:\/\/baumev.de\/en\/jane-goodall-forscherin-visionaerin-wegbereiterin\/#breadcrumb\",\"itemListElement\":[{\"@type\":\"ListItem\",\"position\":1,\"name\":\"Startseite\",\"item\":\"https:\/\/baumev.de\/en\/\"},{\"@type\":\"ListItem\",\"position\":2,\"name\":\"Jane Goodall: Forscherin, Vision\u00e4rin, Wegbereiterin\"}]},{\"@type\":\"WebSite\",\"@id\":\"\/#website\",\"url\":\"\/\",\"name\":\"BAUM e.V.\",\"description\":\"BAUM e.V. \u2013 Netzwerk f\u00fcr nachhaltiges Wirtschaften\",\"publisher\":{\"@id\":\"\/#organization\"},\"potentialAction\":[{\"@type\":\"SearchAction\",\"target\":{\"@type\":\"EntryPoint\",\"urlTemplate\":\"\/?s={search_term_string}\"},\"query-input\":{\"@type\":\"PropertyValueSpecification\",\"valueRequired\":true,\"valueName\":\"search_term_string\"}}],\"inLanguage\":\"en-GB\"},{\"@type\":\"Organization\",\"@id\":\"\/#organization\",\"name\":\"BAUM e.V.\",\"alternateName\":\"Bundesdeutscher Arbeitskreis f\u00fcr Umweltbewusstes Management\",\"url\":\"\/\",\"logo\":{\"@type\":\"ImageObject\",\"inLanguage\":\"en-GB\",\"@id\":\"\/#\/schema\/logo\/image\/\",\"url\":\"https:\/\/baumev.de\/wp-content\/uploads\/2025\/04\/Element-1.svg\",\"contentUrl\":\"https:\/\/baumev.de\/wp-content\/uploads\/2025\/04\/Element-1.svg\",\"width\":\"1024\",\"height\":\"1024\",\"caption\":\"BAUM e.V.\"},\"image\":{\"@id\":\"\/#\/schema\/logo\/image\/\"},\"sameAs\":[\"https:\/\/www.linkedin.com\/company\/baum-ev\"]},{\"@type\":\"Person\",\"@id\":\"\/#\/schema\/person\/7cca3fa2dd5ee9056656013035fb46db\",\"name\":\"Katrin Wippich\"}]}<\/script>\n<!-- \/ Yoast SEO plugin. -->","yoast_head_json":{"title":"Jane Goodall: Forscherin, Vision\u00e4rin, Wegbereiterin - BAUM e.V.","description":"Am 1. Oktober 2025 verstarb Jane Goodall \u2013 eine Forscherin, Vision\u00e4rin und Wegbereiterin f\u00fcr eine nachhaltige Zukunft.","robots":{"index":"index","follow":"follow","max-snippet":"max-snippet:-1","max-image-preview":"max-image-preview:large","max-video-preview":"max-video-preview:-1"},"canonical":"https:\/\/baumev.de\/en\/jane-goodall-forscherin-visionaerin-wegbereiterin\/","og_locale":"en_GB","og_type":"article","og_title":"Jane Goodall: Forscherin, Vision\u00e4rin, Wegbereiterin - BAUM e.V.","og_description":"Am 1. Oktober 2025 verstarb Jane Goodall \u2013 eine Forscherin, Vision\u00e4rin und Wegbereiterin f\u00fcr eine nachhaltige Zukunft.","og_url":"https:\/\/baumev.de\/en\/jane-goodall-forscherin-visionaerin-wegbereiterin\/","og_site_name":"BAUM e.V.","article_published_time":"2025-10-07T07:17:15+00:00","og_image":[{"width":2560,"height":1440,"url":"https:\/\/baumev.de\/wp-content\/uploads\/2025\/10\/RKA_4382_quer_sw-scaled.jpg","type":"image\/jpeg"}],"author":"Katrin Wippich","twitter_card":"summary_large_image","twitter_misc":{"Written by":"Katrin Wippich","Estimated reading time":"2 minutes"},"schema":{"@context":"https:\/\/schema.org","@graph":[{"@type":"Article","@id":"https:\/\/baumev.de\/en\/jane-goodall-forscherin-visionaerin-wegbereiterin\/#article","isPartOf":{"@id":"https:\/\/baumev.de\/en\/jane-goodall-forscherin-visionaerin-wegbereiterin\/"},"author":{"name":"Katrin Wippich","@id":"\/#\/schema\/person\/7cca3fa2dd5ee9056656013035fb46db"},"headline":"Jane Goodall: Forscherin, Vision\u00e4rin, Wegbereiterin","datePublished":"2025-10-07T07:17:15+00:00","mainEntityOfPage":{"@id":"https:\/\/baumev.de\/en\/jane-goodall-forscherin-visionaerin-wegbereiterin\/"},"wordCount":284,"publisher":{"@id":"\/#organization"},"image":{"@id":"https:\/\/baumev.de\/en\/jane-goodall-forscherin-visionaerin-wegbereiterin\/#primaryimage"},"thumbnailUrl":"https:\/\/baumev.de\/wp-content\/uploads\/2025\/10\/RKA_4382_quer_sw-scaled.jpg","articleSection":["Einblicke &amp; Perspektiven"],"inLanguage":"en-GB"},{"@type":"WebPage","@id":"https:\/\/baumev.de\/en\/jane-goodall-forscherin-visionaerin-wegbereiterin\/","url":"https:\/\/baumev.de\/en\/jane-goodall-forscherin-visionaerin-wegbereiterin\/","name":"Jane Goodall: Forscherin, Vision\u00e4rin, Wegbereiterin - BAUM e.V.","isPartOf":{"@id":"\/#website"},"primaryImageOfPage":{"@id":"https:\/\/baumev.de\/en\/jane-goodall-forscherin-visionaerin-wegbereiterin\/#primaryimage"},"image":{"@id":"https:\/\/baumev.de\/en\/jane-goodall-forscherin-visionaerin-wegbereiterin\/#primaryimage"},"thumbnailUrl":"https:\/\/baumev.de\/wp-content\/uploads\/2025\/10\/RKA_4382_quer_sw-scaled.jpg","datePublished":"2025-10-07T07:17:15+00:00","description":"Am 1. Oktober 2025 verstarb Jane Goodall \u2013 eine Forscherin, Vision\u00e4rin und Wegbereiterin f\u00fcr eine nachhaltige Zukunft.","breadcrumb":{"@id":"https:\/\/baumev.de\/en\/jane-goodall-forscherin-visionaerin-wegbereiterin\/#breadcrumb"},"inLanguage":"en-GB","potentialAction":[{"@type":"ReadAction","target":["https:\/\/baumev.de\/en\/jane-goodall-forscherin-visionaerin-wegbereiterin\/"]}]},{"@type":"ImageObject","inLanguage":"en-GB","@id":"https:\/\/baumev.de\/en\/jane-goodall-forscherin-visionaerin-wegbereiterin\/#primaryimage","url":"https:\/\/baumev.de\/wp-content\/uploads\/2025\/10\/RKA_4382_quer_sw-scaled.jpg","contentUrl":"https:\/\/baumev.de\/wp-content\/uploads\/2025\/10\/RKA_4382_quer_sw-scaled.jpg","width":2560,"height":1440,"caption":"Jane Goodall bei der BAUM-Tagung 2014"},{"@type":"BreadcrumbList","@id":"https:\/\/baumev.de\/en\/jane-goodall-forscherin-visionaerin-wegbereiterin\/#breadcrumb","itemListElement":[{"@type":"ListItem","position":1,"name":"Startseite","item":"https:\/\/baumev.de\/en\/"},{"@type":"ListItem","position":2,"name":"Jane Goodall: Forscherin, Vision\u00e4rin, Wegbereiterin"}]},{"@type":"WebSite","@id":"\/#website","url":"\/","name":"BAUM e.V.","description":"BAUM e.V. \u2013 Netzwerk f\u00fcr nachhaltiges Wirtschaften","publisher":{"@id":"\/#organization"},"potentialAction":[{"@type":"SearchAction","target":{"@type":"EntryPoint","urlTemplate":"\/?s={search_term_string}"},"query-input":{"@type":"PropertyValueSpecification","valueRequired":true,"valueName":"search_term_string"}}],"inLanguage":"en-GB"},{"@type":"Organization","@id":"\/#organization","name":"BAUM e.V.","alternateName":"Bundesdeutscher Arbeitskreis f\u00fcr Umweltbewusstes Management","url":"\/","logo":{"@type":"ImageObject","inLanguage":"en-GB","@id":"\/#\/schema\/logo\/image\/","url":"https:\/\/baumev.de\/wp-content\/uploads\/2025\/04\/Element-1.svg","contentUrl":"https:\/\/baumev.de\/wp-content\/uploads\/2025\/04\/Element-1.svg","width":"1024","height":"1024","caption":"BAUM e.V."},"image":{"@id":"\/#\/schema\/logo\/image\/"},"sameAs":["https:\/\/www.linkedin.com\/company\/baum-ev"]},{"@type":"Person","@id":"\/#\/schema\/person\/7cca3fa2dd5ee9056656013035fb46db","name":"Katrin Wippich"}]}},"_links":{"self":[{"href":"https:\/\/baumev.de\/en\/wp-json\/wp\/v2\/posts\/12081","targetHints":{"allow":["GET"]}}],"collection":[{"href":"https:\/\/baumev.de\/en\/wp-json\/wp\/v2\/posts"}],"about":[{"href":"https:\/\/baumev.de\/en\/wp-json\/wp\/v2\/types\/post"}],"author":[{"embeddable":true,"href":"https:\/\/baumev.de\/en\/wp-json\/wp\/v2\/users\/2"}],"replies":[{"embeddable":true,"href":"https:\/\/baumev.de\/en\/wp-json\/wp\/v2\/comments?post=12081"}],"version-history":[{"count":2,"href":"https:\/\/baumev.de\/en\/wp-json\/wp\/v2\/posts\/12081\/revisions"}],"predecessor-version":[{"id":12084,"href":"https:\/\/baumev.de\/en\/wp-json\/wp\/v2\/posts\/12081\/revisions\/12084"}],"wp:featuredmedia":[{"embeddable":true,"href":"https:\/\/baumev.de\/en\/wp-json\/wp\/v2\/media\/12082"}],"wp:attachment":[{"href":"https:\/\/baumev.de\/en\/wp-json\/wp\/v2\/media?parent=12081"}],"wp:term":[{"taxonomy":"category","embeddable":true,"href":"https:\/\/baumev.de\/en\/wp-json\/wp\/v2\/categories?post=12081"},{"taxonomy":"post_tag","embeddable":true,"href":"https:\/\/baumev.de\/en\/wp-json\/wp\/v2\/tags?post=12081"}],"curies":[{"name":"wp","href":"https:\/\/api.w.org\/{rel}","templated":true}]}}