{"id":12468,"date":"2025-10-14T10:49:10","date_gmt":"2025-10-14T08:49:10","guid":{"rendered":"https:\/\/baumev.de\/?p=12468"},"modified":"2025-10-22T12:16:53","modified_gmt":"2025-10-22T10:16:53","slug":"zielbild-sozial-oekologische-marktwirtschaft","status":"publish","type":"post","link":"https:\/\/baumev.de\/en\/zielbild-sozial-oekologische-marktwirtschaft\/","title":{"rendered":"Zielbild: sozial-\u00f6kologische Marktwirtschaft"},"content":{"rendered":"<p><strong>Die deutsche Wirtschaft steht vor der Herausforderung, nachhaltiges Wachstum und Wettbewerbsf\u00e4higkeit zu vereinen. In diesem Kontext schl\u00e4gt BAUM konkrete Ma\u00dfnahmen vor, die darauf abzielen, Vertrauen in die Institutionen und die Kraft der Wirtschaft zu st\u00e4rken und den gesellschaftlichen Zusammenhalt zu f\u00f6rdern. Das Unternehmensnetzwerk l\u00e4dt dazu ein, diese Ma\u00dfnahmen bei der BAUM-Tagung am 11.\/12. November 2025 in Dortmund zu diskutieren.<\/strong><\/p>\n<p>Die BAUM-Tagung am 11.\/12. November 2025 in Dortmund fragt \u201eWelche Wirtschaft wollen wir?\u201c und entwirft Zukunftsbilder f\u00fcr eine nachhaltige Wirtschaft und Gesellschaft. Im Rahmen der Tagung wird das von BAUM vorgelegte <a href=\"https:\/\/baumev.de\/wp-content\/uploads\/2025\/10\/251011-BAUM-Impuls-zukunftsfaehiges-Marktdesign.pdf\" target=\"_blank\" rel=\"noopener\">Impulspapier f\u00fcr ein zukunftsf\u00e4higes Marktdesign<\/a> diskutiert und konsolidiert.<\/p>\n<p>Das Netzwerk f\u00fcr nachhaltiges Wirtschaften beschreibt in dem Impulspapier das Zielbild einer sozial-\u00f6kologischen Marktwirtschaft, das auf drei Grunds\u00e4tzen basiert:<\/p>\n<ul>\n<li>Klimaschutz und Ressourceneffizienz<\/li>\n<li>soziale Gerechtigkeit<\/li>\n<li>wirtschaftliche Resilienz<\/li>\n<\/ul>\n<p>\u201ePolitik steht in der Verantwortung, einen verl\u00e4sslichen Rahmen und Investitionssicherheit f\u00fcr Unternehmen zu schaffen, die auch in einer dramatisch ver\u00e4nderten Lage Innovation und gutes Leben, gute Arbeitspl\u00e4tze f\u00fcr alle sichern\u201c, so die BAUM-Vorsitzende Yvonne Zwick.<\/p>\n<p>Die vorgeschlagenen Ma\u00dfnahmen nehmen drei Bereiche in den Blick:<\/p>\n<ul>\n<li><strong>Transparenz:<\/strong> Unternehmen legen ihre Nachhaltigkeitsleistungen offen \u2013 f\u00fcr Kunden, Investoren und die \u00d6ffentlichkeit.<\/li>\n<li><strong>Anreize:<\/strong> Unternehmen, die vorbildlich handeln, profitieren von Steuererleichterungen, bevorzugter Beschaffung und \u00f6ffentlicher Anerkennung. Marktbasierte Anreize erh\u00f6hen das Kapital f\u00fcr Investitionen.<\/li>\n<li><strong>Co-Regulierung:<\/strong> Politik, Wirtschaft und Zivilgesellschaft schaffen gemeinsam faire Wettbewerbsbedingungen und gute unternehmerische Praxis.<\/li>\n<\/ul>\n<p>Ziel der Ma\u00dfnahmen ist, nachhaltiges Wirtschaften schnell zur Normalit\u00e4t werden zu lassen \u2013 denn die Zeit dr\u00e4ngt.<\/p>\n<h3>BAUM-Tagung 2025 in Dortmund<\/h3>\n<p>Die diesj\u00e4hrige <a href=\"https:\/\/baumev.de\/baum-tagung\/\" target=\"_blank\" rel=\"noopener\">BAUM-Tagung<\/a> findet im Signal Iduna Park in Dortmund statt. Co-Gastgeber ist der BVB, Gold-Partner die Signal Iduna Gruppe.<\/p>\n<p>Zu den Speakern geh\u00f6ren die Politikwissenschaftlerin Dr. Isabella Hermann, Expertin f\u00fcr Science-Fiction- und Zuk\u00fcnfte, der Vorstandsvorsitzende der Rent.Group Dr. Christian Eichenberger, Dr. Daniela B\u00fcchel, Mitglied des Vorstands der REWE Group und dort verantwortlich f\u00fcr Human Resources und Nachhaltigkeit, sowie Andreas Gr\u00fcndemann, Bereichsleiter Kapitalanlagen und Nachhaltigkeit bei der Signal Iduna Group.<\/p>\n<p>Die Themenpalette der zw\u00f6lf Workshops am 12. November reicht von zukunftsf\u00e4higen Geb\u00e4uden \u00fcber zirkul\u00e4re Gesch\u00e4ftsmodelle und Innovationen im zentralen Bed\u00fcrfnisfeld Ern\u00e4hrung bis zu Nachhaltigkeit im Profifu\u00dfball. Ein Sideevent am 11. November feiert 25 Jahre \u00d6KOPROFIT<sup>\u00ae<\/sup> NRW, ein Netzwerk f\u00fcr betriebswirtschaftlich \u00fcberzeugendes Umweltmanagement.<\/p>\n<p>Wie in jedem Jahr wird im Rahmen der Tagung der BAUM | Umwelt- und Nachhaltigkeitspreis verliehen. Als Nachhaltigkeitsverantwortliche, Gesch\u00e4ftsf\u00fchrer, Wissenschaftlerin oder Berater in der Entwicklungszusammenarbeit zeigen die <a href=\"https:\/\/baumev.de\/baum-preis\/preistraeger-2025\/\" target=\"_blank\" rel=\"noopener\">Preistr\u00e4gerinnen und Preistr\u00e4ger<\/a> mit ihrem Engagement Wege zu mehr Klima-, Ressourcen- und Biodiversit\u00e4tsschutz.<\/p>\n<p>F\u00fcr die zweit\u00e4gige Tagung sind noch <a href=\"https:\/\/app.baumev.de\/login?returnUrl=\/events\/4ftc7lhzC0\" target=\"_blank\" rel=\"noopener\">Tickets<\/a> zum Preis von 595 Euro verf\u00fcgbar.<\/p>\n<p><a href=\"https:\/\/baumev.de\/wp-content\/uploads\/2025\/10\/251014_PM_BAUM-Tagung.pdf\" target=\"_blank\" rel=\"noopener\">Presse-Information als PDF<\/a><\/p>\n<p><a href=\"https:\/\/baumev.de\/wp-content\/uploads\/2025\/10\/251011-BAUM-Impuls-zukunftsfaehiges-Marktdesign.pdf\" target=\"_blank\" rel=\"noopener\">Impulspapier auf Deutsch<\/a><br \/>\n<a href=\"https:\/\/baumev.de\/wp-content\/uploads\/2025\/10\/251011-BAUM-Impulse-for-sustainable-market-design.pdf\" target=\"_blank\" rel=\"noopener\">Impulse paper in English<\/a><\/p>\n<p>&nbsp;<\/p>\n<p>&nbsp;<\/p>\n","protected":false},"excerpt":{"rendered":"<p>Die deutsche Wirtschaft steht vor der Herausforderung, nachhaltiges Wachstum und Wettbewerbsf\u00e4higkeit zu vereinen. In diesem Kontext schl\u00e4gt BAUM konkrete Ma\u00dfnahmen vor, die darauf abzielen, Vertrauen in die Institutionen und die Kraft der Wirtschaft zu st\u00e4rken und den gesellschaftlichen Zusammenhalt zu f\u00f6rdern. Das Unternehmensnetzwerk l\u00e4dt dazu ein, diese Ma\u00dfnahmen bei der BAUM-Tagung zu diskutieren.<\/p>\n","protected":false},"author":2,"featured_media":12470,"comment_status":"closed","ping_status":"closed","sticky":false,"template":"","format":"standard","meta":{"_acf_changed":false,"_et_pb_use_builder":"","_et_pb_old_content":"","_et_gb_content_width":"","inline_featured_image":false,"footnotes":""},"categories":[18,10],"tags":[],"class_list":["post-12468","post","type-post","status-publish","format-standard","has-post-thumbnail","hentry","category-news","category-pressemitteilungen"],"acf":[],"yoast_head":"<!-- This site is optimized with the Yoast SEO plugin v27.2 - https:\/\/yoast.com\/product\/yoast-seo-wordpress\/ -->\n<title>Zielbild: sozial-\u00f6kologische Marktwirtschaft - BAUM e.V.<\/title>\n<meta name=\"description\" content=\"Mit dem Zielbild einer sozial-\u00f6kologischen Marktwirtschaft schl\u00e4gt BAUM ein Marktdesign vor, das Deutschland und Europa st\u00e4rkt.\" \/>\n<meta name=\"robots\" content=\"index, follow, max-snippet:-1, max-image-preview:large, max-video-preview:-1\" \/>\n<link rel=\"canonical\" href=\"https:\/\/baumev.de\/en\/zielbild-sozial-oekologische-marktwirtschaft\/\" \/>\n<meta property=\"og:locale\" content=\"en_GB\" \/>\n<meta property=\"og:type\" content=\"article\" \/>\n<meta property=\"og:title\" content=\"Zielbild: sozial-\u00f6kologische Marktwirtschaft - BAUM e.V.\" \/>\n<meta property=\"og:description\" content=\"Mit dem Zielbild einer sozial-\u00f6kologischen Marktwirtschaft schl\u00e4gt BAUM ein Marktdesign vor, das Deutschland und Europa st\u00e4rkt.\" \/>\n<meta property=\"og:url\" content=\"https:\/\/baumev.de\/en\/zielbild-sozial-oekologische-marktwirtschaft\/\" \/>\n<meta property=\"og:site_name\" content=\"BAUM e.V.\" \/>\n<meta property=\"article:published_time\" content=\"2025-10-14T08:49:10+00:00\" \/>\n<meta property=\"article:modified_time\" content=\"2025-10-22T10:16:53+00:00\" \/>\n<meta property=\"og:image\" content=\"https:\/\/baumev.de\/wp-content\/uploads\/2025\/10\/stairs-6517488_1920.jpg\" \/>\n\t<meta property=\"og:image:width\" content=\"1920\" \/>\n\t<meta property=\"og:image:height\" content=\"1246\" \/>\n\t<meta property=\"og:image:type\" content=\"image\/jpeg\" \/>\n<meta name=\"author\" content=\"Katrin Wippich\" \/>\n<meta name=\"twitter:card\" content=\"summary_large_image\" \/>\n<meta name=\"twitter:label1\" content=\"Written by\" \/>\n\t<meta name=\"twitter:data1\" content=\"Katrin Wippich\" \/>\n\t<meta name=\"twitter:label2\" content=\"Estimated reading time\" \/>\n\t<meta name=\"twitter:data2\" content=\"3 minutes\" \/>\n<script type=\"application\/ld+json\" class=\"yoast-schema-graph\">{\"@context\":\"https:\/\/schema.org\",\"@graph\":[{\"@type\":\"Article\",\"@id\":\"https:\/\/baumev.de\/en\/zielbild-sozial-oekologische-marktwirtschaft\/#article\",\"isPartOf\":{\"@id\":\"https:\/\/baumev.de\/en\/zielbild-sozial-oekologische-marktwirtschaft\/\"},\"author\":{\"name\":\"Katrin Wippich\",\"@id\":\"\/#\/schema\/person\/7cca3fa2dd5ee9056656013035fb46db\"},\"headline\":\"Zielbild: sozial-\u00f6kologische Marktwirtschaft\",\"datePublished\":\"2025-10-14T08:49:10+00:00\",\"dateModified\":\"2025-10-22T10:16:53+00:00\",\"mainEntityOfPage\":{\"@id\":\"https:\/\/baumev.de\/en\/zielbild-sozial-oekologische-marktwirtschaft\/\"},\"wordCount\":454,\"publisher\":{\"@id\":\"\/#organization\"},\"image\":{\"@id\":\"https:\/\/baumev.de\/en\/zielbild-sozial-oekologische-marktwirtschaft\/#primaryimage\"},\"thumbnailUrl\":\"https:\/\/baumev.de\/wp-content\/uploads\/2025\/10\/stairs-6517488_1920.jpg\",\"articleSection\":[\"Einblicke &amp; Perspektiven\",\"Pressemitteilungen\"],\"inLanguage\":\"en-GB\"},{\"@type\":\"WebPage\",\"@id\":\"https:\/\/baumev.de\/en\/zielbild-sozial-oekologische-marktwirtschaft\/\",\"url\":\"https:\/\/baumev.de\/en\/zielbild-sozial-oekologische-marktwirtschaft\/\",\"name\":\"Zielbild: sozial-\u00f6kologische Marktwirtschaft - BAUM e.V.\",\"isPartOf\":{\"@id\":\"\/#website\"},\"primaryImageOfPage\":{\"@id\":\"https:\/\/baumev.de\/en\/zielbild-sozial-oekologische-marktwirtschaft\/#primaryimage\"},\"image\":{\"@id\":\"https:\/\/baumev.de\/en\/zielbild-sozial-oekologische-marktwirtschaft\/#primaryimage\"},\"thumbnailUrl\":\"https:\/\/baumev.de\/wp-content\/uploads\/2025\/10\/stairs-6517488_1920.jpg\",\"datePublished\":\"2025-10-14T08:49:10+00:00\",\"dateModified\":\"2025-10-22T10:16:53+00:00\",\"description\":\"Mit dem Zielbild einer sozial-\u00f6kologischen Marktwirtschaft schl\u00e4gt BAUM ein Marktdesign vor, das Deutschland und Europa st\u00e4rkt.\",\"breadcrumb\":{\"@id\":\"https:\/\/baumev.de\/en\/zielbild-sozial-oekologische-marktwirtschaft\/#breadcrumb\"},\"inLanguage\":\"en-GB\",\"potentialAction\":[{\"@type\":\"ReadAction\",\"target\":[\"https:\/\/baumev.de\/en\/zielbild-sozial-oekologische-marktwirtschaft\/\"]}]},{\"@type\":\"ImageObject\",\"inLanguage\":\"en-GB\",\"@id\":\"https:\/\/baumev.de\/en\/zielbild-sozial-oekologische-marktwirtschaft\/#primaryimage\",\"url\":\"https:\/\/baumev.de\/wp-content\/uploads\/2025\/10\/stairs-6517488_1920.jpg\",\"contentUrl\":\"https:\/\/baumev.de\/wp-content\/uploads\/2025\/10\/stairs-6517488_1920.jpg\",\"width\":1920,\"height\":1246,\"caption\":\"Das Anreizmodell von BAUM f\u00fcr eine sozial-\u00f6kologische Marktwirtschaft umfasst vier Stufen.\"},{\"@type\":\"BreadcrumbList\",\"@id\":\"https:\/\/baumev.de\/en\/zielbild-sozial-oekologische-marktwirtschaft\/#breadcrumb\",\"itemListElement\":[{\"@type\":\"ListItem\",\"position\":1,\"name\":\"Startseite\",\"item\":\"https:\/\/baumev.de\/en\/\"},{\"@type\":\"ListItem\",\"position\":2,\"name\":\"Zielbild: sozial-\u00f6kologische Marktwirtschaft\"}]},{\"@type\":\"WebSite\",\"@id\":\"\/#website\",\"url\":\"\/\",\"name\":\"BAUM e.V.\",\"description\":\"BAUM e.V. \u2013 Netzwerk f\u00fcr nachhaltiges Wirtschaften\",\"publisher\":{\"@id\":\"\/#organization\"},\"potentialAction\":[{\"@type\":\"SearchAction\",\"target\":{\"@type\":\"EntryPoint\",\"urlTemplate\":\"\/?s={search_term_string}\"},\"query-input\":{\"@type\":\"PropertyValueSpecification\",\"valueRequired\":true,\"valueName\":\"search_term_string\"}}],\"inLanguage\":\"en-GB\"},{\"@type\":\"Organization\",\"@id\":\"\/#organization\",\"name\":\"BAUM e.V.\",\"alternateName\":\"Bundesdeutscher Arbeitskreis f\u00fcr Umweltbewusstes Management\",\"url\":\"\/\",\"logo\":{\"@type\":\"ImageObject\",\"inLanguage\":\"en-GB\",\"@id\":\"\/#\/schema\/logo\/image\/\",\"url\":\"https:\/\/baumev.de\/wp-content\/uploads\/2025\/04\/Element-1.svg\",\"contentUrl\":\"https:\/\/baumev.de\/wp-content\/uploads\/2025\/04\/Element-1.svg\",\"width\":\"1024\",\"height\":\"1024\",\"caption\":\"BAUM e.V.\"},\"image\":{\"@id\":\"\/#\/schema\/logo\/image\/\"},\"sameAs\":[\"https:\/\/www.linkedin.com\/company\/baum-ev\"]},{\"@type\":\"Person\",\"@id\":\"\/#\/schema\/person\/7cca3fa2dd5ee9056656013035fb46db\",\"name\":\"Katrin Wippich\"}]}<\/script>\n<!-- \/ Yoast SEO plugin. -->","yoast_head_json":{"title":"Zielbild: sozial-\u00f6kologische Marktwirtschaft - BAUM e.V.","description":"Mit dem Zielbild einer sozial-\u00f6kologischen Marktwirtschaft schl\u00e4gt BAUM ein Marktdesign vor, das Deutschland und Europa st\u00e4rkt.","robots":{"index":"index","follow":"follow","max-snippet":"max-snippet:-1","max-image-preview":"max-image-preview:large","max-video-preview":"max-video-preview:-1"},"canonical":"https:\/\/baumev.de\/en\/zielbild-sozial-oekologische-marktwirtschaft\/","og_locale":"en_GB","og_type":"article","og_title":"Zielbild: sozial-\u00f6kologische Marktwirtschaft - BAUM e.V.","og_description":"Mit dem Zielbild einer sozial-\u00f6kologischen Marktwirtschaft schl\u00e4gt BAUM ein Marktdesign vor, das Deutschland und Europa st\u00e4rkt.","og_url":"https:\/\/baumev.de\/en\/zielbild-sozial-oekologische-marktwirtschaft\/","og_site_name":"BAUM e.V.","article_published_time":"2025-10-14T08:49:10+00:00","article_modified_time":"2025-10-22T10:16:53+00:00","og_image":[{"width":1920,"height":1246,"url":"https:\/\/baumev.de\/wp-content\/uploads\/2025\/10\/stairs-6517488_1920.jpg","type":"image\/jpeg"}],"author":"Katrin Wippich","twitter_card":"summary_large_image","twitter_misc":{"Written by":"Katrin Wippich","Estimated reading time":"3 minutes"},"schema":{"@context":"https:\/\/schema.org","@graph":[{"@type":"Article","@id":"https:\/\/baumev.de\/en\/zielbild-sozial-oekologische-marktwirtschaft\/#article","isPartOf":{"@id":"https:\/\/baumev.de\/en\/zielbild-sozial-oekologische-marktwirtschaft\/"},"author":{"name":"Katrin Wippich","@id":"\/#\/schema\/person\/7cca3fa2dd5ee9056656013035fb46db"},"headline":"Zielbild: sozial-\u00f6kologische Marktwirtschaft","datePublished":"2025-10-14T08:49:10+00:00","dateModified":"2025-10-22T10:16:53+00:00","mainEntityOfPage":{"@id":"https:\/\/baumev.de\/en\/zielbild-sozial-oekologische-marktwirtschaft\/"},"wordCount":454,"publisher":{"@id":"\/#organization"},"image":{"@id":"https:\/\/baumev.de\/en\/zielbild-sozial-oekologische-marktwirtschaft\/#primaryimage"},"thumbnailUrl":"https:\/\/baumev.de\/wp-content\/uploads\/2025\/10\/stairs-6517488_1920.jpg","articleSection":["Einblicke &amp; Perspektiven","Pressemitteilungen"],"inLanguage":"en-GB"},{"@type":"WebPage","@id":"https:\/\/baumev.de\/en\/zielbild-sozial-oekologische-marktwirtschaft\/","url":"https:\/\/baumev.de\/en\/zielbild-sozial-oekologische-marktwirtschaft\/","name":"Zielbild: sozial-\u00f6kologische Marktwirtschaft - BAUM e.V.","isPartOf":{"@id":"\/#website"},"primaryImageOfPage":{"@id":"https:\/\/baumev.de\/en\/zielbild-sozial-oekologische-marktwirtschaft\/#primaryimage"},"image":{"@id":"https:\/\/baumev.de\/en\/zielbild-sozial-oekologische-marktwirtschaft\/#primaryimage"},"thumbnailUrl":"https:\/\/baumev.de\/wp-content\/uploads\/2025\/10\/stairs-6517488_1920.jpg","datePublished":"2025-10-14T08:49:10+00:00","dateModified":"2025-10-22T10:16:53+00:00","description":"Mit dem Zielbild einer sozial-\u00f6kologischen Marktwirtschaft schl\u00e4gt BAUM ein Marktdesign vor, das Deutschland und Europa st\u00e4rkt.","breadcrumb":{"@id":"https:\/\/baumev.de\/en\/zielbild-sozial-oekologische-marktwirtschaft\/#breadcrumb"},"inLanguage":"en-GB","potentialAction":[{"@type":"ReadAction","target":["https:\/\/baumev.de\/en\/zielbild-sozial-oekologische-marktwirtschaft\/"]}]},{"@type":"ImageObject","inLanguage":"en-GB","@id":"https:\/\/baumev.de\/en\/zielbild-sozial-oekologische-marktwirtschaft\/#primaryimage","url":"https:\/\/baumev.de\/wp-content\/uploads\/2025\/10\/stairs-6517488_1920.jpg","contentUrl":"https:\/\/baumev.de\/wp-content\/uploads\/2025\/10\/stairs-6517488_1920.jpg","width":1920,"height":1246,"caption":"Das Anreizmodell von BAUM f\u00fcr eine sozial-\u00f6kologische Marktwirtschaft umfasst vier Stufen."},{"@type":"BreadcrumbList","@id":"https:\/\/baumev.de\/en\/zielbild-sozial-oekologische-marktwirtschaft\/#breadcrumb","itemListElement":[{"@type":"ListItem","position":1,"name":"Startseite","item":"https:\/\/baumev.de\/en\/"},{"@type":"ListItem","position":2,"name":"Zielbild: sozial-\u00f6kologische Marktwirtschaft"}]},{"@type":"WebSite","@id":"\/#website","url":"\/","name":"BAUM e.V.","description":"BAUM e.V. \u2013 Netzwerk f\u00fcr nachhaltiges Wirtschaften","publisher":{"@id":"\/#organization"},"potentialAction":[{"@type":"SearchAction","target":{"@type":"EntryPoint","urlTemplate":"\/?s={search_term_string}"},"query-input":{"@type":"PropertyValueSpecification","valueRequired":true,"valueName":"search_term_string"}}],"inLanguage":"en-GB"},{"@type":"Organization","@id":"\/#organization","name":"BAUM e.V.","alternateName":"Bundesdeutscher Arbeitskreis f\u00fcr Umweltbewusstes Management","url":"\/","logo":{"@type":"ImageObject","inLanguage":"en-GB","@id":"\/#\/schema\/logo\/image\/","url":"https:\/\/baumev.de\/wp-content\/uploads\/2025\/04\/Element-1.svg","contentUrl":"https:\/\/baumev.de\/wp-content\/uploads\/2025\/04\/Element-1.svg","width":"1024","height":"1024","caption":"BAUM e.V."},"image":{"@id":"\/#\/schema\/logo\/image\/"},"sameAs":["https:\/\/www.linkedin.com\/company\/baum-ev"]},{"@type":"Person","@id":"\/#\/schema\/person\/7cca3fa2dd5ee9056656013035fb46db","name":"Katrin Wippich"}]}},"_links":{"self":[{"href":"https:\/\/baumev.de\/en\/wp-json\/wp\/v2\/posts\/12468","targetHints":{"allow":["GET"]}}],"collection":[{"href":"https:\/\/baumev.de\/en\/wp-json\/wp\/v2\/posts"}],"about":[{"href":"https:\/\/baumev.de\/en\/wp-json\/wp\/v2\/types\/post"}],"author":[{"embeddable":true,"href":"https:\/\/baumev.de\/en\/wp-json\/wp\/v2\/users\/2"}],"replies":[{"embeddable":true,"href":"https:\/\/baumev.de\/en\/wp-json\/wp\/v2\/comments?post=12468"}],"version-history":[{"count":7,"href":"https:\/\/baumev.de\/en\/wp-json\/wp\/v2\/posts\/12468\/revisions"}],"predecessor-version":[{"id":13250,"href":"https:\/\/baumev.de\/en\/wp-json\/wp\/v2\/posts\/12468\/revisions\/13250"}],"wp:featuredmedia":[{"embeddable":true,"href":"https:\/\/baumev.de\/en\/wp-json\/wp\/v2\/media\/12470"}],"wp:attachment":[{"href":"https:\/\/baumev.de\/en\/wp-json\/wp\/v2\/media?parent=12468"}],"wp:term":[{"taxonomy":"category","embeddable":true,"href":"https:\/\/baumev.de\/en\/wp-json\/wp\/v2\/categories?post=12468"},{"taxonomy":"post_tag","embeddable":true,"href":"https:\/\/baumev.de\/en\/wp-json\/wp\/v2\/tags?post=12468"}],"curies":[{"name":"wp","href":"https:\/\/api.w.org\/{rel}","templated":true}]}}