{"id":12979,"date":"2025-10-20T15:36:48","date_gmt":"2025-10-20T13:36:48","guid":{"rendered":"https:\/\/baumev.de\/?p=12979"},"modified":"2025-10-20T15:55:52","modified_gmt":"2025-10-20T13:55:52","slug":"17-radikale-thesen","status":"publish","type":"post","link":"https:\/\/baumev.de\/en\/17-radikale-thesen\/","title":{"rendered":"17 radikale Thesen f\u00fcr echten Wandel"},"content":{"rendered":"<p>Mit 17 radikalen Thesen geht Yvonne Zwick, Vorsitzende von BAUM e.V., in ihrem neuen Buch &#8220;<a href=\"https:\/\/shop.haufe.de\/prod\/nachhaltigkeit-machen?chorid=80163102&amp;em_src=display&amp;em_cmp=direktbuchung\/publishing\/coremedia\/empfehlung\/80163102&amp;cmp=coremedia&amp;utm_id=publishing\/80163102&amp;akttyp=display&amp;med=direktbuchung&amp;utm_source=display&amp;utm_medium=direktbuchung&amp;utm_campaign=coremedia&amp;utm_content=empfehlung&amp;aktnr=80163102&amp;wnr=80163102&amp;_gl=1*1n1qe0p*_ga*OTIyMzY3NzY5LjE3NjA5NjcwNTk.*_ga_BS17E9HCRT*czE3NjA5NjcwNTkkbzEkZzEkdDE3NjA5NjcwNjYkajUzJGwwJGgw*_fplc*WktZSFBPN0tHcURhUFg3OVp3d3o3aHhLNnBlVXBRRXZRcG5xTllCOXlKSU9UOUtuZmd6b1RSVk5NJTJGYldqakM1VVc3a2Nyc0hIR216eHNVYmpXMVpIdW4yM3AydTc2ZXprVEJmdG15R3Q5ODJsa3AwaXM5TjJjSnRSRE5FZGclM0QlM0Q.\" target=\"_blank\" rel=\"noopener\">Nachhaltigkeit machen. 17 radikale Thesen f\u00fcr echten Wandel<\/a>&#8221; die 17 SDGs an. Au\u00dferdem stellt sie Best Practices, Erstaunliches und Handlungsvorschl\u00e4ge zu den einzelnen UN-Nachhaltigkeitszielen vor. J\u00f6rg Birkelbach interviewte sie dazu f\u00fcr das Portal <a href=\"https:\/\/kmu4good.eu\/\" target=\"_blank\" rel=\"noopener\">KMU4GOOD<\/a>.<\/p>\n<p><script data-dataid=\"79ba91a6-1974-422e-9fd5-4823c8f4e97f\" src=\"\/\/player.3qsdn.com\/js3q.embed.min.js\"><\/script><\/p>\n","protected":false},"excerpt":{"rendered":"<p>Die BAUM-Vorsitzende im Interview mit KMU4GOOD \u00fcber ihr neues Buch \u201eNachhaltigkeit machen\u201c.<\/p>\n","protected":false},"author":2,"featured_media":6097,"comment_status":"closed","ping_status":"closed","sticky":false,"template":"","format":"standard","meta":{"_acf_changed":false,"_et_pb_use_builder":"","_et_pb_old_content":"","_et_gb_content_width":"","inline_featured_image":false,"footnotes":""},"categories":[11,12,13,14,18,15,16,17],"tags":[],"class_list":["post-12979","post","type-post","status-publish","format-standard","has-post-thumbnail","hentry","category-bildung-fuer-nachhaltige-entwicklung","category-biodiversitaet-oekosysteme","category-circular-economy","category-digitalisierung","category-news","category-klima-energie","category-mobilitaet-logistik","category-sustainable-finance-berichterstattung"],"acf":[],"yoast_head":"<!-- This site is optimized with the Yoast SEO plugin v27.2 - https:\/\/yoast.com\/product\/yoast-seo-wordpress\/ -->\n<title>17 radikale Thesen f\u00fcr echten Wandel - BAUM e.V.<\/title>\n<meta name=\"description\" content=\"Die BAUM-Vorsitzende Yvonne Zwick im Interview mit KMU4GOOD: 17 radikale Thesen zu den 17 SDG der Vereinten Nationen.\" \/>\n<meta name=\"robots\" content=\"index, follow, max-snippet:-1, max-image-preview:large, max-video-preview:-1\" \/>\n<link rel=\"canonical\" href=\"https:\/\/baumev.de\/en\/17-radikale-thesen\/\" \/>\n<meta property=\"og:locale\" content=\"en_GB\" \/>\n<meta property=\"og:type\" content=\"article\" \/>\n<meta property=\"og:title\" content=\"17 radikale Thesen f\u00fcr echten Wandel - BAUM e.V.\" \/>\n<meta property=\"og:description\" content=\"Die BAUM-Vorsitzende Yvonne Zwick im Interview mit KMU4GOOD: 17 radikale Thesen zu den 17 SDG der Vereinten Nationen.\" \/>\n<meta property=\"og:url\" content=\"https:\/\/baumev.de\/en\/17-radikale-thesen\/\" \/>\n<meta property=\"og:site_name\" content=\"BAUM e.V.\" \/>\n<meta property=\"article:published_time\" content=\"2025-10-20T13:36:48+00:00\" \/>\n<meta property=\"article:modified_time\" content=\"2025-10-20T13:55:52+00:00\" \/>\n<meta property=\"og:image\" content=\"https:\/\/baumev.de\/wp-content\/uploads\/2025\/07\/Cover_YZ_Haufe_16zu9.png\" \/>\n\t<meta property=\"og:image:width\" content=\"2000\" \/>\n\t<meta property=\"og:image:height\" content=\"1125\" \/>\n\t<meta property=\"og:image:type\" content=\"image\/png\" \/>\n<meta name=\"author\" content=\"Katrin Wippich\" \/>\n<meta name=\"twitter:card\" content=\"summary_large_image\" \/>\n<meta name=\"twitter:label1\" content=\"Written by\" \/>\n\t<meta name=\"twitter:data1\" content=\"Katrin Wippich\" \/>\n\t<meta name=\"twitter:label2\" content=\"Estimated reading time\" \/>\n\t<meta name=\"twitter:data2\" content=\"1 minute\" \/>\n<script type=\"application\/ld+json\" class=\"yoast-schema-graph\">{\"@context\":\"https:\/\/schema.org\",\"@graph\":[{\"@type\":\"Article\",\"@id\":\"https:\/\/baumev.de\/en\/17-radikale-thesen\/#article\",\"isPartOf\":{\"@id\":\"https:\/\/baumev.de\/en\/17-radikale-thesen\/\"},\"author\":{\"name\":\"Katrin Wippich\",\"@id\":\"\/#\/schema\/person\/7cca3fa2dd5ee9056656013035fb46db\"},\"headline\":\"17 radikale Thesen f\u00fcr echten Wandel\",\"datePublished\":\"2025-10-20T13:36:48+00:00\",\"dateModified\":\"2025-10-20T13:55:52+00:00\",\"mainEntityOfPage\":{\"@id\":\"https:\/\/baumev.de\/en\/17-radikale-thesen\/\"},\"wordCount\":59,\"publisher\":{\"@id\":\"\/#organization\"},\"image\":{\"@id\":\"https:\/\/baumev.de\/en\/17-radikale-thesen\/#primaryimage\"},\"thumbnailUrl\":\"https:\/\/baumev.de\/wp-content\/uploads\/2025\/07\/Cover_YZ_Haufe_16zu9.png\",\"articleSection\":[\"Bildung f\u00fcr Nachhaltige Entwicklung\",\"Biodiversit\u00e4t &amp; \u00d6kosysteme\",\"Circular Economy\",\"Digitalisierung\",\"Einblicke &amp; Perspektiven\",\"Klima &amp; Energie\",\"Mobilit\u00e4t &amp; Logistik\",\"Sustainable Finance &amp; Berichterstattung\"],\"inLanguage\":\"en-GB\"},{\"@type\":\"WebPage\",\"@id\":\"https:\/\/baumev.de\/en\/17-radikale-thesen\/\",\"url\":\"https:\/\/baumev.de\/en\/17-radikale-thesen\/\",\"name\":\"17 radikale Thesen f\u00fcr echten Wandel - BAUM e.V.\",\"isPartOf\":{\"@id\":\"\/#website\"},\"primaryImageOfPage\":{\"@id\":\"https:\/\/baumev.de\/en\/17-radikale-thesen\/#primaryimage\"},\"image\":{\"@id\":\"https:\/\/baumev.de\/en\/17-radikale-thesen\/#primaryimage\"},\"thumbnailUrl\":\"https:\/\/baumev.de\/wp-content\/uploads\/2025\/07\/Cover_YZ_Haufe_16zu9.png\",\"datePublished\":\"2025-10-20T13:36:48+00:00\",\"dateModified\":\"2025-10-20T13:55:52+00:00\",\"description\":\"Die BAUM-Vorsitzende Yvonne Zwick im Interview mit KMU4GOOD: 17 radikale Thesen zu den 17 SDG der Vereinten Nationen.\",\"breadcrumb\":{\"@id\":\"https:\/\/baumev.de\/en\/17-radikale-thesen\/#breadcrumb\"},\"inLanguage\":\"en-GB\",\"potentialAction\":[{\"@type\":\"ReadAction\",\"target\":[\"https:\/\/baumev.de\/en\/17-radikale-thesen\/\"]}]},{\"@type\":\"ImageObject\",\"inLanguage\":\"en-GB\",\"@id\":\"https:\/\/baumev.de\/en\/17-radikale-thesen\/#primaryimage\",\"url\":\"https:\/\/baumev.de\/wp-content\/uploads\/2025\/07\/Cover_YZ_Haufe_16zu9.png\",\"contentUrl\":\"https:\/\/baumev.de\/wp-content\/uploads\/2025\/07\/Cover_YZ_Haufe_16zu9.png\",\"width\":2000,\"height\":1125,\"caption\":\"Cover des Buchs \\\"\\\"Nachhaltigkeit machen. 17 radikale Thesen f\u00fcr echten Wandel\\\" von Yvonne Zwick\"},{\"@type\":\"BreadcrumbList\",\"@id\":\"https:\/\/baumev.de\/en\/17-radikale-thesen\/#breadcrumb\",\"itemListElement\":[{\"@type\":\"ListItem\",\"position\":1,\"name\":\"Startseite\",\"item\":\"https:\/\/baumev.de\/en\/\"},{\"@type\":\"ListItem\",\"position\":2,\"name\":\"17 radikale Thesen f\u00fcr echten Wandel\"}]},{\"@type\":\"WebSite\",\"@id\":\"\/#website\",\"url\":\"\/\",\"name\":\"BAUM e.V.\",\"description\":\"BAUM e.V. \u2013 Netzwerk f\u00fcr nachhaltiges Wirtschaften\",\"publisher\":{\"@id\":\"\/#organization\"},\"potentialAction\":[{\"@type\":\"SearchAction\",\"target\":{\"@type\":\"EntryPoint\",\"urlTemplate\":\"\/?s={search_term_string}\"},\"query-input\":{\"@type\":\"PropertyValueSpecification\",\"valueRequired\":true,\"valueName\":\"search_term_string\"}}],\"inLanguage\":\"en-GB\"},{\"@type\":\"Organization\",\"@id\":\"\/#organization\",\"name\":\"BAUM e.V.\",\"alternateName\":\"Bundesdeutscher Arbeitskreis f\u00fcr Umweltbewusstes Management\",\"url\":\"\/\",\"logo\":{\"@type\":\"ImageObject\",\"inLanguage\":\"en-GB\",\"@id\":\"\/#\/schema\/logo\/image\/\",\"url\":\"https:\/\/baumev.de\/wp-content\/uploads\/2025\/04\/Element-1.svg\",\"contentUrl\":\"https:\/\/baumev.de\/wp-content\/uploads\/2025\/04\/Element-1.svg\",\"width\":\"1024\",\"height\":\"1024\",\"caption\":\"BAUM e.V.\"},\"image\":{\"@id\":\"\/#\/schema\/logo\/image\/\"},\"sameAs\":[\"https:\/\/www.linkedin.com\/company\/baum-ev\"]},{\"@type\":\"Person\",\"@id\":\"\/#\/schema\/person\/7cca3fa2dd5ee9056656013035fb46db\",\"name\":\"Katrin Wippich\"}]}<\/script>\n<!-- \/ Yoast SEO plugin. -->","yoast_head_json":{"title":"17 radikale Thesen f\u00fcr echten Wandel - BAUM e.V.","description":"Die BAUM-Vorsitzende Yvonne Zwick im Interview mit KMU4GOOD: 17 radikale Thesen zu den 17 SDG der Vereinten Nationen.","robots":{"index":"index","follow":"follow","max-snippet":"max-snippet:-1","max-image-preview":"max-image-preview:large","max-video-preview":"max-video-preview:-1"},"canonical":"https:\/\/baumev.de\/en\/17-radikale-thesen\/","og_locale":"en_GB","og_type":"article","og_title":"17 radikale Thesen f\u00fcr echten Wandel - BAUM e.V.","og_description":"Die BAUM-Vorsitzende Yvonne Zwick im Interview mit KMU4GOOD: 17 radikale Thesen zu den 17 SDG der Vereinten Nationen.","og_url":"https:\/\/baumev.de\/en\/17-radikale-thesen\/","og_site_name":"BAUM e.V.","article_published_time":"2025-10-20T13:36:48+00:00","article_modified_time":"2025-10-20T13:55:52+00:00","og_image":[{"width":2000,"height":1125,"url":"https:\/\/baumev.de\/wp-content\/uploads\/2025\/07\/Cover_YZ_Haufe_16zu9.png","type":"image\/png"}],"author":"Katrin Wippich","twitter_card":"summary_large_image","twitter_misc":{"Written by":"Katrin Wippich","Estimated reading time":"1 minute"},"schema":{"@context":"https:\/\/schema.org","@graph":[{"@type":"Article","@id":"https:\/\/baumev.de\/en\/17-radikale-thesen\/#article","isPartOf":{"@id":"https:\/\/baumev.de\/en\/17-radikale-thesen\/"},"author":{"name":"Katrin Wippich","@id":"\/#\/schema\/person\/7cca3fa2dd5ee9056656013035fb46db"},"headline":"17 radikale Thesen f\u00fcr echten Wandel","datePublished":"2025-10-20T13:36:48+00:00","dateModified":"2025-10-20T13:55:52+00:00","mainEntityOfPage":{"@id":"https:\/\/baumev.de\/en\/17-radikale-thesen\/"},"wordCount":59,"publisher":{"@id":"\/#organization"},"image":{"@id":"https:\/\/baumev.de\/en\/17-radikale-thesen\/#primaryimage"},"thumbnailUrl":"https:\/\/baumev.de\/wp-content\/uploads\/2025\/07\/Cover_YZ_Haufe_16zu9.png","articleSection":["Bildung f\u00fcr Nachhaltige Entwicklung","Biodiversit\u00e4t &amp; \u00d6kosysteme","Circular Economy","Digitalisierung","Einblicke &amp; Perspektiven","Klima &amp; Energie","Mobilit\u00e4t &amp; Logistik","Sustainable Finance &amp; Berichterstattung"],"inLanguage":"en-GB"},{"@type":"WebPage","@id":"https:\/\/baumev.de\/en\/17-radikale-thesen\/","url":"https:\/\/baumev.de\/en\/17-radikale-thesen\/","name":"17 radikale Thesen f\u00fcr echten Wandel - BAUM e.V.","isPartOf":{"@id":"\/#website"},"primaryImageOfPage":{"@id":"https:\/\/baumev.de\/en\/17-radikale-thesen\/#primaryimage"},"image":{"@id":"https:\/\/baumev.de\/en\/17-radikale-thesen\/#primaryimage"},"thumbnailUrl":"https:\/\/baumev.de\/wp-content\/uploads\/2025\/07\/Cover_YZ_Haufe_16zu9.png","datePublished":"2025-10-20T13:36:48+00:00","dateModified":"2025-10-20T13:55:52+00:00","description":"Die BAUM-Vorsitzende Yvonne Zwick im Interview mit KMU4GOOD: 17 radikale Thesen zu den 17 SDG der Vereinten Nationen.","breadcrumb":{"@id":"https:\/\/baumev.de\/en\/17-radikale-thesen\/#breadcrumb"},"inLanguage":"en-GB","potentialAction":[{"@type":"ReadAction","target":["https:\/\/baumev.de\/en\/17-radikale-thesen\/"]}]},{"@type":"ImageObject","inLanguage":"en-GB","@id":"https:\/\/baumev.de\/en\/17-radikale-thesen\/#primaryimage","url":"https:\/\/baumev.de\/wp-content\/uploads\/2025\/07\/Cover_YZ_Haufe_16zu9.png","contentUrl":"https:\/\/baumev.de\/wp-content\/uploads\/2025\/07\/Cover_YZ_Haufe_16zu9.png","width":2000,"height":1125,"caption":"Cover des Buchs \"\"Nachhaltigkeit machen. 17 radikale Thesen f\u00fcr echten Wandel\" von Yvonne Zwick"},{"@type":"BreadcrumbList","@id":"https:\/\/baumev.de\/en\/17-radikale-thesen\/#breadcrumb","itemListElement":[{"@type":"ListItem","position":1,"name":"Startseite","item":"https:\/\/baumev.de\/en\/"},{"@type":"ListItem","position":2,"name":"17 radikale Thesen f\u00fcr echten Wandel"}]},{"@type":"WebSite","@id":"\/#website","url":"\/","name":"BAUM e.V.","description":"BAUM e.V. \u2013 Netzwerk f\u00fcr nachhaltiges Wirtschaften","publisher":{"@id":"\/#organization"},"potentialAction":[{"@type":"SearchAction","target":{"@type":"EntryPoint","urlTemplate":"\/?s={search_term_string}"},"query-input":{"@type":"PropertyValueSpecification","valueRequired":true,"valueName":"search_term_string"}}],"inLanguage":"en-GB"},{"@type":"Organization","@id":"\/#organization","name":"BAUM e.V.","alternateName":"Bundesdeutscher Arbeitskreis f\u00fcr Umweltbewusstes Management","url":"\/","logo":{"@type":"ImageObject","inLanguage":"en-GB","@id":"\/#\/schema\/logo\/image\/","url":"https:\/\/baumev.de\/wp-content\/uploads\/2025\/04\/Element-1.svg","contentUrl":"https:\/\/baumev.de\/wp-content\/uploads\/2025\/04\/Element-1.svg","width":"1024","height":"1024","caption":"BAUM e.V."},"image":{"@id":"\/#\/schema\/logo\/image\/"},"sameAs":["https:\/\/www.linkedin.com\/company\/baum-ev"]},{"@type":"Person","@id":"\/#\/schema\/person\/7cca3fa2dd5ee9056656013035fb46db","name":"Katrin Wippich"}]}},"_links":{"self":[{"href":"https:\/\/baumev.de\/en\/wp-json\/wp\/v2\/posts\/12979","targetHints":{"allow":["GET"]}}],"collection":[{"href":"https:\/\/baumev.de\/en\/wp-json\/wp\/v2\/posts"}],"about":[{"href":"https:\/\/baumev.de\/en\/wp-json\/wp\/v2\/types\/post"}],"author":[{"embeddable":true,"href":"https:\/\/baumev.de\/en\/wp-json\/wp\/v2\/users\/2"}],"replies":[{"embeddable":true,"href":"https:\/\/baumev.de\/en\/wp-json\/wp\/v2\/comments?post=12979"}],"version-history":[{"count":2,"href":"https:\/\/baumev.de\/en\/wp-json\/wp\/v2\/posts\/12979\/revisions"}],"predecessor-version":[{"id":12981,"href":"https:\/\/baumev.de\/en\/wp-json\/wp\/v2\/posts\/12979\/revisions\/12981"}],"wp:featuredmedia":[{"embeddable":true,"href":"https:\/\/baumev.de\/en\/wp-json\/wp\/v2\/media\/6097"}],"wp:attachment":[{"href":"https:\/\/baumev.de\/en\/wp-json\/wp\/v2\/media?parent=12979"}],"wp:term":[{"taxonomy":"category","embeddable":true,"href":"https:\/\/baumev.de\/en\/wp-json\/wp\/v2\/categories?post=12979"},{"taxonomy":"post_tag","embeddable":true,"href":"https:\/\/baumev.de\/en\/wp-json\/wp\/v2\/tags?post=12979"}],"curies":[{"name":"wp","href":"https:\/\/api.w.org\/{rel}","templated":true}]}}