{"id":13252,"date":"2025-10-16T16:24:46","date_gmt":"2025-10-16T14:24:46","guid":{"rendered":"https:\/\/baumev.de\/?p=13252"},"modified":"2025-10-22T12:26:15","modified_gmt":"2025-10-22T10:26:15","slug":"gezielt-statt-mit-der-giesskanne","status":"publish","type":"post","link":"https:\/\/baumev.de\/en\/gezielt-statt-mit-der-giesskanne\/","title":{"rendered":"Gezielt statt mit der Gie\u00dfkanne: Verb\u00e4nde fordern sozial gerechte F\u00f6rderung der E-Mobilit\u00e4t und Fokus auf \u00d6PNV"},"content":{"rendered":"<p>Nach dem Beschluss der Bundesregierung zur Unterst\u00fctzung der E-Mobilit\u00e4t fordert ein breites B\u00fcndnis aus Umwelt- und Sozialverb\u00e4nden, Wirtschaftsverb\u00e4nden, Gewerkschaften, Kirchen und Automobilclubs einen effizienten und sozial gerechten Einsatz der Steuergelder. In einem gemeinsamen Papier appellieren die Verb\u00e4nde, darunter BAUM, an die Bundesregierung, die Mittel gezielt f\u00fcr Menschen mit niedrigen Einkommen einzusetzen und nicht mit der Gie\u00dfkanne zu verteilen. Scharf kritisieren die Verb\u00e4nde zudem, dass gleichzeitig Milliardenbetr\u00e4ge in den Neubau von Autobahnen flie\u00dfen, w\u00e4hrend der \u00f6ffentliche Nahverkehr zunehmend ausged\u00fcnnt wird.<\/p>\n<p>Das B\u00fcndnis verweist auf die negativen Erfahrungen mit dem alten Umweltbonus f\u00fcr E-Autos, der vor allem von Haushalten mit hohen Einkommen genutzt wurde und erhebliche Mitnahmeeffekte hatte: \u201eJetzt kommt es darauf an, die zus\u00e4tzlichen F\u00f6rdermittel effizient und sozial gerecht einzusetzen. Wir setzen uns klar f\u00fcr eine Deckelung der Kaufpr\u00e4mie von Elektroautos bei 35.000 Euro brutto, um vor allem Fahrzeuge im unteren Preissegment zu f\u00f6rdern. So soll die Kaufpr\u00e4mie gezielt Menschen mit kleinen und mittleren Einkommen zugutekommen. Der Fokus liegt auf bezahlbaren, vollelektrischen Fahrzeugen, die damit f\u00fcr mehr Menschen zug\u00e4nglich werden. Plug-in-Hybride m\u00fcssen zwingend von der F\u00f6rderung ausgeschlossen bleiben, da sie nur unzureichend zum Klimaschutz beitragen\u201c, so Sven-Peter Rudolph, Vorsitzender des ACE Auto Club Europa.<\/p>\n<p>Marion Tieman, Verkehrsexpertin von Greenpeace f\u00fcgt hinzu, \u201edie F\u00f6rderung klug einsetzen, kann gleich doppelt n\u00fctzlich sein. F\u00f6rdert sie gezielt g\u00fcnstige E-Autos und niedrige und mittlere Einkommen, l\u00e4sst das die Autoindustrie endlich ein str\u00e4flich vernachl\u00e4ssigtes Segment besetzen und erleichtert gleichzeitig Haushalten mit weniger M\u00f6glichkeiten den Einstieg in die Elektromobilit\u00e4t.\u201c<\/p>\n<p>Die von CDU und SPD geplanten zus\u00e4tzlichen Mittel von drei Milliarden Euro f\u00fcr den Neubau von Autobahnen geht nach Ansicht der Verb\u00e4nde an den Bed\u00fcrfnissen der Menschen vorbei und widersprechen klar den Zielen des Koalitionsvertrags. Darin hatte sich die Koalition darauf verst\u00e4ndigt, die Sanierung gegen\u00fcber dem Neubau zu priorisieren.<\/p>\n<p>Stefanie Langkamp, Gesch\u00e4ftsleitung Politik der <a href=\"https:\/\/www.klima-allianz.de\/\" target=\"_blank\" rel=\"noopener\">Klima-Allianz Deutschland<\/a>: \u201eDie Koalition wirft mit dieser Entscheidung ein zentrales Ziel aus dem Koalitionsvertrag \u00fcber Board und entt\u00e4uscht viele Pendlerinnen und Pendler, die sich jeden Tag \u00fcber den Zustand der bestehenden Infrastruktur \u00e4rgern. W\u00e4hrend Milliarden in neue Autobahnen flie\u00dfen, werden Buslinien gestrichen, Bahnh\u00f6fe verfallen und die Schlagl\u00f6cher auf unseren Stra\u00dfen bleiben bestehen. Wer morgens auf den versp\u00e4teten Zug wartet oder gar keinen Anschluss mehr hat, sp\u00fcrt, wo die Priorit\u00e4ten falsch gesetzt sind. Wir brauchen Investitionen, die Menschen wirklich erreichen, in p\u00fcnktliche Busse, verl\u00e4ssliche Bahnen und gute Mobilit\u00e4t vor Ort.\u201c<\/p>\n<p>Ein bundeseinheitliches Sozialticket finanziert aus dem Klimasozialfond ist ein erster Anfang, um mehr Menschen in ihrem Alltag auf lange Sicht zu entlasten.<\/p>\n<p>Verena Bentele, Pr\u00e4sidentin des Sozialverbands VdK Deutschland: \u201eMobilit\u00e4t bedeutet Teilhabe. Der Zugang zu Bus, Bahn und E-Auto darf weder am Geldbeutel noch an baulichen oder digitalen H\u00fcrden scheitern. Nur wenn Barrierefreiheit und soziale Gerechtigkeit zusammen gedacht werden, gelingt eine echte Verkehrswende, die alle mitnimmt.\u201c<\/p>\n<p>Konkret fordert das Verb\u00e4ndeb\u00fcndnis in ihrem gemeinsamen Papier:<\/p>\n<ul>\n<li>Aus dem Umweltbonus lernen \u2013 E-Mobilit\u00e4t f\u00fcr untere Einkommen gezielt gestalten<\/li>\n<li>\u00d6PNV-Investitionsoffensive statt drei Milliarden Euro f\u00fcr neue Autobahnen<\/li>\n<li>Klimasozialfonds effizient f\u00fcr ein bundesweites Sozialticket nutzen<\/li>\n<\/ul>\n<p><a href=\"https:\/\/www.klima-allianz.de\/fileadmin\/user_upload\/Dateien\/Daten\/Publikationen\/Positionen\/Forderungspapier_E-Mobilitaet___OEPNV.pdf\" target=\"_blank\" rel=\"noopener\">Das gesamte Papier k\u00f6nnen Sie hier herunterladen.<\/a><\/p>\n","protected":false},"excerpt":{"rendered":"<p>Nach dem Beschluss der Bundesregierung zur Unterst\u00fctzung der E-Mobilit\u00e4t fordert ein breites B\u00fcndnis aus Umwelt- und Sozialverb\u00e4nden, Wirtschaftsverb\u00e4nden, Gewerkschaften, Kirchen und Automobilclubs einen effizienten und sozial gerechten Einsatz der Steuergelder.<\/p>\n","protected":false},"author":2,"featured_media":7773,"comment_status":"closed","ping_status":"closed","sticky":false,"template":"","format":"standard","meta":{"_acf_changed":false,"_et_pb_use_builder":"","_et_pb_old_content":"","_et_gb_content_width":"","inline_featured_image":false,"footnotes":""},"categories":[44,46],"tags":[],"class_list":["post-13252","post","type-post","status-publish","format-standard","has-post-thumbnail","hentry","category-news","category-mobility-logistics"],"acf":[],"yoast_head":"<!-- This site is optimized with the Yoast SEO plugin v27.2 - https:\/\/yoast.com\/product\/yoast-seo-wordpress\/ -->\n<title>Gezielt F\u00f6rderung von E-Mobilit\u00e4t und \u00d6PNV<\/title>\n<meta name=\"description\" content=\"Nach dem Beschluss der Bundesregierung zur Unterst\u00fctzung der E-Mobilit\u00e4t fordert ein breites B\u00fcndnis aus Umwelt- und Sozialverb\u00e4nden, Wirtschaftsverb\u00e4nden, Gewerkschaften, Kirchen und Automobilclubs einen effizienten und sozial gerechten Einsatz der Steuergelder.\" \/>\n<meta name=\"robots\" content=\"index, follow, max-snippet:-1, max-image-preview:large, max-video-preview:-1\" \/>\n<link rel=\"canonical\" href=\"https:\/\/baumev.de\/en\/gezielt-statt-mit-der-giesskanne\/\" \/>\n<meta property=\"og:locale\" content=\"en_GB\" \/>\n<meta property=\"og:type\" content=\"article\" \/>\n<meta property=\"og:title\" content=\"Gezielt F\u00f6rderung von E-Mobilit\u00e4t und \u00d6PNV\" \/>\n<meta property=\"og:description\" content=\"Nach dem Beschluss der Bundesregierung zur Unterst\u00fctzung der E-Mobilit\u00e4t fordert ein breites B\u00fcndnis aus Umwelt- und Sozialverb\u00e4nden, Wirtschaftsverb\u00e4nden, Gewerkschaften, Kirchen und Automobilclubs einen effizienten und sozial gerechten Einsatz der Steuergelder.\" \/>\n<meta property=\"og:url\" content=\"https:\/\/baumev.de\/en\/gezielt-statt-mit-der-giesskanne\/\" \/>\n<meta property=\"og:site_name\" content=\"BAUM e.V.\" \/>\n<meta property=\"article:published_time\" content=\"2025-10-16T14:24:46+00:00\" \/>\n<meta property=\"article:modified_time\" content=\"2025-10-22T10:26:15+00:00\" \/>\n<meta property=\"og:image\" content=\"https:\/\/baumev.de\/wp-content\/uploads\/2025\/08\/iStock-2058001755b.jpg\" \/>\n\t<meta property=\"og:image:width\" content=\"2000\" \/>\n\t<meta property=\"og:image:height\" content=\"1161\" \/>\n\t<meta property=\"og:image:type\" content=\"image\/jpeg\" \/>\n<meta name=\"author\" content=\"Katrin Wippich\" \/>\n<meta name=\"twitter:card\" content=\"summary_large_image\" \/>\n<meta name=\"twitter:label1\" content=\"Written by\" \/>\n\t<meta name=\"twitter:data1\" content=\"Katrin Wippich\" \/>\n\t<meta name=\"twitter:label2\" content=\"Estimated reading time\" \/>\n\t<meta name=\"twitter:data2\" content=\"3 minutes\" \/>\n<script type=\"application\/ld+json\" class=\"yoast-schema-graph\">{\"@context\":\"https:\/\/schema.org\",\"@graph\":[{\"@type\":\"Article\",\"@id\":\"https:\/\/baumev.de\/en\/gezielt-statt-mit-der-giesskanne\/#article\",\"isPartOf\":{\"@id\":\"https:\/\/baumev.de\/en\/gezielt-statt-mit-der-giesskanne\/\"},\"author\":{\"name\":\"Katrin Wippich\",\"@id\":\"\/#\/schema\/person\/7cca3fa2dd5ee9056656013035fb46db\"},\"headline\":\"Gezielt statt mit der Gie\u00dfkanne: Verb\u00e4nde fordern sozial gerechte F\u00f6rderung der E-Mobilit\u00e4t und Fokus auf \u00d6PNV\",\"datePublished\":\"2025-10-16T14:24:46+00:00\",\"dateModified\":\"2025-10-22T10:26:15+00:00\",\"mainEntityOfPage\":{\"@id\":\"https:\/\/baumev.de\/en\/gezielt-statt-mit-der-giesskanne\/\"},\"wordCount\":573,\"publisher\":{\"@id\":\"\/#organization\"},\"image\":{\"@id\":\"https:\/\/baumev.de\/en\/gezielt-statt-mit-der-giesskanne\/#primaryimage\"},\"thumbnailUrl\":\"https:\/\/baumev.de\/wp-content\/uploads\/2025\/08\/iStock-2058001755b.jpg\",\"articleSection\":[\"Insights &amp; Perspectives\",\"Mobility &amp; Logistics\"],\"inLanguage\":\"en-GB\"},{\"@type\":\"WebPage\",\"@id\":\"https:\/\/baumev.de\/en\/gezielt-statt-mit-der-giesskanne\/\",\"url\":\"https:\/\/baumev.de\/en\/gezielt-statt-mit-der-giesskanne\/\",\"name\":\"Gezielt F\u00f6rderung von E-Mobilit\u00e4t und \u00d6PNV\",\"isPartOf\":{\"@id\":\"\/#website\"},\"primaryImageOfPage\":{\"@id\":\"https:\/\/baumev.de\/en\/gezielt-statt-mit-der-giesskanne\/#primaryimage\"},\"image\":{\"@id\":\"https:\/\/baumev.de\/en\/gezielt-statt-mit-der-giesskanne\/#primaryimage\"},\"thumbnailUrl\":\"https:\/\/baumev.de\/wp-content\/uploads\/2025\/08\/iStock-2058001755b.jpg\",\"datePublished\":\"2025-10-16T14:24:46+00:00\",\"dateModified\":\"2025-10-22T10:26:15+00:00\",\"description\":\"Nach dem Beschluss der Bundesregierung zur Unterst\u00fctzung der E-Mobilit\u00e4t fordert ein breites B\u00fcndnis aus Umwelt- und Sozialverb\u00e4nden, Wirtschaftsverb\u00e4nden, Gewerkschaften, Kirchen und Automobilclubs einen effizienten und sozial gerechten Einsatz der Steuergelder.\",\"breadcrumb\":{\"@id\":\"https:\/\/baumev.de\/en\/gezielt-statt-mit-der-giesskanne\/#breadcrumb\"},\"inLanguage\":\"en-GB\",\"potentialAction\":[{\"@type\":\"ReadAction\",\"target\":[\"https:\/\/baumev.de\/en\/gezielt-statt-mit-der-giesskanne\/\"]}]},{\"@type\":\"ImageObject\",\"inLanguage\":\"en-GB\",\"@id\":\"https:\/\/baumev.de\/en\/gezielt-statt-mit-der-giesskanne\/#primaryimage\",\"url\":\"https:\/\/baumev.de\/wp-content\/uploads\/2025\/08\/iStock-2058001755b.jpg\",\"contentUrl\":\"https:\/\/baumev.de\/wp-content\/uploads\/2025\/08\/iStock-2058001755b.jpg\",\"width\":2000,\"height\":1161,\"caption\":\"E-Mobilit\u00e4t: Elektrobus mit Lades\u00e4ule\"},{\"@type\":\"BreadcrumbList\",\"@id\":\"https:\/\/baumev.de\/en\/gezielt-statt-mit-der-giesskanne\/#breadcrumb\",\"itemListElement\":[{\"@type\":\"ListItem\",\"position\":1,\"name\":\"Startseite\",\"item\":\"https:\/\/baumev.de\/en\/\"},{\"@type\":\"ListItem\",\"position\":2,\"name\":\"Gezielt statt mit der Gie\u00dfkanne: Verb\u00e4nde fordern sozial gerechte F\u00f6rderung der E-Mobilit\u00e4t und Fokus auf \u00d6PNV\"}]},{\"@type\":\"WebSite\",\"@id\":\"\/#website\",\"url\":\"\/\",\"name\":\"BAUM e.V.\",\"description\":\"BAUM e.V. \u2013 Netzwerk f\u00fcr nachhaltiges Wirtschaften\",\"publisher\":{\"@id\":\"\/#organization\"},\"potentialAction\":[{\"@type\":\"SearchAction\",\"target\":{\"@type\":\"EntryPoint\",\"urlTemplate\":\"\/?s={search_term_string}\"},\"query-input\":{\"@type\":\"PropertyValueSpecification\",\"valueRequired\":true,\"valueName\":\"search_term_string\"}}],\"inLanguage\":\"en-GB\"},{\"@type\":\"Organization\",\"@id\":\"\/#organization\",\"name\":\"BAUM e.V.\",\"alternateName\":\"Bundesdeutscher Arbeitskreis f\u00fcr Umweltbewusstes Management\",\"url\":\"\/\",\"logo\":{\"@type\":\"ImageObject\",\"inLanguage\":\"en-GB\",\"@id\":\"\/#\/schema\/logo\/image\/\",\"url\":\"https:\/\/baumev.de\/wp-content\/uploads\/2025\/04\/Element-1.svg\",\"contentUrl\":\"https:\/\/baumev.de\/wp-content\/uploads\/2025\/04\/Element-1.svg\",\"width\":\"1024\",\"height\":\"1024\",\"caption\":\"BAUM e.V.\"},\"image\":{\"@id\":\"\/#\/schema\/logo\/image\/\"},\"sameAs\":[\"https:\/\/www.linkedin.com\/company\/baum-ev\"]},{\"@type\":\"Person\",\"@id\":\"\/#\/schema\/person\/7cca3fa2dd5ee9056656013035fb46db\",\"name\":\"Katrin Wippich\"}]}<\/script>\n<!-- \/ Yoast SEO plugin. -->","yoast_head_json":{"title":"Gezielt F\u00f6rderung von E-Mobilit\u00e4t und \u00d6PNV","description":"Nach dem Beschluss der Bundesregierung zur Unterst\u00fctzung der E-Mobilit\u00e4t fordert ein breites B\u00fcndnis aus Umwelt- und Sozialverb\u00e4nden, Wirtschaftsverb\u00e4nden, Gewerkschaften, Kirchen und Automobilclubs einen effizienten und sozial gerechten Einsatz der Steuergelder.","robots":{"index":"index","follow":"follow","max-snippet":"max-snippet:-1","max-image-preview":"max-image-preview:large","max-video-preview":"max-video-preview:-1"},"canonical":"https:\/\/baumev.de\/en\/gezielt-statt-mit-der-giesskanne\/","og_locale":"en_GB","og_type":"article","og_title":"Gezielt F\u00f6rderung von E-Mobilit\u00e4t und \u00d6PNV","og_description":"Nach dem Beschluss der Bundesregierung zur Unterst\u00fctzung der E-Mobilit\u00e4t fordert ein breites B\u00fcndnis aus Umwelt- und Sozialverb\u00e4nden, Wirtschaftsverb\u00e4nden, Gewerkschaften, Kirchen und Automobilclubs einen effizienten und sozial gerechten Einsatz der Steuergelder.","og_url":"https:\/\/baumev.de\/en\/gezielt-statt-mit-der-giesskanne\/","og_site_name":"BAUM e.V.","article_published_time":"2025-10-16T14:24:46+00:00","article_modified_time":"2025-10-22T10:26:15+00:00","og_image":[{"width":2000,"height":1161,"url":"https:\/\/baumev.de\/wp-content\/uploads\/2025\/08\/iStock-2058001755b.jpg","type":"image\/jpeg"}],"author":"Katrin Wippich","twitter_card":"summary_large_image","twitter_misc":{"Written by":"Katrin Wippich","Estimated reading time":"3 minutes"},"schema":{"@context":"https:\/\/schema.org","@graph":[{"@type":"Article","@id":"https:\/\/baumev.de\/en\/gezielt-statt-mit-der-giesskanne\/#article","isPartOf":{"@id":"https:\/\/baumev.de\/en\/gezielt-statt-mit-der-giesskanne\/"},"author":{"name":"Katrin Wippich","@id":"\/#\/schema\/person\/7cca3fa2dd5ee9056656013035fb46db"},"headline":"Gezielt statt mit der Gie\u00dfkanne: Verb\u00e4nde fordern sozial gerechte F\u00f6rderung der E-Mobilit\u00e4t und Fokus auf \u00d6PNV","datePublished":"2025-10-16T14:24:46+00:00","dateModified":"2025-10-22T10:26:15+00:00","mainEntityOfPage":{"@id":"https:\/\/baumev.de\/en\/gezielt-statt-mit-der-giesskanne\/"},"wordCount":573,"publisher":{"@id":"\/#organization"},"image":{"@id":"https:\/\/baumev.de\/en\/gezielt-statt-mit-der-giesskanne\/#primaryimage"},"thumbnailUrl":"https:\/\/baumev.de\/wp-content\/uploads\/2025\/08\/iStock-2058001755b.jpg","articleSection":["Insights &amp; Perspectives","Mobility &amp; Logistics"],"inLanguage":"en-GB"},{"@type":"WebPage","@id":"https:\/\/baumev.de\/en\/gezielt-statt-mit-der-giesskanne\/","url":"https:\/\/baumev.de\/en\/gezielt-statt-mit-der-giesskanne\/","name":"Gezielt F\u00f6rderung von E-Mobilit\u00e4t und \u00d6PNV","isPartOf":{"@id":"\/#website"},"primaryImageOfPage":{"@id":"https:\/\/baumev.de\/en\/gezielt-statt-mit-der-giesskanne\/#primaryimage"},"image":{"@id":"https:\/\/baumev.de\/en\/gezielt-statt-mit-der-giesskanne\/#primaryimage"},"thumbnailUrl":"https:\/\/baumev.de\/wp-content\/uploads\/2025\/08\/iStock-2058001755b.jpg","datePublished":"2025-10-16T14:24:46+00:00","dateModified":"2025-10-22T10:26:15+00:00","description":"Nach dem Beschluss der Bundesregierung zur Unterst\u00fctzung der E-Mobilit\u00e4t fordert ein breites B\u00fcndnis aus Umwelt- und Sozialverb\u00e4nden, Wirtschaftsverb\u00e4nden, Gewerkschaften, Kirchen und Automobilclubs einen effizienten und sozial gerechten Einsatz der Steuergelder.","breadcrumb":{"@id":"https:\/\/baumev.de\/en\/gezielt-statt-mit-der-giesskanne\/#breadcrumb"},"inLanguage":"en-GB","potentialAction":[{"@type":"ReadAction","target":["https:\/\/baumev.de\/en\/gezielt-statt-mit-der-giesskanne\/"]}]},{"@type":"ImageObject","inLanguage":"en-GB","@id":"https:\/\/baumev.de\/en\/gezielt-statt-mit-der-giesskanne\/#primaryimage","url":"https:\/\/baumev.de\/wp-content\/uploads\/2025\/08\/iStock-2058001755b.jpg","contentUrl":"https:\/\/baumev.de\/wp-content\/uploads\/2025\/08\/iStock-2058001755b.jpg","width":2000,"height":1161,"caption":"E-Mobilit\u00e4t: Elektrobus mit Lades\u00e4ule"},{"@type":"BreadcrumbList","@id":"https:\/\/baumev.de\/en\/gezielt-statt-mit-der-giesskanne\/#breadcrumb","itemListElement":[{"@type":"ListItem","position":1,"name":"Startseite","item":"https:\/\/baumev.de\/en\/"},{"@type":"ListItem","position":2,"name":"Gezielt statt mit der Gie\u00dfkanne: Verb\u00e4nde fordern sozial gerechte F\u00f6rderung der E-Mobilit\u00e4t und Fokus auf \u00d6PNV"}]},{"@type":"WebSite","@id":"\/#website","url":"\/","name":"BAUM e.V.","description":"BAUM e.V. \u2013 Netzwerk f\u00fcr nachhaltiges Wirtschaften","publisher":{"@id":"\/#organization"},"potentialAction":[{"@type":"SearchAction","target":{"@type":"EntryPoint","urlTemplate":"\/?s={search_term_string}"},"query-input":{"@type":"PropertyValueSpecification","valueRequired":true,"valueName":"search_term_string"}}],"inLanguage":"en-GB"},{"@type":"Organization","@id":"\/#organization","name":"BAUM e.V.","alternateName":"Bundesdeutscher Arbeitskreis f\u00fcr Umweltbewusstes Management","url":"\/","logo":{"@type":"ImageObject","inLanguage":"en-GB","@id":"\/#\/schema\/logo\/image\/","url":"https:\/\/baumev.de\/wp-content\/uploads\/2025\/04\/Element-1.svg","contentUrl":"https:\/\/baumev.de\/wp-content\/uploads\/2025\/04\/Element-1.svg","width":"1024","height":"1024","caption":"BAUM e.V."},"image":{"@id":"\/#\/schema\/logo\/image\/"},"sameAs":["https:\/\/www.linkedin.com\/company\/baum-ev"]},{"@type":"Person","@id":"\/#\/schema\/person\/7cca3fa2dd5ee9056656013035fb46db","name":"Katrin Wippich"}]}},"_links":{"self":[{"href":"https:\/\/baumev.de\/en\/wp-json\/wp\/v2\/posts\/13252","targetHints":{"allow":["GET"]}}],"collection":[{"href":"https:\/\/baumev.de\/en\/wp-json\/wp\/v2\/posts"}],"about":[{"href":"https:\/\/baumev.de\/en\/wp-json\/wp\/v2\/types\/post"}],"author":[{"embeddable":true,"href":"https:\/\/baumev.de\/en\/wp-json\/wp\/v2\/users\/2"}],"replies":[{"embeddable":true,"href":"https:\/\/baumev.de\/en\/wp-json\/wp\/v2\/comments?post=13252"}],"version-history":[{"count":2,"href":"https:\/\/baumev.de\/en\/wp-json\/wp\/v2\/posts\/13252\/revisions"}],"predecessor-version":[{"id":13257,"href":"https:\/\/baumev.de\/en\/wp-json\/wp\/v2\/posts\/13252\/revisions\/13257"}],"wp:featuredmedia":[{"embeddable":true,"href":"https:\/\/baumev.de\/en\/wp-json\/wp\/v2\/media\/7773"}],"wp:attachment":[{"href":"https:\/\/baumev.de\/en\/wp-json\/wp\/v2\/media?parent=13252"}],"wp:term":[{"taxonomy":"category","embeddable":true,"href":"https:\/\/baumev.de\/en\/wp-json\/wp\/v2\/categories?post=13252"},{"taxonomy":"post_tag","embeddable":true,"href":"https:\/\/baumev.de\/en\/wp-json\/wp\/v2\/tags?post=13252"}],"curies":[{"name":"wp","href":"https:\/\/api.w.org\/{rel}","templated":true}]}}