{"id":13747,"date":"2025-10-28T13:11:07","date_gmt":"2025-10-28T12:11:07","guid":{"rendered":"https:\/\/baumev.de\/?p=13747"},"modified":"2025-10-29T17:56:57","modified_gmt":"2025-10-29T16:56:57","slug":"insetting-klimaschutz-in-der-lieferkette","status":"publish","type":"post","link":"https:\/\/baumev.de\/en\/insetting-klimaschutz-in-der-lieferkette\/","title":{"rendered":"Insetting \u2013 Klimaschutz in der Lieferkette"},"content":{"rendered":"<p>CO\u2082-Offsetting ist als Bestandteil von Klimaschutzstrategien verbreitet. Relativ neu ist dagegen Insetting. Hier findet die Emissionsreduktion direkt in der eigenen Wertsch\u00f6pfungskette statt. Die Details erl\u00e4utern Anja Aschenbrenner und Amelie Meyer von B.A.U.M. Consult in einem Beitrag auf Haufe Sustainability.<\/p>\n<p>Konkret geht es beim Insetting um Projekte, die Emissionen innerhalb der eigenen Wertsch\u00f6pfungskette an Standorten und in Prozessen von Lieferanten vermeiden, reduzieren oder entziehen \u2013 statt wie beim Offsetting au\u00dferhalb der Wertsch\u00f6pfungskette Ma\u00dfnahmen zu finanzieren.<\/p>\n<p>Viele Unternehmen setzen bereits Insetting-Projekte um, um den Klimaschutz schneller voranzutreiben, schreiben Aschenbrenner und Meyer. Es gebe jedoch aktuell weder eine einheitliche Definition noch eine offizielle Regelung, wie diese Praxis in der eigenen THG-Bilanz verrechnet und als Reduktionsma\u00dfnahme kommuniziert werden darf. M\u00f6glicherweise werde ab 2026 nach der Land Sector and Removal Guidance des GHG Protocols die Ber\u00fccksichtigung von Insetting im THG-Inventar g\u00fcltig sein. Dies bedeutete dann jedoch noch nicht, dass Unternehmen diese Methodik zur Erreichung ihrer wissenschaftsbasierten Ziele nach SBTi heranziehen d\u00fcrften.<\/p>\n<p>In der Kommunikation m\u00fcssen Unternehmen darauf achten, keine inhaltsleeren oder fehlerhaften umweltbezogenen Aussagen zu treffen, betonen die Autorinnen. Transparenz, Nachvollziehbarkeit und Integrit\u00e4t seien wichtige Prinzipien.<\/p>\n<h3>Kooperationen bei Insetting unverzichtbar<\/h3>\n<p>Um effektiv THG-Emissionen zu senken, hei\u00dft es im Beitrag weiter, sei eine enge Zusammenarbeit zwischen Unternehmen und ihren Partnern in der Wertsch\u00f6pfungskette unverzichtbar. Aschenbrenner und Meyer bringen das Praxisbeispiel der Pano Verschluss GmbH. Es zeigt, wie durch die Zusammenarbeit mit dem Wei\u00dfblechlieferanten ArcelorMittal ein messbarer Beitrag zum Klimaschutz innerhalb der Lieferkette erzielt werden kann.<\/p>\n<p>Das Fazit der Autorinnen: \u201eStarke Kooperationen erm\u00f6glichen nicht nur zus\u00e4tzliche Dekarbonisierungshebel, sondern k\u00f6nnen dar\u00fcber hinaus auch einen Einfluss auf die Entwicklung von M\u00e4rkten, der sogenannten \u201aGreen Economy\u2018, aus\u00fcben. Wer seine \u00f6kologischen Ambitionen ernst nimmt und sein internes Potenzial bereits weitestgehend ausgesch\u00f6pft hat, sollte nicht nur auf offizielle Regelwerke und Anerkennung durch Initiativen wie SBTi warten, sondern auch selbstst\u00e4ndig nach Reduktionspotenzialen suchen.\u201c<\/p>\n<p>Den vollst\u00e4ndigen Beitrag von Anja Aschenbrenner (Bereichsleiterin Klimamanagement, B.A.U.M. Consult) und Amelie Meyer (Consultant, B.A.U.M. Consult) finden Sie auf <a href=\"https:\/\/www.haufe.de\/sustainability\/umwelt\/insetting-klimaschutz-in-der-lieferkette-umsetzen_575774_662962.html\" target=\"_blank\" rel=\"noopener\">Haufe Sustainability<\/a>.<\/p>\n","protected":false},"excerpt":{"rendered":"<p>CO\u2082-Offsetting ist als Bestandteil von Klimaschutzstrategien verbreitet. Relativ neu ist dagegen Insetting. Hier findet die Emissionsreduktion direkt in der eigenen Wertsch\u00f6pfungskette statt.<\/p>\n","protected":false},"author":2,"featured_media":13783,"comment_status":"closed","ping_status":"closed","sticky":false,"template":"","format":"standard","meta":{"_acf_changed":false,"_et_pb_use_builder":"","_et_pb_old_content":"","_et_gb_content_width":"","inline_featured_image":false,"footnotes":""},"categories":[18,15],"tags":[],"class_list":["post-13747","post","type-post","status-publish","format-standard","has-post-thumbnail","hentry","category-news","category-klima-energie"],"acf":[],"yoast_head":"<!-- This site is optimized with the Yoast SEO plugin v27.2 - https:\/\/yoast.com\/product\/yoast-seo-wordpress\/ -->\n<title>Insetting \u2013 Klimaschutz in der Lieferkette - BAUM e.V.<\/title>\n<meta name=\"description\" content=\"Im Gegensatz zum CO\u2082-Offsetting findet beim Insetting die Emissionsreduktion direkt in der eigenen Wertsch\u00f6pfungskette statt.\" \/>\n<meta name=\"robots\" content=\"index, follow, max-snippet:-1, max-image-preview:large, max-video-preview:-1\" \/>\n<link rel=\"canonical\" href=\"https:\/\/baumev.de\/en\/insetting-klimaschutz-in-der-lieferkette\/\" \/>\n<meta property=\"og:locale\" content=\"en_GB\" \/>\n<meta property=\"og:type\" content=\"article\" \/>\n<meta property=\"og:title\" content=\"Insetting \u2013 Klimaschutz in der Lieferkette - BAUM e.V.\" \/>\n<meta property=\"og:description\" content=\"Im Gegensatz zum CO\u2082-Offsetting findet beim Insetting die Emissionsreduktion direkt in der eigenen Wertsch\u00f6pfungskette statt.\" \/>\n<meta property=\"og:url\" content=\"https:\/\/baumev.de\/en\/insetting-klimaschutz-in-der-lieferkette\/\" \/>\n<meta property=\"og:site_name\" content=\"BAUM e.V.\" \/>\n<meta property=\"article:published_time\" content=\"2025-10-28T12:11:07+00:00\" \/>\n<meta property=\"article:modified_time\" content=\"2025-10-29T16:56:57+00:00\" \/>\n<meta property=\"og:image\" content=\"https:\/\/baumev.de\/wp-content\/uploads\/2025\/10\/CO2-mit-Canva-generiert.png\" \/>\n\t<meta property=\"og:image:width\" content=\"2000\" \/>\n\t<meta property=\"og:image:height\" content=\"1125\" \/>\n\t<meta property=\"og:image:type\" content=\"image\/png\" \/>\n<meta name=\"author\" content=\"Katrin Wippich\" \/>\n<meta name=\"twitter:card\" content=\"summary_large_image\" \/>\n<meta name=\"twitter:label1\" content=\"Written by\" \/>\n\t<meta name=\"twitter:data1\" content=\"Katrin Wippich\" \/>\n\t<meta name=\"twitter:label2\" content=\"Estimated reading time\" \/>\n\t<meta name=\"twitter:data2\" content=\"2 minutes\" \/>\n<script type=\"application\/ld+json\" class=\"yoast-schema-graph\">{\"@context\":\"https:\/\/schema.org\",\"@graph\":[{\"@type\":\"Article\",\"@id\":\"https:\/\/baumev.de\/en\/insetting-klimaschutz-in-der-lieferkette\/#article\",\"isPartOf\":{\"@id\":\"https:\/\/baumev.de\/en\/insetting-klimaschutz-in-der-lieferkette\/\"},\"author\":{\"name\":\"Katrin Wippich\",\"@id\":\"\/#\/schema\/person\/7cca3fa2dd5ee9056656013035fb46db\"},\"headline\":\"Insetting \u2013 Klimaschutz in der Lieferkette\",\"datePublished\":\"2025-10-28T12:11:07+00:00\",\"dateModified\":\"2025-10-29T16:56:57+00:00\",\"mainEntityOfPage\":{\"@id\":\"https:\/\/baumev.de\/en\/insetting-klimaschutz-in-der-lieferkette\/\"},\"wordCount\":359,\"publisher\":{\"@id\":\"\/#organization\"},\"image\":{\"@id\":\"https:\/\/baumev.de\/en\/insetting-klimaschutz-in-der-lieferkette\/#primaryimage\"},\"thumbnailUrl\":\"https:\/\/baumev.de\/wp-content\/uploads\/2025\/10\/CO2-mit-Canva-generiert.png\",\"articleSection\":[\"Einblicke &amp; Perspektiven\",\"Klima &amp; Energie\"],\"inLanguage\":\"en-GB\"},{\"@type\":\"WebPage\",\"@id\":\"https:\/\/baumev.de\/en\/insetting-klimaschutz-in-der-lieferkette\/\",\"url\":\"https:\/\/baumev.de\/en\/insetting-klimaschutz-in-der-lieferkette\/\",\"name\":\"Insetting \u2013 Klimaschutz in der Lieferkette - BAUM e.V.\",\"isPartOf\":{\"@id\":\"\/#website\"},\"primaryImageOfPage\":{\"@id\":\"https:\/\/baumev.de\/en\/insetting-klimaschutz-in-der-lieferkette\/#primaryimage\"},\"image\":{\"@id\":\"https:\/\/baumev.de\/en\/insetting-klimaschutz-in-der-lieferkette\/#primaryimage\"},\"thumbnailUrl\":\"https:\/\/baumev.de\/wp-content\/uploads\/2025\/10\/CO2-mit-Canva-generiert.png\",\"datePublished\":\"2025-10-28T12:11:07+00:00\",\"dateModified\":\"2025-10-29T16:56:57+00:00\",\"description\":\"Im Gegensatz zum CO\u2082-Offsetting findet beim Insetting die Emissionsreduktion direkt in der eigenen Wertsch\u00f6pfungskette statt.\",\"breadcrumb\":{\"@id\":\"https:\/\/baumev.de\/en\/insetting-klimaschutz-in-der-lieferkette\/#breadcrumb\"},\"inLanguage\":\"en-GB\",\"potentialAction\":[{\"@type\":\"ReadAction\",\"target\":[\"https:\/\/baumev.de\/en\/insetting-klimaschutz-in-der-lieferkette\/\"]}]},{\"@type\":\"ImageObject\",\"inLanguage\":\"en-GB\",\"@id\":\"https:\/\/baumev.de\/en\/insetting-klimaschutz-in-der-lieferkette\/#primaryimage\",\"url\":\"https:\/\/baumev.de\/wp-content\/uploads\/2025\/10\/CO2-mit-Canva-generiert.png\",\"contentUrl\":\"https:\/\/baumev.de\/wp-content\/uploads\/2025\/10\/CO2-mit-Canva-generiert.png\",\"width\":2000,\"height\":1125,\"caption\":\"Offsetting und Insetting sind Ma\u00dfnahmen zu CO2-Reduktion und Kilmaschutz\"},{\"@type\":\"BreadcrumbList\",\"@id\":\"https:\/\/baumev.de\/en\/insetting-klimaschutz-in-der-lieferkette\/#breadcrumb\",\"itemListElement\":[{\"@type\":\"ListItem\",\"position\":1,\"name\":\"Startseite\",\"item\":\"https:\/\/baumev.de\/en\/\"},{\"@type\":\"ListItem\",\"position\":2,\"name\":\"Insetting \u2013 Klimaschutz in der Lieferkette\"}]},{\"@type\":\"WebSite\",\"@id\":\"\/#website\",\"url\":\"\/\",\"name\":\"BAUM e.V.\",\"description\":\"BAUM e.V. \u2013 Netzwerk f\u00fcr nachhaltiges Wirtschaften\",\"publisher\":{\"@id\":\"\/#organization\"},\"potentialAction\":[{\"@type\":\"SearchAction\",\"target\":{\"@type\":\"EntryPoint\",\"urlTemplate\":\"\/?s={search_term_string}\"},\"query-input\":{\"@type\":\"PropertyValueSpecification\",\"valueRequired\":true,\"valueName\":\"search_term_string\"}}],\"inLanguage\":\"en-GB\"},{\"@type\":\"Organization\",\"@id\":\"\/#organization\",\"name\":\"BAUM e.V.\",\"alternateName\":\"Bundesdeutscher Arbeitskreis f\u00fcr Umweltbewusstes Management\",\"url\":\"\/\",\"logo\":{\"@type\":\"ImageObject\",\"inLanguage\":\"en-GB\",\"@id\":\"\/#\/schema\/logo\/image\/\",\"url\":\"https:\/\/baumev.de\/wp-content\/uploads\/2025\/04\/Element-1.svg\",\"contentUrl\":\"https:\/\/baumev.de\/wp-content\/uploads\/2025\/04\/Element-1.svg\",\"width\":\"1024\",\"height\":\"1024\",\"caption\":\"BAUM e.V.\"},\"image\":{\"@id\":\"\/#\/schema\/logo\/image\/\"},\"sameAs\":[\"https:\/\/www.linkedin.com\/company\/baum-ev\"]},{\"@type\":\"Person\",\"@id\":\"\/#\/schema\/person\/7cca3fa2dd5ee9056656013035fb46db\",\"name\":\"Katrin Wippich\"}]}<\/script>\n<!-- \/ Yoast SEO plugin. -->","yoast_head_json":{"title":"Insetting \u2013 Klimaschutz in der Lieferkette - BAUM e.V.","description":"Im Gegensatz zum CO\u2082-Offsetting findet beim Insetting die Emissionsreduktion direkt in der eigenen Wertsch\u00f6pfungskette statt.","robots":{"index":"index","follow":"follow","max-snippet":"max-snippet:-1","max-image-preview":"max-image-preview:large","max-video-preview":"max-video-preview:-1"},"canonical":"https:\/\/baumev.de\/en\/insetting-klimaschutz-in-der-lieferkette\/","og_locale":"en_GB","og_type":"article","og_title":"Insetting \u2013 Klimaschutz in der Lieferkette - BAUM e.V.","og_description":"Im Gegensatz zum CO\u2082-Offsetting findet beim Insetting die Emissionsreduktion direkt in der eigenen Wertsch\u00f6pfungskette statt.","og_url":"https:\/\/baumev.de\/en\/insetting-klimaschutz-in-der-lieferkette\/","og_site_name":"BAUM e.V.","article_published_time":"2025-10-28T12:11:07+00:00","article_modified_time":"2025-10-29T16:56:57+00:00","og_image":[{"width":2000,"height":1125,"url":"https:\/\/baumev.de\/wp-content\/uploads\/2025\/10\/CO2-mit-Canva-generiert.png","type":"image\/png"}],"author":"Katrin Wippich","twitter_card":"summary_large_image","twitter_misc":{"Written by":"Katrin Wippich","Estimated reading time":"2 minutes"},"schema":{"@context":"https:\/\/schema.org","@graph":[{"@type":"Article","@id":"https:\/\/baumev.de\/en\/insetting-klimaschutz-in-der-lieferkette\/#article","isPartOf":{"@id":"https:\/\/baumev.de\/en\/insetting-klimaschutz-in-der-lieferkette\/"},"author":{"name":"Katrin Wippich","@id":"\/#\/schema\/person\/7cca3fa2dd5ee9056656013035fb46db"},"headline":"Insetting \u2013 Klimaschutz in der Lieferkette","datePublished":"2025-10-28T12:11:07+00:00","dateModified":"2025-10-29T16:56:57+00:00","mainEntityOfPage":{"@id":"https:\/\/baumev.de\/en\/insetting-klimaschutz-in-der-lieferkette\/"},"wordCount":359,"publisher":{"@id":"\/#organization"},"image":{"@id":"https:\/\/baumev.de\/en\/insetting-klimaschutz-in-der-lieferkette\/#primaryimage"},"thumbnailUrl":"https:\/\/baumev.de\/wp-content\/uploads\/2025\/10\/CO2-mit-Canva-generiert.png","articleSection":["Einblicke &amp; Perspektiven","Klima &amp; Energie"],"inLanguage":"en-GB"},{"@type":"WebPage","@id":"https:\/\/baumev.de\/en\/insetting-klimaschutz-in-der-lieferkette\/","url":"https:\/\/baumev.de\/en\/insetting-klimaschutz-in-der-lieferkette\/","name":"Insetting \u2013 Klimaschutz in der Lieferkette - BAUM e.V.","isPartOf":{"@id":"\/#website"},"primaryImageOfPage":{"@id":"https:\/\/baumev.de\/en\/insetting-klimaschutz-in-der-lieferkette\/#primaryimage"},"image":{"@id":"https:\/\/baumev.de\/en\/insetting-klimaschutz-in-der-lieferkette\/#primaryimage"},"thumbnailUrl":"https:\/\/baumev.de\/wp-content\/uploads\/2025\/10\/CO2-mit-Canva-generiert.png","datePublished":"2025-10-28T12:11:07+00:00","dateModified":"2025-10-29T16:56:57+00:00","description":"Im Gegensatz zum CO\u2082-Offsetting findet beim Insetting die Emissionsreduktion direkt in der eigenen Wertsch\u00f6pfungskette statt.","breadcrumb":{"@id":"https:\/\/baumev.de\/en\/insetting-klimaschutz-in-der-lieferkette\/#breadcrumb"},"inLanguage":"en-GB","potentialAction":[{"@type":"ReadAction","target":["https:\/\/baumev.de\/en\/insetting-klimaschutz-in-der-lieferkette\/"]}]},{"@type":"ImageObject","inLanguage":"en-GB","@id":"https:\/\/baumev.de\/en\/insetting-klimaschutz-in-der-lieferkette\/#primaryimage","url":"https:\/\/baumev.de\/wp-content\/uploads\/2025\/10\/CO2-mit-Canva-generiert.png","contentUrl":"https:\/\/baumev.de\/wp-content\/uploads\/2025\/10\/CO2-mit-Canva-generiert.png","width":2000,"height":1125,"caption":"Offsetting und Insetting sind Ma\u00dfnahmen zu CO2-Reduktion und Kilmaschutz"},{"@type":"BreadcrumbList","@id":"https:\/\/baumev.de\/en\/insetting-klimaschutz-in-der-lieferkette\/#breadcrumb","itemListElement":[{"@type":"ListItem","position":1,"name":"Startseite","item":"https:\/\/baumev.de\/en\/"},{"@type":"ListItem","position":2,"name":"Insetting \u2013 Klimaschutz in der Lieferkette"}]},{"@type":"WebSite","@id":"\/#website","url":"\/","name":"BAUM e.V.","description":"BAUM e.V. \u2013 Netzwerk f\u00fcr nachhaltiges Wirtschaften","publisher":{"@id":"\/#organization"},"potentialAction":[{"@type":"SearchAction","target":{"@type":"EntryPoint","urlTemplate":"\/?s={search_term_string}"},"query-input":{"@type":"PropertyValueSpecification","valueRequired":true,"valueName":"search_term_string"}}],"inLanguage":"en-GB"},{"@type":"Organization","@id":"\/#organization","name":"BAUM e.V.","alternateName":"Bundesdeutscher Arbeitskreis f\u00fcr Umweltbewusstes Management","url":"\/","logo":{"@type":"ImageObject","inLanguage":"en-GB","@id":"\/#\/schema\/logo\/image\/","url":"https:\/\/baumev.de\/wp-content\/uploads\/2025\/04\/Element-1.svg","contentUrl":"https:\/\/baumev.de\/wp-content\/uploads\/2025\/04\/Element-1.svg","width":"1024","height":"1024","caption":"BAUM e.V."},"image":{"@id":"\/#\/schema\/logo\/image\/"},"sameAs":["https:\/\/www.linkedin.com\/company\/baum-ev"]},{"@type":"Person","@id":"\/#\/schema\/person\/7cca3fa2dd5ee9056656013035fb46db","name":"Katrin Wippich"}]}},"_links":{"self":[{"href":"https:\/\/baumev.de\/en\/wp-json\/wp\/v2\/posts\/13747","targetHints":{"allow":["GET"]}}],"collection":[{"href":"https:\/\/baumev.de\/en\/wp-json\/wp\/v2\/posts"}],"about":[{"href":"https:\/\/baumev.de\/en\/wp-json\/wp\/v2\/types\/post"}],"author":[{"embeddable":true,"href":"https:\/\/baumev.de\/en\/wp-json\/wp\/v2\/users\/2"}],"replies":[{"embeddable":true,"href":"https:\/\/baumev.de\/en\/wp-json\/wp\/v2\/comments?post=13747"}],"version-history":[{"count":3,"href":"https:\/\/baumev.de\/en\/wp-json\/wp\/v2\/posts\/13747\/revisions"}],"predecessor-version":[{"id":13784,"href":"https:\/\/baumev.de\/en\/wp-json\/wp\/v2\/posts\/13747\/revisions\/13784"}],"wp:featuredmedia":[{"embeddable":true,"href":"https:\/\/baumev.de\/en\/wp-json\/wp\/v2\/media\/13783"}],"wp:attachment":[{"href":"https:\/\/baumev.de\/en\/wp-json\/wp\/v2\/media?parent=13747"}],"wp:term":[{"taxonomy":"category","embeddable":true,"href":"https:\/\/baumev.de\/en\/wp-json\/wp\/v2\/categories?post=13747"},{"taxonomy":"post_tag","embeddable":true,"href":"https:\/\/baumev.de\/en\/wp-json\/wp\/v2\/tags?post=13747"}],"curies":[{"name":"wp","href":"https:\/\/api.w.org\/{rel}","templated":true}]}}