{"id":13780,"date":"2025-10-27T15:48:10","date_gmt":"2025-10-27T14:48:10","guid":{"rendered":"https:\/\/baumev.de\/?p=13780"},"modified":"2025-11-04T13:19:59","modified_gmt":"2025-11-04T12:19:59","slug":"geschaeftsreisen-in-unternehmen-zwischen-kulturwandel-und-klimaschutz","status":"publish","type":"post","link":"https:\/\/baumev.de\/en\/geschaeftsreisen-in-unternehmen-zwischen-kulturwandel-und-klimaschutz\/","title":{"rendered":"Gesch\u00e4ftsreisen in Unternehmen: zwischen Kulturwandel und Klimaschutz"},"content":{"rendered":"<p>Vor knapp drei Jahren startete BAUM das <a href=\"https:\/\/baumev.de\/mobilitaet-logistik\/co2meet-klimafreundliche-geschaeftsreisen\/\" target=\"_blank\" rel=\"noopener\">Projekt CO\u2082meet<\/a> mit dem Ziel, Gesch\u00e4ftsreisen nachhaltiger, effizienter und klimafreundlicher zu gestalten, ohne dabei auf Austausch, Netzwerken oder wirtschaftliche Effizienz zu verzichten. Nach drei intensiven Jahren zieht das Projekt eine positive Zwischenbilanz. 87 Unternehmen, vom Mittelstand bis zu Gro\u00dfkonzernen, wurden begleitet, beraten und mit praxisnahen L\u00f6sungen ausgestattet.<\/p>\n<p>Doch wie l\u00e4sst sich der Erfolg eines solchen Projekts messen? Nicht allein an den direkt nachweisbaren CO\u2082-Einsparungen, sondern vor allem an dem Potenzial, das es bei den Teilnehmenden entfaltet. Durch Webinare, Leitf\u00e4den und individuelle Beratungen erhielten die Unternehmen konkrete Werkzeuge, um ihre Gesch\u00e4ftsreisen klimafreundlicher zu gestalten. Modellrechnungen auf Basis der umgesetzten Ma\u00dfnahmen zeigen: W\u00fcrden alle teilnehmenden Firmen die empfohlenen Schritte konsequent umsetzen, lie\u00dfen sich bis zu 40.371 Tonnen CO\u2082 einsparen. Das entspricht der Menge von 15.721 Economy-Fl\u00fcgen von Berlin nach New York oder 148.970 Fahrten von Hamburg nach M\u00fcnchen mit einem benzinbetriebenen Mittelklassewagen.<br \/>\nDoch diese Zahlen sind keine abgeschlossene Bilanz, sondern eine Prognose \u2013 ein realistisches Szenario, das zeigt, was m\u00f6glich w\u00e4re, wenn die Impulse aus dem Projekt vollst\u00e4ndig in die Praxis \u00fcbertragen w\u00fcrden. Die eigentliche Erfolgsgeschichte von CO\u2082meet liegt daher weniger in den bereits erreichten Einsparungen als vielmehr in dem Fundament, das es f\u00fcr eine nachhaltigere Zukunft der Gesch\u00e4ftsreisen legt.<\/p>\n<h3>Beratung, Begleitung, Ver\u00e4nderung<\/h3>\n<p>Im Zentrum des Projekts standen individuelle Beratungsformate, die auf den Bedarf der jeweiligen Organisation abgestimmt waren. Neben Umsetzungsbegleitungen \u00fcber einen l\u00e4ngeren Zeitraum wurden auch kurze Initialberatungen angeboten. Sie stellten strukturierte Einstiegsm\u00f6glichkeiten sowie Inspirationen dar, um erste Schritte in Richtung klimafreundlicher Gesch\u00e4ftsreisen zu gehen oder bereits vorhandene Ans\u00e4tze zu verbessern.<\/p>\n<p>Ein weiteres Herzst\u00fcck des Projekts war die \u00dcberpr\u00fcfung und \u00dcberarbeitung von Reiserichtlinien. Dabei konnten durch systematische Checks h\u00e4ufig ungenutzte Potenziale aufgedeckt werden, etwa durch die F\u00f6rderung emissionsarmer Verkehrsmittel, durch klare Regelungen zur Reisedauer oder durch ein verbessertes internes Monitoring.<\/p>\n<p>Die gro\u00dfe thematische Bandbreite spiegelt sich auch im eigens entwickelten CO\u2082meet-Leitfaden wider. Er bietet einen umfassenden \u00dcberblick \u00fcber Stellschrauben im Unternehmen: von der Erhebung von Emissionsdaten \u00fcber die Integration von Nachhaltigkeitszielen in die Unternehmenskultur bis hin zur Einf\u00fchrung eines Mobilit\u00e4tsbudgets. Auch der Einsatz alternativer Verkehrsmittel wie Nachtz\u00fcge, Busse oder gemeinschaftlich genutzte Mobilit\u00e4tsl\u00f6sungen wird dort konkret thematisiert.<\/p>\n<h3>CO\u2082 reduzieren, Kosten sparen, Zeit gewinnen<\/h3>\n<p>Es zeigte sich deutlich, dass nachhaltige Gesch\u00e4ftsreisen nicht nur gut f\u00fcr das Klima sind, sondern oft auch Zeit und Geld sparen. Dennoch bleiben Herausforderungen bestehen. In vielen Organisationen ist das Bewusstsein f\u00fcr die vielf\u00e4ltigen Vorteile nachhaltiger Mobilit\u00e4t noch gering. Zudem werden Entscheidungen zur Reiset\u00e4tigkeit h\u00e4ufig von Strukturen gepr\u00e4gt, in denen Klimaschutz als nachgelagertes Thema betrachtet wird. Bisweilen werden auch ganz falsche Anreize gesetzt. Gewohnheiten und Gedankenlosigkeit pr\u00e4gen die Gesch\u00e4ftsreisepraxis manchmal mehr als Vorgaben und Werte des Unternehmens. CO\u2082meet konnte hier durch gezielte Unterst\u00fctzung, Kommunikation, hilfreiche Informationen und Tools sowie psychologisch fundierte Webinare wichtige Impulse setzen.<\/p>\n<h3>Wissensvermittlung und Austausch<\/h3>\n<p>Mit knapp 50 durchgef\u00fchrten Webinaren und 322 daran teilnehmenden Unternehmen hat CO\u2082meet eine zentrale Plattform zum Thema Klimaschutz bei Gesch\u00e4ftsreisen geschaffen, auf der sich Praktiker:innen, Fachleute und Interessierte begegnen konnten. Besonders beliebt war die mehrteilige Reihe \u201ePsychologie der Gesch\u00e4ftsreisen\u201c mit dem Klimapsychologen Fabian Hirt. Sie behandelte innerbetriebliche Verhaltensbarrieren und die Frage, wie Ver\u00e4nderungsprozesse wirksam gestaltet werden k\u00f6nnen. Auch Webinare mit Themen wie Green Nudging, Kostenvergleiche zwischen Verkehrsmitteln oder Praxisbeispiele aus der Unternehmenswelt stie\u00dfen auf gro\u00dfe Resonanz. \u00dcber 550 Teilnehmende wurden allein \u00fcber die Webinar-Angebote erreicht.<\/p>\n<h3>Lernen von und mit anderen<\/h3>\n<p>CO\u2082meet war nicht nur ein Beratungsangebot, sondern verstand sich stets auch als Netzwerk. Bei moderierten Vernetzungstreffen, beim CO\u2082meet-Summit im Juni 2025 sowie \u00fcber die projekteigene Website wurden Good Practices geteilt, gemeinsame L\u00f6sungsans\u00e4tze entwickelt und neue Kontakte gekn\u00fcpft. Die R\u00fcckmeldungen der Teilnehmenden waren durchweg positiv. So betonte etwa Wolfram Nimmerrichter vom Unternehmen Sport Thieme: \u201eWir sind begeistert vom Engagement des CO\u2082meet-Teams. Die Diskussionen und Beispiele in den kleinen Gruppen haben uns zahlreiche Anregungen und praxisnahe Ideen geliefert.\u201c<\/p>\n<h3>Fachliche Relevanz trifft auf gesellschaftliche Realit\u00e4t<\/h3>\n<p>Die Beratungst\u00e4tigkeit im Rahmen von CO\u2082meet hat gezeigt, wie unterschiedlich die Gesch\u00e4ftsreisepraxis in Organisationen gehandhabt wird. W\u00e4hrend einige Unternehmen bereits auf detaillierte Richtlinien und ein aktives Monitoring setzen, fehlt anderen eine klare Strategie. Herausforderungen wie unzureichende Datenlage, fehlende Anreize f\u00fcr klimafreundliche Mobilit\u00e4t oder eine unklare Kommunikation innerhalb der Organisation begegneten dem Projektteam regelm\u00e4\u00dfig. Gleichzeitig zeigte sich jedoch auch, dass der Wille zur Ver\u00e4nderung vielerorts vorhanden ist, wenn die entsprechenden Werkzeuge und Unterst\u00fctzungsangebote zur Verf\u00fcgung stehen.<\/p>\n<h3>CO\u2082meet bleibt aktiv<\/h3>\n<p>Auch wenn die dreij\u00e4hrige Anschubf\u00f6rderung der Nationalen Klimaschutzinitiative des Bundesministeriums f\u00fcr Wirtschaft und Klimaschutz nun ausl\u00e4uft, bleibt CO\u2082meet weiter aktiv und bietet Unternehmen gezielte Unterst\u00fctzung. Neben dem kostenfreien Zugang zu bew\u00e4hrten Leitf\u00e4den, Checklisten und Webinar-Aufzeichnungen gibt es ab sofort auch konkrete Beratungsangebote.<\/p>\n<p>F\u00fcr 180 Euro (zzgl. MwSt.) k\u00f6nnen Interessierte eine individuelle Kurzberatung buchen, die sich flexibel an ihre Bed\u00fcrfnisse anpasst: von der Analyse der aktuellen Reisepraxis bis hin zu ma\u00dfgeschneiderten L\u00f6sungen f\u00fcr klimafreundlichere Gesch\u00e4ftsreisen. Besonders gefragt ist der vertrauliche Nachhaltigkeits-Check f\u00fcr Reiserichtlinien, der Unternehmen hilft, ihre internen Vorgaben systematisch zu \u00fcberpr\u00fcfen und nachhaltiger zu gestalten. Der Bedarf an solchen Angeboten ist ungebrochen, denn die Themen betriebliche Mobilit\u00e4t, nachhaltige Gesch\u00e4ftsreisen und unternehmensinterne Kommunikation werden angesichts strengerer Klimavorgaben wie der CSRD k\u00fcnftig noch an Bedeutung gewinnen. CO\u2082meet bleibt damit ein verl\u00e4sslicher Partner f\u00fcr alle, die ihre Gesch\u00e4ftsreisen nicht nur klimafreundlicher, sondern auch zukunftssicher gestalten wollen.<\/p>\n<p>Alle Informationen sind unter <a href=\"http:\/\/www.CO2meet.de\" target=\"_blank\" rel=\"noopener\">www.CO2meet.de<\/a> verf\u00fcgbar.<\/p>\n<hr \/>\n<p><em>Dieser Beitrag wurde am 3. November 2025 redaktionell bearbeitet.<\/em><\/p>\n","protected":false},"excerpt":{"rendered":"<p>In drei intensiven Jahren begleitete das Projekt CO\u2082meet 87 mittelst\u00e4ndische Betriebe bis hin zu gro\u00dfen Unternehmen aus den unterschiedlichsten Wirtschaftssektoren. Dabei betrug die Organisationsgr\u00f6\u00dfe der Beteiligten von wenigen Mitarbeitenden bis zu mehreren tausend Besch\u00e4ftigten.<\/p>\n","protected":false},"author":2,"featured_media":1615,"comment_status":"closed","ping_status":"closed","sticky":false,"template":"","format":"standard","meta":{"_acf_changed":false,"_et_pb_use_builder":"","_et_pb_old_content":"","_et_gb_content_width":"","inline_featured_image":false,"footnotes":""},"categories":[44,46],"tags":[],"class_list":["post-13780","post","type-post","status-publish","format-standard","has-post-thumbnail","hentry","category-news","category-mobility-logistics"],"acf":[],"yoast_head":"<!-- This site is optimized with the Yoast SEO plugin v27.2 - https:\/\/yoast.com\/product\/yoast-seo-wordpress\/ -->\n<title>Gesch\u00e4ftsreisen in Unternehmen: zwischen Kulturwandel und Klimaschutz - BAUM e.V.<\/title>\n<meta name=\"description\" content=\"Das Projekt CO\u2082meet hat zum Ziel, Gesch\u00e4ftsreisen klimafreundlicher zu gestalten, ohne auf Austausch und wirtschaftliche Effizienz zu verzichten.\" \/>\n<meta name=\"robots\" content=\"index, follow, max-snippet:-1, max-image-preview:large, max-video-preview:-1\" \/>\n<link rel=\"canonical\" href=\"https:\/\/baumev.de\/en\/geschaeftsreisen-in-unternehmen-zwischen-kulturwandel-und-klimaschutz\/\" \/>\n<meta property=\"og:locale\" content=\"en_GB\" \/>\n<meta property=\"og:type\" content=\"article\" \/>\n<meta property=\"og:title\" content=\"Gesch\u00e4ftsreisen in Unternehmen: zwischen Kulturwandel und Klimaschutz - BAUM e.V.\" \/>\n<meta property=\"og:description\" content=\"Das Projekt CO\u2082meet hat zum Ziel, Gesch\u00e4ftsreisen klimafreundlicher zu gestalten, ohne auf Austausch und wirtschaftliche Effizienz zu verzichten.\" \/>\n<meta property=\"og:url\" content=\"https:\/\/baumev.de\/en\/geschaeftsreisen-in-unternehmen-zwischen-kulturwandel-und-klimaschutz\/\" \/>\n<meta property=\"og:site_name\" content=\"BAUM e.V.\" \/>\n<meta property=\"article:published_time\" content=\"2025-10-27T14:48:10+00:00\" \/>\n<meta property=\"article:modified_time\" content=\"2025-11-04T12:19:59+00:00\" \/>\n<meta property=\"og:image\" content=\"https:\/\/baumev.de\/wp-content\/uploads\/2025\/05\/CO2-meet.png\" \/>\n\t<meta property=\"og:image:width\" content=\"2000\" \/>\n\t<meta property=\"og:image:height\" content=\"1125\" \/>\n\t<meta property=\"og:image:type\" content=\"image\/png\" \/>\n<meta name=\"author\" content=\"Katrin Wippich\" \/>\n<meta name=\"twitter:card\" content=\"summary_large_image\" \/>\n<meta name=\"twitter:label1\" content=\"Written by\" \/>\n\t<meta name=\"twitter:data1\" content=\"Katrin Wippich\" \/>\n\t<meta name=\"twitter:label2\" content=\"Estimated reading time\" \/>\n\t<meta name=\"twitter:data2\" content=\"6 minutes\" \/>\n<script type=\"application\/ld+json\" class=\"yoast-schema-graph\">{\"@context\":\"https:\/\/schema.org\",\"@graph\":[{\"@type\":\"Article\",\"@id\":\"https:\/\/baumev.de\/en\/geschaeftsreisen-in-unternehmen-zwischen-kulturwandel-und-klimaschutz\/#article\",\"isPartOf\":{\"@id\":\"https:\/\/baumev.de\/en\/geschaeftsreisen-in-unternehmen-zwischen-kulturwandel-und-klimaschutz\/\"},\"author\":{\"name\":\"Katrin Wippich\",\"@id\":\"\/#\/schema\/person\/7cca3fa2dd5ee9056656013035fb46db\"},\"headline\":\"Gesch\u00e4ftsreisen in Unternehmen: zwischen Kulturwandel und Klimaschutz\",\"datePublished\":\"2025-10-27T14:48:10+00:00\",\"dateModified\":\"2025-11-04T12:19:59+00:00\",\"mainEntityOfPage\":{\"@id\":\"https:\/\/baumev.de\/en\/geschaeftsreisen-in-unternehmen-zwischen-kulturwandel-und-klimaschutz\/\"},\"wordCount\":964,\"publisher\":{\"@id\":\"\/#organization\"},\"image\":{\"@id\":\"https:\/\/baumev.de\/en\/geschaeftsreisen-in-unternehmen-zwischen-kulturwandel-und-klimaschutz\/#primaryimage\"},\"thumbnailUrl\":\"https:\/\/baumev.de\/wp-content\/uploads\/2025\/05\/CO2-meet.png\",\"articleSection\":[\"Insights &amp; Perspectives\",\"Mobility &amp; Logistics\"],\"inLanguage\":\"en-GB\"},{\"@type\":\"WebPage\",\"@id\":\"https:\/\/baumev.de\/en\/geschaeftsreisen-in-unternehmen-zwischen-kulturwandel-und-klimaschutz\/\",\"url\":\"https:\/\/baumev.de\/en\/geschaeftsreisen-in-unternehmen-zwischen-kulturwandel-und-klimaschutz\/\",\"name\":\"Gesch\u00e4ftsreisen in Unternehmen: zwischen Kulturwandel und Klimaschutz - BAUM e.V.\",\"isPartOf\":{\"@id\":\"\/#website\"},\"primaryImageOfPage\":{\"@id\":\"https:\/\/baumev.de\/en\/geschaeftsreisen-in-unternehmen-zwischen-kulturwandel-und-klimaschutz\/#primaryimage\"},\"image\":{\"@id\":\"https:\/\/baumev.de\/en\/geschaeftsreisen-in-unternehmen-zwischen-kulturwandel-und-klimaschutz\/#primaryimage\"},\"thumbnailUrl\":\"https:\/\/baumev.de\/wp-content\/uploads\/2025\/05\/CO2-meet.png\",\"datePublished\":\"2025-10-27T14:48:10+00:00\",\"dateModified\":\"2025-11-04T12:19:59+00:00\",\"description\":\"Das Projekt CO\u2082meet hat zum Ziel, Gesch\u00e4ftsreisen klimafreundlicher zu gestalten, ohne auf Austausch und wirtschaftliche Effizienz zu verzichten.\",\"breadcrumb\":{\"@id\":\"https:\/\/baumev.de\/en\/geschaeftsreisen-in-unternehmen-zwischen-kulturwandel-und-klimaschutz\/#breadcrumb\"},\"inLanguage\":\"en-GB\",\"potentialAction\":[{\"@type\":\"ReadAction\",\"target\":[\"https:\/\/baumev.de\/en\/geschaeftsreisen-in-unternehmen-zwischen-kulturwandel-und-klimaschutz\/\"]}]},{\"@type\":\"ImageObject\",\"inLanguage\":\"en-GB\",\"@id\":\"https:\/\/baumev.de\/en\/geschaeftsreisen-in-unternehmen-zwischen-kulturwandel-und-klimaschutz\/#primaryimage\",\"url\":\"https:\/\/baumev.de\/wp-content\/uploads\/2025\/05\/CO2-meet.png\",\"contentUrl\":\"https:\/\/baumev.de\/wp-content\/uploads\/2025\/05\/CO2-meet.png\",\"width\":2000,\"height\":1125,\"caption\":\"Logo des Projekts CO2meet - klimafreundliche Alternativen zu Gesch\u00e4ftsreisen\"},{\"@type\":\"BreadcrumbList\",\"@id\":\"https:\/\/baumev.de\/en\/geschaeftsreisen-in-unternehmen-zwischen-kulturwandel-und-klimaschutz\/#breadcrumb\",\"itemListElement\":[{\"@type\":\"ListItem\",\"position\":1,\"name\":\"Startseite\",\"item\":\"https:\/\/baumev.de\/en\/\"},{\"@type\":\"ListItem\",\"position\":2,\"name\":\"Gesch\u00e4ftsreisen in Unternehmen: zwischen Kulturwandel und Klimaschutz\"}]},{\"@type\":\"WebSite\",\"@id\":\"\/#website\",\"url\":\"\/\",\"name\":\"BAUM e.V.\",\"description\":\"BAUM e.V. \u2013 Netzwerk f\u00fcr nachhaltiges Wirtschaften\",\"publisher\":{\"@id\":\"\/#organization\"},\"potentialAction\":[{\"@type\":\"SearchAction\",\"target\":{\"@type\":\"EntryPoint\",\"urlTemplate\":\"\/?s={search_term_string}\"},\"query-input\":{\"@type\":\"PropertyValueSpecification\",\"valueRequired\":true,\"valueName\":\"search_term_string\"}}],\"inLanguage\":\"en-GB\"},{\"@type\":\"Organization\",\"@id\":\"\/#organization\",\"name\":\"BAUM e.V.\",\"alternateName\":\"Bundesdeutscher Arbeitskreis f\u00fcr Umweltbewusstes Management\",\"url\":\"\/\",\"logo\":{\"@type\":\"ImageObject\",\"inLanguage\":\"en-GB\",\"@id\":\"\/#\/schema\/logo\/image\/\",\"url\":\"https:\/\/baumev.de\/wp-content\/uploads\/2025\/04\/Element-1.svg\",\"contentUrl\":\"https:\/\/baumev.de\/wp-content\/uploads\/2025\/04\/Element-1.svg\",\"width\":\"1024\",\"height\":\"1024\",\"caption\":\"BAUM e.V.\"},\"image\":{\"@id\":\"\/#\/schema\/logo\/image\/\"},\"sameAs\":[\"https:\/\/www.linkedin.com\/company\/baum-ev\"]},{\"@type\":\"Person\",\"@id\":\"\/#\/schema\/person\/7cca3fa2dd5ee9056656013035fb46db\",\"name\":\"Katrin Wippich\"}]}<\/script>\n<!-- \/ Yoast SEO plugin. -->","yoast_head_json":{"title":"Gesch\u00e4ftsreisen in Unternehmen: zwischen Kulturwandel und Klimaschutz - BAUM e.V.","description":"Das Projekt CO\u2082meet hat zum Ziel, Gesch\u00e4ftsreisen klimafreundlicher zu gestalten, ohne auf Austausch und wirtschaftliche Effizienz zu verzichten.","robots":{"index":"index","follow":"follow","max-snippet":"max-snippet:-1","max-image-preview":"max-image-preview:large","max-video-preview":"max-video-preview:-1"},"canonical":"https:\/\/baumev.de\/en\/geschaeftsreisen-in-unternehmen-zwischen-kulturwandel-und-klimaschutz\/","og_locale":"en_GB","og_type":"article","og_title":"Gesch\u00e4ftsreisen in Unternehmen: zwischen Kulturwandel und Klimaschutz - BAUM e.V.","og_description":"Das Projekt CO\u2082meet hat zum Ziel, Gesch\u00e4ftsreisen klimafreundlicher zu gestalten, ohne auf Austausch und wirtschaftliche Effizienz zu verzichten.","og_url":"https:\/\/baumev.de\/en\/geschaeftsreisen-in-unternehmen-zwischen-kulturwandel-und-klimaschutz\/","og_site_name":"BAUM e.V.","article_published_time":"2025-10-27T14:48:10+00:00","article_modified_time":"2025-11-04T12:19:59+00:00","og_image":[{"width":2000,"height":1125,"url":"https:\/\/baumev.de\/wp-content\/uploads\/2025\/05\/CO2-meet.png","type":"image\/png"}],"author":"Katrin Wippich","twitter_card":"summary_large_image","twitter_misc":{"Written by":"Katrin Wippich","Estimated reading time":"6 minutes"},"schema":{"@context":"https:\/\/schema.org","@graph":[{"@type":"Article","@id":"https:\/\/baumev.de\/en\/geschaeftsreisen-in-unternehmen-zwischen-kulturwandel-und-klimaschutz\/#article","isPartOf":{"@id":"https:\/\/baumev.de\/en\/geschaeftsreisen-in-unternehmen-zwischen-kulturwandel-und-klimaschutz\/"},"author":{"name":"Katrin Wippich","@id":"\/#\/schema\/person\/7cca3fa2dd5ee9056656013035fb46db"},"headline":"Gesch\u00e4ftsreisen in Unternehmen: zwischen Kulturwandel und Klimaschutz","datePublished":"2025-10-27T14:48:10+00:00","dateModified":"2025-11-04T12:19:59+00:00","mainEntityOfPage":{"@id":"https:\/\/baumev.de\/en\/geschaeftsreisen-in-unternehmen-zwischen-kulturwandel-und-klimaschutz\/"},"wordCount":964,"publisher":{"@id":"\/#organization"},"image":{"@id":"https:\/\/baumev.de\/en\/geschaeftsreisen-in-unternehmen-zwischen-kulturwandel-und-klimaschutz\/#primaryimage"},"thumbnailUrl":"https:\/\/baumev.de\/wp-content\/uploads\/2025\/05\/CO2-meet.png","articleSection":["Insights &amp; Perspectives","Mobility &amp; Logistics"],"inLanguage":"en-GB"},{"@type":"WebPage","@id":"https:\/\/baumev.de\/en\/geschaeftsreisen-in-unternehmen-zwischen-kulturwandel-und-klimaschutz\/","url":"https:\/\/baumev.de\/en\/geschaeftsreisen-in-unternehmen-zwischen-kulturwandel-und-klimaschutz\/","name":"Gesch\u00e4ftsreisen in Unternehmen: zwischen Kulturwandel und Klimaschutz - BAUM e.V.","isPartOf":{"@id":"\/#website"},"primaryImageOfPage":{"@id":"https:\/\/baumev.de\/en\/geschaeftsreisen-in-unternehmen-zwischen-kulturwandel-und-klimaschutz\/#primaryimage"},"image":{"@id":"https:\/\/baumev.de\/en\/geschaeftsreisen-in-unternehmen-zwischen-kulturwandel-und-klimaschutz\/#primaryimage"},"thumbnailUrl":"https:\/\/baumev.de\/wp-content\/uploads\/2025\/05\/CO2-meet.png","datePublished":"2025-10-27T14:48:10+00:00","dateModified":"2025-11-04T12:19:59+00:00","description":"Das Projekt CO\u2082meet hat zum Ziel, Gesch\u00e4ftsreisen klimafreundlicher zu gestalten, ohne auf Austausch und wirtschaftliche Effizienz zu verzichten.","breadcrumb":{"@id":"https:\/\/baumev.de\/en\/geschaeftsreisen-in-unternehmen-zwischen-kulturwandel-und-klimaschutz\/#breadcrumb"},"inLanguage":"en-GB","potentialAction":[{"@type":"ReadAction","target":["https:\/\/baumev.de\/en\/geschaeftsreisen-in-unternehmen-zwischen-kulturwandel-und-klimaschutz\/"]}]},{"@type":"ImageObject","inLanguage":"en-GB","@id":"https:\/\/baumev.de\/en\/geschaeftsreisen-in-unternehmen-zwischen-kulturwandel-und-klimaschutz\/#primaryimage","url":"https:\/\/baumev.de\/wp-content\/uploads\/2025\/05\/CO2-meet.png","contentUrl":"https:\/\/baumev.de\/wp-content\/uploads\/2025\/05\/CO2-meet.png","width":2000,"height":1125,"caption":"Logo des Projekts CO2meet - klimafreundliche Alternativen zu Gesch\u00e4ftsreisen"},{"@type":"BreadcrumbList","@id":"https:\/\/baumev.de\/en\/geschaeftsreisen-in-unternehmen-zwischen-kulturwandel-und-klimaschutz\/#breadcrumb","itemListElement":[{"@type":"ListItem","position":1,"name":"Startseite","item":"https:\/\/baumev.de\/en\/"},{"@type":"ListItem","position":2,"name":"Gesch\u00e4ftsreisen in Unternehmen: zwischen Kulturwandel und Klimaschutz"}]},{"@type":"WebSite","@id":"\/#website","url":"\/","name":"BAUM e.V.","description":"BAUM e.V. \u2013 Netzwerk f\u00fcr nachhaltiges Wirtschaften","publisher":{"@id":"\/#organization"},"potentialAction":[{"@type":"SearchAction","target":{"@type":"EntryPoint","urlTemplate":"\/?s={search_term_string}"},"query-input":{"@type":"PropertyValueSpecification","valueRequired":true,"valueName":"search_term_string"}}],"inLanguage":"en-GB"},{"@type":"Organization","@id":"\/#organization","name":"BAUM e.V.","alternateName":"Bundesdeutscher Arbeitskreis f\u00fcr Umweltbewusstes Management","url":"\/","logo":{"@type":"ImageObject","inLanguage":"en-GB","@id":"\/#\/schema\/logo\/image\/","url":"https:\/\/baumev.de\/wp-content\/uploads\/2025\/04\/Element-1.svg","contentUrl":"https:\/\/baumev.de\/wp-content\/uploads\/2025\/04\/Element-1.svg","width":"1024","height":"1024","caption":"BAUM e.V."},"image":{"@id":"\/#\/schema\/logo\/image\/"},"sameAs":["https:\/\/www.linkedin.com\/company\/baum-ev"]},{"@type":"Person","@id":"\/#\/schema\/person\/7cca3fa2dd5ee9056656013035fb46db","name":"Katrin Wippich"}]}},"_links":{"self":[{"href":"https:\/\/baumev.de\/en\/wp-json\/wp\/v2\/posts\/13780","targetHints":{"allow":["GET"]}}],"collection":[{"href":"https:\/\/baumev.de\/en\/wp-json\/wp\/v2\/posts"}],"about":[{"href":"https:\/\/baumev.de\/en\/wp-json\/wp\/v2\/types\/post"}],"author":[{"embeddable":true,"href":"https:\/\/baumev.de\/en\/wp-json\/wp\/v2\/users\/2"}],"replies":[{"embeddable":true,"href":"https:\/\/baumev.de\/en\/wp-json\/wp\/v2\/comments?post=13780"}],"version-history":[{"count":7,"href":"https:\/\/baumev.de\/en\/wp-json\/wp\/v2\/posts\/13780\/revisions"}],"predecessor-version":[{"id":14137,"href":"https:\/\/baumev.de\/en\/wp-json\/wp\/v2\/posts\/13780\/revisions\/14137"}],"wp:featuredmedia":[{"embeddable":true,"href":"https:\/\/baumev.de\/en\/wp-json\/wp\/v2\/media\/1615"}],"wp:attachment":[{"href":"https:\/\/baumev.de\/en\/wp-json\/wp\/v2\/media?parent=13780"}],"wp:term":[{"taxonomy":"category","embeddable":true,"href":"https:\/\/baumev.de\/en\/wp-json\/wp\/v2\/categories?post=13780"},{"taxonomy":"post_tag","embeddable":true,"href":"https:\/\/baumev.de\/en\/wp-json\/wp\/v2\/tags?post=13780"}],"curies":[{"name":"wp","href":"https:\/\/api.w.org\/{rel}","templated":true}]}}