{"id":14042,"date":"2025-11-03T16:46:32","date_gmt":"2025-11-03T15:46:32","guid":{"rendered":"https:\/\/baumev.de\/?p=14042"},"modified":"2025-11-03T16:49:28","modified_gmt":"2025-11-03T15:49:28","slug":"25-neumarkter-lammsbraeu-preis-fuer-nachhaltigkeit","status":"publish","type":"post","link":"https:\/\/baumev.de\/en\/25-neumarkter-lammsbraeu-preis-fuer-nachhaltigkeit\/","title":{"rendered":"25. Neumarkter Lammsbr\u00e4u Preis f\u00fcr Nachhaltigkeit"},"content":{"rendered":"<p>Das Viertel-Jahrhundert ist voll: 2026 verleiht das BAUM-Mitglied Neumarkter Lammsbr\u00e4u seinen Preis f\u00fcr Nachhaltigkeit zum 25. Mal. Die Bewerbungsphase hat begonnen; kostenlose Einreichungen sind \u00fcber ein <a href=\"https:\/\/www.lammsbraeu.de\/mitgestalter\/nachhaltigkeitspreis\/bewerbung-2026\" target=\"_blank\" rel=\"noopener\">Online-Formular<\/a> bis einschlie\u00dflich 31. Januar m\u00f6glich.<\/p>\n<p>Der Preis wird in folgenden Kategorien verliehen:<\/p>\n<ul>\n<li>Medienschaffende<\/li>\n<li>Nachhaltige Gesch\u00e4ftsmodellinnovation<\/li>\n<li>Unternehmerischer Klimaschutz<\/li>\n<li>Non-Profit-Organisationen (NPOs)<\/li>\n<li>Gelebte Nachhaltigkeit in der Kultur<\/li>\n<\/ul>\n<p>Diese letzte Kategorie f\u00fcr Kreative wurde neu geschaffen. Hier k\u00f6nnen sich alle bewerben, deren kulturelle Einrichtung oder Kultur-Projekt auf originelle, kraftvolle und nachhaltige Weise einen Beitrag zu enkeltauglicher Entwicklung leistet.<\/p>\n<h3>Aus dem Deutschen Umweltpreis hervorgegangen<\/h3>\n<p>Der <a href=\"https:\/\/www.lammsbraeu.de\/mitgestalter\/nachhaltigkeitspreis\" target=\"_blank\" rel=\"noopener\">Neumarkter Lammsbr\u00e4u Preis f\u00fcr Nachhaltigkeit<\/a> ist aus dem <a href=\"https:\/\/www.dbu.de\/umweltpreis\/\" target=\"_blank\" rel=\"noopener\">Deutschen Umweltpreis<\/a> hervorgegangen, den Johannes Ehrnspergers Vater Dr. Franz Ehrnsperger 2001 erhielt. Das Preisgeld investierte der Bio-Pionier in eine neue Flaschenwaschanlage, die weniger Energie und Wasser verbrauchte. Das dadurch gesparte Geld stiftete er seit 2002 den Preistr\u00e4gerinnen und Preistr\u00e4gern \u2013 insgesamt j\u00e4hrlich bis zu 12.000 \u20ac. Ausgezeichnet werden Jahr f\u00fcr Jahr Menschen, Unternehmen und Organisationen im gesamten deutschsprachigen Raum, die an einer nachhaltigen Zukunft arbeiten \u2013 unter \u00f6kologischen, sozialen, wirtschaftlichen oder kulturellen Aspekten.<\/p>\n<p>BAUM ist in der Jury durch den stellvertretenden Vorsitzenden Dieter Br\u00fcbach vertreten.<\/p>\n<p>&nbsp;<\/p>\n","protected":false},"excerpt":{"rendered":"<p>2026 verleiht das BAUM-Mitglied Neumarkter Lammsbr\u00e4u seinen Preis f\u00fcr Nachhaltigkeit zum 25. Mal. Bewerbungen sind bis einschlie\u00dflich 31. Januar m\u00f6glich.<\/p>\n","protected":false},"author":2,"featured_media":14043,"comment_status":"closed","ping_status":"closed","sticky":false,"template":"","format":"standard","meta":{"_acf_changed":false,"_et_pb_use_builder":"","_et_pb_old_content":"","_et_gb_content_width":"","inline_featured_image":false,"footnotes":""},"categories":[18],"tags":[],"class_list":["post-14042","post","type-post","status-publish","format-standard","has-post-thumbnail","hentry","category-news"],"acf":[],"yoast_head":"<!-- This site is optimized with the Yoast SEO plugin v27.2 - https:\/\/yoast.com\/product\/yoast-seo-wordpress\/ -->\n<title>25. Neumarkter Lammsbr\u00e4u Preis f\u00fcr Nachhaltigkeit - BAUM e.V.<\/title>\n<meta name=\"description\" content=\"2026 verleiht Neumarkter Lammsbr\u00e4u seinen Preis f\u00fcr Nachhaltigkeit zum 25. Mal. Bewerbungen sind bis einschlie\u00dflich 31. Januar m\u00f6glich.\" \/>\n<meta name=\"robots\" content=\"index, follow, max-snippet:-1, max-image-preview:large, max-video-preview:-1\" \/>\n<link rel=\"canonical\" href=\"https:\/\/baumev.de\/en\/25-neumarkter-lammsbraeu-preis-fuer-nachhaltigkeit\/\" \/>\n<meta property=\"og:locale\" content=\"en_GB\" \/>\n<meta property=\"og:type\" content=\"article\" \/>\n<meta property=\"og:title\" content=\"25. Neumarkter Lammsbr\u00e4u Preis f\u00fcr Nachhaltigkeit - BAUM e.V.\" \/>\n<meta property=\"og:description\" content=\"2026 verleiht Neumarkter Lammsbr\u00e4u seinen Preis f\u00fcr Nachhaltigkeit zum 25. Mal. Bewerbungen sind bis einschlie\u00dflich 31. Januar m\u00f6glich.\" \/>\n<meta property=\"og:url\" content=\"https:\/\/baumev.de\/en\/25-neumarkter-lammsbraeu-preis-fuer-nachhaltigkeit\/\" \/>\n<meta property=\"og:site_name\" content=\"BAUM e.V.\" \/>\n<meta property=\"article:published_time\" content=\"2025-11-03T15:46:32+00:00\" \/>\n<meta property=\"article:modified_time\" content=\"2025-11-03T15:49:28+00:00\" \/>\n<meta property=\"og:image\" content=\"https:\/\/baumev.de\/wp-content\/uploads\/2025\/11\/Neumarkter_Lammsbraeu_2025.webp\" \/>\n\t<meta property=\"og:image:width\" content=\"700\" \/>\n\t<meta property=\"og:image:height\" content=\"466\" \/>\n\t<meta property=\"og:image:type\" content=\"image\/webp\" \/>\n<meta name=\"author\" content=\"Katrin Wippich\" \/>\n<meta name=\"twitter:card\" content=\"summary_large_image\" \/>\n<meta name=\"twitter:label1\" content=\"Written by\" \/>\n\t<meta name=\"twitter:data1\" content=\"Katrin Wippich\" \/>\n\t<meta name=\"twitter:label2\" content=\"Estimated reading time\" \/>\n\t<meta name=\"twitter:data2\" content=\"2 minutes\" \/>\n<script type=\"application\/ld+json\" class=\"yoast-schema-graph\">{\"@context\":\"https:\/\/schema.org\",\"@graph\":[{\"@type\":\"Article\",\"@id\":\"https:\/\/baumev.de\/en\/25-neumarkter-lammsbraeu-preis-fuer-nachhaltigkeit\/#article\",\"isPartOf\":{\"@id\":\"https:\/\/baumev.de\/en\/25-neumarkter-lammsbraeu-preis-fuer-nachhaltigkeit\/\"},\"author\":{\"name\":\"Katrin Wippich\",\"@id\":\"\/#\/schema\/person\/7cca3fa2dd5ee9056656013035fb46db\"},\"headline\":\"25. Neumarkter Lammsbr\u00e4u Preis f\u00fcr Nachhaltigkeit\",\"datePublished\":\"2025-11-03T15:46:32+00:00\",\"dateModified\":\"2025-11-03T15:49:28+00:00\",\"mainEntityOfPage\":{\"@id\":\"https:\/\/baumev.de\/en\/25-neumarkter-lammsbraeu-preis-fuer-nachhaltigkeit\/\"},\"wordCount\":193,\"publisher\":{\"@id\":\"\/#organization\"},\"image\":{\"@id\":\"https:\/\/baumev.de\/en\/25-neumarkter-lammsbraeu-preis-fuer-nachhaltigkeit\/#primaryimage\"},\"thumbnailUrl\":\"https:\/\/baumev.de\/wp-content\/uploads\/2025\/11\/Neumarkter_Lammsbraeu_2025.webp\",\"articleSection\":[\"Einblicke &amp; Perspektiven\"],\"inLanguage\":\"en-GB\"},{\"@type\":\"WebPage\",\"@id\":\"https:\/\/baumev.de\/en\/25-neumarkter-lammsbraeu-preis-fuer-nachhaltigkeit\/\",\"url\":\"https:\/\/baumev.de\/en\/25-neumarkter-lammsbraeu-preis-fuer-nachhaltigkeit\/\",\"name\":\"25. Neumarkter Lammsbr\u00e4u Preis f\u00fcr Nachhaltigkeit - BAUM e.V.\",\"isPartOf\":{\"@id\":\"\/#website\"},\"primaryImageOfPage\":{\"@id\":\"https:\/\/baumev.de\/en\/25-neumarkter-lammsbraeu-preis-fuer-nachhaltigkeit\/#primaryimage\"},\"image\":{\"@id\":\"https:\/\/baumev.de\/en\/25-neumarkter-lammsbraeu-preis-fuer-nachhaltigkeit\/#primaryimage\"},\"thumbnailUrl\":\"https:\/\/baumev.de\/wp-content\/uploads\/2025\/11\/Neumarkter_Lammsbraeu_2025.webp\",\"datePublished\":\"2025-11-03T15:46:32+00:00\",\"dateModified\":\"2025-11-03T15:49:28+00:00\",\"description\":\"2026 verleiht Neumarkter Lammsbr\u00e4u seinen Preis f\u00fcr Nachhaltigkeit zum 25. Mal. Bewerbungen sind bis einschlie\u00dflich 31. Januar m\u00f6glich.\",\"breadcrumb\":{\"@id\":\"https:\/\/baumev.de\/en\/25-neumarkter-lammsbraeu-preis-fuer-nachhaltigkeit\/#breadcrumb\"},\"inLanguage\":\"en-GB\",\"potentialAction\":[{\"@type\":\"ReadAction\",\"target\":[\"https:\/\/baumev.de\/en\/25-neumarkter-lammsbraeu-preis-fuer-nachhaltigkeit\/\"]}]},{\"@type\":\"ImageObject\",\"inLanguage\":\"en-GB\",\"@id\":\"https:\/\/baumev.de\/en\/25-neumarkter-lammsbraeu-preis-fuer-nachhaltigkeit\/#primaryimage\",\"url\":\"https:\/\/baumev.de\/wp-content\/uploads\/2025\/11\/Neumarkter_Lammsbraeu_2025.webp\",\"contentUrl\":\"https:\/\/baumev.de\/wp-content\/uploads\/2025\/11\/Neumarkter_Lammsbraeu_2025.webp\",\"width\":700,\"height\":466,\"caption\":\"Preistr\u00e4ger:innen 2025 des Neumarkter Lammsbr\u00e4u Preis f\u00fcr Nachhaltigkeit\"},{\"@type\":\"BreadcrumbList\",\"@id\":\"https:\/\/baumev.de\/en\/25-neumarkter-lammsbraeu-preis-fuer-nachhaltigkeit\/#breadcrumb\",\"itemListElement\":[{\"@type\":\"ListItem\",\"position\":1,\"name\":\"Startseite\",\"item\":\"https:\/\/baumev.de\/en\/\"},{\"@type\":\"ListItem\",\"position\":2,\"name\":\"25. Neumarkter Lammsbr\u00e4u Preis f\u00fcr Nachhaltigkeit\"}]},{\"@type\":\"WebSite\",\"@id\":\"\/#website\",\"url\":\"\/\",\"name\":\"BAUM e.V.\",\"description\":\"BAUM e.V. \u2013 Netzwerk f\u00fcr nachhaltiges Wirtschaften\",\"publisher\":{\"@id\":\"\/#organization\"},\"potentialAction\":[{\"@type\":\"SearchAction\",\"target\":{\"@type\":\"EntryPoint\",\"urlTemplate\":\"\/?s={search_term_string}\"},\"query-input\":{\"@type\":\"PropertyValueSpecification\",\"valueRequired\":true,\"valueName\":\"search_term_string\"}}],\"inLanguage\":\"en-GB\"},{\"@type\":\"Organization\",\"@id\":\"\/#organization\",\"name\":\"BAUM e.V.\",\"alternateName\":\"Bundesdeutscher Arbeitskreis f\u00fcr Umweltbewusstes Management\",\"url\":\"\/\",\"logo\":{\"@type\":\"ImageObject\",\"inLanguage\":\"en-GB\",\"@id\":\"\/#\/schema\/logo\/image\/\",\"url\":\"https:\/\/baumev.de\/wp-content\/uploads\/2025\/04\/Element-1.svg\",\"contentUrl\":\"https:\/\/baumev.de\/wp-content\/uploads\/2025\/04\/Element-1.svg\",\"width\":\"1024\",\"height\":\"1024\",\"caption\":\"BAUM e.V.\"},\"image\":{\"@id\":\"\/#\/schema\/logo\/image\/\"},\"sameAs\":[\"https:\/\/www.linkedin.com\/company\/baum-ev\"]},{\"@type\":\"Person\",\"@id\":\"\/#\/schema\/person\/7cca3fa2dd5ee9056656013035fb46db\",\"name\":\"Katrin Wippich\"}]}<\/script>\n<!-- \/ Yoast SEO plugin. -->","yoast_head_json":{"title":"25. Neumarkter Lammsbr\u00e4u Preis f\u00fcr Nachhaltigkeit - BAUM e.V.","description":"2026 verleiht Neumarkter Lammsbr\u00e4u seinen Preis f\u00fcr Nachhaltigkeit zum 25. Mal. Bewerbungen sind bis einschlie\u00dflich 31. Januar m\u00f6glich.","robots":{"index":"index","follow":"follow","max-snippet":"max-snippet:-1","max-image-preview":"max-image-preview:large","max-video-preview":"max-video-preview:-1"},"canonical":"https:\/\/baumev.de\/en\/25-neumarkter-lammsbraeu-preis-fuer-nachhaltigkeit\/","og_locale":"en_GB","og_type":"article","og_title":"25. Neumarkter Lammsbr\u00e4u Preis f\u00fcr Nachhaltigkeit - BAUM e.V.","og_description":"2026 verleiht Neumarkter Lammsbr\u00e4u seinen Preis f\u00fcr Nachhaltigkeit zum 25. Mal. Bewerbungen sind bis einschlie\u00dflich 31. Januar m\u00f6glich.","og_url":"https:\/\/baumev.de\/en\/25-neumarkter-lammsbraeu-preis-fuer-nachhaltigkeit\/","og_site_name":"BAUM e.V.","article_published_time":"2025-11-03T15:46:32+00:00","article_modified_time":"2025-11-03T15:49:28+00:00","og_image":[{"width":700,"height":466,"url":"https:\/\/baumev.de\/wp-content\/uploads\/2025\/11\/Neumarkter_Lammsbraeu_2025.webp","type":"image\/webp"}],"author":"Katrin Wippich","twitter_card":"summary_large_image","twitter_misc":{"Written by":"Katrin Wippich","Estimated reading time":"2 minutes"},"schema":{"@context":"https:\/\/schema.org","@graph":[{"@type":"Article","@id":"https:\/\/baumev.de\/en\/25-neumarkter-lammsbraeu-preis-fuer-nachhaltigkeit\/#article","isPartOf":{"@id":"https:\/\/baumev.de\/en\/25-neumarkter-lammsbraeu-preis-fuer-nachhaltigkeit\/"},"author":{"name":"Katrin Wippich","@id":"\/#\/schema\/person\/7cca3fa2dd5ee9056656013035fb46db"},"headline":"25. Neumarkter Lammsbr\u00e4u Preis f\u00fcr Nachhaltigkeit","datePublished":"2025-11-03T15:46:32+00:00","dateModified":"2025-11-03T15:49:28+00:00","mainEntityOfPage":{"@id":"https:\/\/baumev.de\/en\/25-neumarkter-lammsbraeu-preis-fuer-nachhaltigkeit\/"},"wordCount":193,"publisher":{"@id":"\/#organization"},"image":{"@id":"https:\/\/baumev.de\/en\/25-neumarkter-lammsbraeu-preis-fuer-nachhaltigkeit\/#primaryimage"},"thumbnailUrl":"https:\/\/baumev.de\/wp-content\/uploads\/2025\/11\/Neumarkter_Lammsbraeu_2025.webp","articleSection":["Einblicke &amp; Perspektiven"],"inLanguage":"en-GB"},{"@type":"WebPage","@id":"https:\/\/baumev.de\/en\/25-neumarkter-lammsbraeu-preis-fuer-nachhaltigkeit\/","url":"https:\/\/baumev.de\/en\/25-neumarkter-lammsbraeu-preis-fuer-nachhaltigkeit\/","name":"25. Neumarkter Lammsbr\u00e4u Preis f\u00fcr Nachhaltigkeit - BAUM e.V.","isPartOf":{"@id":"\/#website"},"primaryImageOfPage":{"@id":"https:\/\/baumev.de\/en\/25-neumarkter-lammsbraeu-preis-fuer-nachhaltigkeit\/#primaryimage"},"image":{"@id":"https:\/\/baumev.de\/en\/25-neumarkter-lammsbraeu-preis-fuer-nachhaltigkeit\/#primaryimage"},"thumbnailUrl":"https:\/\/baumev.de\/wp-content\/uploads\/2025\/11\/Neumarkter_Lammsbraeu_2025.webp","datePublished":"2025-11-03T15:46:32+00:00","dateModified":"2025-11-03T15:49:28+00:00","description":"2026 verleiht Neumarkter Lammsbr\u00e4u seinen Preis f\u00fcr Nachhaltigkeit zum 25. Mal. Bewerbungen sind bis einschlie\u00dflich 31. Januar m\u00f6glich.","breadcrumb":{"@id":"https:\/\/baumev.de\/en\/25-neumarkter-lammsbraeu-preis-fuer-nachhaltigkeit\/#breadcrumb"},"inLanguage":"en-GB","potentialAction":[{"@type":"ReadAction","target":["https:\/\/baumev.de\/en\/25-neumarkter-lammsbraeu-preis-fuer-nachhaltigkeit\/"]}]},{"@type":"ImageObject","inLanguage":"en-GB","@id":"https:\/\/baumev.de\/en\/25-neumarkter-lammsbraeu-preis-fuer-nachhaltigkeit\/#primaryimage","url":"https:\/\/baumev.de\/wp-content\/uploads\/2025\/11\/Neumarkter_Lammsbraeu_2025.webp","contentUrl":"https:\/\/baumev.de\/wp-content\/uploads\/2025\/11\/Neumarkter_Lammsbraeu_2025.webp","width":700,"height":466,"caption":"Preistr\u00e4ger:innen 2025 des Neumarkter Lammsbr\u00e4u Preis f\u00fcr Nachhaltigkeit"},{"@type":"BreadcrumbList","@id":"https:\/\/baumev.de\/en\/25-neumarkter-lammsbraeu-preis-fuer-nachhaltigkeit\/#breadcrumb","itemListElement":[{"@type":"ListItem","position":1,"name":"Startseite","item":"https:\/\/baumev.de\/en\/"},{"@type":"ListItem","position":2,"name":"25. Neumarkter Lammsbr\u00e4u Preis f\u00fcr Nachhaltigkeit"}]},{"@type":"WebSite","@id":"\/#website","url":"\/","name":"BAUM e.V.","description":"BAUM e.V. \u2013 Netzwerk f\u00fcr nachhaltiges Wirtschaften","publisher":{"@id":"\/#organization"},"potentialAction":[{"@type":"SearchAction","target":{"@type":"EntryPoint","urlTemplate":"\/?s={search_term_string}"},"query-input":{"@type":"PropertyValueSpecification","valueRequired":true,"valueName":"search_term_string"}}],"inLanguage":"en-GB"},{"@type":"Organization","@id":"\/#organization","name":"BAUM e.V.","alternateName":"Bundesdeutscher Arbeitskreis f\u00fcr Umweltbewusstes Management","url":"\/","logo":{"@type":"ImageObject","inLanguage":"en-GB","@id":"\/#\/schema\/logo\/image\/","url":"https:\/\/baumev.de\/wp-content\/uploads\/2025\/04\/Element-1.svg","contentUrl":"https:\/\/baumev.de\/wp-content\/uploads\/2025\/04\/Element-1.svg","width":"1024","height":"1024","caption":"BAUM e.V."},"image":{"@id":"\/#\/schema\/logo\/image\/"},"sameAs":["https:\/\/www.linkedin.com\/company\/baum-ev"]},{"@type":"Person","@id":"\/#\/schema\/person\/7cca3fa2dd5ee9056656013035fb46db","name":"Katrin Wippich"}]}},"_links":{"self":[{"href":"https:\/\/baumev.de\/en\/wp-json\/wp\/v2\/posts\/14042","targetHints":{"allow":["GET"]}}],"collection":[{"href":"https:\/\/baumev.de\/en\/wp-json\/wp\/v2\/posts"}],"about":[{"href":"https:\/\/baumev.de\/en\/wp-json\/wp\/v2\/types\/post"}],"author":[{"embeddable":true,"href":"https:\/\/baumev.de\/en\/wp-json\/wp\/v2\/users\/2"}],"replies":[{"embeddable":true,"href":"https:\/\/baumev.de\/en\/wp-json\/wp\/v2\/comments?post=14042"}],"version-history":[{"count":4,"href":"https:\/\/baumev.de\/en\/wp-json\/wp\/v2\/posts\/14042\/revisions"}],"predecessor-version":[{"id":14047,"href":"https:\/\/baumev.de\/en\/wp-json\/wp\/v2\/posts\/14042\/revisions\/14047"}],"wp:featuredmedia":[{"embeddable":true,"href":"https:\/\/baumev.de\/en\/wp-json\/wp\/v2\/media\/14043"}],"wp:attachment":[{"href":"https:\/\/baumev.de\/en\/wp-json\/wp\/v2\/media?parent=14042"}],"wp:term":[{"taxonomy":"category","embeddable":true,"href":"https:\/\/baumev.de\/en\/wp-json\/wp\/v2\/categories?post=14042"},{"taxonomy":"post_tag","embeddable":true,"href":"https:\/\/baumev.de\/en\/wp-json\/wp\/v2\/tags?post=14042"}],"curies":[{"name":"wp","href":"https:\/\/api.w.org\/{rel}","templated":true}]}}