{"id":14715,"date":"2025-11-11T09:55:27","date_gmt":"2025-11-11T08:55:27","guid":{"rendered":"https:\/\/baumev.de\/?p=14715"},"modified":"2025-11-13T10:18:27","modified_gmt":"2025-11-13T09:18:27","slug":"auszeichnung-fuer-gelebte-nachhaltigkeit-baum-wuerdigt-fuenf-zukunftsgestalterinnen-und-gestalter","status":"publish","type":"post","link":"https:\/\/baumev.de\/en\/auszeichnung-fuer-gelebte-nachhaltigkeit-baum-wuerdigt-fuenf-zukunftsgestalterinnen-und-gestalter\/","title":{"rendered":"Auszeichnung f\u00fcr gelebte Nachhaltigkeit: BAUM w\u00fcrdigt f\u00fcnf Zukunftsgestalterinnen und -gestalter"},"content":{"rendered":"<p><strong>&#8220;Welche Wirtschaft wollen wir?\u201c, erforscht BAUM auf seiner diesj\u00e4hrigen Tagung am 11.\/12. November in Dortmund. Das in Hamburg ans\u00e4ssige Unternehmensnetzwerk entwirft Zukunftsbilder f\u00fcr eine nachhaltige Wirtschaft und Gesellschaft.<\/strong><\/p>\n<p>Die Keynote am 11. November h\u00e4lt Dr. Isabella Hermann, Expertin f\u00fcr Science-Fiction und Zuk\u00fcnfte. \u201eZukunftsvisionen sind keine externe Gegebenheit, sondern sie werden aktiv von Menschen entworfen, diskutiert, gestaltet und umgesetzt\u201d, so die Politikwissenschaftlerin. \u201cWenn wir nicht den d\u00fcsteren Zukunftsvisionen anderer folgen wollen, dann m\u00fcssen wir selbst eigene, positive, nachhaltige und demokratische Zukunftsvisionen setzen. Progressive Science-Fiction hilft uns dabei, Geschichten \u00fcber eine Zukunft zu erz\u00e4hlen, in der technische und soziale Innovation zusammen gedacht werden \u2013 f\u00fcr eine nicht perfekte, aber bessere Zukunft f\u00fcr alle.\u201c<\/p>\n<h3>Bundesumweltminister Carsten Schneider w\u00fcrdigt Preistr\u00e4gerinnen und Preistr\u00e4ger<\/h3>\n<p>Im Rahmen der Tagung wird der BAUM | Umwelt- und Nachhaltigkeitspreis in vier Kategorien verliehen. Bundesumweltminister Carsten Schneider w\u00fcrdigt in seinem <a href=\"https:\/\/baumev.sharepoint.com\/:v:\/s\/ffentlichkeitsarbeit2\/EZbtjYE67-dEptYxnqct6wkBequ5i3WNeRA6bHn9lG3cug?e=z5ALBG\">Gru\u00dfwort<\/a> Engagement, Ideen und Beharrlichkeit der Preistr\u00e4gerinnen und Preistr\u00e4ger: \u201eIhre Erfolgsgeschichten zeigen, wie Unternehmen und Wissenschaft mit konkreten L\u00f6sungen zu nachhaltigem Wirtschaften und Klimaneutralit\u00e4t beitragen k\u00f6nnen.\u201c<\/p>\n<p>Der BAUM | Umwelt- und Nachhaltigkeitspreis 2025 geht an:<\/p>\n<ul>\n<li><strong> Stefanie Eichiner<\/strong> (Head of Sustainability, Pfleiderer Deutschland GmbH) in der Kategorie &#8220;Gro\u00dfunternehmen&#8221;<\/li>\n<li><strong>Dominik Campanella<\/strong> (Mitgr\u00fcnder und Gesch\u00e4ftsf\u00fchrer, Concular GmbH) in der Kategorie &#8220;Kleine und mittlere Unternehmen&#8221;<\/li>\n<li><strong>Marco D\u00f6rr<\/strong> (Gesch\u00e4ftsf\u00fchrender Gesellschafter, Stannol GmbH &amp; Co. KG) in der Kategorie &#8220;Kleine und mittlere Unternehmen&#8221;<\/li>\n<li><strong> Dr. Frauke Wiese<\/strong><em> (<\/em>Juniorprofessorin f\u00fcr die Transformation der Energiesysteme, Europa-Universit\u00e4t Flensburg) in der Kategorie &#8220;Wissenschaft&#8221;<\/li>\n<li><strong>Tony Rinaudo<\/strong> (Agrarexperte, World Vision Australia) in der Kategorie &#8220;International\u201c<\/li>\n<\/ul>\n<h3>Regisseur Volker Schl\u00f6ndorff w\u00fcrdigt Preistr\u00e4ger<\/h3>\n<p>Der bekannte Regisseur Volker Schl\u00f6ndorff hat Tony Rinaudo w\u00e4hrend der Entstehung des Films \u201eDer Waldmacher\u201c (2022) gut kennengelernt. In sehr pers\u00f6nlicher Weise beschreibt Schl\u00f6ndorff die Verdienste des Begr\u00fcnders der Wiederbegr\u00fcnungsmethode Farmer Managed Natural Regeneration (FMNR). Der australische Agrarexperte erhielt den BAUM-Preis bereits im Juni, als er zu Terminen in Deutschland war.<\/p>\n<h3>Einer der renommiertesten Nachhaltigkeitspreise Deutschlands<\/h3>\n<p>Der undotierte BAUM | Umwelt- und Nachhaltigkeitspreis geh\u00f6rt zu den renommiertesten Nachhaltigkeitspreisen in Deutschland. Das Unternehmensnetzwerk zeichnet bewusst engagierte Einzelpersonen und keine Organisationen aus. So wird die Arbeit derer, die das Umwelt- und Nachhaltigkeitsmanagement verantworten und operativ umsetzen, gew\u00fcrdigt. Seit 1993 wurden <a href=\"https:\/\/baumev.de\/baum-preis\/rueckblick\/\">\u00fcber 300 Vorbilder<\/a> f\u00fcr gelebte Nachhaltigkeit und Umweltschutz ausgezeichnet.<\/p>\n<p>Ausf\u00fchrliche Portr\u00e4ts der Preistr\u00e4gerinnen und Preistr\u00e4ger sowie Bildmaterial unter <a href=\"http:\/\/www.baumev.de\/presse\/digitale-pressemappe.de\">www.baumev.de\/presse\/digitale-pressemappe.de<\/a>.<\/p>\n<p><strong>Fotos von der Preisverleihung stehen dort am 11.11. ab ca. 21 Uhr zur Verf\u00fcgung.<\/strong><\/p>\n<p><a href=\"https:\/\/baumev.de\/wp-content\/uploads\/2025\/11\/251111_PM_BAUM-Preisverleihung.pdf\" target=\"_blank\" rel=\"noopener\">Presse-Information als PDF<\/a><\/p>\n","protected":false},"excerpt":{"rendered":"<p>&#8220;Welche Wirtschaft wollen wir?\u201c, erforscht BAUM auf seiner diesj\u00e4hrigen Tagung am 11.\/12. November in Dortmund. Das in Hamburg ans\u00e4ssige Unternehmensnetzwerk entwirft Zukunftsbilder f\u00fcr eine nachhaltige Wirtschaft und Gesellschaft.<\/p>\n","protected":false},"author":2,"featured_media":14402,"comment_status":"closed","ping_status":"closed","sticky":false,"template":"","format":"standard","meta":{"_acf_changed":false,"_et_pb_use_builder":"","_et_pb_old_content":"","_et_gb_content_width":"","inline_featured_image":false,"footnotes":""},"categories":[44,47,1],"tags":[],"class_list":["post-14715","post","type-post","status-publish","format-standard","has-post-thumbnail","hentry","category-news","category-press-releases","category-unkategorisiert"],"acf":[],"yoast_head":"<!-- This site is optimized with the Yoast SEO plugin v27.2 - https:\/\/yoast.com\/product\/yoast-seo-wordpress\/ -->\n<title>Auszeichnung f\u00fcr gelebte Nachhaltigkeit: BAUM w\u00fcrdigt f\u00fcnf Zukunftsgestalterinnen und -gestalter - BAUM e.V.<\/title>\n<meta name=\"robots\" content=\"index, follow, max-snippet:-1, max-image-preview:large, max-video-preview:-1\" \/>\n<link rel=\"canonical\" href=\"https:\/\/baumev.de\/en\/auszeichnung-fuer-gelebte-nachhaltigkeit-baum-wuerdigt-fuenf-zukunftsgestalterinnen-und-gestalter\/\" \/>\n<meta property=\"og:locale\" content=\"en_GB\" \/>\n<meta property=\"og:type\" content=\"article\" \/>\n<meta property=\"og:title\" content=\"Auszeichnung f\u00fcr gelebte Nachhaltigkeit: BAUM w\u00fcrdigt f\u00fcnf Zukunftsgestalterinnen und -gestalter - BAUM e.V.\" \/>\n<meta property=\"og:description\" content=\"&quot;Welche Wirtschaft wollen wir?\u201c, erforscht BAUM auf seiner diesj\u00e4hrigen Tagung am 11.\/12. November in Dortmund. Das in Hamburg ans\u00e4ssige Unternehmensnetzwerk entwirft Zukunftsbilder f\u00fcr eine nachhaltige Wirtschaft und Gesellschaft.\" \/>\n<meta property=\"og:url\" content=\"https:\/\/baumev.de\/en\/auszeichnung-fuer-gelebte-nachhaltigkeit-baum-wuerdigt-fuenf-zukunftsgestalterinnen-und-gestalter\/\" \/>\n<meta property=\"og:site_name\" content=\"BAUM e.V.\" \/>\n<meta property=\"article:published_time\" content=\"2025-11-11T08:55:27+00:00\" \/>\n<meta property=\"article:modified_time\" content=\"2025-11-13T09:18:27+00:00\" \/>\n<meta property=\"og:image\" content=\"https:\/\/baumev.de\/wp-content\/uploads\/2025\/11\/bundesumweltminister_carsten_schneider_1-scaled.jpg\" \/>\n\t<meta property=\"og:image:width\" content=\"2560\" \/>\n\t<meta property=\"og:image:height\" content=\"1707\" \/>\n\t<meta property=\"og:image:type\" content=\"image\/jpeg\" \/>\n<meta name=\"author\" content=\"Katrin Wippich\" \/>\n<meta name=\"twitter:card\" content=\"summary_large_image\" \/>\n<meta name=\"twitter:label1\" content=\"Written by\" \/>\n\t<meta name=\"twitter:data1\" content=\"Katrin Wippich\" \/>\n\t<meta name=\"twitter:label2\" content=\"Estimated reading time\" \/>\n\t<meta name=\"twitter:data2\" content=\"3 minutes\" \/>\n<script type=\"application\/ld+json\" class=\"yoast-schema-graph\">{\"@context\":\"https:\/\/schema.org\",\"@graph\":[{\"@type\":\"Article\",\"@id\":\"https:\/\/baumev.de\/en\/auszeichnung-fuer-gelebte-nachhaltigkeit-baum-wuerdigt-fuenf-zukunftsgestalterinnen-und-gestalter\/#article\",\"isPartOf\":{\"@id\":\"https:\/\/baumev.de\/en\/auszeichnung-fuer-gelebte-nachhaltigkeit-baum-wuerdigt-fuenf-zukunftsgestalterinnen-und-gestalter\/\"},\"author\":{\"name\":\"Katrin Wippich\",\"@id\":\"\/#\/schema\/person\/7cca3fa2dd5ee9056656013035fb46db\"},\"headline\":\"Auszeichnung f\u00fcr gelebte Nachhaltigkeit: BAUM w\u00fcrdigt f\u00fcnf Zukunftsgestalterinnen und -gestalter\",\"datePublished\":\"2025-11-11T08:55:27+00:00\",\"dateModified\":\"2025-11-13T09:18:27+00:00\",\"mainEntityOfPage\":{\"@id\":\"https:\/\/baumev.de\/en\/auszeichnung-fuer-gelebte-nachhaltigkeit-baum-wuerdigt-fuenf-zukunftsgestalterinnen-und-gestalter\/\"},\"wordCount\":433,\"publisher\":{\"@id\":\"\/#organization\"},\"image\":{\"@id\":\"https:\/\/baumev.de\/en\/auszeichnung-fuer-gelebte-nachhaltigkeit-baum-wuerdigt-fuenf-zukunftsgestalterinnen-und-gestalter\/#primaryimage\"},\"thumbnailUrl\":\"https:\/\/baumev.de\/wp-content\/uploads\/2025\/11\/bundesumweltminister_carsten_schneider_1-scaled.jpg\",\"articleSection\":[\"Insights &amp; Perspectives\",\"Press releases\",\"Unkategorisiert\"],\"inLanguage\":\"en-GB\"},{\"@type\":\"WebPage\",\"@id\":\"https:\/\/baumev.de\/en\/auszeichnung-fuer-gelebte-nachhaltigkeit-baum-wuerdigt-fuenf-zukunftsgestalterinnen-und-gestalter\/\",\"url\":\"https:\/\/baumev.de\/en\/auszeichnung-fuer-gelebte-nachhaltigkeit-baum-wuerdigt-fuenf-zukunftsgestalterinnen-und-gestalter\/\",\"name\":\"Auszeichnung f\u00fcr gelebte Nachhaltigkeit: BAUM w\u00fcrdigt f\u00fcnf Zukunftsgestalterinnen und -gestalter - BAUM e.V.\",\"isPartOf\":{\"@id\":\"\/#website\"},\"primaryImageOfPage\":{\"@id\":\"https:\/\/baumev.de\/en\/auszeichnung-fuer-gelebte-nachhaltigkeit-baum-wuerdigt-fuenf-zukunftsgestalterinnen-und-gestalter\/#primaryimage\"},\"image\":{\"@id\":\"https:\/\/baumev.de\/en\/auszeichnung-fuer-gelebte-nachhaltigkeit-baum-wuerdigt-fuenf-zukunftsgestalterinnen-und-gestalter\/#primaryimage\"},\"thumbnailUrl\":\"https:\/\/baumev.de\/wp-content\/uploads\/2025\/11\/bundesumweltminister_carsten_schneider_1-scaled.jpg\",\"datePublished\":\"2025-11-11T08:55:27+00:00\",\"dateModified\":\"2025-11-13T09:18:27+00:00\",\"breadcrumb\":{\"@id\":\"https:\/\/baumev.de\/en\/auszeichnung-fuer-gelebte-nachhaltigkeit-baum-wuerdigt-fuenf-zukunftsgestalterinnen-und-gestalter\/#breadcrumb\"},\"inLanguage\":\"en-GB\",\"potentialAction\":[{\"@type\":\"ReadAction\",\"target\":[\"https:\/\/baumev.de\/en\/auszeichnung-fuer-gelebte-nachhaltigkeit-baum-wuerdigt-fuenf-zukunftsgestalterinnen-und-gestalter\/\"]}]},{\"@type\":\"ImageObject\",\"inLanguage\":\"en-GB\",\"@id\":\"https:\/\/baumev.de\/en\/auszeichnung-fuer-gelebte-nachhaltigkeit-baum-wuerdigt-fuenf-zukunftsgestalterinnen-und-gestalter\/#primaryimage\",\"url\":\"https:\/\/baumev.de\/wp-content\/uploads\/2025\/11\/bundesumweltminister_carsten_schneider_1-scaled.jpg\",\"contentUrl\":\"https:\/\/baumev.de\/wp-content\/uploads\/2025\/11\/bundesumweltminister_carsten_schneider_1-scaled.jpg\",\"width\":2560,\"height\":1707,\"caption\":\"Bundesumweltminister Carsten Schneider\"},{\"@type\":\"BreadcrumbList\",\"@id\":\"https:\/\/baumev.de\/en\/auszeichnung-fuer-gelebte-nachhaltigkeit-baum-wuerdigt-fuenf-zukunftsgestalterinnen-und-gestalter\/#breadcrumb\",\"itemListElement\":[{\"@type\":\"ListItem\",\"position\":1,\"name\":\"Startseite\",\"item\":\"https:\/\/baumev.de\/en\/\"},{\"@type\":\"ListItem\",\"position\":2,\"name\":\"Auszeichnung f\u00fcr gelebte Nachhaltigkeit: BAUM w\u00fcrdigt f\u00fcnf Zukunftsgestalterinnen und -gestalter\"}]},{\"@type\":\"WebSite\",\"@id\":\"\/#website\",\"url\":\"\/\",\"name\":\"BAUM e.V.\",\"description\":\"BAUM e.V. \u2013 Netzwerk f\u00fcr nachhaltiges Wirtschaften\",\"publisher\":{\"@id\":\"\/#organization\"},\"potentialAction\":[{\"@type\":\"SearchAction\",\"target\":{\"@type\":\"EntryPoint\",\"urlTemplate\":\"\/?s={search_term_string}\"},\"query-input\":{\"@type\":\"PropertyValueSpecification\",\"valueRequired\":true,\"valueName\":\"search_term_string\"}}],\"inLanguage\":\"en-GB\"},{\"@type\":\"Organization\",\"@id\":\"\/#organization\",\"name\":\"BAUM e.V.\",\"alternateName\":\"Bundesdeutscher Arbeitskreis f\u00fcr Umweltbewusstes Management\",\"url\":\"\/\",\"logo\":{\"@type\":\"ImageObject\",\"inLanguage\":\"en-GB\",\"@id\":\"\/#\/schema\/logo\/image\/\",\"url\":\"https:\/\/baumev.de\/wp-content\/uploads\/2025\/04\/Element-1.svg\",\"contentUrl\":\"https:\/\/baumev.de\/wp-content\/uploads\/2025\/04\/Element-1.svg\",\"width\":\"1024\",\"height\":\"1024\",\"caption\":\"BAUM e.V.\"},\"image\":{\"@id\":\"\/#\/schema\/logo\/image\/\"},\"sameAs\":[\"https:\/\/www.linkedin.com\/company\/baum-ev\"]},{\"@type\":\"Person\",\"@id\":\"\/#\/schema\/person\/7cca3fa2dd5ee9056656013035fb46db\",\"name\":\"Katrin Wippich\"}]}<\/script>\n<!-- \/ Yoast SEO plugin. -->","yoast_head_json":{"title":"Auszeichnung f\u00fcr gelebte Nachhaltigkeit: BAUM w\u00fcrdigt f\u00fcnf Zukunftsgestalterinnen und -gestalter - BAUM e.V.","robots":{"index":"index","follow":"follow","max-snippet":"max-snippet:-1","max-image-preview":"max-image-preview:large","max-video-preview":"max-video-preview:-1"},"canonical":"https:\/\/baumev.de\/en\/auszeichnung-fuer-gelebte-nachhaltigkeit-baum-wuerdigt-fuenf-zukunftsgestalterinnen-und-gestalter\/","og_locale":"en_GB","og_type":"article","og_title":"Auszeichnung f\u00fcr gelebte Nachhaltigkeit: BAUM w\u00fcrdigt f\u00fcnf Zukunftsgestalterinnen und -gestalter - BAUM e.V.","og_description":"\"Welche Wirtschaft wollen wir?\u201c, erforscht BAUM auf seiner diesj\u00e4hrigen Tagung am 11.\/12. November in Dortmund. Das in Hamburg ans\u00e4ssige Unternehmensnetzwerk entwirft Zukunftsbilder f\u00fcr eine nachhaltige Wirtschaft und Gesellschaft.","og_url":"https:\/\/baumev.de\/en\/auszeichnung-fuer-gelebte-nachhaltigkeit-baum-wuerdigt-fuenf-zukunftsgestalterinnen-und-gestalter\/","og_site_name":"BAUM e.V.","article_published_time":"2025-11-11T08:55:27+00:00","article_modified_time":"2025-11-13T09:18:27+00:00","og_image":[{"width":2560,"height":1707,"url":"https:\/\/baumev.de\/wp-content\/uploads\/2025\/11\/bundesumweltminister_carsten_schneider_1-scaled.jpg","type":"image\/jpeg"}],"author":"Katrin Wippich","twitter_card":"summary_large_image","twitter_misc":{"Written by":"Katrin Wippich","Estimated reading time":"3 minutes"},"schema":{"@context":"https:\/\/schema.org","@graph":[{"@type":"Article","@id":"https:\/\/baumev.de\/en\/auszeichnung-fuer-gelebte-nachhaltigkeit-baum-wuerdigt-fuenf-zukunftsgestalterinnen-und-gestalter\/#article","isPartOf":{"@id":"https:\/\/baumev.de\/en\/auszeichnung-fuer-gelebte-nachhaltigkeit-baum-wuerdigt-fuenf-zukunftsgestalterinnen-und-gestalter\/"},"author":{"name":"Katrin Wippich","@id":"\/#\/schema\/person\/7cca3fa2dd5ee9056656013035fb46db"},"headline":"Auszeichnung f\u00fcr gelebte Nachhaltigkeit: BAUM w\u00fcrdigt f\u00fcnf Zukunftsgestalterinnen und -gestalter","datePublished":"2025-11-11T08:55:27+00:00","dateModified":"2025-11-13T09:18:27+00:00","mainEntityOfPage":{"@id":"https:\/\/baumev.de\/en\/auszeichnung-fuer-gelebte-nachhaltigkeit-baum-wuerdigt-fuenf-zukunftsgestalterinnen-und-gestalter\/"},"wordCount":433,"publisher":{"@id":"\/#organization"},"image":{"@id":"https:\/\/baumev.de\/en\/auszeichnung-fuer-gelebte-nachhaltigkeit-baum-wuerdigt-fuenf-zukunftsgestalterinnen-und-gestalter\/#primaryimage"},"thumbnailUrl":"https:\/\/baumev.de\/wp-content\/uploads\/2025\/11\/bundesumweltminister_carsten_schneider_1-scaled.jpg","articleSection":["Insights &amp; Perspectives","Press releases","Unkategorisiert"],"inLanguage":"en-GB"},{"@type":"WebPage","@id":"https:\/\/baumev.de\/en\/auszeichnung-fuer-gelebte-nachhaltigkeit-baum-wuerdigt-fuenf-zukunftsgestalterinnen-und-gestalter\/","url":"https:\/\/baumev.de\/en\/auszeichnung-fuer-gelebte-nachhaltigkeit-baum-wuerdigt-fuenf-zukunftsgestalterinnen-und-gestalter\/","name":"Auszeichnung f\u00fcr gelebte Nachhaltigkeit: BAUM w\u00fcrdigt f\u00fcnf Zukunftsgestalterinnen und -gestalter - BAUM e.V.","isPartOf":{"@id":"\/#website"},"primaryImageOfPage":{"@id":"https:\/\/baumev.de\/en\/auszeichnung-fuer-gelebte-nachhaltigkeit-baum-wuerdigt-fuenf-zukunftsgestalterinnen-und-gestalter\/#primaryimage"},"image":{"@id":"https:\/\/baumev.de\/en\/auszeichnung-fuer-gelebte-nachhaltigkeit-baum-wuerdigt-fuenf-zukunftsgestalterinnen-und-gestalter\/#primaryimage"},"thumbnailUrl":"https:\/\/baumev.de\/wp-content\/uploads\/2025\/11\/bundesumweltminister_carsten_schneider_1-scaled.jpg","datePublished":"2025-11-11T08:55:27+00:00","dateModified":"2025-11-13T09:18:27+00:00","breadcrumb":{"@id":"https:\/\/baumev.de\/en\/auszeichnung-fuer-gelebte-nachhaltigkeit-baum-wuerdigt-fuenf-zukunftsgestalterinnen-und-gestalter\/#breadcrumb"},"inLanguage":"en-GB","potentialAction":[{"@type":"ReadAction","target":["https:\/\/baumev.de\/en\/auszeichnung-fuer-gelebte-nachhaltigkeit-baum-wuerdigt-fuenf-zukunftsgestalterinnen-und-gestalter\/"]}]},{"@type":"ImageObject","inLanguage":"en-GB","@id":"https:\/\/baumev.de\/en\/auszeichnung-fuer-gelebte-nachhaltigkeit-baum-wuerdigt-fuenf-zukunftsgestalterinnen-und-gestalter\/#primaryimage","url":"https:\/\/baumev.de\/wp-content\/uploads\/2025\/11\/bundesumweltminister_carsten_schneider_1-scaled.jpg","contentUrl":"https:\/\/baumev.de\/wp-content\/uploads\/2025\/11\/bundesumweltminister_carsten_schneider_1-scaled.jpg","width":2560,"height":1707,"caption":"Bundesumweltminister Carsten Schneider"},{"@type":"BreadcrumbList","@id":"https:\/\/baumev.de\/en\/auszeichnung-fuer-gelebte-nachhaltigkeit-baum-wuerdigt-fuenf-zukunftsgestalterinnen-und-gestalter\/#breadcrumb","itemListElement":[{"@type":"ListItem","position":1,"name":"Startseite","item":"https:\/\/baumev.de\/en\/"},{"@type":"ListItem","position":2,"name":"Auszeichnung f\u00fcr gelebte Nachhaltigkeit: BAUM w\u00fcrdigt f\u00fcnf Zukunftsgestalterinnen und -gestalter"}]},{"@type":"WebSite","@id":"\/#website","url":"\/","name":"BAUM e.V.","description":"BAUM e.V. \u2013 Netzwerk f\u00fcr nachhaltiges Wirtschaften","publisher":{"@id":"\/#organization"},"potentialAction":[{"@type":"SearchAction","target":{"@type":"EntryPoint","urlTemplate":"\/?s={search_term_string}"},"query-input":{"@type":"PropertyValueSpecification","valueRequired":true,"valueName":"search_term_string"}}],"inLanguage":"en-GB"},{"@type":"Organization","@id":"\/#organization","name":"BAUM e.V.","alternateName":"Bundesdeutscher Arbeitskreis f\u00fcr Umweltbewusstes Management","url":"\/","logo":{"@type":"ImageObject","inLanguage":"en-GB","@id":"\/#\/schema\/logo\/image\/","url":"https:\/\/baumev.de\/wp-content\/uploads\/2025\/04\/Element-1.svg","contentUrl":"https:\/\/baumev.de\/wp-content\/uploads\/2025\/04\/Element-1.svg","width":"1024","height":"1024","caption":"BAUM e.V."},"image":{"@id":"\/#\/schema\/logo\/image\/"},"sameAs":["https:\/\/www.linkedin.com\/company\/baum-ev"]},{"@type":"Person","@id":"\/#\/schema\/person\/7cca3fa2dd5ee9056656013035fb46db","name":"Katrin Wippich"}]}},"_links":{"self":[{"href":"https:\/\/baumev.de\/en\/wp-json\/wp\/v2\/posts\/14715","targetHints":{"allow":["GET"]}}],"collection":[{"href":"https:\/\/baumev.de\/en\/wp-json\/wp\/v2\/posts"}],"about":[{"href":"https:\/\/baumev.de\/en\/wp-json\/wp\/v2\/types\/post"}],"author":[{"embeddable":true,"href":"https:\/\/baumev.de\/en\/wp-json\/wp\/v2\/users\/2"}],"replies":[{"embeddable":true,"href":"https:\/\/baumev.de\/en\/wp-json\/wp\/v2\/comments?post=14715"}],"version-history":[{"count":8,"href":"https:\/\/baumev.de\/en\/wp-json\/wp\/v2\/posts\/14715\/revisions"}],"predecessor-version":[{"id":14946,"href":"https:\/\/baumev.de\/en\/wp-json\/wp\/v2\/posts\/14715\/revisions\/14946"}],"wp:featuredmedia":[{"embeddable":true,"href":"https:\/\/baumev.de\/en\/wp-json\/wp\/v2\/media\/14402"}],"wp:attachment":[{"href":"https:\/\/baumev.de\/en\/wp-json\/wp\/v2\/media?parent=14715"}],"wp:term":[{"taxonomy":"category","embeddable":true,"href":"https:\/\/baumev.de\/en\/wp-json\/wp\/v2\/categories?post=14715"},{"taxonomy":"post_tag","embeddable":true,"href":"https:\/\/baumev.de\/en\/wp-json\/wp\/v2\/tags?post=14715"}],"curies":[{"name":"wp","href":"https:\/\/api.w.org\/{rel}","templated":true}]}}