{"id":14941,"date":"2025-11-13T10:16:11","date_gmt":"2025-11-13T09:16:11","guid":{"rendered":"https:\/\/baumev.de\/?p=14941"},"modified":"2025-11-17T14:06:25","modified_gmt":"2025-11-17T13:06:25","slug":"botschaft-aus-dortmund-jetzt-erst-recht","status":"publish","type":"post","link":"https:\/\/baumev.de\/en\/botschaft-aus-dortmund-jetzt-erst-recht\/","title":{"rendered":"Botschaft aus Dortmund: \u201eJetzt erst recht\u201c"},"content":{"rendered":"<p><strong>Auf der gro\u00dfen BAUM-Tagung in Dortmund diskutierten Nachhaltigkeitsengagierte aus Wirtschaft, Wissenschaft und Verb\u00e4nden, wie die Transformation zu einer sozial-\u00f6kologischen Marktwirtschaft gelingen kann. Positive Zukunftsvisionen sind motivierende Leitbilder. Nachhaltigkeit muss in Wirtschaft und Gesellschaft zum neuen Normal werden.<\/strong><\/p>\n<p>Rund 300 Nachhaltigkeitsengagierte kamen auf Einladung von BAUM am 11.\/12. November in Dortmund zusammen, um Zukunftsbilder f\u00fcr eine nachhaltige Wirtschaft und Gesellschaft zu diskutieren.<\/p>\n<h3>Anreize f\u00fcr eine nachhaltige Wirtschaftspraxis setzen<\/h3>\n<p>Am ersten Tag der zweit\u00e4gigen Veranstaltung diskutierte ein Panel, ausgehend von EU-Regularien und Standardsetzung, wie sich marktbasierte Anreize f\u00fcr eine nachhaltige Wirtschaftspraxis und die Integration \u00f6kologischer, gesellschaftlicher und Governance-Risiken in die unternehmerische Gesamtbilanz vorantreiben lassen. Viel Applaus gab es aus dem Publikum f\u00fcr die Forderung von Charlotte Beck (Sprecherin des Beirats Unternehmen von BAUM), Nachhaltigkeit d\u00fcrfe in Unternehmen keine \u201eHerzensangelegenheit\u201c mehr sein, sondern m\u00fcsse zu einem gleichberechtigten Thema des Managements werden \u2013 nur das sei dem Risiko angemessen.<\/p>\n<p>Die Diskussion machte deutlich: Die EU hat es vers\u00e4umt, ihre Regulatorik durch pragmatische Hilfestellungen zu begleiten. Unternehmen und Politik sprechen zudem noch keine gemeinsame Sprache, wenn es um Nachhaltigkeit geht. Hier ist \u00dcbersetzungsarbeit notwendig, die Verb\u00e4nde wie BAUM leisten k\u00f6nnen.<\/p>\n<h3>Zielbilder f\u00fcr eine zukunftsorientierte Wirtschaftspolitik<\/h3>\n<p>Am zweiten Veranstaltungstag diskutierten die Teilnehmenden im interaktiven World Caf\u00e9 Zielbilder f\u00fcr eine zukunftsorientierte Wirtschaftspolitik und nahmen zielf\u00fchrende Kommunikation von Unternehmen gegen\u00fcber Investoren, Kundschaft und Politik in den Blick. Christian Eichenberger (Vorstandsvorsitzender der Rent.Group) betonte, Kreislaufwirtschaftsmodelle k\u00f6nnten durchaus wirtschaftlich sein, wenn sie skalierten. Wichtige Voraussetzung daf\u00fcr: Courage.<\/p>\n<p>Aus dem Publikum kam die Frage, warum es nicht gelinge, analog zu Unternehmen auch f\u00fcr den Wirtschaftsstandort Deutschland insgesamt eine positive Vision zu entwickeln. Darauf entgegnete Dr. Daniela B\u00fcchel (Mitglied des Vorstands \u2013 Human Resources und Nachhaltigkeit der REWE Group), es gebe bereits gute Ans\u00e4tze; sie nehme aktuell eine Stimmung von \u201eJetzt erst recht\u201c wahr. Wichtig sei, dass Europa zusammenstehe.<\/p>\n<p>Moderatorin Tina Teucher und Boris Lebedev, Transformationsbegleiter bei Reinventing Society, demonstrierten in ihrem Impuls die produktive Irritation, die durch Unerwartetes entsteht.<\/p>\n<h3>Impuls f\u00fcr eine sozial-\u00f6kologische Marktwirtschaft<\/h3>\n<p>Bereits vor der Tagung hatte BAUM zum Auftakt eines Diskussionsprozesses ein Impuls-Papier zu einer sozial-\u00f6kologischen Marktwirtschaft ver\u00f6ffentlicht. Das Unternehmensnetzwerk entwirft darin die Vision eines zukunftsf\u00e4higen Marktdesigns, das die Wirtschaft in Deutschland und Europa st\u00e4rkt. Am 9. Januar 2026 haben Vertreterinnen und Vertreter von BAUM Gelegenheit, ihre Anliegen Bundesumweltminister Carsten Schneider vorzustellen. Im Anschluss ist die breitere \u00d6ffentlichkeit zum Neujahrsempfang von BAUM eingeladen. Hier werden Eindr\u00fccke aus dem Gespr\u00e4ch einflie\u00dfen, und die BAUM-Vorsitzende Yvonne Zwick gibt einen Ausblick auf das kommende Jahr: Das Unternehmensnetzwerk hat \u201eChancen- und Risikomanagement\u201c zu seinem Schwerpunktthema 2026 gew\u00e4hlt.<\/p>\n<h3>Welche Wirtschaft wollen wir?<\/h3>\n<p>Die BAUM-Tagung stand unter der \u00dcberschrift \u201eWelche Wirtschaft wollen wir?\u201c \u201eWir wollen eine Wirtschaft, die funktioniert\u201c, so die Antwort von Prof. Dr. Jochen Pampel (Sprecher des Kuratoriums Wissenschaft von BAUM). Das Thema Klima sei vor allem ein Gestaltungsproblem, f\u00fchrte er aus. Die Frage, \u00fcber die es eine Verst\u00e4ndigung von Politik, Wirtschaft und Gesellschaft brauche, sei: \u201eWelches Klima wollen wir?\u201c<\/p>\n<p><a href=\"https:\/\/baumev.de\/wp-content\/uploads\/2025\/11\/251113_PM_BAUM-Tagung.pdf\" target=\"_blank\" rel=\"noopener\">Presse-Information als PDF<\/a><\/p>\n","protected":false},"excerpt":{"rendered":"<p>Auf der gro\u00dfen BAUM-Tagung in Dortmund diskutierten Nachhaltigkeitsengagierte aus Wirtschaft, Wissenschaft und Verb\u00e4nden, wie die Transformation zu einer sozial-\u00f6kologischen Marktwirtschaft gelingen kann.<\/p>\n","protected":false},"author":2,"featured_media":15175,"comment_status":"closed","ping_status":"closed","sticky":false,"template":"","format":"standard","meta":{"_acf_changed":false,"_et_pb_use_builder":"","_et_pb_old_content":"","_et_gb_content_width":"","inline_featured_image":false,"footnotes":""},"categories":[18,10],"tags":[],"class_list":["post-14941","post","type-post","status-publish","format-standard","has-post-thumbnail","hentry","category-news","category-pressemitteilungen"],"acf":[],"yoast_head":"<!-- This site is optimized with the Yoast SEO plugin v27.2 - https:\/\/yoast.com\/product\/yoast-seo-wordpress\/ -->\n<title>Botschaft aus Dortmund: \u201eJetzt erst recht\u201c - BAUM e.V.<\/title>\n<meta name=\"description\" content=\"Auf der gro\u00dfen BAUM-Tagung in Dortmund diskutierten Nachhaltigkeitsengagierte aus Wirtschaft, Wissenschaft und Verb\u00e4nden, wie die Transformation zu einer sozial-\u00f6kologischen Marktwirtschaft gelingen kann.\" \/>\n<meta name=\"robots\" content=\"index, follow, max-snippet:-1, max-image-preview:large, max-video-preview:-1\" \/>\n<link rel=\"canonical\" href=\"https:\/\/baumev.de\/en\/botschaft-aus-dortmund-jetzt-erst-recht\/\" \/>\n<meta property=\"og:locale\" content=\"en_GB\" \/>\n<meta property=\"og:type\" content=\"article\" \/>\n<meta property=\"og:title\" content=\"Botschaft aus Dortmund: \u201eJetzt erst recht\u201c - BAUM e.V.\" \/>\n<meta property=\"og:description\" content=\"Auf der gro\u00dfen BAUM-Tagung in Dortmund diskutierten Nachhaltigkeitsengagierte aus Wirtschaft, Wissenschaft und Verb\u00e4nden, wie die Transformation zu einer sozial-\u00f6kologischen Marktwirtschaft gelingen kann.\" \/>\n<meta property=\"og:url\" content=\"https:\/\/baumev.de\/en\/botschaft-aus-dortmund-jetzt-erst-recht\/\" \/>\n<meta property=\"og:site_name\" content=\"BAUM e.V.\" \/>\n<meta property=\"article:published_time\" content=\"2025-11-13T09:16:11+00:00\" \/>\n<meta property=\"article:modified_time\" content=\"2025-11-17T13:06:25+00:00\" \/>\n<meta property=\"og:image\" content=\"https:\/\/baumev.de\/wp-content\/uploads\/2025\/11\/25-11-12-1427-scaled.jpg\" \/>\n\t<meta property=\"og:image:width\" content=\"2560\" \/>\n\t<meta property=\"og:image:height\" content=\"1707\" \/>\n\t<meta property=\"og:image:type\" content=\"image\/jpeg\" \/>\n<meta name=\"author\" content=\"Katrin Wippich\" \/>\n<meta name=\"twitter:card\" content=\"summary_large_image\" \/>\n<meta name=\"twitter:label1\" content=\"Written by\" \/>\n\t<meta name=\"twitter:data1\" content=\"Katrin Wippich\" \/>\n\t<meta name=\"twitter:label2\" content=\"Estimated reading time\" \/>\n\t<meta name=\"twitter:data2\" content=\"3 minutes\" \/>\n<script type=\"application\/ld+json\" class=\"yoast-schema-graph\">{\"@context\":\"https:\/\/schema.org\",\"@graph\":[{\"@type\":\"Article\",\"@id\":\"https:\/\/baumev.de\/en\/botschaft-aus-dortmund-jetzt-erst-recht\/#article\",\"isPartOf\":{\"@id\":\"https:\/\/baumev.de\/en\/botschaft-aus-dortmund-jetzt-erst-recht\/\"},\"author\":{\"name\":\"Katrin Wippich\",\"@id\":\"\/#\/schema\/person\/7cca3fa2dd5ee9056656013035fb46db\"},\"headline\":\"Botschaft aus Dortmund: \u201eJetzt erst recht\u201c\",\"datePublished\":\"2025-11-13T09:16:11+00:00\",\"dateModified\":\"2025-11-17T13:06:25+00:00\",\"mainEntityOfPage\":{\"@id\":\"https:\/\/baumev.de\/en\/botschaft-aus-dortmund-jetzt-erst-recht\/\"},\"wordCount\":515,\"publisher\":{\"@id\":\"\/#organization\"},\"image\":{\"@id\":\"https:\/\/baumev.de\/en\/botschaft-aus-dortmund-jetzt-erst-recht\/#primaryimage\"},\"thumbnailUrl\":\"https:\/\/baumev.de\/wp-content\/uploads\/2025\/11\/25-11-12-1427-scaled.jpg\",\"articleSection\":[\"Einblicke &amp; Perspektiven\",\"Pressemitteilungen\"],\"inLanguage\":\"en-GB\"},{\"@type\":\"WebPage\",\"@id\":\"https:\/\/baumev.de\/en\/botschaft-aus-dortmund-jetzt-erst-recht\/\",\"url\":\"https:\/\/baumev.de\/en\/botschaft-aus-dortmund-jetzt-erst-recht\/\",\"name\":\"Botschaft aus Dortmund: \u201eJetzt erst recht\u201c - BAUM e.V.\",\"isPartOf\":{\"@id\":\"\/#website\"},\"primaryImageOfPage\":{\"@id\":\"https:\/\/baumev.de\/en\/botschaft-aus-dortmund-jetzt-erst-recht\/#primaryimage\"},\"image\":{\"@id\":\"https:\/\/baumev.de\/en\/botschaft-aus-dortmund-jetzt-erst-recht\/#primaryimage\"},\"thumbnailUrl\":\"https:\/\/baumev.de\/wp-content\/uploads\/2025\/11\/25-11-12-1427-scaled.jpg\",\"datePublished\":\"2025-11-13T09:16:11+00:00\",\"dateModified\":\"2025-11-17T13:06:25+00:00\",\"description\":\"Auf der gro\u00dfen BAUM-Tagung in Dortmund diskutierten Nachhaltigkeitsengagierte aus Wirtschaft, Wissenschaft und Verb\u00e4nden, wie die Transformation zu einer sozial-\u00f6kologischen Marktwirtschaft gelingen kann.\",\"breadcrumb\":{\"@id\":\"https:\/\/baumev.de\/en\/botschaft-aus-dortmund-jetzt-erst-recht\/#breadcrumb\"},\"inLanguage\":\"en-GB\",\"potentialAction\":[{\"@type\":\"ReadAction\",\"target\":[\"https:\/\/baumev.de\/en\/botschaft-aus-dortmund-jetzt-erst-recht\/\"]}]},{\"@type\":\"ImageObject\",\"inLanguage\":\"en-GB\",\"@id\":\"https:\/\/baumev.de\/en\/botschaft-aus-dortmund-jetzt-erst-recht\/#primaryimage\",\"url\":\"https:\/\/baumev.de\/wp-content\/uploads\/2025\/11\/25-11-12-1427-scaled.jpg\",\"contentUrl\":\"https:\/\/baumev.de\/wp-content\/uploads\/2025\/11\/25-11-12-1427-scaled.jpg\",\"width\":2560,\"height\":1707,\"caption\":\"Christian Eichenberger (Vorstandsvorsitzender, Rent.Group), Dr. Daniela B\u00fcchel (Mitglied des Vorstands \u2013 Human Resources und Nachhaltigkeit, REWE Group), Ulrike Stroh (Senior Consultant for ESG Compliance, Strategy & Transformation, Lufthansa Industry Solutions), Yvonne Zwick (Vorsitzende, BAUM e.V.)\"},{\"@type\":\"BreadcrumbList\",\"@id\":\"https:\/\/baumev.de\/en\/botschaft-aus-dortmund-jetzt-erst-recht\/#breadcrumb\",\"itemListElement\":[{\"@type\":\"ListItem\",\"position\":1,\"name\":\"Startseite\",\"item\":\"https:\/\/baumev.de\/en\/\"},{\"@type\":\"ListItem\",\"position\":2,\"name\":\"Botschaft aus Dortmund: \u201eJetzt erst recht\u201c\"}]},{\"@type\":\"WebSite\",\"@id\":\"\/#website\",\"url\":\"\/\",\"name\":\"BAUM e.V.\",\"description\":\"BAUM e.V. \u2013 Netzwerk f\u00fcr nachhaltiges Wirtschaften\",\"publisher\":{\"@id\":\"\/#organization\"},\"potentialAction\":[{\"@type\":\"SearchAction\",\"target\":{\"@type\":\"EntryPoint\",\"urlTemplate\":\"\/?s={search_term_string}\"},\"query-input\":{\"@type\":\"PropertyValueSpecification\",\"valueRequired\":true,\"valueName\":\"search_term_string\"}}],\"inLanguage\":\"en-GB\"},{\"@type\":\"Organization\",\"@id\":\"\/#organization\",\"name\":\"BAUM e.V.\",\"alternateName\":\"Bundesdeutscher Arbeitskreis f\u00fcr Umweltbewusstes Management\",\"url\":\"\/\",\"logo\":{\"@type\":\"ImageObject\",\"inLanguage\":\"en-GB\",\"@id\":\"\/#\/schema\/logo\/image\/\",\"url\":\"https:\/\/baumev.de\/wp-content\/uploads\/2025\/04\/Element-1.svg\",\"contentUrl\":\"https:\/\/baumev.de\/wp-content\/uploads\/2025\/04\/Element-1.svg\",\"width\":\"1024\",\"height\":\"1024\",\"caption\":\"BAUM e.V.\"},\"image\":{\"@id\":\"\/#\/schema\/logo\/image\/\"},\"sameAs\":[\"https:\/\/www.linkedin.com\/company\/baum-ev\"]},{\"@type\":\"Person\",\"@id\":\"\/#\/schema\/person\/7cca3fa2dd5ee9056656013035fb46db\",\"name\":\"Katrin Wippich\"}]}<\/script>\n<!-- \/ Yoast SEO plugin. -->","yoast_head_json":{"title":"Botschaft aus Dortmund: \u201eJetzt erst recht\u201c - BAUM e.V.","description":"Auf der gro\u00dfen BAUM-Tagung in Dortmund diskutierten Nachhaltigkeitsengagierte aus Wirtschaft, Wissenschaft und Verb\u00e4nden, wie die Transformation zu einer sozial-\u00f6kologischen Marktwirtschaft gelingen kann.","robots":{"index":"index","follow":"follow","max-snippet":"max-snippet:-1","max-image-preview":"max-image-preview:large","max-video-preview":"max-video-preview:-1"},"canonical":"https:\/\/baumev.de\/en\/botschaft-aus-dortmund-jetzt-erst-recht\/","og_locale":"en_GB","og_type":"article","og_title":"Botschaft aus Dortmund: \u201eJetzt erst recht\u201c - BAUM e.V.","og_description":"Auf der gro\u00dfen BAUM-Tagung in Dortmund diskutierten Nachhaltigkeitsengagierte aus Wirtschaft, Wissenschaft und Verb\u00e4nden, wie die Transformation zu einer sozial-\u00f6kologischen Marktwirtschaft gelingen kann.","og_url":"https:\/\/baumev.de\/en\/botschaft-aus-dortmund-jetzt-erst-recht\/","og_site_name":"BAUM e.V.","article_published_time":"2025-11-13T09:16:11+00:00","article_modified_time":"2025-11-17T13:06:25+00:00","og_image":[{"width":2560,"height":1707,"url":"https:\/\/baumev.de\/wp-content\/uploads\/2025\/11\/25-11-12-1427-scaled.jpg","type":"image\/jpeg"}],"author":"Katrin Wippich","twitter_card":"summary_large_image","twitter_misc":{"Written by":"Katrin Wippich","Estimated reading time":"3 minutes"},"schema":{"@context":"https:\/\/schema.org","@graph":[{"@type":"Article","@id":"https:\/\/baumev.de\/en\/botschaft-aus-dortmund-jetzt-erst-recht\/#article","isPartOf":{"@id":"https:\/\/baumev.de\/en\/botschaft-aus-dortmund-jetzt-erst-recht\/"},"author":{"name":"Katrin Wippich","@id":"\/#\/schema\/person\/7cca3fa2dd5ee9056656013035fb46db"},"headline":"Botschaft aus Dortmund: \u201eJetzt erst recht\u201c","datePublished":"2025-11-13T09:16:11+00:00","dateModified":"2025-11-17T13:06:25+00:00","mainEntityOfPage":{"@id":"https:\/\/baumev.de\/en\/botschaft-aus-dortmund-jetzt-erst-recht\/"},"wordCount":515,"publisher":{"@id":"\/#organization"},"image":{"@id":"https:\/\/baumev.de\/en\/botschaft-aus-dortmund-jetzt-erst-recht\/#primaryimage"},"thumbnailUrl":"https:\/\/baumev.de\/wp-content\/uploads\/2025\/11\/25-11-12-1427-scaled.jpg","articleSection":["Einblicke &amp; Perspektiven","Pressemitteilungen"],"inLanguage":"en-GB"},{"@type":"WebPage","@id":"https:\/\/baumev.de\/en\/botschaft-aus-dortmund-jetzt-erst-recht\/","url":"https:\/\/baumev.de\/en\/botschaft-aus-dortmund-jetzt-erst-recht\/","name":"Botschaft aus Dortmund: \u201eJetzt erst recht\u201c - BAUM e.V.","isPartOf":{"@id":"\/#website"},"primaryImageOfPage":{"@id":"https:\/\/baumev.de\/en\/botschaft-aus-dortmund-jetzt-erst-recht\/#primaryimage"},"image":{"@id":"https:\/\/baumev.de\/en\/botschaft-aus-dortmund-jetzt-erst-recht\/#primaryimage"},"thumbnailUrl":"https:\/\/baumev.de\/wp-content\/uploads\/2025\/11\/25-11-12-1427-scaled.jpg","datePublished":"2025-11-13T09:16:11+00:00","dateModified":"2025-11-17T13:06:25+00:00","description":"Auf der gro\u00dfen BAUM-Tagung in Dortmund diskutierten Nachhaltigkeitsengagierte aus Wirtschaft, Wissenschaft und Verb\u00e4nden, wie die Transformation zu einer sozial-\u00f6kologischen Marktwirtschaft gelingen kann.","breadcrumb":{"@id":"https:\/\/baumev.de\/en\/botschaft-aus-dortmund-jetzt-erst-recht\/#breadcrumb"},"inLanguage":"en-GB","potentialAction":[{"@type":"ReadAction","target":["https:\/\/baumev.de\/en\/botschaft-aus-dortmund-jetzt-erst-recht\/"]}]},{"@type":"ImageObject","inLanguage":"en-GB","@id":"https:\/\/baumev.de\/en\/botschaft-aus-dortmund-jetzt-erst-recht\/#primaryimage","url":"https:\/\/baumev.de\/wp-content\/uploads\/2025\/11\/25-11-12-1427-scaled.jpg","contentUrl":"https:\/\/baumev.de\/wp-content\/uploads\/2025\/11\/25-11-12-1427-scaled.jpg","width":2560,"height":1707,"caption":"Christian Eichenberger (Vorstandsvorsitzender, Rent.Group), Dr. Daniela B\u00fcchel (Mitglied des Vorstands \u2013 Human Resources und Nachhaltigkeit, REWE Group), Ulrike Stroh (Senior Consultant for ESG Compliance, Strategy & Transformation, Lufthansa Industry Solutions), Yvonne Zwick (Vorsitzende, BAUM e.V.)"},{"@type":"BreadcrumbList","@id":"https:\/\/baumev.de\/en\/botschaft-aus-dortmund-jetzt-erst-recht\/#breadcrumb","itemListElement":[{"@type":"ListItem","position":1,"name":"Startseite","item":"https:\/\/baumev.de\/en\/"},{"@type":"ListItem","position":2,"name":"Botschaft aus Dortmund: \u201eJetzt erst recht\u201c"}]},{"@type":"WebSite","@id":"\/#website","url":"\/","name":"BAUM e.V.","description":"BAUM e.V. \u2013 Netzwerk f\u00fcr nachhaltiges Wirtschaften","publisher":{"@id":"\/#organization"},"potentialAction":[{"@type":"SearchAction","target":{"@type":"EntryPoint","urlTemplate":"\/?s={search_term_string}"},"query-input":{"@type":"PropertyValueSpecification","valueRequired":true,"valueName":"search_term_string"}}],"inLanguage":"en-GB"},{"@type":"Organization","@id":"\/#organization","name":"BAUM e.V.","alternateName":"Bundesdeutscher Arbeitskreis f\u00fcr Umweltbewusstes Management","url":"\/","logo":{"@type":"ImageObject","inLanguage":"en-GB","@id":"\/#\/schema\/logo\/image\/","url":"https:\/\/baumev.de\/wp-content\/uploads\/2025\/04\/Element-1.svg","contentUrl":"https:\/\/baumev.de\/wp-content\/uploads\/2025\/04\/Element-1.svg","width":"1024","height":"1024","caption":"BAUM e.V."},"image":{"@id":"\/#\/schema\/logo\/image\/"},"sameAs":["https:\/\/www.linkedin.com\/company\/baum-ev"]},{"@type":"Person","@id":"\/#\/schema\/person\/7cca3fa2dd5ee9056656013035fb46db","name":"Katrin Wippich"}]}},"_links":{"self":[{"href":"https:\/\/baumev.de\/en\/wp-json\/wp\/v2\/posts\/14941","targetHints":{"allow":["GET"]}}],"collection":[{"href":"https:\/\/baumev.de\/en\/wp-json\/wp\/v2\/posts"}],"about":[{"href":"https:\/\/baumev.de\/en\/wp-json\/wp\/v2\/types\/post"}],"author":[{"embeddable":true,"href":"https:\/\/baumev.de\/en\/wp-json\/wp\/v2\/users\/2"}],"replies":[{"embeddable":true,"href":"https:\/\/baumev.de\/en\/wp-json\/wp\/v2\/comments?post=14941"}],"version-history":[{"count":5,"href":"https:\/\/baumev.de\/en\/wp-json\/wp\/v2\/posts\/14941\/revisions"}],"predecessor-version":[{"id":15176,"href":"https:\/\/baumev.de\/en\/wp-json\/wp\/v2\/posts\/14941\/revisions\/15176"}],"wp:featuredmedia":[{"embeddable":true,"href":"https:\/\/baumev.de\/en\/wp-json\/wp\/v2\/media\/15175"}],"wp:attachment":[{"href":"https:\/\/baumev.de\/en\/wp-json\/wp\/v2\/media?parent=14941"}],"wp:term":[{"taxonomy":"category","embeddable":true,"href":"https:\/\/baumev.de\/en\/wp-json\/wp\/v2\/categories?post=14941"},{"taxonomy":"post_tag","embeddable":true,"href":"https:\/\/baumev.de\/en\/wp-json\/wp\/v2\/tags?post=14941"}],"curies":[{"name":"wp","href":"https:\/\/api.w.org\/{rel}","templated":true}]}}