{"id":15558,"date":"2025-11-25T10:42:54","date_gmt":"2025-11-25T09:42:54","guid":{"rendered":"https:\/\/baumev.de\/?p=15558"},"modified":"2025-12-02T08:05:25","modified_gmt":"2025-12-02T07:05:25","slug":"30-jahre-emas-ein-nachhaltiger-erfolg","status":"publish","type":"post","link":"https:\/\/baumev.de\/en\/30-jahre-emas-ein-nachhaltiger-erfolg\/","title":{"rendered":"30 Jahre EMAS \u2013 ein nachhaltiger Erfolg"},"content":{"rendered":"<p>Seit drei Jahrzehnten steht EMAS f\u00fcr Transparenz, Innovation und nachhaltiges Wirtschaften. EMAS ist mehr als ein Standard: Es ist ein Beweis daf\u00fcr, dass Verantwortung f\u00fcr die Umwelt und wirtschaftlicher Erfolg Hand in Hand gehen k\u00f6nnen. Am 13. November moderierte die BAUM-Vorsitzende Yvonne Zwick eine Tagung anl\u00e4sslich des 30-j\u00e4hrigen Jubil\u00e4ums dieses freiwilligen europ\u00e4ischen Umweltmanagementsystems.<\/p>\n<p>BAUM ist heute ein starkes Netzwerk f\u00fcr nachhaltiges Wirtschaften in Deutschland und Europa \u2013 seine Wurzel gr\u00fcnden im Umweltmanagement. Dadurch ergibt sich seit jeher eine N\u00e4he zu EMAS, dem Eco-Management and Audit Scheme der EU.<\/p>\n<p>Zur Begr\u00fc\u00dfung sprachen am 13. November im Haus der deutschen Wirtschaft in Berlin Sofie Geisel (Gesch\u00e4ftsf\u00fchrerin der DIHK Service GmbH und Mitglied der Hauptgesch\u00e4ftsf\u00fchrung), Markus Gallander (Abteilungsleiter f\u00fcr Grundsatzfragen im Bundesministerium f\u00fcr Umwelt, Klimaschutz, Naturschutz und nukleare Sicherheit) und sein \u00f6sterreichischer Kollege Christian Holzer (Sektionschef im Bundesministerium f\u00fcr Land- und Forstwirtschaft, Klima und Umweltschutz, Regionen und Wasserwirtschaft).<\/p>\n<p>Im Anschluss berichteten die Umweltgutachter:innen Anneli Fischer (Head of Corporate Sales, Quality Austria Consulting GmbH) und Thorsten Grantner (Gesch\u00e4ftsf\u00fchrer, <a href=\"https:\/\/baumev.de\/ki-als-arbeitsmittel-der-zukunft-ein-werkstattbericht\/\" target=\"_blank\" rel=\"noopener\">OmniCert Umweltgutachter<\/a> GmbH) aus der Praxis. Sie sprachen \u00fcber Herausforderungen ihres Berufsalltags, beschrieben die gr\u00f6\u00dften H\u00fcrden f\u00fcr Unternehmen bei der EMAS-Einf\u00fchrung \u2013 und wie sie sich \u00fcberwinden lassen.<\/p>\n<p>Die Tagung unterstrich erneut: EMAS ist kein starres System, sondern ein lebendiger Prozess \u2013 mit Herausforderungen, aber auch mit enormem Potenzial. In moderierten Arbeitsgruppen waren die Teilnehmenden eingeladen, EMAS weiterzudenken und W\u00fcnsche an die Politik \u2013 auf nationaler und EU-Ebene \u2013 zu formulieren.<\/p>\n<h3>Preistr\u00e4ger aus Deutschland und \u00d6sterreich<\/h3>\n<p>H\u00f6hepunkt der Tagung war die Verleihung des deutsch-\u00f6sterreichischen<a href=\"https:\/\/www.bundesumweltministerium.de\/pressemitteilung\/erfolgsgeschichten-aus-30-jahren-umweltmanagement-mit-emas-praemiert\" target=\"_blank\" rel=\"noopener\"> Umweltmanagement-Preises 2025<\/a>. Ausgezeichnet wurden in zwei Kategorien je sechs Unternehmen aus Deutschland und \u00d6sterreich, darunter das BAUM-Mitglied Werner &amp; Mertz GmbH.<\/p>\n<p><strong>Kategorie \u201eBeste Ma\u00dfnahme zur Verbesserung der Umweltleistung\u201c<\/strong><\/p>\n<ul>\n<li>Gruppe &#8220;Pioniere&#8221;: Werner &amp; Mertz GmbH (D) und LAUFEN Austria AG (A)<\/li>\n<li>Gruppe &#8220;Erfahrene&#8221;: H\u00f6chstleistungsrechenzentrum mit Institut f\u00fcr H\u00f6chstleistungsrechnen der Universit\u00e4t Stuttgart (D) und hollu Systemhygiene (A)<\/li>\n<li>Gruppe &#8220;Neuzug\u00e4nge&#8221;: LWL-Klinik Hemer, Hans-Prinzhorn-Klinik (D) und Vinzenz Gruppe (A)<\/li>\n<\/ul>\n<p><strong>Kategorie \u201eBeste Ma\u00dfnahme zur Kommunikation und Beteiligung\u201c<\/strong><\/p>\n<ul>\n<li>Gruppe &#8220;Pioniere&#8221;: Schw\u00f6rerHaus KG (D) und Adler-Werk Lackfabrik (A)<\/li>\n<li>Gruppe &#8220;Erfahrene&#8221;: Hochschule Esslingen (D) und Lebenswelten der Barmherzigen Br\u00fcder \u2013 Steiermark (A)<\/li>\n<li>Gruppe &#8220;Neuzug\u00e4nge&#8221;: naturenergie holding AG (D) und ProSiebenSat.1Puls 4 ATV Gruppe (A)<\/li>\n<\/ul>\n<p>Im Rahmen der BAUM-Tagung war am 11. November das <a href=\"https:\/\/umwelt.nrw.de\/25-jahre-oekoprofitr-nrw-ein-vierteljahrhundert-gelebter-umwelt-und-klimaschutz\" target=\"_blank\" rel=\"noopener\">25-j\u00e4hrige Jubil\u00e4um von \u00d6KOPROFIT\u00ae in Nordrhein-Westfalen<\/a> begangen worden. Auch dies ist eine Erfolgsgeschichte, die nachhaltiges Wirtschaften konkret werden l\u00e4sst.<\/p>\n<hr \/>\n<p>M\u00f6chten auch Sie Yvonne Zwick als Moderatorin, Rednerin oder Gespr\u00e4chspartnerin in Strategiefragen anfragen? Details finden Sie in ihrer <a href=\"https:\/\/baumev.de\/wp-content\/uploads\/2025\/11\/251125_Sprecherinnenkarte_Yvonne_Zwick.pdf\" target=\"_blank\" rel=\"noopener\">Speaker-Card<\/a>.<\/p>\n","protected":false},"excerpt":{"rendered":"<p>Seit drei Jahrzehnten steht EMAS f\u00fcr Transparenz, Innovation und nachhaltiges Wirtschaften. Am 13. November moderierte die BAUM-Vorsitzende Yvonne Zwick eine Tagung anl\u00e4sslich des 30-j\u00e4hrigen Jubil\u00e4ums dieses freiwilligen europ\u00e4ischen Umweltmanagementsystems.<\/p>\n","protected":false},"author":2,"featured_media":15559,"comment_status":"closed","ping_status":"closed","sticky":false,"template":"","format":"standard","meta":{"_acf_changed":false,"_et_pb_use_builder":"","_et_pb_old_content":"","_et_gb_content_width":"","inline_featured_image":false,"footnotes":""},"categories":[18],"tags":[],"class_list":["post-15558","post","type-post","status-publish","format-standard","has-post-thumbnail","hentry","category-news"],"acf":[],"yoast_head":"<!-- This site is optimized with the Yoast SEO plugin v27.2 - https:\/\/yoast.com\/product\/yoast-seo-wordpress\/ -->\n<title>30 Jahre EMAS \u2013 ein nachhaltiger Erfolg - BAUM e.V.<\/title>\n<meta name=\"description\" content=\"Seit drei Jahrzehnten steht EMAS f\u00fcr Transparenz, Innovation und nachhaltiges Wirtschaften.\" \/>\n<meta name=\"robots\" content=\"index, follow, max-snippet:-1, max-image-preview:large, max-video-preview:-1\" \/>\n<link rel=\"canonical\" href=\"https:\/\/baumev.de\/en\/30-jahre-emas-ein-nachhaltiger-erfolg\/\" \/>\n<meta property=\"og:locale\" content=\"en_GB\" \/>\n<meta property=\"og:type\" content=\"article\" \/>\n<meta property=\"og:title\" content=\"30 Jahre EMAS \u2013 ein nachhaltiger Erfolg - BAUM e.V.\" \/>\n<meta property=\"og:description\" content=\"Seit drei Jahrzehnten steht EMAS f\u00fcr Transparenz, Innovation und nachhaltiges Wirtschaften.\" \/>\n<meta property=\"og:url\" content=\"https:\/\/baumev.de\/en\/30-jahre-emas-ein-nachhaltiger-erfolg\/\" \/>\n<meta property=\"og:site_name\" content=\"BAUM e.V.\" \/>\n<meta property=\"article:published_time\" content=\"2025-11-25T09:42:54+00:00\" \/>\n<meta property=\"article:modified_time\" content=\"2025-12-02T07:05:25+00:00\" \/>\n<meta property=\"og:image\" content=\"https:\/\/baumev.de\/wp-content\/uploads\/2025\/11\/20251113_HEMAS_PHT_044-scaled.jpg\" \/>\n\t<meta property=\"og:image:width\" content=\"2560\" \/>\n\t<meta property=\"og:image:height\" content=\"1706\" \/>\n\t<meta property=\"og:image:type\" content=\"image\/jpeg\" \/>\n<meta name=\"author\" content=\"Katrin Wippich\" \/>\n<meta name=\"twitter:card\" content=\"summary_large_image\" \/>\n<meta name=\"twitter:label1\" content=\"Written by\" \/>\n\t<meta name=\"twitter:data1\" content=\"Katrin Wippich\" \/>\n\t<meta name=\"twitter:label2\" content=\"Estimated reading time\" \/>\n\t<meta name=\"twitter:data2\" content=\"3 minutes\" \/>\n<script type=\"application\/ld+json\" class=\"yoast-schema-graph\">{\"@context\":\"https:\/\/schema.org\",\"@graph\":[{\"@type\":\"Article\",\"@id\":\"https:\/\/baumev.de\/en\/30-jahre-emas-ein-nachhaltiger-erfolg\/#article\",\"isPartOf\":{\"@id\":\"https:\/\/baumev.de\/en\/30-jahre-emas-ein-nachhaltiger-erfolg\/\"},\"author\":{\"name\":\"Katrin Wippich\",\"@id\":\"\/#\/schema\/person\/7cca3fa2dd5ee9056656013035fb46db\"},\"headline\":\"30 Jahre EMAS \u2013 ein nachhaltiger Erfolg\",\"datePublished\":\"2025-11-25T09:42:54+00:00\",\"dateModified\":\"2025-12-02T07:05:25+00:00\",\"mainEntityOfPage\":{\"@id\":\"https:\/\/baumev.de\/en\/30-jahre-emas-ein-nachhaltiger-erfolg\/\"},\"wordCount\":441,\"publisher\":{\"@id\":\"\/#organization\"},\"image\":{\"@id\":\"https:\/\/baumev.de\/en\/30-jahre-emas-ein-nachhaltiger-erfolg\/#primaryimage\"},\"thumbnailUrl\":\"https:\/\/baumev.de\/wp-content\/uploads\/2025\/11\/20251113_HEMAS_PHT_044-scaled.jpg\",\"articleSection\":[\"Einblicke &amp; Perspektiven\"],\"inLanguage\":\"en-GB\"},{\"@type\":\"WebPage\",\"@id\":\"https:\/\/baumev.de\/en\/30-jahre-emas-ein-nachhaltiger-erfolg\/\",\"url\":\"https:\/\/baumev.de\/en\/30-jahre-emas-ein-nachhaltiger-erfolg\/\",\"name\":\"30 Jahre EMAS \u2013 ein nachhaltiger Erfolg - BAUM e.V.\",\"isPartOf\":{\"@id\":\"\/#website\"},\"primaryImageOfPage\":{\"@id\":\"https:\/\/baumev.de\/en\/30-jahre-emas-ein-nachhaltiger-erfolg\/#primaryimage\"},\"image\":{\"@id\":\"https:\/\/baumev.de\/en\/30-jahre-emas-ein-nachhaltiger-erfolg\/#primaryimage\"},\"thumbnailUrl\":\"https:\/\/baumev.de\/wp-content\/uploads\/2025\/11\/20251113_HEMAS_PHT_044-scaled.jpg\",\"datePublished\":\"2025-11-25T09:42:54+00:00\",\"dateModified\":\"2025-12-02T07:05:25+00:00\",\"description\":\"Seit drei Jahrzehnten steht EMAS f\u00fcr Transparenz, Innovation und nachhaltiges Wirtschaften.\",\"breadcrumb\":{\"@id\":\"https:\/\/baumev.de\/en\/30-jahre-emas-ein-nachhaltiger-erfolg\/#breadcrumb\"},\"inLanguage\":\"en-GB\",\"potentialAction\":[{\"@type\":\"ReadAction\",\"target\":[\"https:\/\/baumev.de\/en\/30-jahre-emas-ein-nachhaltiger-erfolg\/\"]}]},{\"@type\":\"ImageObject\",\"inLanguage\":\"en-GB\",\"@id\":\"https:\/\/baumev.de\/en\/30-jahre-emas-ein-nachhaltiger-erfolg\/#primaryimage\",\"url\":\"https:\/\/baumev.de\/wp-content\/uploads\/2025\/11\/20251113_HEMAS_PHT_044-scaled.jpg\",\"contentUrl\":\"https:\/\/baumev.de\/wp-content\/uploads\/2025\/11\/20251113_HEMAS_PHT_044-scaled.jpg\",\"width\":2560,\"height\":1706,\"caption\":\"30 Jahre EMAS in Berlin, 13.11.2025.\"},{\"@type\":\"BreadcrumbList\",\"@id\":\"https:\/\/baumev.de\/en\/30-jahre-emas-ein-nachhaltiger-erfolg\/#breadcrumb\",\"itemListElement\":[{\"@type\":\"ListItem\",\"position\":1,\"name\":\"Startseite\",\"item\":\"https:\/\/baumev.de\/en\/\"},{\"@type\":\"ListItem\",\"position\":2,\"name\":\"30 Jahre EMAS \u2013 ein nachhaltiger Erfolg\"}]},{\"@type\":\"WebSite\",\"@id\":\"\/#website\",\"url\":\"\/\",\"name\":\"BAUM e.V.\",\"description\":\"BAUM e.V. \u2013 Netzwerk f\u00fcr nachhaltiges Wirtschaften\",\"publisher\":{\"@id\":\"\/#organization\"},\"potentialAction\":[{\"@type\":\"SearchAction\",\"target\":{\"@type\":\"EntryPoint\",\"urlTemplate\":\"\/?s={search_term_string}\"},\"query-input\":{\"@type\":\"PropertyValueSpecification\",\"valueRequired\":true,\"valueName\":\"search_term_string\"}}],\"inLanguage\":\"en-GB\"},{\"@type\":\"Organization\",\"@id\":\"\/#organization\",\"name\":\"BAUM e.V.\",\"alternateName\":\"Bundesdeutscher Arbeitskreis f\u00fcr Umweltbewusstes Management\",\"url\":\"\/\",\"logo\":{\"@type\":\"ImageObject\",\"inLanguage\":\"en-GB\",\"@id\":\"\/#\/schema\/logo\/image\/\",\"url\":\"https:\/\/baumev.de\/wp-content\/uploads\/2025\/04\/Element-1.svg\",\"contentUrl\":\"https:\/\/baumev.de\/wp-content\/uploads\/2025\/04\/Element-1.svg\",\"width\":\"1024\",\"height\":\"1024\",\"caption\":\"BAUM e.V.\"},\"image\":{\"@id\":\"\/#\/schema\/logo\/image\/\"},\"sameAs\":[\"https:\/\/www.linkedin.com\/company\/baum-ev\"]},{\"@type\":\"Person\",\"@id\":\"\/#\/schema\/person\/7cca3fa2dd5ee9056656013035fb46db\",\"name\":\"Katrin Wippich\"}]}<\/script>\n<!-- \/ Yoast SEO plugin. -->","yoast_head_json":{"title":"30 Jahre EMAS \u2013 ein nachhaltiger Erfolg - BAUM e.V.","description":"Seit drei Jahrzehnten steht EMAS f\u00fcr Transparenz, Innovation und nachhaltiges Wirtschaften.","robots":{"index":"index","follow":"follow","max-snippet":"max-snippet:-1","max-image-preview":"max-image-preview:large","max-video-preview":"max-video-preview:-1"},"canonical":"https:\/\/baumev.de\/en\/30-jahre-emas-ein-nachhaltiger-erfolg\/","og_locale":"en_GB","og_type":"article","og_title":"30 Jahre EMAS \u2013 ein nachhaltiger Erfolg - BAUM e.V.","og_description":"Seit drei Jahrzehnten steht EMAS f\u00fcr Transparenz, Innovation und nachhaltiges Wirtschaften.","og_url":"https:\/\/baumev.de\/en\/30-jahre-emas-ein-nachhaltiger-erfolg\/","og_site_name":"BAUM e.V.","article_published_time":"2025-11-25T09:42:54+00:00","article_modified_time":"2025-12-02T07:05:25+00:00","og_image":[{"width":2560,"height":1706,"url":"https:\/\/baumev.de\/wp-content\/uploads\/2025\/11\/20251113_HEMAS_PHT_044-scaled.jpg","type":"image\/jpeg"}],"author":"Katrin Wippich","twitter_card":"summary_large_image","twitter_misc":{"Written by":"Katrin Wippich","Estimated reading time":"3 minutes"},"schema":{"@context":"https:\/\/schema.org","@graph":[{"@type":"Article","@id":"https:\/\/baumev.de\/en\/30-jahre-emas-ein-nachhaltiger-erfolg\/#article","isPartOf":{"@id":"https:\/\/baumev.de\/en\/30-jahre-emas-ein-nachhaltiger-erfolg\/"},"author":{"name":"Katrin Wippich","@id":"\/#\/schema\/person\/7cca3fa2dd5ee9056656013035fb46db"},"headline":"30 Jahre EMAS \u2013 ein nachhaltiger Erfolg","datePublished":"2025-11-25T09:42:54+00:00","dateModified":"2025-12-02T07:05:25+00:00","mainEntityOfPage":{"@id":"https:\/\/baumev.de\/en\/30-jahre-emas-ein-nachhaltiger-erfolg\/"},"wordCount":441,"publisher":{"@id":"\/#organization"},"image":{"@id":"https:\/\/baumev.de\/en\/30-jahre-emas-ein-nachhaltiger-erfolg\/#primaryimage"},"thumbnailUrl":"https:\/\/baumev.de\/wp-content\/uploads\/2025\/11\/20251113_HEMAS_PHT_044-scaled.jpg","articleSection":["Einblicke &amp; Perspektiven"],"inLanguage":"en-GB"},{"@type":"WebPage","@id":"https:\/\/baumev.de\/en\/30-jahre-emas-ein-nachhaltiger-erfolg\/","url":"https:\/\/baumev.de\/en\/30-jahre-emas-ein-nachhaltiger-erfolg\/","name":"30 Jahre EMAS \u2013 ein nachhaltiger Erfolg - BAUM e.V.","isPartOf":{"@id":"\/#website"},"primaryImageOfPage":{"@id":"https:\/\/baumev.de\/en\/30-jahre-emas-ein-nachhaltiger-erfolg\/#primaryimage"},"image":{"@id":"https:\/\/baumev.de\/en\/30-jahre-emas-ein-nachhaltiger-erfolg\/#primaryimage"},"thumbnailUrl":"https:\/\/baumev.de\/wp-content\/uploads\/2025\/11\/20251113_HEMAS_PHT_044-scaled.jpg","datePublished":"2025-11-25T09:42:54+00:00","dateModified":"2025-12-02T07:05:25+00:00","description":"Seit drei Jahrzehnten steht EMAS f\u00fcr Transparenz, Innovation und nachhaltiges Wirtschaften.","breadcrumb":{"@id":"https:\/\/baumev.de\/en\/30-jahre-emas-ein-nachhaltiger-erfolg\/#breadcrumb"},"inLanguage":"en-GB","potentialAction":[{"@type":"ReadAction","target":["https:\/\/baumev.de\/en\/30-jahre-emas-ein-nachhaltiger-erfolg\/"]}]},{"@type":"ImageObject","inLanguage":"en-GB","@id":"https:\/\/baumev.de\/en\/30-jahre-emas-ein-nachhaltiger-erfolg\/#primaryimage","url":"https:\/\/baumev.de\/wp-content\/uploads\/2025\/11\/20251113_HEMAS_PHT_044-scaled.jpg","contentUrl":"https:\/\/baumev.de\/wp-content\/uploads\/2025\/11\/20251113_HEMAS_PHT_044-scaled.jpg","width":2560,"height":1706,"caption":"30 Jahre EMAS in Berlin, 13.11.2025."},{"@type":"BreadcrumbList","@id":"https:\/\/baumev.de\/en\/30-jahre-emas-ein-nachhaltiger-erfolg\/#breadcrumb","itemListElement":[{"@type":"ListItem","position":1,"name":"Startseite","item":"https:\/\/baumev.de\/en\/"},{"@type":"ListItem","position":2,"name":"30 Jahre EMAS \u2013 ein nachhaltiger Erfolg"}]},{"@type":"WebSite","@id":"\/#website","url":"\/","name":"BAUM e.V.","description":"BAUM e.V. \u2013 Netzwerk f\u00fcr nachhaltiges Wirtschaften","publisher":{"@id":"\/#organization"},"potentialAction":[{"@type":"SearchAction","target":{"@type":"EntryPoint","urlTemplate":"\/?s={search_term_string}"},"query-input":{"@type":"PropertyValueSpecification","valueRequired":true,"valueName":"search_term_string"}}],"inLanguage":"en-GB"},{"@type":"Organization","@id":"\/#organization","name":"BAUM e.V.","alternateName":"Bundesdeutscher Arbeitskreis f\u00fcr Umweltbewusstes Management","url":"\/","logo":{"@type":"ImageObject","inLanguage":"en-GB","@id":"\/#\/schema\/logo\/image\/","url":"https:\/\/baumev.de\/wp-content\/uploads\/2025\/04\/Element-1.svg","contentUrl":"https:\/\/baumev.de\/wp-content\/uploads\/2025\/04\/Element-1.svg","width":"1024","height":"1024","caption":"BAUM e.V."},"image":{"@id":"\/#\/schema\/logo\/image\/"},"sameAs":["https:\/\/www.linkedin.com\/company\/baum-ev"]},{"@type":"Person","@id":"\/#\/schema\/person\/7cca3fa2dd5ee9056656013035fb46db","name":"Katrin Wippich"}]}},"_links":{"self":[{"href":"https:\/\/baumev.de\/en\/wp-json\/wp\/v2\/posts\/15558","targetHints":{"allow":["GET"]}}],"collection":[{"href":"https:\/\/baumev.de\/en\/wp-json\/wp\/v2\/posts"}],"about":[{"href":"https:\/\/baumev.de\/en\/wp-json\/wp\/v2\/types\/post"}],"author":[{"embeddable":true,"href":"https:\/\/baumev.de\/en\/wp-json\/wp\/v2\/users\/2"}],"replies":[{"embeddable":true,"href":"https:\/\/baumev.de\/en\/wp-json\/wp\/v2\/comments?post=15558"}],"version-history":[{"count":6,"href":"https:\/\/baumev.de\/en\/wp-json\/wp\/v2\/posts\/15558\/revisions"}],"predecessor-version":[{"id":15985,"href":"https:\/\/baumev.de\/en\/wp-json\/wp\/v2\/posts\/15558\/revisions\/15985"}],"wp:featuredmedia":[{"embeddable":true,"href":"https:\/\/baumev.de\/en\/wp-json\/wp\/v2\/media\/15559"}],"wp:attachment":[{"href":"https:\/\/baumev.de\/en\/wp-json\/wp\/v2\/media?parent=15558"}],"wp:term":[{"taxonomy":"category","embeddable":true,"href":"https:\/\/baumev.de\/en\/wp-json\/wp\/v2\/categories?post=15558"},{"taxonomy":"post_tag","embeddable":true,"href":"https:\/\/baumev.de\/en\/wp-json\/wp\/v2\/tags?post=15558"}],"curies":[{"name":"wp","href":"https:\/\/api.w.org\/{rel}","templated":true}]}}