{"id":16057,"date":"2025-12-03T15:51:24","date_gmt":"2025-12-03T14:51:24","guid":{"rendered":"https:\/\/baumev.de\/?p=16057"},"modified":"2025-12-09T14:35:35","modified_gmt":"2025-12-09T13:35:35","slug":"deutscher-nachhaltigkeitspreis","status":"publish","type":"post","link":"https:\/\/baumev.de\/en\/deutscher-nachhaltigkeitspreis\/","title":{"rendered":"Verleihung des 18. Deutschen Nachhaltigkeitspreises"},"content":{"rendered":"<p>Am 4. und 5. Dezember wird der 18. Deutsche Nachhaltigkeitspreis verliehen. Unter den ausgezeichneten Unternehmen sind auch in diesem Jahr wieder zahlreiche BAUM-Mitglieder. Die BAUM-Vorsitzende Yvonne Zwick freut sich, dass sie ihnen vor Ort pers\u00f6nlich gratulieren kann.<\/p>\n<p>Die 100 erfolgreichsten Unternehmen des Jahres pr\u00e4sentieren ihre L\u00f6sungen branchen\u00fcbergreifend und praxisnah. Kongress, Preisverleihungen und Networking wachsen erstmals zu einem integrierten Format zusammen.<\/p>\n<h3>Sieger aus der Mitgliedschaft<\/h3>\n<p>Zu den <a href=\"https:\/\/www.nachhaltigkeitspreis.de\/unternehmen\" target=\"_blank\" rel=\"noopener\">Siegern des Deutschen Nachhaltigkeitspreises<\/a> geh\u00f6ren diese BAUM-Mitglieder:<\/p>\n<ul>\n<li>Alpensped GmbH<\/li>\n<li>Bergzeit GmbH<\/li>\n<li>BESONDERE ORTE Umweltforum Berlin GmbH<\/li>\n<li>ebm-papst Mulfingen GmbH &amp; Co. KG<\/li>\n<li>Girsberger GmbH<\/li>\n<li>Holcim (Deutschland) GmbH<\/li>\n<li>MAC Mode GmbH und Co. KGaA<\/li>\n<li>memo AG<\/li>\n<li>Neumarkter Lammsbr\u00e4u Gebr. Ehrnsperger KG<\/li>\n<li>OCELL GmbH<\/li>\n<li>Sym GmbH<\/li>\n<li>the nature network (Martin Bauer, Finzelberg, PhytoLab)<\/li>\n<li>WERKHAUS Design und Produktion GmbH<\/li>\n<li>WERTGARANTIE Group<\/li>\n<li>WEtell GmbH<\/li>\n<li>Wilkhahn &#8211; Wilkening + Hahne GmbH + Co. KG<\/li>\n<li>WILO SE<\/li>\n<\/ul>\n<p>Yvonne Zwick geh\u00f6rt neben Karsten Schwanke, Ralph Caspers, Dr. Eckart von Hirschhausen, Stefan Schulze-Hausmann, Gregor Steinbrenner, Dr. Christine Lemaitre, Volker Angres, Dr. Wolfgang Gr\u00fcndinger, G\u00fcnther Bachmann, Meike Gebhardt und Falko Leukhardt zu den Moderator:innen von Kongress und Preisverleihungen.<\/p>\n<p>Mehrere BAUM-Mitglieder unterst\u00fctzen den Deutschen Nachhaltigkeitspreis auch als <a href=\"https:\/\/www.nachhaltigkeitspreis.de\/partner\" target=\"_blank\" rel=\"noopener\">Partner<\/a>: 2bdifferent GmbH &amp; Co. KG, Accenture, Bau-Fritz GmbH &amp; Co. KG, EcoVadis, fritz-kola GmbH, FUNKE Mediengruppe, Konica Minolta Business Solutions Deutschland GmbH, Procter &amp; Gamble, score4more, Ulrich Walter GmbH Lebensbaum.<\/p>\n<h3>Nachhaltigskeitspreise motivieren<\/h3>\n<p>Um Unternehmen zu proaktivem Handeln in Richtung einer nachhaltigen Entwicklung zu motivieren, ist es wichtig, Vorreiter:innen und Leuchtt\u00fcrme aus der Wirtschaft sichtbar zu machen. Diese Aufgabe k\u00f6nnen Preise und Auszeichnungen \u00fcbernehmen \u2013 z.B. der Deutsche Nachhaltigkeitspreis oder auch der <a href=\"https:\/\/baumev.de\/baum-preis\/\" target=\"_blank\" rel=\"noopener\">BAUM | Umwelt- und Nachhaltigkeitspreis<\/a>.<\/p>\n<p>BAUM hostet seit einigen Monaten den interaktiven <a href=\"https:\/\/sustainability-award-finder.de\/\" target=\"_blank\" rel=\"noopener\">Sustainability Award Finder<\/a>. Erm\u00f6glicht wird dies durch eine Unterst\u00fctzung der Landwirtschaftlichen Rentenbank. Der Award Finder wurde in einem Forschungsprojekt der Universit\u00e4t Hohenheim entwickelt und hilft Ihnen, den passenden Nachhaltigkeits-Award f\u00fcr Ihr Unternehmen zu finden.<\/p>\n","protected":false},"excerpt":{"rendered":"<p>Am 4. und 5. Dezember wird der 18. Deutsche Nachhaltigkeitspreis verliehen. Unter den ausgezeichneten Unternehmen sind auch in diesem Jahr wieder mehrere BAUM-Mitglieder. Die BAUM-Vorsitzende Yvonne Zwick freut sich, dass sie ihnen vor Ort pers\u00f6nlich gratulieren kann.<\/p>\n","protected":false},"author":2,"featured_media":16149,"comment_status":"closed","ping_status":"closed","sticky":false,"template":"","format":"standard","meta":{"_acf_changed":false,"_et_pb_use_builder":"","_et_pb_old_content":"","_et_gb_content_width":"","inline_featured_image":false,"footnotes":""},"categories":[44],"tags":[],"class_list":["post-16057","post","type-post","status-publish","format-standard","has-post-thumbnail","hentry","category-news"],"acf":[],"yoast_head":"<!-- This site is optimized with the Yoast SEO plugin v27.2 - https:\/\/yoast.com\/product\/yoast-seo-wordpress\/ -->\n<title>Verleihung des 18. Deutschen Nachhaltigkeitspreises - BAUM e.V.<\/title>\n<meta name=\"description\" content=\"Am 4.\/5.12.2025 wird der Deutsche Nachhaltigkeitspreis verliehen. Unter den ausgezeichneten Unternehmen sind mehrere BAUM-Mitglieder.\" \/>\n<meta name=\"robots\" content=\"index, follow, max-snippet:-1, max-image-preview:large, max-video-preview:-1\" \/>\n<link rel=\"canonical\" href=\"https:\/\/baumev.de\/en\/deutscher-nachhaltigkeitspreis\/\" \/>\n<meta property=\"og:locale\" content=\"en_GB\" \/>\n<meta property=\"og:type\" content=\"article\" \/>\n<meta property=\"og:title\" content=\"Verleihung des 18. Deutschen Nachhaltigkeitspreises - BAUM e.V.\" \/>\n<meta property=\"og:description\" content=\"Am 4.\/5.12.2025 wird der Deutsche Nachhaltigkeitspreis verliehen. Unter den ausgezeichneten Unternehmen sind mehrere BAUM-Mitglieder.\" \/>\n<meta property=\"og:url\" content=\"https:\/\/baumev.de\/en\/deutscher-nachhaltigkeitspreis\/\" \/>\n<meta property=\"og:site_name\" content=\"BAUM e.V.\" \/>\n<meta property=\"article:published_time\" content=\"2025-12-03T14:51:24+00:00\" \/>\n<meta property=\"article:modified_time\" content=\"2025-12-09T13:35:35+00:00\" \/>\n<meta property=\"og:image\" content=\"https:\/\/baumev.de\/wp-content\/uploads\/2025\/12\/dnt2025_0412_Christian_Koester-76-scaled.jpg\" \/>\n\t<meta property=\"og:image:width\" content=\"2560\" \/>\n\t<meta property=\"og:image:height\" content=\"1706\" \/>\n\t<meta property=\"og:image:type\" content=\"image\/jpeg\" \/>\n<meta name=\"author\" content=\"Katrin Wippich\" \/>\n<meta name=\"twitter:card\" content=\"summary_large_image\" \/>\n<meta name=\"twitter:label1\" content=\"Written by\" \/>\n\t<meta name=\"twitter:data1\" content=\"Katrin Wippich\" \/>\n\t<meta name=\"twitter:label2\" content=\"Estimated reading time\" \/>\n\t<meta name=\"twitter:data2\" content=\"2 minutes\" \/>\n<script type=\"application\/ld+json\" class=\"yoast-schema-graph\">{\"@context\":\"https:\/\/schema.org\",\"@graph\":[{\"@type\":\"Article\",\"@id\":\"https:\/\/baumev.de\/en\/deutscher-nachhaltigkeitspreis\/#article\",\"isPartOf\":{\"@id\":\"https:\/\/baumev.de\/en\/deutscher-nachhaltigkeitspreis\/\"},\"author\":{\"name\":\"Katrin Wippich\",\"@id\":\"\/#\/schema\/person\/7cca3fa2dd5ee9056656013035fb46db\"},\"headline\":\"Verleihung des 18. Deutschen Nachhaltigkeitspreises\",\"datePublished\":\"2025-12-03T14:51:24+00:00\",\"dateModified\":\"2025-12-09T13:35:35+00:00\",\"mainEntityOfPage\":{\"@id\":\"https:\/\/baumev.de\/en\/deutscher-nachhaltigkeitspreis\/\"},\"wordCount\":317,\"publisher\":{\"@id\":\"\/#organization\"},\"image\":{\"@id\":\"https:\/\/baumev.de\/en\/deutscher-nachhaltigkeitspreis\/#primaryimage\"},\"thumbnailUrl\":\"https:\/\/baumev.de\/wp-content\/uploads\/2025\/12\/dnt2025_0412_Christian_Koester-76-scaled.jpg\",\"articleSection\":[\"Insights &amp; Perspectives\"],\"inLanguage\":\"en-GB\"},{\"@type\":\"WebPage\",\"@id\":\"https:\/\/baumev.de\/en\/deutscher-nachhaltigkeitspreis\/\",\"url\":\"https:\/\/baumev.de\/en\/deutscher-nachhaltigkeitspreis\/\",\"name\":\"Verleihung des 18. Deutschen Nachhaltigkeitspreises - BAUM e.V.\",\"isPartOf\":{\"@id\":\"\/#website\"},\"primaryImageOfPage\":{\"@id\":\"https:\/\/baumev.de\/en\/deutscher-nachhaltigkeitspreis\/#primaryimage\"},\"image\":{\"@id\":\"https:\/\/baumev.de\/en\/deutscher-nachhaltigkeitspreis\/#primaryimage\"},\"thumbnailUrl\":\"https:\/\/baumev.de\/wp-content\/uploads\/2025\/12\/dnt2025_0412_Christian_Koester-76-scaled.jpg\",\"datePublished\":\"2025-12-03T14:51:24+00:00\",\"dateModified\":\"2025-12-09T13:35:35+00:00\",\"description\":\"Am 4.\/5.12.2025 wird der Deutsche Nachhaltigkeitspreis verliehen. Unter den ausgezeichneten Unternehmen sind mehrere BAUM-Mitglieder.\",\"breadcrumb\":{\"@id\":\"https:\/\/baumev.de\/en\/deutscher-nachhaltigkeitspreis\/#breadcrumb\"},\"inLanguage\":\"en-GB\",\"potentialAction\":[{\"@type\":\"ReadAction\",\"target\":[\"https:\/\/baumev.de\/en\/deutscher-nachhaltigkeitspreis\/\"]}]},{\"@type\":\"ImageObject\",\"inLanguage\":\"en-GB\",\"@id\":\"https:\/\/baumev.de\/en\/deutscher-nachhaltigkeitspreis\/#primaryimage\",\"url\":\"https:\/\/baumev.de\/wp-content\/uploads\/2025\/12\/dnt2025_0412_Christian_Koester-76-scaled.jpg\",\"contentUrl\":\"https:\/\/baumev.de\/wp-content\/uploads\/2025\/12\/dnt2025_0412_Christian_Koester-76-scaled.jpg\",\"width\":2560,\"height\":1706,\"caption\":\"Yvonne Zwick als Moderatorin beim Deutschen Nachhaltigkeitspreis 2025\"},{\"@type\":\"BreadcrumbList\",\"@id\":\"https:\/\/baumev.de\/en\/deutscher-nachhaltigkeitspreis\/#breadcrumb\",\"itemListElement\":[{\"@type\":\"ListItem\",\"position\":1,\"name\":\"Startseite\",\"item\":\"https:\/\/baumev.de\/en\/\"},{\"@type\":\"ListItem\",\"position\":2,\"name\":\"Verleihung des 18. Deutschen Nachhaltigkeitspreises\"}]},{\"@type\":\"WebSite\",\"@id\":\"\/#website\",\"url\":\"\/\",\"name\":\"BAUM e.V.\",\"description\":\"BAUM e.V. \u2013 Netzwerk f\u00fcr nachhaltiges Wirtschaften\",\"publisher\":{\"@id\":\"\/#organization\"},\"potentialAction\":[{\"@type\":\"SearchAction\",\"target\":{\"@type\":\"EntryPoint\",\"urlTemplate\":\"\/?s={search_term_string}\"},\"query-input\":{\"@type\":\"PropertyValueSpecification\",\"valueRequired\":true,\"valueName\":\"search_term_string\"}}],\"inLanguage\":\"en-GB\"},{\"@type\":\"Organization\",\"@id\":\"\/#organization\",\"name\":\"BAUM e.V.\",\"alternateName\":\"Bundesdeutscher Arbeitskreis f\u00fcr Umweltbewusstes Management\",\"url\":\"\/\",\"logo\":{\"@type\":\"ImageObject\",\"inLanguage\":\"en-GB\",\"@id\":\"\/#\/schema\/logo\/image\/\",\"url\":\"https:\/\/baumev.de\/wp-content\/uploads\/2025\/04\/Element-1.svg\",\"contentUrl\":\"https:\/\/baumev.de\/wp-content\/uploads\/2025\/04\/Element-1.svg\",\"width\":\"1024\",\"height\":\"1024\",\"caption\":\"BAUM e.V.\"},\"image\":{\"@id\":\"\/#\/schema\/logo\/image\/\"},\"sameAs\":[\"https:\/\/www.linkedin.com\/company\/baum-ev\"]},{\"@type\":\"Person\",\"@id\":\"\/#\/schema\/person\/7cca3fa2dd5ee9056656013035fb46db\",\"name\":\"Katrin Wippich\"}]}<\/script>\n<!-- \/ Yoast SEO plugin. -->","yoast_head_json":{"title":"Verleihung des 18. Deutschen Nachhaltigkeitspreises - BAUM e.V.","description":"Am 4.\/5.12.2025 wird der Deutsche Nachhaltigkeitspreis verliehen. Unter den ausgezeichneten Unternehmen sind mehrere BAUM-Mitglieder.","robots":{"index":"index","follow":"follow","max-snippet":"max-snippet:-1","max-image-preview":"max-image-preview:large","max-video-preview":"max-video-preview:-1"},"canonical":"https:\/\/baumev.de\/en\/deutscher-nachhaltigkeitspreis\/","og_locale":"en_GB","og_type":"article","og_title":"Verleihung des 18. Deutschen Nachhaltigkeitspreises - BAUM e.V.","og_description":"Am 4.\/5.12.2025 wird der Deutsche Nachhaltigkeitspreis verliehen. Unter den ausgezeichneten Unternehmen sind mehrere BAUM-Mitglieder.","og_url":"https:\/\/baumev.de\/en\/deutscher-nachhaltigkeitspreis\/","og_site_name":"BAUM e.V.","article_published_time":"2025-12-03T14:51:24+00:00","article_modified_time":"2025-12-09T13:35:35+00:00","og_image":[{"width":2560,"height":1706,"url":"https:\/\/baumev.de\/wp-content\/uploads\/2025\/12\/dnt2025_0412_Christian_Koester-76-scaled.jpg","type":"image\/jpeg"}],"author":"Katrin Wippich","twitter_card":"summary_large_image","twitter_misc":{"Written by":"Katrin Wippich","Estimated reading time":"2 minutes"},"schema":{"@context":"https:\/\/schema.org","@graph":[{"@type":"Article","@id":"https:\/\/baumev.de\/en\/deutscher-nachhaltigkeitspreis\/#article","isPartOf":{"@id":"https:\/\/baumev.de\/en\/deutscher-nachhaltigkeitspreis\/"},"author":{"name":"Katrin Wippich","@id":"\/#\/schema\/person\/7cca3fa2dd5ee9056656013035fb46db"},"headline":"Verleihung des 18. Deutschen Nachhaltigkeitspreises","datePublished":"2025-12-03T14:51:24+00:00","dateModified":"2025-12-09T13:35:35+00:00","mainEntityOfPage":{"@id":"https:\/\/baumev.de\/en\/deutscher-nachhaltigkeitspreis\/"},"wordCount":317,"publisher":{"@id":"\/#organization"},"image":{"@id":"https:\/\/baumev.de\/en\/deutscher-nachhaltigkeitspreis\/#primaryimage"},"thumbnailUrl":"https:\/\/baumev.de\/wp-content\/uploads\/2025\/12\/dnt2025_0412_Christian_Koester-76-scaled.jpg","articleSection":["Insights &amp; Perspectives"],"inLanguage":"en-GB"},{"@type":"WebPage","@id":"https:\/\/baumev.de\/en\/deutscher-nachhaltigkeitspreis\/","url":"https:\/\/baumev.de\/en\/deutscher-nachhaltigkeitspreis\/","name":"Verleihung des 18. Deutschen Nachhaltigkeitspreises - BAUM e.V.","isPartOf":{"@id":"\/#website"},"primaryImageOfPage":{"@id":"https:\/\/baumev.de\/en\/deutscher-nachhaltigkeitspreis\/#primaryimage"},"image":{"@id":"https:\/\/baumev.de\/en\/deutscher-nachhaltigkeitspreis\/#primaryimage"},"thumbnailUrl":"https:\/\/baumev.de\/wp-content\/uploads\/2025\/12\/dnt2025_0412_Christian_Koester-76-scaled.jpg","datePublished":"2025-12-03T14:51:24+00:00","dateModified":"2025-12-09T13:35:35+00:00","description":"Am 4.\/5.12.2025 wird der Deutsche Nachhaltigkeitspreis verliehen. Unter den ausgezeichneten Unternehmen sind mehrere BAUM-Mitglieder.","breadcrumb":{"@id":"https:\/\/baumev.de\/en\/deutscher-nachhaltigkeitspreis\/#breadcrumb"},"inLanguage":"en-GB","potentialAction":[{"@type":"ReadAction","target":["https:\/\/baumev.de\/en\/deutscher-nachhaltigkeitspreis\/"]}]},{"@type":"ImageObject","inLanguage":"en-GB","@id":"https:\/\/baumev.de\/en\/deutscher-nachhaltigkeitspreis\/#primaryimage","url":"https:\/\/baumev.de\/wp-content\/uploads\/2025\/12\/dnt2025_0412_Christian_Koester-76-scaled.jpg","contentUrl":"https:\/\/baumev.de\/wp-content\/uploads\/2025\/12\/dnt2025_0412_Christian_Koester-76-scaled.jpg","width":2560,"height":1706,"caption":"Yvonne Zwick als Moderatorin beim Deutschen Nachhaltigkeitspreis 2025"},{"@type":"BreadcrumbList","@id":"https:\/\/baumev.de\/en\/deutscher-nachhaltigkeitspreis\/#breadcrumb","itemListElement":[{"@type":"ListItem","position":1,"name":"Startseite","item":"https:\/\/baumev.de\/en\/"},{"@type":"ListItem","position":2,"name":"Verleihung des 18. Deutschen Nachhaltigkeitspreises"}]},{"@type":"WebSite","@id":"\/#website","url":"\/","name":"BAUM e.V.","description":"BAUM e.V. \u2013 Netzwerk f\u00fcr nachhaltiges Wirtschaften","publisher":{"@id":"\/#organization"},"potentialAction":[{"@type":"SearchAction","target":{"@type":"EntryPoint","urlTemplate":"\/?s={search_term_string}"},"query-input":{"@type":"PropertyValueSpecification","valueRequired":true,"valueName":"search_term_string"}}],"inLanguage":"en-GB"},{"@type":"Organization","@id":"\/#organization","name":"BAUM e.V.","alternateName":"Bundesdeutscher Arbeitskreis f\u00fcr Umweltbewusstes Management","url":"\/","logo":{"@type":"ImageObject","inLanguage":"en-GB","@id":"\/#\/schema\/logo\/image\/","url":"https:\/\/baumev.de\/wp-content\/uploads\/2025\/04\/Element-1.svg","contentUrl":"https:\/\/baumev.de\/wp-content\/uploads\/2025\/04\/Element-1.svg","width":"1024","height":"1024","caption":"BAUM e.V."},"image":{"@id":"\/#\/schema\/logo\/image\/"},"sameAs":["https:\/\/www.linkedin.com\/company\/baum-ev"]},{"@type":"Person","@id":"\/#\/schema\/person\/7cca3fa2dd5ee9056656013035fb46db","name":"Katrin Wippich"}]}},"_links":{"self":[{"href":"https:\/\/baumev.de\/en\/wp-json\/wp\/v2\/posts\/16057","targetHints":{"allow":["GET"]}}],"collection":[{"href":"https:\/\/baumev.de\/en\/wp-json\/wp\/v2\/posts"}],"about":[{"href":"https:\/\/baumev.de\/en\/wp-json\/wp\/v2\/types\/post"}],"author":[{"embeddable":true,"href":"https:\/\/baumev.de\/en\/wp-json\/wp\/v2\/users\/2"}],"replies":[{"embeddable":true,"href":"https:\/\/baumev.de\/en\/wp-json\/wp\/v2\/comments?post=16057"}],"version-history":[{"count":6,"href":"https:\/\/baumev.de\/en\/wp-json\/wp\/v2\/posts\/16057\/revisions"}],"predecessor-version":[{"id":16100,"href":"https:\/\/baumev.de\/en\/wp-json\/wp\/v2\/posts\/16057\/revisions\/16100"}],"wp:featuredmedia":[{"embeddable":true,"href":"https:\/\/baumev.de\/en\/wp-json\/wp\/v2\/media\/16149"}],"wp:attachment":[{"href":"https:\/\/baumev.de\/en\/wp-json\/wp\/v2\/media?parent=16057"}],"wp:term":[{"taxonomy":"category","embeddable":true,"href":"https:\/\/baumev.de\/en\/wp-json\/wp\/v2\/categories?post=16057"},{"taxonomy":"post_tag","embeddable":true,"href":"https:\/\/baumev.de\/en\/wp-json\/wp\/v2\/tags?post=16057"}],"curies":[{"name":"wp","href":"https:\/\/api.w.org\/{rel}","templated":true}]}}