{"id":16236,"date":"2025-12-11T13:50:58","date_gmt":"2025-12-11T12:50:58","guid":{"rendered":"https:\/\/baumev.de\/?p=16236"},"modified":"2025-12-11T13:51:20","modified_gmt":"2025-12-11T12:51:20","slug":"mitgliederversammlung-von-baum-setzt-akzente-fuer-2026","status":"publish","type":"post","link":"https:\/\/baumev.de\/en\/mitgliederversammlung-von-baum-setzt-akzente-fuer-2026\/","title":{"rendered":"Mitgliederversammlung von BAUM setzt Akzente f\u00fcr 2026"},"content":{"rendered":"<p>Wichtige Tagesordnungspunkte der j\u00e4hrlichen Mitgliederversammlung waren am 28. November die Entscheidung \u00fcber das Jahresschwerpunktthema 2026 \u2013 und vor allem die Vorstandswahlen. Gew\u00e4hlt wurden die stellvertretenden Vorsitzenden im gesch\u00e4ftsf\u00fchrenden Vorstand sowie die ehrenamtlichen Mitglieder des Gesamtvorstands.<\/p>\n<p>Als stellvertretende Vorsitzende neu gew\u00e4hlt wurden Marion Sollbach und Ellen Weiland; Martin Oldeland wurde f\u00fcr zwei Jahre wiedergew\u00e4hlt. Gemeinsam mit der Vorsitzenden Yvonne Zwick, deren Amt in diesem Jahr nicht zur Wahl stand, bilden sie ab sofort den gesch\u00e4ftsf\u00fchrenden Vorstand, der die Arbeit von BAUM leitet.<\/p>\n<p>Zus\u00e4tzlich geh\u00f6ren dem <a href=\"https:\/\/baumev.de\/baum-ev\/gremien\/\" target=\"_blank\" rel=\"noopener\">Gesamtvorstand<\/a> 12 ehrenamtliche Mitglieder an, die in der Mitgliederversammlung ebenfalls gew\u00e4hlt wurden. Einige der bisherigen Mitglieder kandidierten erneut. Dem Gesamtvorstand geh\u00f6ren f\u00fcr die kommenden drei Jahre an:<\/p>\n<ul>\n<li>Matthias Brucke<\/li>\n<li>Stefan Dierks<\/li>\n<li>Dr. Ralf Frank<\/li>\n<li>Aida Jukas<\/li>\n<li>Hilke Patzwall<\/li>\n<li>Heiko Rittweger<\/li>\n<li>Kevin Rodler<\/li>\n<li>Christiane Roth<\/li>\n<li>Heike Sch\u00f6nberg<\/li>\n<li>Daniel Silberhorn<\/li>\n<li>Tanja Sommer<\/li>\n<li>Hannah Witting<\/li>\n<\/ul>\n<h3>Dank an Dieter Br\u00fcbach<\/h3>\n<p>Die Mitgliederversammlung dankte Dieter Br\u00fcbach, der nicht erneut f\u00fcr den gesch\u00e4ftsf\u00fchrenden Vorstand kandidiert hatte, sowie den ausscheidenden ehrenamtlichen Vorst\u00e4nden Thorsten Grantner, Lothar Hartmann, Frauke Herden, Tatjana Klaus-Nowak, Christel Nelius, Manfred Rauschen, Bernhard Schwager und Tina Teucher\u202fganz herzlich f\u00fcr ihre Arbeit. Dieter Br\u00fcbach bleibt BAUM als Senior Projektmanager erhalten.<\/p>\n<h3>Schwerpunktthema 2026: \u201eChancen- und Risikomanagement\u201c<\/h3>\n<p>Die Mitgliederversammlung bestimmte \u201eChancen- und Risikomanagement\u201c zum Schwerpunktthema von BAUM f\u00fcr das Jahr 2026. \u201eDas Thema Risikomanagement hat durch die wachsende Bedeutung von Nachhaltigkeit im Kapitalmarkt erheblich an Relevanz gewonnen\u201c, hie\u00df es in der Begr\u00fcndung. Die systematische Erschlie\u00dfung der Chancenperspektive sei dazu die notwendige, bislang jedoch vernachl\u00e4ssigte Erg\u00e4nzung, die konsequent gest\u00e4rkt und kommuniziert werden m\u00fcsse.<\/p>\n<p>BAUM wird im Rahmen des Jahresschwerpunkts gemeinsam mit Partnern bew\u00e4hrte Management- und Bilanzierungsans\u00e4tze analysieren, auf ihre Anwendung im Umwelt- und Nachhaltigkeitsmanagement sowie in der strategischen Gesch\u00e4ftsentwicklung pr\u00fcfen und f\u00fcr Mitgliedsunternehmen praxisnah aufbereiten. Das Thema wird in Schulungs-, Informations- und Dialogformate integriert, um Unternehmen bei der Weiterentwicklung eines zukunftsorientierten, nachhaltigkeitsbezogenen Chancen- und Risikomanagements zu unterst\u00fctzen.<\/p>\n<h3>St\u00e4rkung der ordentlichen Mitgliedschaft<\/h3>\n<p>Der Mitgliederversammlung lagen zahlreiche Antr\u00e4ge auf ordentliche Mitgliedschaft sowohl von Unternehmen als auch von Einzelpersonen vor. Nach diesen Neuaufnahmen betr\u00e4gt die Zahl der ordentlichen, d.h. stimmberechtigten Mitglieder von BAUM aktuell 174. Durch die St\u00e4rkung der ordentlichen Mitgliedschaft wird BAUM auf eine breitere demokratische Basis gestellt als in fr\u00fcheren Jahrzehnten \u00fcblich. <a href=\"https:\/\/baumev.de\/mitglied-werden\/\" target=\"_blank\" rel=\"noopener\">Ordentliche Mitglieder<\/a> haben gegen\u00fcber F\u00f6rdermitgliedern die M\u00f6glichkeit, die strategische und finanzielle Entwicklung des Verbands, die Besetzung von Gremien und die politische Positionierung mitzugestalten.<\/p>\n<h3>Berichte und Haushalt<\/h3>\n<p>Wie bei Mitgliederversammlungen notwendig, standen am 28. November auch Berichte des gesch\u00e4ftsf\u00fchrenden Vorstands sowie der Kassenpr\u00fcfenden auf der Tagesordnung. Der Gesamtvorstand wurde f\u00fcr das Jahr 2024 formal entlastet. Zudem beschloss die Mitgliederversammlung den Haushaltsplan des gemeinn\u00fctzigen Vereins f\u00fcr 2026.<\/p>\n","protected":false},"excerpt":{"rendered":"<p>Wichtige Tagesordnungspunkte der j\u00e4hrlichen Mitgliederversammlung waren am 28. November die Entscheidung \u00fcber das Jahresschwerpunktthema 2026 \u2013 und vor allem die Vorstandswahlen. Gew\u00e4hlt wurden die stellvertretenden Vorsitzenden im gesch\u00e4ftsf\u00fchrenden Vorstand sowie die ehrenamtlichen Mitglieder des Gesamtvorstands.<\/p>\n","protected":false},"author":2,"featured_media":6233,"comment_status":"closed","ping_status":"closed","sticky":false,"template":"","format":"standard","meta":{"_acf_changed":false,"_et_pb_use_builder":"","_et_pb_old_content":"","_et_gb_content_width":"","inline_featured_image":false,"footnotes":""},"categories":[18],"tags":[],"class_list":["post-16236","post","type-post","status-publish","format-standard","has-post-thumbnail","hentry","category-news"],"acf":[],"yoast_head":"<!-- This site is optimized with the Yoast SEO plugin v27.2 - https:\/\/yoast.com\/product\/yoast-seo-wordpress\/ -->\n<title>Mitgliederversammlung von BAUM setzt Akzente f\u00fcr 2026 - BAUM e.V.<\/title>\n<meta name=\"description\" content=\"Wichtige Tagesordnungspunkte der Mitgliederversammlung waren die Entscheidung \u00fcber das Jahresschwerpunktthema 2026 und die Wahl der neuen Vorst\u00e4nde.\" \/>\n<meta name=\"robots\" content=\"index, follow, max-snippet:-1, max-image-preview:large, max-video-preview:-1\" \/>\n<link rel=\"canonical\" href=\"https:\/\/baumev.de\/en\/mitgliederversammlung-von-baum-setzt-akzente-fuer-2026\/\" \/>\n<meta property=\"og:locale\" content=\"en_GB\" \/>\n<meta property=\"og:type\" content=\"article\" \/>\n<meta property=\"og:title\" content=\"Mitgliederversammlung von BAUM setzt Akzente f\u00fcr 2026 - BAUM e.V.\" \/>\n<meta property=\"og:description\" content=\"Wichtige Tagesordnungspunkte der Mitgliederversammlung waren die Entscheidung \u00fcber das Jahresschwerpunktthema 2026 und die Wahl der neuen Vorst\u00e4nde.\" \/>\n<meta property=\"og:url\" content=\"https:\/\/baumev.de\/en\/mitgliederversammlung-von-baum-setzt-akzente-fuer-2026\/\" \/>\n<meta property=\"og:site_name\" content=\"BAUM e.V.\" \/>\n<meta property=\"article:published_time\" content=\"2025-12-11T12:50:58+00:00\" \/>\n<meta property=\"article:modified_time\" content=\"2025-12-11T12:51:20+00:00\" \/>\n<meta property=\"og:image\" content=\"https:\/\/baumev.de\/wp-content\/uploads\/2024\/11\/BAUM-Logo-mit-Claim_16zu9.png\" \/>\n\t<meta property=\"og:image:width\" content=\"2000\" \/>\n\t<meta property=\"og:image:height\" content=\"1125\" \/>\n\t<meta property=\"og:image:type\" content=\"image\/png\" \/>\n<meta name=\"author\" content=\"Katrin Wippich\" \/>\n<meta name=\"twitter:card\" content=\"summary_large_image\" \/>\n<meta name=\"twitter:label1\" content=\"Written by\" \/>\n\t<meta name=\"twitter:data1\" content=\"Katrin Wippich\" \/>\n\t<meta name=\"twitter:label2\" content=\"Estimated reading time\" \/>\n\t<meta name=\"twitter:data2\" content=\"3 minutes\" \/>\n<script type=\"application\/ld+json\" class=\"yoast-schema-graph\">{\"@context\":\"https:\/\/schema.org\",\"@graph\":[{\"@type\":\"Article\",\"@id\":\"https:\/\/baumev.de\/en\/mitgliederversammlung-von-baum-setzt-akzente-fuer-2026\/#article\",\"isPartOf\":{\"@id\":\"https:\/\/baumev.de\/en\/mitgliederversammlung-von-baum-setzt-akzente-fuer-2026\/\"},\"author\":{\"name\":\"Katrin Wippich\",\"@id\":\"\/#\/schema\/person\/7cca3fa2dd5ee9056656013035fb46db\"},\"headline\":\"Mitgliederversammlung von BAUM setzt Akzente f\u00fcr 2026\",\"datePublished\":\"2025-12-11T12:50:58+00:00\",\"dateModified\":\"2025-12-11T12:51:20+00:00\",\"mainEntityOfPage\":{\"@id\":\"https:\/\/baumev.de\/en\/mitgliederversammlung-von-baum-setzt-akzente-fuer-2026\/\"},\"wordCount\":470,\"publisher\":{\"@id\":\"\/#organization\"},\"image\":{\"@id\":\"https:\/\/baumev.de\/en\/mitgliederversammlung-von-baum-setzt-akzente-fuer-2026\/#primaryimage\"},\"thumbnailUrl\":\"https:\/\/baumev.de\/wp-content\/uploads\/2024\/11\/BAUM-Logo-mit-Claim_16zu9.png\",\"articleSection\":[\"Einblicke &amp; Perspektiven\"],\"inLanguage\":\"en-GB\"},{\"@type\":\"WebPage\",\"@id\":\"https:\/\/baumev.de\/en\/mitgliederversammlung-von-baum-setzt-akzente-fuer-2026\/\",\"url\":\"https:\/\/baumev.de\/en\/mitgliederversammlung-von-baum-setzt-akzente-fuer-2026\/\",\"name\":\"Mitgliederversammlung von BAUM setzt Akzente f\u00fcr 2026 - BAUM e.V.\",\"isPartOf\":{\"@id\":\"\/#website\"},\"primaryImageOfPage\":{\"@id\":\"https:\/\/baumev.de\/en\/mitgliederversammlung-von-baum-setzt-akzente-fuer-2026\/#primaryimage\"},\"image\":{\"@id\":\"https:\/\/baumev.de\/en\/mitgliederversammlung-von-baum-setzt-akzente-fuer-2026\/#primaryimage\"},\"thumbnailUrl\":\"https:\/\/baumev.de\/wp-content\/uploads\/2024\/11\/BAUM-Logo-mit-Claim_16zu9.png\",\"datePublished\":\"2025-12-11T12:50:58+00:00\",\"dateModified\":\"2025-12-11T12:51:20+00:00\",\"description\":\"Wichtige Tagesordnungspunkte der Mitgliederversammlung waren die Entscheidung \u00fcber das Jahresschwerpunktthema 2026 und die Wahl der neuen Vorst\u00e4nde.\",\"breadcrumb\":{\"@id\":\"https:\/\/baumev.de\/en\/mitgliederversammlung-von-baum-setzt-akzente-fuer-2026\/#breadcrumb\"},\"inLanguage\":\"en-GB\",\"potentialAction\":[{\"@type\":\"ReadAction\",\"target\":[\"https:\/\/baumev.de\/en\/mitgliederversammlung-von-baum-setzt-akzente-fuer-2026\/\"]}]},{\"@type\":\"ImageObject\",\"inLanguage\":\"en-GB\",\"@id\":\"https:\/\/baumev.de\/en\/mitgliederversammlung-von-baum-setzt-akzente-fuer-2026\/#primaryimage\",\"url\":\"https:\/\/baumev.de\/wp-content\/uploads\/2024\/11\/BAUM-Logo-mit-Claim_16zu9.png\",\"contentUrl\":\"https:\/\/baumev.de\/wp-content\/uploads\/2024\/11\/BAUM-Logo-mit-Claim_16zu9.png\",\"width\":2000,\"height\":1125,\"caption\":\"Logo des nachhaltigen Unternehmerverbands BAUM e.V. mit dem Claim \\\"zukunft unternehmen\\\"\"},{\"@type\":\"BreadcrumbList\",\"@id\":\"https:\/\/baumev.de\/en\/mitgliederversammlung-von-baum-setzt-akzente-fuer-2026\/#breadcrumb\",\"itemListElement\":[{\"@type\":\"ListItem\",\"position\":1,\"name\":\"Startseite\",\"item\":\"https:\/\/baumev.de\/en\/\"},{\"@type\":\"ListItem\",\"position\":2,\"name\":\"Mitgliederversammlung von BAUM setzt Akzente f\u00fcr 2026\"}]},{\"@type\":\"WebSite\",\"@id\":\"\/#website\",\"url\":\"\/\",\"name\":\"BAUM e.V.\",\"description\":\"BAUM e.V. \u2013 Netzwerk f\u00fcr nachhaltiges Wirtschaften\",\"publisher\":{\"@id\":\"\/#organization\"},\"potentialAction\":[{\"@type\":\"SearchAction\",\"target\":{\"@type\":\"EntryPoint\",\"urlTemplate\":\"\/?s={search_term_string}\"},\"query-input\":{\"@type\":\"PropertyValueSpecification\",\"valueRequired\":true,\"valueName\":\"search_term_string\"}}],\"inLanguage\":\"en-GB\"},{\"@type\":\"Organization\",\"@id\":\"\/#organization\",\"name\":\"BAUM e.V.\",\"alternateName\":\"Bundesdeutscher Arbeitskreis f\u00fcr Umweltbewusstes Management\",\"url\":\"\/\",\"logo\":{\"@type\":\"ImageObject\",\"inLanguage\":\"en-GB\",\"@id\":\"\/#\/schema\/logo\/image\/\",\"url\":\"https:\/\/baumev.de\/wp-content\/uploads\/2025\/04\/Element-1.svg\",\"contentUrl\":\"https:\/\/baumev.de\/wp-content\/uploads\/2025\/04\/Element-1.svg\",\"width\":\"1024\",\"height\":\"1024\",\"caption\":\"BAUM e.V.\"},\"image\":{\"@id\":\"\/#\/schema\/logo\/image\/\"},\"sameAs\":[\"https:\/\/www.linkedin.com\/company\/baum-ev\"]},{\"@type\":\"Person\",\"@id\":\"\/#\/schema\/person\/7cca3fa2dd5ee9056656013035fb46db\",\"name\":\"Katrin Wippich\"}]}<\/script>\n<!-- \/ Yoast SEO plugin. -->","yoast_head_json":{"title":"Mitgliederversammlung von BAUM setzt Akzente f\u00fcr 2026 - BAUM e.V.","description":"Wichtige Tagesordnungspunkte der Mitgliederversammlung waren die Entscheidung \u00fcber das Jahresschwerpunktthema 2026 und die Wahl der neuen Vorst\u00e4nde.","robots":{"index":"index","follow":"follow","max-snippet":"max-snippet:-1","max-image-preview":"max-image-preview:large","max-video-preview":"max-video-preview:-1"},"canonical":"https:\/\/baumev.de\/en\/mitgliederversammlung-von-baum-setzt-akzente-fuer-2026\/","og_locale":"en_GB","og_type":"article","og_title":"Mitgliederversammlung von BAUM setzt Akzente f\u00fcr 2026 - BAUM e.V.","og_description":"Wichtige Tagesordnungspunkte der Mitgliederversammlung waren die Entscheidung \u00fcber das Jahresschwerpunktthema 2026 und die Wahl der neuen Vorst\u00e4nde.","og_url":"https:\/\/baumev.de\/en\/mitgliederversammlung-von-baum-setzt-akzente-fuer-2026\/","og_site_name":"BAUM e.V.","article_published_time":"2025-12-11T12:50:58+00:00","article_modified_time":"2025-12-11T12:51:20+00:00","og_image":[{"width":2000,"height":1125,"url":"https:\/\/baumev.de\/wp-content\/uploads\/2024\/11\/BAUM-Logo-mit-Claim_16zu9.png","type":"image\/png"}],"author":"Katrin Wippich","twitter_card":"summary_large_image","twitter_misc":{"Written by":"Katrin Wippich","Estimated reading time":"3 minutes"},"schema":{"@context":"https:\/\/schema.org","@graph":[{"@type":"Article","@id":"https:\/\/baumev.de\/en\/mitgliederversammlung-von-baum-setzt-akzente-fuer-2026\/#article","isPartOf":{"@id":"https:\/\/baumev.de\/en\/mitgliederversammlung-von-baum-setzt-akzente-fuer-2026\/"},"author":{"name":"Katrin Wippich","@id":"\/#\/schema\/person\/7cca3fa2dd5ee9056656013035fb46db"},"headline":"Mitgliederversammlung von BAUM setzt Akzente f\u00fcr 2026","datePublished":"2025-12-11T12:50:58+00:00","dateModified":"2025-12-11T12:51:20+00:00","mainEntityOfPage":{"@id":"https:\/\/baumev.de\/en\/mitgliederversammlung-von-baum-setzt-akzente-fuer-2026\/"},"wordCount":470,"publisher":{"@id":"\/#organization"},"image":{"@id":"https:\/\/baumev.de\/en\/mitgliederversammlung-von-baum-setzt-akzente-fuer-2026\/#primaryimage"},"thumbnailUrl":"https:\/\/baumev.de\/wp-content\/uploads\/2024\/11\/BAUM-Logo-mit-Claim_16zu9.png","articleSection":["Einblicke &amp; Perspektiven"],"inLanguage":"en-GB"},{"@type":"WebPage","@id":"https:\/\/baumev.de\/en\/mitgliederversammlung-von-baum-setzt-akzente-fuer-2026\/","url":"https:\/\/baumev.de\/en\/mitgliederversammlung-von-baum-setzt-akzente-fuer-2026\/","name":"Mitgliederversammlung von BAUM setzt Akzente f\u00fcr 2026 - BAUM e.V.","isPartOf":{"@id":"\/#website"},"primaryImageOfPage":{"@id":"https:\/\/baumev.de\/en\/mitgliederversammlung-von-baum-setzt-akzente-fuer-2026\/#primaryimage"},"image":{"@id":"https:\/\/baumev.de\/en\/mitgliederversammlung-von-baum-setzt-akzente-fuer-2026\/#primaryimage"},"thumbnailUrl":"https:\/\/baumev.de\/wp-content\/uploads\/2024\/11\/BAUM-Logo-mit-Claim_16zu9.png","datePublished":"2025-12-11T12:50:58+00:00","dateModified":"2025-12-11T12:51:20+00:00","description":"Wichtige Tagesordnungspunkte der Mitgliederversammlung waren die Entscheidung \u00fcber das Jahresschwerpunktthema 2026 und die Wahl der neuen Vorst\u00e4nde.","breadcrumb":{"@id":"https:\/\/baumev.de\/en\/mitgliederversammlung-von-baum-setzt-akzente-fuer-2026\/#breadcrumb"},"inLanguage":"en-GB","potentialAction":[{"@type":"ReadAction","target":["https:\/\/baumev.de\/en\/mitgliederversammlung-von-baum-setzt-akzente-fuer-2026\/"]}]},{"@type":"ImageObject","inLanguage":"en-GB","@id":"https:\/\/baumev.de\/en\/mitgliederversammlung-von-baum-setzt-akzente-fuer-2026\/#primaryimage","url":"https:\/\/baumev.de\/wp-content\/uploads\/2024\/11\/BAUM-Logo-mit-Claim_16zu9.png","contentUrl":"https:\/\/baumev.de\/wp-content\/uploads\/2024\/11\/BAUM-Logo-mit-Claim_16zu9.png","width":2000,"height":1125,"caption":"Logo des nachhaltigen Unternehmerverbands BAUM e.V. mit dem Claim \"zukunft unternehmen\""},{"@type":"BreadcrumbList","@id":"https:\/\/baumev.de\/en\/mitgliederversammlung-von-baum-setzt-akzente-fuer-2026\/#breadcrumb","itemListElement":[{"@type":"ListItem","position":1,"name":"Startseite","item":"https:\/\/baumev.de\/en\/"},{"@type":"ListItem","position":2,"name":"Mitgliederversammlung von BAUM setzt Akzente f\u00fcr 2026"}]},{"@type":"WebSite","@id":"\/#website","url":"\/","name":"BAUM e.V.","description":"BAUM e.V. \u2013 Netzwerk f\u00fcr nachhaltiges Wirtschaften","publisher":{"@id":"\/#organization"},"potentialAction":[{"@type":"SearchAction","target":{"@type":"EntryPoint","urlTemplate":"\/?s={search_term_string}"},"query-input":{"@type":"PropertyValueSpecification","valueRequired":true,"valueName":"search_term_string"}}],"inLanguage":"en-GB"},{"@type":"Organization","@id":"\/#organization","name":"BAUM e.V.","alternateName":"Bundesdeutscher Arbeitskreis f\u00fcr Umweltbewusstes Management","url":"\/","logo":{"@type":"ImageObject","inLanguage":"en-GB","@id":"\/#\/schema\/logo\/image\/","url":"https:\/\/baumev.de\/wp-content\/uploads\/2025\/04\/Element-1.svg","contentUrl":"https:\/\/baumev.de\/wp-content\/uploads\/2025\/04\/Element-1.svg","width":"1024","height":"1024","caption":"BAUM e.V."},"image":{"@id":"\/#\/schema\/logo\/image\/"},"sameAs":["https:\/\/www.linkedin.com\/company\/baum-ev"]},{"@type":"Person","@id":"\/#\/schema\/person\/7cca3fa2dd5ee9056656013035fb46db","name":"Katrin Wippich"}]}},"_links":{"self":[{"href":"https:\/\/baumev.de\/en\/wp-json\/wp\/v2\/posts\/16236","targetHints":{"allow":["GET"]}}],"collection":[{"href":"https:\/\/baumev.de\/en\/wp-json\/wp\/v2\/posts"}],"about":[{"href":"https:\/\/baumev.de\/en\/wp-json\/wp\/v2\/types\/post"}],"author":[{"embeddable":true,"href":"https:\/\/baumev.de\/en\/wp-json\/wp\/v2\/users\/2"}],"replies":[{"embeddable":true,"href":"https:\/\/baumev.de\/en\/wp-json\/wp\/v2\/comments?post=16236"}],"version-history":[{"count":1,"href":"https:\/\/baumev.de\/en\/wp-json\/wp\/v2\/posts\/16236\/revisions"}],"predecessor-version":[{"id":16239,"href":"https:\/\/baumev.de\/en\/wp-json\/wp\/v2\/posts\/16236\/revisions\/16239"}],"wp:featuredmedia":[{"embeddable":true,"href":"https:\/\/baumev.de\/en\/wp-json\/wp\/v2\/media\/6233"}],"wp:attachment":[{"href":"https:\/\/baumev.de\/en\/wp-json\/wp\/v2\/media?parent=16236"}],"wp:term":[{"taxonomy":"category","embeddable":true,"href":"https:\/\/baumev.de\/en\/wp-json\/wp\/v2\/categories?post=16236"},{"taxonomy":"post_tag","embeddable":true,"href":"https:\/\/baumev.de\/en\/wp-json\/wp\/v2\/tags?post=16236"}],"curies":[{"name":"wp","href":"https:\/\/api.w.org\/{rel}","templated":true}]}}