{"id":16346,"date":"2026-01-13T16:44:22","date_gmt":"2026-01-13T15:44:22","guid":{"rendered":"https:\/\/baumev.de\/?p=16346"},"modified":"2026-01-13T16:44:47","modified_gmt":"2026-01-13T15:44:47","slug":"chancen-und-risikomanagement-als-treiber-fuer-nachhaltige-innovation","status":"publish","type":"post","link":"https:\/\/baumev.de\/en\/chancen-und-risikomanagement-als-treiber-fuer-nachhaltige-innovation\/","title":{"rendered":"Neujahrsempfang 2026: Chancen- und Risikomanagement als Treiber f\u00fcr nachhaltige Innovation"},"content":{"rendered":"<p>Beim Neujahrsempfang von BAUM stand das Jahresthema 2026 \u201eChancen- und Risikomanagement\u201c im Mittelpunkt. Rund 50 G\u00e4ste waren in Berlin beim gastgebenden BAUM-Mitglied Scholz &amp; Friends Reputation zusammengekommen. Die gleiche Anzahl Teilnehmender hatte sich digital aus ganz Deutschland zugeschaltet.<\/p>\n<p>Die BAUM-Vorsitzende <strong>Yvonne Zwick<\/strong> begr\u00fc\u00dfte die G\u00e4ste und lud dazu ein, das neue Jahr mit inspirierenden Impulsen zum Jahresthema \u201eChancen- und Risikomanagement\u201c, spannenden Diskussionen und guten Gespr\u00e4chen zu beginnen. Im Anschluss stellten sich die beiden neben dem wiedergew\u00e4hlten stellvertretenden Vorsitzenden <strong>Martin Oldeland<\/strong> neu gew\u00e4hlten stellvertretenden Vorsitzenden Marion Sollbach und Ellen Weiland vor.<\/p>\n<p><strong>Marion Sollbach<\/strong> ist eine Nachhaltigkeitsexpertin mit mehr als zwei Jahrzehnten Erfahrung im Nachhaltigkeitsmanagement von Unternehmen und als Nachhaltigkeitsberaterin. Sie m\u00f6chte BAUM st\u00e4rker europ\u00e4isch vernetzen und den Austausch von Praxiswissen weiterentwickeln. Mit <strong>Ellen Weiland<\/strong> kommt eine ausgewiesene Expertin f\u00fcr Sustainable Finance an Bord. Zuletzt war sie beim Deutschen Sparkassen- und Giroverband Leiterin der Stabsstelle Nachhaltigkeit bzw. Gruppenleiterin Nachhaltigkeitsstrategie f\u00fcr die gesamthafte strategische Steuerung aller Nachhaltigkeitsaktivit\u00e4ten der Sparkassenfinanzgruppe.<\/p>\n<h3>Impulse zum Jahresthema 2026<\/h3>\n<p><strong>Joris-Johann Lenssen<\/strong>, Gesch\u00e4ftsleitung bei <a href=\"https:\/\/www.nachhaltigkeitsberatung-sfr.de\/\" target=\"_blank\" rel=\"noopener\">Scholz &amp; Friends Reputation<\/a>, erl\u00e4uterte zum Thema \u201eChancen- und Risikomanagement\u201c: \u201eWir erleben eine Renaissance der Business-Case-Debatte. Risikomanagement bedeutet heute vor allem Compliance, muss aber auch den Schutz unserer Demokratie als h\u00e4rteste Standortw\u00e4hrung integrieren. Echte Chancen entstehen dagegen prim\u00e4r durch innovative Wertsch\u00f6pfung im Kerngesch\u00e4ft. Beide Dimensionen von Risiko und Chancen sind daher wichtig und nicht voneinander zu trennen.\u201c<\/p>\n<p>Impulse aus der Praxis kamen zudem von:<\/p>\n<ul>\n<li><strong> Stefanie Eichiner<\/strong>, BAUM-Preistr\u00e4gerin 2025, die in ihrer Doppelrolle als Head of Sustainability bei Pfleiderer Deutschland sowie als Vorstandsvorsitzende der Initiative <a href=\"https:\/\/www.business-and-biodiversity.de\/\" target=\"_blank\" rel=\"noopener\">Biodiversity in Good Company e.V.<\/a> sprach;<\/li>\n<li><strong> Dr. Ralf Frank<\/strong> (Managing Partner bei sustainserv), <strong>Heike Sch\u00f6nberg<\/strong> (Prozess- und Strategie-Expertin f\u00fcr Compliance, Sustainability &amp; Procurement) und <strong>Daniel Silberhorn<\/strong> (Senior Manager Sustainability bei plenum AG \u2013 Management Consulting), die alle drei ehrenamtlich im <a href=\"https:\/\/baumev.de\/baum-ev\/gremien\/\" target=\"_blank\" rel=\"noopener\">Gesamtvorstand von BAUM<\/a> mitarbeiten.<\/li>\n<\/ul>\n<p>Deutlich wurde, dass viele Verb\u00e4nde und Kammern in der \u00f6ffentlichen Debatte um ESG und Reporting ein anderes Bild spiegeln, als Unternehmen in der betrieblichen Praxis abgeben. F\u00fcr kleine Unternehmen ist es jedoch eine Herausforderung, gegen\u00fcber Einkaufsabteilungen gro\u00dfer Unternehmen sowie gegen\u00fcber Banken und Kapitalmarkt ihre Nachhaltigkeitsleistungen zu belegen.<\/p>\n<p>Als hoch interessant bezeichneten Teilnehmende die v\u00f6llig neue geopolitische Bedeutung, die Europa aktuell bekomme. F\u00fcr Nachhaltigkeitsengagierte wichtig sei die Frage, wie Unternehmen in anderen EU-L\u00e4nder Nachhaltigkeit denken.<\/p>\n<h3>Chancen und Risiken der Klimatransformation<\/h3>\n<p>Der Sprecher des wissenschaftlichen Kuratoriums von BAUM, <strong>Prof. Dr. Jochen Pampel<\/strong> (Professor f\u00fcr Controlling an der Universit\u00e4t Potsdam), sah im anbrechenden Jahr angesichts der zahlreichen Herausforderungen \u201eviel Raum f\u00fcr Chancen- und Risikomanagement\u201c. Dabei empfahl er eine Fokussierung auf wenige wichtige Dinge.<\/p>\n<p>So konzentrierte er sich in seinem Impuls auf die Klimatransformation und lieferte hierzu eine kurze Analyse sowie eine Indikation aus aktuellen Forschungsergebnissen. Zwei Punkte sind f\u00fcr Pampel beim Chancen- und Risikomanagement in diesem Bereich entscheidend: ein Primat f\u00fcr marktliche Anreize gegen\u00fcber Regulierung sowie die Herausl\u00f6sung der Klimafrage aus der Sustainability.<\/p>\n<p>Seine Argumente: An marktliche Anreize k\u00f6nnen sich Unternehmen spezifisch anpassen. Innovationen lohnen sich, und unvermeidbarer R\u00fcckbau erfolgt marktkonform. Au\u00dferdem lie\u00dfe sich so ein \u201ebesonderes Paradoxon der Regulierung\u201c vermeiden: Einerseits sei diese gar nicht in der Lage, Transformationsdynamik und -komplexit\u00e4t zu regeln, wie das Scheitern jeglicher Staatswirtschaft belege. Andererseits k\u00f6nne Regulierung, wie die Erfahrung zeige, kurzfristig verhindert werden; Marktdynamik sei best\u00e4ndiger.<\/p>\n<p>Im Sustainability Reporting sieht Pampel unter dem Aspekt von Management und Controlling sowie aufgrund gesellschaftlicher Verpflichtung eine \u201ewirkliche Notwendigkeit und begr\u00fc\u00dfenswerten Fortschritt\u201c. Das Klima erhalte aber mehr notwendige Aufmerksamkeit, wenn es separat ergebnisorientiert gemanagt werde. Aufgrund spezifischer \u00f6konomischer Relevanz griffen hier n\u00e4mlich andere Wirkungsmechanismen, so Pampel. \u00d6konomischen Argumenten traue er zudem mehr Durchdringungskraft zu. Wenn der Mensch das Klima bestimme, gehe es gar nicht mehr um Nachhaltigkeit, sondern um die Gestaltung des gew\u00fcnschten Klimas.<\/p>\n<h3>\u201eWir schaffen das!\u201c<\/h3>\n<p>Seinen Vortrag schloss Pampel mit den Worten \u201eWir schaffen das!\u201c. In diesem Sinne wird BAUM gemeinsam mit seinen Partnern auch 2026 R\u00e4ume schaffen, in denen unternehmerische L\u00f6sungen diskutiert und skaliert werden k\u00f6nnen, und generationen\u00fcbergreifender Wissensaustausch erm\u00f6glichen zwischen Know-how-Tr\u00e4ger:innen mit jahrzehntelanger Expertise und j\u00fcngeren, exzellent Ausgebildeten. Letztere sind oft hoch motiviert, jedoch in besonderer Weise von der mangelnden Resilienz von Gesch\u00e4ftsmodellen betroffenen und zurzeit ziemlich desillusioniert. Ihnen bietet BAUM als Nachhaltigkeitsnetzwerk eine besondere Gelegenheit anzudocken.<\/p>\n","protected":false},"excerpt":{"rendered":"<p>Beim Neujahrsempfang von BAUM stand das Jahresthema 2026 \u201eChancen- und Risikomanagement\u201c im Mittelpunkt. Rund 50 G\u00e4ste waren in Berlin beim gastgebenden BAUM-Mitglied Scholz &#038; Friends Reputation zusammengekommen. Die gleiche Anzahl Teilnehmender hatte sich digital aus ganz Deutschland zugeschaltet.<\/p>\n","protected":false},"author":2,"featured_media":16353,"comment_status":"closed","ping_status":"closed","sticky":false,"template":"","format":"standard","meta":{"_acf_changed":false,"_et_pb_use_builder":"","_et_pb_old_content":"","_et_gb_content_width":"","inline_featured_image":false,"footnotes":""},"categories":[18],"tags":[],"class_list":["post-16346","post","type-post","status-publish","format-standard","has-post-thumbnail","hentry","category-news"],"acf":[],"yoast_head":"<!-- This site is optimized with the Yoast SEO plugin v27.2 - https:\/\/yoast.com\/product\/yoast-seo-wordpress\/ -->\n<title>Neujahrsempfang 2026: Chancen- und Risikomanagement als Treiber f\u00fcr nachhaltige Innovation - BAUM e.V.<\/title>\n<meta name=\"description\" content=\"Beim Neujahrsempfang von BAUM stand das Jahresthema 2026 \u201eChancen- und Risikomanagement\u201c im Mittelpunkt.\" \/>\n<meta name=\"robots\" content=\"index, follow, max-snippet:-1, max-image-preview:large, max-video-preview:-1\" \/>\n<link rel=\"canonical\" href=\"https:\/\/baumev.de\/en\/chancen-und-risikomanagement-als-treiber-fuer-nachhaltige-innovation\/\" \/>\n<meta property=\"og:locale\" content=\"en_GB\" \/>\n<meta property=\"og:type\" content=\"article\" \/>\n<meta property=\"og:title\" content=\"Neujahrsempfang 2026: Chancen- und Risikomanagement als Treiber f\u00fcr nachhaltige Innovation - BAUM e.V.\" \/>\n<meta property=\"og:description\" content=\"Beim Neujahrsempfang von BAUM stand das Jahresthema 2026 \u201eChancen- und Risikomanagement\u201c im Mittelpunkt.\" \/>\n<meta property=\"og:url\" content=\"https:\/\/baumev.de\/en\/chancen-und-risikomanagement-als-treiber-fuer-nachhaltige-innovation\/\" \/>\n<meta property=\"og:site_name\" content=\"BAUM e.V.\" \/>\n<meta property=\"article:published_time\" content=\"2026-01-13T15:44:22+00:00\" \/>\n<meta property=\"article:modified_time\" content=\"2026-01-13T15:44:47+00:00\" \/>\n<meta property=\"og:image\" content=\"https:\/\/baumev.de\/wp-content\/uploads\/2026\/01\/alexander-naglestad-xzKtOI1Cnxo-unsplash-scaled.jpg\" \/>\n\t<meta property=\"og:image:width\" content=\"2560\" \/>\n\t<meta property=\"og:image:height\" content=\"1708\" \/>\n\t<meta property=\"og:image:type\" content=\"image\/jpeg\" \/>\n<meta name=\"author\" content=\"Katrin Wippich\" \/>\n<meta name=\"twitter:card\" content=\"summary_large_image\" \/>\n<meta name=\"twitter:label1\" content=\"Written by\" \/>\n\t<meta name=\"twitter:data1\" content=\"Katrin Wippich\" \/>\n\t<meta name=\"twitter:label2\" content=\"Estimated reading time\" \/>\n\t<meta name=\"twitter:data2\" content=\"4 minutes\" \/>\n<script type=\"application\/ld+json\" class=\"yoast-schema-graph\">{\"@context\":\"https:\/\/schema.org\",\"@graph\":[{\"@type\":\"Article\",\"@id\":\"https:\/\/baumev.de\/en\/chancen-und-risikomanagement-als-treiber-fuer-nachhaltige-innovation\/#article\",\"isPartOf\":{\"@id\":\"https:\/\/baumev.de\/en\/chancen-und-risikomanagement-als-treiber-fuer-nachhaltige-innovation\/\"},\"author\":{\"name\":\"Katrin Wippich\",\"@id\":\"\/#\/schema\/person\/7cca3fa2dd5ee9056656013035fb46db\"},\"headline\":\"Neujahrsempfang 2026: Chancen- und Risikomanagement als Treiber f\u00fcr nachhaltige Innovation\",\"datePublished\":\"2026-01-13T15:44:22+00:00\",\"dateModified\":\"2026-01-13T15:44:47+00:00\",\"mainEntityOfPage\":{\"@id\":\"https:\/\/baumev.de\/en\/chancen-und-risikomanagement-als-treiber-fuer-nachhaltige-innovation\/\"},\"wordCount\":734,\"publisher\":{\"@id\":\"\/#organization\"},\"image\":{\"@id\":\"https:\/\/baumev.de\/en\/chancen-und-risikomanagement-als-treiber-fuer-nachhaltige-innovation\/#primaryimage\"},\"thumbnailUrl\":\"https:\/\/baumev.de\/wp-content\/uploads\/2026\/01\/alexander-naglestad-xzKtOI1Cnxo-unsplash-scaled.jpg\",\"articleSection\":[\"Einblicke &amp; Perspektiven\"],\"inLanguage\":\"en-GB\"},{\"@type\":\"WebPage\",\"@id\":\"https:\/\/baumev.de\/en\/chancen-und-risikomanagement-als-treiber-fuer-nachhaltige-innovation\/\",\"url\":\"https:\/\/baumev.de\/en\/chancen-und-risikomanagement-als-treiber-fuer-nachhaltige-innovation\/\",\"name\":\"Neujahrsempfang 2026: Chancen- und Risikomanagement als Treiber f\u00fcr nachhaltige Innovation - BAUM e.V.\",\"isPartOf\":{\"@id\":\"\/#website\"},\"primaryImageOfPage\":{\"@id\":\"https:\/\/baumev.de\/en\/chancen-und-risikomanagement-als-treiber-fuer-nachhaltige-innovation\/#primaryimage\"},\"image\":{\"@id\":\"https:\/\/baumev.de\/en\/chancen-und-risikomanagement-als-treiber-fuer-nachhaltige-innovation\/#primaryimage\"},\"thumbnailUrl\":\"https:\/\/baumev.de\/wp-content\/uploads\/2026\/01\/alexander-naglestad-xzKtOI1Cnxo-unsplash-scaled.jpg\",\"datePublished\":\"2026-01-13T15:44:22+00:00\",\"dateModified\":\"2026-01-13T15:44:47+00:00\",\"description\":\"Beim Neujahrsempfang von BAUM stand das Jahresthema 2026 \u201eChancen- und Risikomanagement\u201c im Mittelpunkt.\",\"breadcrumb\":{\"@id\":\"https:\/\/baumev.de\/en\/chancen-und-risikomanagement-als-treiber-fuer-nachhaltige-innovation\/#breadcrumb\"},\"inLanguage\":\"en-GB\",\"potentialAction\":[{\"@type\":\"ReadAction\",\"target\":[\"https:\/\/baumev.de\/en\/chancen-und-risikomanagement-als-treiber-fuer-nachhaltige-innovation\/\"]}]},{\"@type\":\"ImageObject\",\"inLanguage\":\"en-GB\",\"@id\":\"https:\/\/baumev.de\/en\/chancen-und-risikomanagement-als-treiber-fuer-nachhaltige-innovation\/#primaryimage\",\"url\":\"https:\/\/baumev.de\/wp-content\/uploads\/2026\/01\/alexander-naglestad-xzKtOI1Cnxo-unsplash-scaled.jpg\",\"contentUrl\":\"https:\/\/baumev.de\/wp-content\/uploads\/2026\/01\/alexander-naglestad-xzKtOI1Cnxo-unsplash-scaled.jpg\",\"width\":2560,\"height\":1708,\"caption\":\"Gl\u00e4ser mit Sekt\"},{\"@type\":\"BreadcrumbList\",\"@id\":\"https:\/\/baumev.de\/en\/chancen-und-risikomanagement-als-treiber-fuer-nachhaltige-innovation\/#breadcrumb\",\"itemListElement\":[{\"@type\":\"ListItem\",\"position\":1,\"name\":\"Startseite\",\"item\":\"https:\/\/baumev.de\/en\/\"},{\"@type\":\"ListItem\",\"position\":2,\"name\":\"Neujahrsempfang 2026: Chancen- und Risikomanagement als Treiber f\u00fcr nachhaltige Innovation\"}]},{\"@type\":\"WebSite\",\"@id\":\"\/#website\",\"url\":\"\/\",\"name\":\"BAUM e.V.\",\"description\":\"BAUM e.V. \u2013 Netzwerk f\u00fcr nachhaltiges Wirtschaften\",\"publisher\":{\"@id\":\"\/#organization\"},\"potentialAction\":[{\"@type\":\"SearchAction\",\"target\":{\"@type\":\"EntryPoint\",\"urlTemplate\":\"\/?s={search_term_string}\"},\"query-input\":{\"@type\":\"PropertyValueSpecification\",\"valueRequired\":true,\"valueName\":\"search_term_string\"}}],\"inLanguage\":\"en-GB\"},{\"@type\":\"Organization\",\"@id\":\"\/#organization\",\"name\":\"BAUM e.V.\",\"alternateName\":\"Bundesdeutscher Arbeitskreis f\u00fcr Umweltbewusstes Management\",\"url\":\"\/\",\"logo\":{\"@type\":\"ImageObject\",\"inLanguage\":\"en-GB\",\"@id\":\"\/#\/schema\/logo\/image\/\",\"url\":\"https:\/\/baumev.de\/wp-content\/uploads\/2025\/04\/Element-1.svg\",\"contentUrl\":\"https:\/\/baumev.de\/wp-content\/uploads\/2025\/04\/Element-1.svg\",\"width\":\"1024\",\"height\":\"1024\",\"caption\":\"BAUM e.V.\"},\"image\":{\"@id\":\"\/#\/schema\/logo\/image\/\"},\"sameAs\":[\"https:\/\/www.linkedin.com\/company\/baum-ev\"]},{\"@type\":\"Person\",\"@id\":\"\/#\/schema\/person\/7cca3fa2dd5ee9056656013035fb46db\",\"name\":\"Katrin Wippich\"}]}<\/script>\n<!-- \/ Yoast SEO plugin. -->","yoast_head_json":{"title":"Neujahrsempfang 2026: Chancen- und Risikomanagement als Treiber f\u00fcr nachhaltige Innovation - BAUM e.V.","description":"Beim Neujahrsempfang von BAUM stand das Jahresthema 2026 \u201eChancen- und Risikomanagement\u201c im Mittelpunkt.","robots":{"index":"index","follow":"follow","max-snippet":"max-snippet:-1","max-image-preview":"max-image-preview:large","max-video-preview":"max-video-preview:-1"},"canonical":"https:\/\/baumev.de\/en\/chancen-und-risikomanagement-als-treiber-fuer-nachhaltige-innovation\/","og_locale":"en_GB","og_type":"article","og_title":"Neujahrsempfang 2026: Chancen- und Risikomanagement als Treiber f\u00fcr nachhaltige Innovation - BAUM e.V.","og_description":"Beim Neujahrsempfang von BAUM stand das Jahresthema 2026 \u201eChancen- und Risikomanagement\u201c im Mittelpunkt.","og_url":"https:\/\/baumev.de\/en\/chancen-und-risikomanagement-als-treiber-fuer-nachhaltige-innovation\/","og_site_name":"BAUM e.V.","article_published_time":"2026-01-13T15:44:22+00:00","article_modified_time":"2026-01-13T15:44:47+00:00","og_image":[{"width":2560,"height":1708,"url":"https:\/\/baumev.de\/wp-content\/uploads\/2026\/01\/alexander-naglestad-xzKtOI1Cnxo-unsplash-scaled.jpg","type":"image\/jpeg"}],"author":"Katrin Wippich","twitter_card":"summary_large_image","twitter_misc":{"Written by":"Katrin Wippich","Estimated reading time":"4 minutes"},"schema":{"@context":"https:\/\/schema.org","@graph":[{"@type":"Article","@id":"https:\/\/baumev.de\/en\/chancen-und-risikomanagement-als-treiber-fuer-nachhaltige-innovation\/#article","isPartOf":{"@id":"https:\/\/baumev.de\/en\/chancen-und-risikomanagement-als-treiber-fuer-nachhaltige-innovation\/"},"author":{"name":"Katrin Wippich","@id":"\/#\/schema\/person\/7cca3fa2dd5ee9056656013035fb46db"},"headline":"Neujahrsempfang 2026: Chancen- und Risikomanagement als Treiber f\u00fcr nachhaltige Innovation","datePublished":"2026-01-13T15:44:22+00:00","dateModified":"2026-01-13T15:44:47+00:00","mainEntityOfPage":{"@id":"https:\/\/baumev.de\/en\/chancen-und-risikomanagement-als-treiber-fuer-nachhaltige-innovation\/"},"wordCount":734,"publisher":{"@id":"\/#organization"},"image":{"@id":"https:\/\/baumev.de\/en\/chancen-und-risikomanagement-als-treiber-fuer-nachhaltige-innovation\/#primaryimage"},"thumbnailUrl":"https:\/\/baumev.de\/wp-content\/uploads\/2026\/01\/alexander-naglestad-xzKtOI1Cnxo-unsplash-scaled.jpg","articleSection":["Einblicke &amp; Perspektiven"],"inLanguage":"en-GB"},{"@type":"WebPage","@id":"https:\/\/baumev.de\/en\/chancen-und-risikomanagement-als-treiber-fuer-nachhaltige-innovation\/","url":"https:\/\/baumev.de\/en\/chancen-und-risikomanagement-als-treiber-fuer-nachhaltige-innovation\/","name":"Neujahrsempfang 2026: Chancen- und Risikomanagement als Treiber f\u00fcr nachhaltige Innovation - BAUM e.V.","isPartOf":{"@id":"\/#website"},"primaryImageOfPage":{"@id":"https:\/\/baumev.de\/en\/chancen-und-risikomanagement-als-treiber-fuer-nachhaltige-innovation\/#primaryimage"},"image":{"@id":"https:\/\/baumev.de\/en\/chancen-und-risikomanagement-als-treiber-fuer-nachhaltige-innovation\/#primaryimage"},"thumbnailUrl":"https:\/\/baumev.de\/wp-content\/uploads\/2026\/01\/alexander-naglestad-xzKtOI1Cnxo-unsplash-scaled.jpg","datePublished":"2026-01-13T15:44:22+00:00","dateModified":"2026-01-13T15:44:47+00:00","description":"Beim Neujahrsempfang von BAUM stand das Jahresthema 2026 \u201eChancen- und Risikomanagement\u201c im Mittelpunkt.","breadcrumb":{"@id":"https:\/\/baumev.de\/en\/chancen-und-risikomanagement-als-treiber-fuer-nachhaltige-innovation\/#breadcrumb"},"inLanguage":"en-GB","potentialAction":[{"@type":"ReadAction","target":["https:\/\/baumev.de\/en\/chancen-und-risikomanagement-als-treiber-fuer-nachhaltige-innovation\/"]}]},{"@type":"ImageObject","inLanguage":"en-GB","@id":"https:\/\/baumev.de\/en\/chancen-und-risikomanagement-als-treiber-fuer-nachhaltige-innovation\/#primaryimage","url":"https:\/\/baumev.de\/wp-content\/uploads\/2026\/01\/alexander-naglestad-xzKtOI1Cnxo-unsplash-scaled.jpg","contentUrl":"https:\/\/baumev.de\/wp-content\/uploads\/2026\/01\/alexander-naglestad-xzKtOI1Cnxo-unsplash-scaled.jpg","width":2560,"height":1708,"caption":"Gl\u00e4ser mit Sekt"},{"@type":"BreadcrumbList","@id":"https:\/\/baumev.de\/en\/chancen-und-risikomanagement-als-treiber-fuer-nachhaltige-innovation\/#breadcrumb","itemListElement":[{"@type":"ListItem","position":1,"name":"Startseite","item":"https:\/\/baumev.de\/en\/"},{"@type":"ListItem","position":2,"name":"Neujahrsempfang 2026: Chancen- und Risikomanagement als Treiber f\u00fcr nachhaltige Innovation"}]},{"@type":"WebSite","@id":"\/#website","url":"\/","name":"BAUM e.V.","description":"BAUM e.V. \u2013 Netzwerk f\u00fcr nachhaltiges Wirtschaften","publisher":{"@id":"\/#organization"},"potentialAction":[{"@type":"SearchAction","target":{"@type":"EntryPoint","urlTemplate":"\/?s={search_term_string}"},"query-input":{"@type":"PropertyValueSpecification","valueRequired":true,"valueName":"search_term_string"}}],"inLanguage":"en-GB"},{"@type":"Organization","@id":"\/#organization","name":"BAUM e.V.","alternateName":"Bundesdeutscher Arbeitskreis f\u00fcr Umweltbewusstes Management","url":"\/","logo":{"@type":"ImageObject","inLanguage":"en-GB","@id":"\/#\/schema\/logo\/image\/","url":"https:\/\/baumev.de\/wp-content\/uploads\/2025\/04\/Element-1.svg","contentUrl":"https:\/\/baumev.de\/wp-content\/uploads\/2025\/04\/Element-1.svg","width":"1024","height":"1024","caption":"BAUM e.V."},"image":{"@id":"\/#\/schema\/logo\/image\/"},"sameAs":["https:\/\/www.linkedin.com\/company\/baum-ev"]},{"@type":"Person","@id":"\/#\/schema\/person\/7cca3fa2dd5ee9056656013035fb46db","name":"Katrin Wippich"}]}},"_links":{"self":[{"href":"https:\/\/baumev.de\/en\/wp-json\/wp\/v2\/posts\/16346","targetHints":{"allow":["GET"]}}],"collection":[{"href":"https:\/\/baumev.de\/en\/wp-json\/wp\/v2\/posts"}],"about":[{"href":"https:\/\/baumev.de\/en\/wp-json\/wp\/v2\/types\/post"}],"author":[{"embeddable":true,"href":"https:\/\/baumev.de\/en\/wp-json\/wp\/v2\/users\/2"}],"replies":[{"embeddable":true,"href":"https:\/\/baumev.de\/en\/wp-json\/wp\/v2\/comments?post=16346"}],"version-history":[{"count":2,"href":"https:\/\/baumev.de\/en\/wp-json\/wp\/v2\/posts\/16346\/revisions"}],"predecessor-version":[{"id":16349,"href":"https:\/\/baumev.de\/en\/wp-json\/wp\/v2\/posts\/16346\/revisions\/16349"}],"wp:featuredmedia":[{"embeddable":true,"href":"https:\/\/baumev.de\/en\/wp-json\/wp\/v2\/media\/16353"}],"wp:attachment":[{"href":"https:\/\/baumev.de\/en\/wp-json\/wp\/v2\/media?parent=16346"}],"wp:term":[{"taxonomy":"category","embeddable":true,"href":"https:\/\/baumev.de\/en\/wp-json\/wp\/v2\/categories?post=16346"},{"taxonomy":"post_tag","embeddable":true,"href":"https:\/\/baumev.de\/en\/wp-json\/wp\/v2\/tags?post=16346"}],"curies":[{"name":"wp","href":"https:\/\/api.w.org\/{rel}","templated":true}]}}