{"id":16354,"date":"2026-01-14T10:52:44","date_gmt":"2026-01-14T09:52:44","guid":{"rendered":"https:\/\/baumev.de\/?p=16354"},"modified":"2026-01-14T17:53:22","modified_gmt":"2026-01-14T16:53:22","slug":"neues-jahr-neuer-vorstand","status":"publish","type":"post","link":"https:\/\/baumev.de\/en\/neues-jahr-neuer-vorstand\/","title":{"rendered":"Neues Jahr \u2013 neuer Vorstand"},"content":{"rendered":"<p><strong>Hamburg, 14.01.2026 \u2013 Der Neujahrsempfang von BAUM brachte am 9. Januar rund 100 Menschen zusammen, um das Schwerpunktthema des Netzwerks f\u00fcr 2026 in den Blick zu nehmen: \u201eChancen- und Risikomanagement\u201c. Mit dabei zwei neue stellvertretende Vorsitzende: Marion Sollbach und Ellen Weiland.<\/strong><\/p>\n<p>\u201eChancen- und Risikomanagement\u201c ist das Schwerpunktthema 2026 von BAUM. Es stand im Mittelpunkt der Beitr\u00e4ge beim Neujahrsempfang, der am 9. Januar mit rund 50 Menschen vor Ort in Berlin stattfand. Die gleiche Anzahl Teilnehmender hatte sich digital aus ganz Deutschland zugeschaltet.<\/p>\n<p>\u201eWo Risiken erkannt und gemanagt werden, entsteht Potenzial f\u00fcr Innovation, Kooperation, Stabilit\u00e4t. Aus der Erkenntnis k\u00f6nnen neue Produkte, effizientere Prozesse, strategische Robustheit erwachsen\u201c, erl\u00e4uterte die BAUM-Vorsitzende Yvonne Zwick. \u201eDer Chancenaspekt geh\u00f6rt deshalb zwingend zum Risikomanagement: wer Risiken als Lernimpulse begreift, kann neue Gesch\u00e4ftsfelder erschlie\u00dfen. Genau das ist das Ziel \u2013 Resilienz durch Wachsamkeit.\u201c<\/p>\n<p>Joris-Johann Lenssen, Gesch\u00e4ftsleitung des gastgebenden BAUM-Mitglieds Scholz &amp; Friends Reputation, erg\u00e4nzte: \u201eWir erleben eine Renaissance der Business-Case-Debatte. Risikomanagement bedeutet heute vor allem Compliance, muss aber auch den Schutz unserer Demokratie als h\u00e4rteste Standortw\u00e4hrung integrieren. Echte Chancen entstehen dagegen prim\u00e4r durch innovative Wertsch\u00f6pfung im Kerngesch\u00e4ft. Beide Dimensionen von Risiko und Chancen sind daher wichtig und nicht voneinander zu trennen.\u201c<\/p>\n<h3>Neue Gesichter im Vorstand<\/h3>\n<p>Bereits Ende November 2025 hatte die Mitgliederversammlung Marion Sollbach und Ellen Weiland zu neuen stellvertretenden Vorsitzenden gew\u00e4hlt; ihre Amtszeit betr\u00e4gt drei Jahre. Martin Oldeland wurde f\u00fcr zwei Jahre wiedergew\u00e4hlt. Gemeinsam mit der Vorsitzenden Yvonne Zwick, deren Amt in diesem Jahr nicht zur Wahl stand, bilden sie den gesch\u00e4ftsf\u00fchrenden Vorstand, der die Arbeit von BAUM leitet.<\/p>\n<p><strong>Marion Sollbach<\/strong> ist eine Nachhaltigkeitsexpertin mit mehr als zwei Jahrzehnten Erfahrung im Nachhaltigkeitsmanagement von Unternehmen und als Nachhaltigkeitsberaterin. Sie m\u00f6chte BAUM st\u00e4rker europ\u00e4isch vernetzen und den Austausch von Praxiswissen weiterentwickeln: \u201eEuropa bleibt die Antwort auf die meisten Zukunftsfragen. Daher suchen wir st\u00e4rker den Schulterschluss mit den Unternehmen und Organisationen in Europa, die wie BAUM \u00fcberzeugt sind, dass zukunftsf\u00e4higes Wirtschaften nachhaltig sein muss.\u201c<\/p>\n<p>Mit <strong>Ellen Weiland<\/strong> kommt eine ausgewiesene Expertin f\u00fcr Sustainable Finance an Bord. Zuletzt war sie beim Deutschen Sparkassen- und Giroverband Leiterin der Stabsstelle Nachhaltigkeit bzw. Gruppenleiterin Nachhaltigkeitsstrategie f\u00fcr die gesamthafte strategische Steuerung aller Nachhaltigkeitsaktivit\u00e4ten der Sparkassenfinanzgruppe. \u201eJedes Projekt beginnt mit der Finanzierung. Finanzwirtschaft und Realwirtschaft m\u00fcssen zusammen neu gedacht werden, damit wir die Transformation der deutschen und europ\u00e4ischen Wirtschaft z\u00fcgig voranbringen. BAUM wird hier konkrete Unterst\u00fctzung und Orientierung f\u00fcr Unternehmen bieten.\u201c<\/p>\n<p>Neben den vier hauptamtlichen Mitgliedern geh\u00f6ren dem Vorstand von BAUM 12 ehrenamtliche Mitglieder an. Sie wurden Ende November ebenfalls f\u00fcr eine Amtszeit von drei Jahren gew\u00e4hlt. Einige der bisherigen Mitglieder kandidierten erneut. Unter <a href=\"https:\/\/baumev.de\/baum-ev\/gremien\/\">https:\/\/baumev.de\/baum-ev\/gremien\/<\/a> sind s\u00e4mtliche Vorstandsmitglieder aufgelistet.<\/p>\n<p><a href=\"https:\/\/baumev.de\/wp-content\/uploads\/2026\/01\/260114_PM_Jahresauftakt-neuer-Vorstand.pdf\" target=\"_blank\" rel=\"noopener\">Presse-Information als PDF<\/a><\/p>\n","protected":false},"excerpt":{"rendered":"<p>Der Neujahrsempfang von BAUM brachte am 9. Januar rund 100 Menschen zusammen, um das Schwerpunktthema des Netzwerks f\u00fcr 2026 in den Blick zu nehmen: \u201eChancen- und Risikomanagement\u201c. Mit dabei zwei neue stellvertretende Vorsitzende: Marion Sollbach und Ellen Weiland.<\/p>\n","protected":false},"author":2,"featured_media":16407,"comment_status":"closed","ping_status":"closed","sticky":false,"template":"","format":"standard","meta":{"_acf_changed":false,"_et_pb_use_builder":"","_et_pb_old_content":"","_et_gb_content_width":"","inline_featured_image":false,"footnotes":""},"categories":[18,10],"tags":[],"class_list":["post-16354","post","type-post","status-publish","format-standard","has-post-thumbnail","hentry","category-news","category-pressemitteilungen"],"acf":[],"yoast_head":"<!-- This site is optimized with the Yoast SEO plugin v27.2 - https:\/\/yoast.com\/product\/yoast-seo-wordpress\/ -->\n<title>Neues Jahr \u2013 neuer Vorstand - BAUM e.V.<\/title>\n<meta name=\"description\" content=\"Marion Sollbach und Ellen Weiland verst\u00e4rken ab sofort als stellvertretende Vorsitzende den Vorstand von BAUM e.V.\" \/>\n<meta name=\"robots\" content=\"index, follow, max-snippet:-1, max-image-preview:large, max-video-preview:-1\" \/>\n<link rel=\"canonical\" href=\"https:\/\/baumev.de\/en\/neues-jahr-neuer-vorstand\/\" \/>\n<meta property=\"og:locale\" content=\"en_GB\" \/>\n<meta property=\"og:type\" content=\"article\" \/>\n<meta property=\"og:title\" content=\"Neues Jahr \u2013 neuer Vorstand - BAUM e.V.\" \/>\n<meta property=\"og:description\" content=\"Marion Sollbach und Ellen Weiland verst\u00e4rken ab sofort als stellvertretende Vorsitzende den Vorstand von BAUM e.V.\" \/>\n<meta property=\"og:url\" content=\"https:\/\/baumev.de\/en\/neues-jahr-neuer-vorstand\/\" \/>\n<meta property=\"og:site_name\" content=\"BAUM e.V.\" \/>\n<meta property=\"article:published_time\" content=\"2026-01-14T09:52:44+00:00\" \/>\n<meta property=\"article:modified_time\" content=\"2026-01-14T16:53:22+00:00\" \/>\n<meta property=\"og:image\" content=\"https:\/\/baumev.de\/wp-content\/uploads\/2026\/01\/Symbolbilder-1024x576.png\" \/>\n\t<meta property=\"og:image:width\" content=\"1024\" \/>\n\t<meta property=\"og:image:height\" content=\"576\" \/>\n\t<meta property=\"og:image:type\" content=\"image\/png\" \/>\n<meta name=\"author\" content=\"Katrin Wippich\" \/>\n<meta name=\"twitter:card\" content=\"summary_large_image\" \/>\n<meta name=\"twitter:label1\" content=\"Written by\" \/>\n\t<meta name=\"twitter:data1\" content=\"Katrin Wippich\" \/>\n\t<meta name=\"twitter:label2\" content=\"Estimated reading time\" \/>\n\t<meta name=\"twitter:data2\" content=\"3 minutes\" \/>\n<script type=\"application\/ld+json\" class=\"yoast-schema-graph\">{\"@context\":\"https:\/\/schema.org\",\"@graph\":[{\"@type\":\"Article\",\"@id\":\"https:\/\/baumev.de\/en\/neues-jahr-neuer-vorstand\/#article\",\"isPartOf\":{\"@id\":\"https:\/\/baumev.de\/en\/neues-jahr-neuer-vorstand\/\"},\"author\":{\"name\":\"Katrin Wippich\",\"@id\":\"\/#\/schema\/person\/7cca3fa2dd5ee9056656013035fb46db\"},\"headline\":\"Neues Jahr \u2013 neuer Vorstand\",\"datePublished\":\"2026-01-14T09:52:44+00:00\",\"dateModified\":\"2026-01-14T16:53:22+00:00\",\"mainEntityOfPage\":{\"@id\":\"https:\/\/baumev.de\/en\/neues-jahr-neuer-vorstand\/\"},\"wordCount\":462,\"publisher\":{\"@id\":\"\/#organization\"},\"image\":{\"@id\":\"https:\/\/baumev.de\/en\/neues-jahr-neuer-vorstand\/#primaryimage\"},\"thumbnailUrl\":\"https:\/\/baumev.de\/wp-content\/uploads\/2026\/01\/Symbolbilder.png\",\"articleSection\":[\"Einblicke &amp; Perspektiven\",\"Pressemitteilungen\"],\"inLanguage\":\"en-GB\"},{\"@type\":\"WebPage\",\"@id\":\"https:\/\/baumev.de\/en\/neues-jahr-neuer-vorstand\/\",\"url\":\"https:\/\/baumev.de\/en\/neues-jahr-neuer-vorstand\/\",\"name\":\"Neues Jahr \u2013 neuer Vorstand - BAUM e.V.\",\"isPartOf\":{\"@id\":\"\/#website\"},\"primaryImageOfPage\":{\"@id\":\"https:\/\/baumev.de\/en\/neues-jahr-neuer-vorstand\/#primaryimage\"},\"image\":{\"@id\":\"https:\/\/baumev.de\/en\/neues-jahr-neuer-vorstand\/#primaryimage\"},\"thumbnailUrl\":\"https:\/\/baumev.de\/wp-content\/uploads\/2026\/01\/Symbolbilder.png\",\"datePublished\":\"2026-01-14T09:52:44+00:00\",\"dateModified\":\"2026-01-14T16:53:22+00:00\",\"description\":\"Marion Sollbach und Ellen Weiland verst\u00e4rken ab sofort als stellvertretende Vorsitzende den Vorstand von BAUM e.V.\",\"breadcrumb\":{\"@id\":\"https:\/\/baumev.de\/en\/neues-jahr-neuer-vorstand\/#breadcrumb\"},\"inLanguage\":\"en-GB\",\"potentialAction\":[{\"@type\":\"ReadAction\",\"target\":[\"https:\/\/baumev.de\/en\/neues-jahr-neuer-vorstand\/\"]}]},{\"@type\":\"ImageObject\",\"inLanguage\":\"en-GB\",\"@id\":\"https:\/\/baumev.de\/en\/neues-jahr-neuer-vorstand\/#primaryimage\",\"url\":\"https:\/\/baumev.de\/wp-content\/uploads\/2026\/01\/Symbolbilder.png\",\"contentUrl\":\"https:\/\/baumev.de\/wp-content\/uploads\/2026\/01\/Symbolbilder.png\",\"width\":2000,\"height\":1125,\"caption\":\"Der gesch\u00e4ftsf\u00fchrende Vorstand von BAUM (v.l.): Ellen Weiland (stellvertretende Vorsitzende), Martin Oldeland (stellvertretender Vorsitzender), Yvonne Zwick (Vorsitzende), Marion Sollbach (stellvertretende Vorsitzende)\"},{\"@type\":\"BreadcrumbList\",\"@id\":\"https:\/\/baumev.de\/en\/neues-jahr-neuer-vorstand\/#breadcrumb\",\"itemListElement\":[{\"@type\":\"ListItem\",\"position\":1,\"name\":\"Startseite\",\"item\":\"https:\/\/baumev.de\/en\/\"},{\"@type\":\"ListItem\",\"position\":2,\"name\":\"Neues Jahr \u2013 neuer Vorstand\"}]},{\"@type\":\"WebSite\",\"@id\":\"\/#website\",\"url\":\"\/\",\"name\":\"BAUM e.V.\",\"description\":\"BAUM e.V. \u2013 Netzwerk f\u00fcr nachhaltiges Wirtschaften\",\"publisher\":{\"@id\":\"\/#organization\"},\"potentialAction\":[{\"@type\":\"SearchAction\",\"target\":{\"@type\":\"EntryPoint\",\"urlTemplate\":\"\/?s={search_term_string}\"},\"query-input\":{\"@type\":\"PropertyValueSpecification\",\"valueRequired\":true,\"valueName\":\"search_term_string\"}}],\"inLanguage\":\"en-GB\"},{\"@type\":\"Organization\",\"@id\":\"\/#organization\",\"name\":\"BAUM e.V.\",\"alternateName\":\"Bundesdeutscher Arbeitskreis f\u00fcr Umweltbewusstes Management\",\"url\":\"\/\",\"logo\":{\"@type\":\"ImageObject\",\"inLanguage\":\"en-GB\",\"@id\":\"\/#\/schema\/logo\/image\/\",\"url\":\"https:\/\/baumev.de\/wp-content\/uploads\/2025\/04\/Element-1.svg\",\"contentUrl\":\"https:\/\/baumev.de\/wp-content\/uploads\/2025\/04\/Element-1.svg\",\"width\":\"1024\",\"height\":\"1024\",\"caption\":\"BAUM e.V.\"},\"image\":{\"@id\":\"\/#\/schema\/logo\/image\/\"},\"sameAs\":[\"https:\/\/www.linkedin.com\/company\/baum-ev\"]},{\"@type\":\"Person\",\"@id\":\"\/#\/schema\/person\/7cca3fa2dd5ee9056656013035fb46db\",\"name\":\"Katrin Wippich\"}]}<\/script>\n<!-- \/ Yoast SEO plugin. -->","yoast_head_json":{"title":"Neues Jahr \u2013 neuer Vorstand - BAUM e.V.","description":"Marion Sollbach und Ellen Weiland verst\u00e4rken ab sofort als stellvertretende Vorsitzende den Vorstand von BAUM e.V.","robots":{"index":"index","follow":"follow","max-snippet":"max-snippet:-1","max-image-preview":"max-image-preview:large","max-video-preview":"max-video-preview:-1"},"canonical":"https:\/\/baumev.de\/en\/neues-jahr-neuer-vorstand\/","og_locale":"en_GB","og_type":"article","og_title":"Neues Jahr \u2013 neuer Vorstand - BAUM e.V.","og_description":"Marion Sollbach und Ellen Weiland verst\u00e4rken ab sofort als stellvertretende Vorsitzende den Vorstand von BAUM e.V.","og_url":"https:\/\/baumev.de\/en\/neues-jahr-neuer-vorstand\/","og_site_name":"BAUM e.V.","article_published_time":"2026-01-14T09:52:44+00:00","article_modified_time":"2026-01-14T16:53:22+00:00","og_image":[{"width":1024,"height":576,"url":"https:\/\/baumev.de\/wp-content\/uploads\/2026\/01\/Symbolbilder-1024x576.png","type":"image\/png"}],"author":"Katrin Wippich","twitter_card":"summary_large_image","twitter_misc":{"Written by":"Katrin Wippich","Estimated reading time":"3 minutes"},"schema":{"@context":"https:\/\/schema.org","@graph":[{"@type":"Article","@id":"https:\/\/baumev.de\/en\/neues-jahr-neuer-vorstand\/#article","isPartOf":{"@id":"https:\/\/baumev.de\/en\/neues-jahr-neuer-vorstand\/"},"author":{"name":"Katrin Wippich","@id":"\/#\/schema\/person\/7cca3fa2dd5ee9056656013035fb46db"},"headline":"Neues Jahr \u2013 neuer Vorstand","datePublished":"2026-01-14T09:52:44+00:00","dateModified":"2026-01-14T16:53:22+00:00","mainEntityOfPage":{"@id":"https:\/\/baumev.de\/en\/neues-jahr-neuer-vorstand\/"},"wordCount":462,"publisher":{"@id":"\/#organization"},"image":{"@id":"https:\/\/baumev.de\/en\/neues-jahr-neuer-vorstand\/#primaryimage"},"thumbnailUrl":"https:\/\/baumev.de\/wp-content\/uploads\/2026\/01\/Symbolbilder.png","articleSection":["Einblicke &amp; Perspektiven","Pressemitteilungen"],"inLanguage":"en-GB"},{"@type":"WebPage","@id":"https:\/\/baumev.de\/en\/neues-jahr-neuer-vorstand\/","url":"https:\/\/baumev.de\/en\/neues-jahr-neuer-vorstand\/","name":"Neues Jahr \u2013 neuer Vorstand - BAUM e.V.","isPartOf":{"@id":"\/#website"},"primaryImageOfPage":{"@id":"https:\/\/baumev.de\/en\/neues-jahr-neuer-vorstand\/#primaryimage"},"image":{"@id":"https:\/\/baumev.de\/en\/neues-jahr-neuer-vorstand\/#primaryimage"},"thumbnailUrl":"https:\/\/baumev.de\/wp-content\/uploads\/2026\/01\/Symbolbilder.png","datePublished":"2026-01-14T09:52:44+00:00","dateModified":"2026-01-14T16:53:22+00:00","description":"Marion Sollbach und Ellen Weiland verst\u00e4rken ab sofort als stellvertretende Vorsitzende den Vorstand von BAUM e.V.","breadcrumb":{"@id":"https:\/\/baumev.de\/en\/neues-jahr-neuer-vorstand\/#breadcrumb"},"inLanguage":"en-GB","potentialAction":[{"@type":"ReadAction","target":["https:\/\/baumev.de\/en\/neues-jahr-neuer-vorstand\/"]}]},{"@type":"ImageObject","inLanguage":"en-GB","@id":"https:\/\/baumev.de\/en\/neues-jahr-neuer-vorstand\/#primaryimage","url":"https:\/\/baumev.de\/wp-content\/uploads\/2026\/01\/Symbolbilder.png","contentUrl":"https:\/\/baumev.de\/wp-content\/uploads\/2026\/01\/Symbolbilder.png","width":2000,"height":1125,"caption":"Der gesch\u00e4ftsf\u00fchrende Vorstand von BAUM (v.l.): Ellen Weiland (stellvertretende Vorsitzende), Martin Oldeland (stellvertretender Vorsitzender), Yvonne Zwick (Vorsitzende), Marion Sollbach (stellvertretende Vorsitzende)"},{"@type":"BreadcrumbList","@id":"https:\/\/baumev.de\/en\/neues-jahr-neuer-vorstand\/#breadcrumb","itemListElement":[{"@type":"ListItem","position":1,"name":"Startseite","item":"https:\/\/baumev.de\/en\/"},{"@type":"ListItem","position":2,"name":"Neues Jahr \u2013 neuer Vorstand"}]},{"@type":"WebSite","@id":"\/#website","url":"\/","name":"BAUM e.V.","description":"BAUM e.V. \u2013 Netzwerk f\u00fcr nachhaltiges Wirtschaften","publisher":{"@id":"\/#organization"},"potentialAction":[{"@type":"SearchAction","target":{"@type":"EntryPoint","urlTemplate":"\/?s={search_term_string}"},"query-input":{"@type":"PropertyValueSpecification","valueRequired":true,"valueName":"search_term_string"}}],"inLanguage":"en-GB"},{"@type":"Organization","@id":"\/#organization","name":"BAUM e.V.","alternateName":"Bundesdeutscher Arbeitskreis f\u00fcr Umweltbewusstes Management","url":"\/","logo":{"@type":"ImageObject","inLanguage":"en-GB","@id":"\/#\/schema\/logo\/image\/","url":"https:\/\/baumev.de\/wp-content\/uploads\/2025\/04\/Element-1.svg","contentUrl":"https:\/\/baumev.de\/wp-content\/uploads\/2025\/04\/Element-1.svg","width":"1024","height":"1024","caption":"BAUM e.V."},"image":{"@id":"\/#\/schema\/logo\/image\/"},"sameAs":["https:\/\/www.linkedin.com\/company\/baum-ev"]},{"@type":"Person","@id":"\/#\/schema\/person\/7cca3fa2dd5ee9056656013035fb46db","name":"Katrin Wippich"}]}},"_links":{"self":[{"href":"https:\/\/baumev.de\/en\/wp-json\/wp\/v2\/posts\/16354","targetHints":{"allow":["GET"]}}],"collection":[{"href":"https:\/\/baumev.de\/en\/wp-json\/wp\/v2\/posts"}],"about":[{"href":"https:\/\/baumev.de\/en\/wp-json\/wp\/v2\/types\/post"}],"author":[{"embeddable":true,"href":"https:\/\/baumev.de\/en\/wp-json\/wp\/v2\/users\/2"}],"replies":[{"embeddable":true,"href":"https:\/\/baumev.de\/en\/wp-json\/wp\/v2\/comments?post=16354"}],"version-history":[{"count":6,"href":"https:\/\/baumev.de\/en\/wp-json\/wp\/v2\/posts\/16354\/revisions"}],"predecessor-version":[{"id":16362,"href":"https:\/\/baumev.de\/en\/wp-json\/wp\/v2\/posts\/16354\/revisions\/16362"}],"wp:featuredmedia":[{"embeddable":true,"href":"https:\/\/baumev.de\/en\/wp-json\/wp\/v2\/media\/16407"}],"wp:attachment":[{"href":"https:\/\/baumev.de\/en\/wp-json\/wp\/v2\/media?parent=16354"}],"wp:term":[{"taxonomy":"category","embeddable":true,"href":"https:\/\/baumev.de\/en\/wp-json\/wp\/v2\/categories?post=16354"},{"taxonomy":"post_tag","embeddable":true,"href":"https:\/\/baumev.de\/en\/wp-json\/wp\/v2\/tags?post=16354"}],"curies":[{"name":"wp","href":"https:\/\/api.w.org\/{rel}","templated":true}]}}