{"id":17114,"date":"2026-02-11T09:45:43","date_gmt":"2026-02-11T08:45:43","guid":{"rendered":"https:\/\/baumev.de\/?p=17114"},"modified":"2026-02-11T10:59:56","modified_gmt":"2026-02-11T09:59:56","slug":"wie-unternehmen-und-politik-nachhaltiges-wirtschaften-staerken","status":"publish","type":"post","link":"https:\/\/baumev.de\/en\/wie-unternehmen-und-politik-nachhaltiges-wirtschaften-staerken\/","title":{"rendered":"Wie Unternehmen und Politik nachhaltiges Wirtschaften st\u00e4rken"},"content":{"rendered":"<p><strong>Hamburg, 11.02.2026 \u2013 Bei einem Gespr\u00e4ch mit Bundesumweltminister Carsten Schneider am 9. Februar in Berlin wurden zentrale Themen des Klimaschutzes, Kreislaufwirtschaft und Biodiversit\u00e4t diskutiert. Preistr\u00e4gerinnen und Preistr\u00e4ger des BAUM | Umwelt \u2013 und Nachhaltigkeitspreises und BAUM-Mitgliedsunternehmen stellten dar, wie sie bereits zu den im Koalitionsvertrag vereinbarten Zielen beitragen, und durch welche Rahmensetzung die Bundesregierung nachhaltiges Wirtschaften st\u00e4rken kann.<\/strong><\/p>\n<p>Der gesch\u00e4ftsf\u00fchrende Vorstand von BAUM, BAUM-Preistr\u00e4gerinnen und -Preistr\u00e4ger des Jahres 2025 sowie weitere Mitglieder des Netzwerks trafen am 9. Februar Bundesumweltminister Carsten Schneider zu einem Fachgespr\u00e4ch. Im Fokus des lebhaften Austauschs standen politische Rahmenbedingungen und geeignete Instrumente zur F\u00f6rderung unternehmerischer Nachhaltigkeitsaktivit\u00e4ten in Deutschland.<\/p>\n<p>Der Umweltminister zeigte sich sehr interessiert an den Schilderungen aus der Unternehmenspraxis. \u201eIch bin sehr froh, dass es BAUM als Verband und so engagierte Unternehmen wie die Ihren gibt\u201c, so Schneider. \u201eIch setzte stark auf die Kooperation mit nachhaltig wirtschaftenden Unternehmen.\u201c<\/p>\n<p><a href=\"https:\/\/www.uni-flensburg.de\/eum\/wer-wir-sind\/team\/professorinnen\/juniorprof-dr-frauke-wiese\" target=\"_blank\" rel=\"noopener\">Prof. Dr. Frauke Wiese<\/a> von der Europa-Universit\u00e4t Flensburg, BAUM-Preistr\u00e4gerin 2025 in der Kategorie \u201eWissenschaft\u201c, betonte die Bedeutung der Suffizienzpolitik: \u201eF\u00fcr die multiplen Herausforderungen unserer Zeit brauchen wir Multi-Solving-Strategien. Suffizienzpolitik ist solch ein entscheidender Hebel, um die multiplen Herausforderungen zu l\u00f6sen, denn sie verbindet Klima- und Umweltschutz und Sozialpolitik miteinander und steht f\u00fcr die effizientere und gerechtere Verteilung von Ressourcen, von Wohnraum und Stra\u00dfenraum.\u201c<\/p>\n<p>Die BAUM-Preistr\u00e4gerin 2025 in der Kategorie \u201eGro\u00dfunternehmen\u201c, Dr. Stefanie Eichiner, Head of Sustainability bei der <a href=\"https:\/\/www.pfleiderer.com\/dach-de\/\" target=\"_blank\" rel=\"noopener\">Pfleiderer Deutschland GmbH<\/a> und Vorstandsvorsitzende der Initiative <a href=\"https:\/\/www.business-and-biodiversity.de\/\" target=\"_blank\" rel=\"noopener\">Biodiversity in Good Company<\/a> e.V., erl\u00e4uterte: \u201eDeutschland braucht jetzt eine Investitionsarchitektur f\u00fcr die Natur \u2013 und Naturgutschriften k\u00f6nnen das fehlende Bindeglied sein. Viele Unternehmen sind bereit, \u00fcber Pilotprojekte Standards, verl\u00e4ssliche Zertifizierungen und die M\u00f6glichkeit voranzubringen, Natur als Verm\u00f6genswert zu bilanzieren.\u201c<\/p>\n<p>Ein weiterer BAUM-Preistr\u00e4ger 2025 war Dominik Campanella, Gesch\u00e4ftsf\u00fchrer der <a href=\"https:\/\/concular.de\/\" target=\"_blank\" rel=\"noopener\">Concular GmbH<\/a>. Ihn vertrat in Berlin sein Kollege Julius Sch\u00e4ufele. \u201eConcular beweist in der Praxis, dass hochwertige Wiedernutzung von Bauprodukten funktioniert\u201c, verwies Sch\u00e4ufele auf das Engagement des von ihm mit gegr\u00fcndeten Unternehmens. \u201eJetzt ist die Politik gefragt, die Skalierung durch wirksame Regulierung zu erm\u00f6glichen.\u201c<\/p>\n<p>Befragt nach ihren W\u00fcnschen an den Umweltminister, waren sich die Unternehmensvertreterinnen und -vertreter einig, dass Planungssicherheit f\u00fcr die Wirtschaft allerh\u00f6chste Priorit\u00e4t habe: EU-Regularien m\u00fcssten z\u00fcgig und m\u00f6glichst unver\u00e4ndert in nationale Gesetzgebung umgesetzt werden, so ihre Forderung.<\/p>\n<p>Das Gespr\u00e4ch mit den Preistr\u00e4gerinnen und Preistr\u00e4gern fand im Nachgang der BAUM-Tagung 2025 statt. Mit seiner inhaltlichen G\u00fcte verweist es auf die <a href=\"https:\/\/baumev.de\/baum-tagung\/\" target=\"_blank\" rel=\"noopener\">Tagung 2026<\/a>, die unter dem Titel \u201eConfiance en Europe \u2013 Zuversicht in Europa. Risiken meistern, Chancen nutzen\u201c die unternehmerische Perspektive auf ein starkes, wertebasiert agierendes Europa bearbeiten wird. Die Tagung findet am 9.\/10 September im Europa-Park Rust statt.<\/p>\n<p><a href=\"https:\/\/baumev.de\/wp-content\/uploads\/2026\/02\/260211_PM_Gespraech-BMUKN.pdf\" target=\"_blank\" rel=\"noopener\">Presseinformation als PDF<\/a><\/p>\n","protected":false},"excerpt":{"rendered":"<p>Bei einem Gespr\u00e4ch mit Bundesumweltminister Carsten Schneider am 9. Februar in Berlin wurden zentrale Themen des Klimaschutzes, Kreislaufwirtschaft und Biodiversit\u00e4t diskutiert. Preistr\u00e4gerinnen und Preistr\u00e4ger des BAUM | Umwelt \u2013 und Nachhaltigkeitspreises und BAUM-Mitgliedsunternehmen stellten dar, wie sie bereits zu den im Koalitionsvertrag vereinbarten Zielen beitragen, und durch welche Rahmensetzung die Bundesregierung nachhaltiges Wirtschaften st\u00e4rken kann.<\/p>\n","protected":false},"author":2,"featured_media":17115,"comment_status":"closed","ping_status":"closed","sticky":false,"template":"","format":"standard","meta":{"_acf_changed":false,"_et_pb_use_builder":"","_et_pb_old_content":"","_et_gb_content_width":"","inline_featured_image":false,"footnotes":""},"categories":[12,13,18,15,10],"tags":[],"class_list":["post-17114","post","type-post","status-publish","format-standard","has-post-thumbnail","hentry","category-biodiversitaet-oekosysteme","category-circular-economy","category-news","category-klima-energie","category-pressemitteilungen"],"acf":[],"yoast_head":"<!-- This site is optimized with the Yoast SEO plugin v27.2 - https:\/\/yoast.com\/product\/yoast-seo-wordpress\/ -->\n<title>Wie Unternehmen und Politik nachhaltiges Wirtschaften st\u00e4rken - BAUM e.V.<\/title>\n<meta name=\"description\" content=\"Im Fokus des Gespr\u00e4chs von BAUM mit Bundesumweltminister Carsten Schneider am 9.2.: Klimaschutz, Kreislaufwirtschaft und Biodiversit\u00e4t.\" \/>\n<meta name=\"robots\" content=\"index, follow, max-snippet:-1, max-image-preview:large, max-video-preview:-1\" \/>\n<link rel=\"canonical\" href=\"https:\/\/baumev.de\/en\/wie-unternehmen-und-politik-nachhaltiges-wirtschaften-staerken\/\" \/>\n<meta property=\"og:locale\" content=\"en_GB\" \/>\n<meta property=\"og:type\" content=\"article\" \/>\n<meta property=\"og:title\" content=\"Wie Unternehmen und Politik nachhaltiges Wirtschaften st\u00e4rken - BAUM e.V.\" \/>\n<meta property=\"og:description\" content=\"Im Fokus des Gespr\u00e4chs von BAUM mit Bundesumweltminister Carsten Schneider am 9.2.: Klimaschutz, Kreislaufwirtschaft und Biodiversit\u00e4t.\" \/>\n<meta property=\"og:url\" content=\"https:\/\/baumev.de\/en\/wie-unternehmen-und-politik-nachhaltiges-wirtschaften-staerken\/\" \/>\n<meta property=\"og:site_name\" content=\"BAUM e.V.\" \/>\n<meta property=\"article:published_time\" content=\"2026-02-11T08:45:43+00:00\" \/>\n<meta property=\"article:modified_time\" content=\"2026-02-11T09:59:56+00:00\" \/>\n<meta property=\"og:image\" content=\"https:\/\/baumev.de\/wp-content\/uploads\/2026\/02\/Schneider_Baum-eV-1-scaled.jpg\" \/>\n\t<meta property=\"og:image:width\" content=\"2560\" \/>\n\t<meta property=\"og:image:height\" content=\"1706\" \/>\n\t<meta property=\"og:image:type\" content=\"image\/jpeg\" \/>\n<meta name=\"author\" content=\"Katrin Wippich\" \/>\n<meta name=\"twitter:card\" content=\"summary_large_image\" \/>\n<meta name=\"twitter:label1\" content=\"Written by\" \/>\n\t<meta name=\"twitter:data1\" content=\"Katrin Wippich\" \/>\n\t<meta name=\"twitter:label2\" content=\"Estimated reading time\" \/>\n\t<meta name=\"twitter:data2\" content=\"3 minutes\" \/>\n<script type=\"application\/ld+json\" class=\"yoast-schema-graph\">{\"@context\":\"https:\/\/schema.org\",\"@graph\":[{\"@type\":\"Article\",\"@id\":\"https:\/\/baumev.de\/en\/wie-unternehmen-und-politik-nachhaltiges-wirtschaften-staerken\/#article\",\"isPartOf\":{\"@id\":\"https:\/\/baumev.de\/en\/wie-unternehmen-und-politik-nachhaltiges-wirtschaften-staerken\/\"},\"author\":{\"name\":\"Katrin Wippich\",\"@id\":\"\/#\/schema\/person\/7cca3fa2dd5ee9056656013035fb46db\"},\"headline\":\"Wie Unternehmen und Politik nachhaltiges Wirtschaften st\u00e4rken\",\"datePublished\":\"2026-02-11T08:45:43+00:00\",\"dateModified\":\"2026-02-11T09:59:56+00:00\",\"mainEntityOfPage\":{\"@id\":\"https:\/\/baumev.de\/en\/wie-unternehmen-und-politik-nachhaltiges-wirtschaften-staerken\/\"},\"wordCount\":458,\"publisher\":{\"@id\":\"\/#organization\"},\"image\":{\"@id\":\"https:\/\/baumev.de\/en\/wie-unternehmen-und-politik-nachhaltiges-wirtschaften-staerken\/#primaryimage\"},\"thumbnailUrl\":\"https:\/\/baumev.de\/wp-content\/uploads\/2026\/02\/Schneider_Baum-eV-1-scaled.jpg\",\"articleSection\":[\"Biodiversit\u00e4t &amp; \u00d6kosysteme\",\"Circular Economy\",\"Einblicke &amp; Perspektiven\",\"Klima &amp; Energie\",\"Pressemitteilungen\"],\"inLanguage\":\"en-GB\"},{\"@type\":\"WebPage\",\"@id\":\"https:\/\/baumev.de\/en\/wie-unternehmen-und-politik-nachhaltiges-wirtschaften-staerken\/\",\"url\":\"https:\/\/baumev.de\/en\/wie-unternehmen-und-politik-nachhaltiges-wirtschaften-staerken\/\",\"name\":\"Wie Unternehmen und Politik nachhaltiges Wirtschaften st\u00e4rken - BAUM e.V.\",\"isPartOf\":{\"@id\":\"\/#website\"},\"primaryImageOfPage\":{\"@id\":\"https:\/\/baumev.de\/en\/wie-unternehmen-und-politik-nachhaltiges-wirtschaften-staerken\/#primaryimage\"},\"image\":{\"@id\":\"https:\/\/baumev.de\/en\/wie-unternehmen-und-politik-nachhaltiges-wirtschaften-staerken\/#primaryimage\"},\"thumbnailUrl\":\"https:\/\/baumev.de\/wp-content\/uploads\/2026\/02\/Schneider_Baum-eV-1-scaled.jpg\",\"datePublished\":\"2026-02-11T08:45:43+00:00\",\"dateModified\":\"2026-02-11T09:59:56+00:00\",\"description\":\"Im Fokus des Gespr\u00e4chs von BAUM mit Bundesumweltminister Carsten Schneider am 9.2.: Klimaschutz, Kreislaufwirtschaft und Biodiversit\u00e4t.\",\"breadcrumb\":{\"@id\":\"https:\/\/baumev.de\/en\/wie-unternehmen-und-politik-nachhaltiges-wirtschaften-staerken\/#breadcrumb\"},\"inLanguage\":\"en-GB\",\"potentialAction\":[{\"@type\":\"ReadAction\",\"target\":[\"https:\/\/baumev.de\/en\/wie-unternehmen-und-politik-nachhaltiges-wirtschaften-staerken\/\"]}]},{\"@type\":\"ImageObject\",\"inLanguage\":\"en-GB\",\"@id\":\"https:\/\/baumev.de\/en\/wie-unternehmen-und-politik-nachhaltiges-wirtschaften-staerken\/#primaryimage\",\"url\":\"https:\/\/baumev.de\/wp-content\/uploads\/2026\/02\/Schneider_Baum-eV-1-scaled.jpg\",\"contentUrl\":\"https:\/\/baumev.de\/wp-content\/uploads\/2026\/02\/Schneider_Baum-eV-1-scaled.jpg\",\"width\":2560,\"height\":1706,\"caption\":\"Gruppenfoto: Bundesumweltminister Carsten Schneider mit Vertreter*innen des BAUM-Netzwerks\"},{\"@type\":\"BreadcrumbList\",\"@id\":\"https:\/\/baumev.de\/en\/wie-unternehmen-und-politik-nachhaltiges-wirtschaften-staerken\/#breadcrumb\",\"itemListElement\":[{\"@type\":\"ListItem\",\"position\":1,\"name\":\"Startseite\",\"item\":\"https:\/\/baumev.de\/en\/\"},{\"@type\":\"ListItem\",\"position\":2,\"name\":\"Wie Unternehmen und Politik nachhaltiges Wirtschaften st\u00e4rken\"}]},{\"@type\":\"WebSite\",\"@id\":\"\/#website\",\"url\":\"\/\",\"name\":\"BAUM e.V.\",\"description\":\"BAUM e.V. \u2013 Netzwerk f\u00fcr nachhaltiges Wirtschaften\",\"publisher\":{\"@id\":\"\/#organization\"},\"potentialAction\":[{\"@type\":\"SearchAction\",\"target\":{\"@type\":\"EntryPoint\",\"urlTemplate\":\"\/?s={search_term_string}\"},\"query-input\":{\"@type\":\"PropertyValueSpecification\",\"valueRequired\":true,\"valueName\":\"search_term_string\"}}],\"inLanguage\":\"en-GB\"},{\"@type\":\"Organization\",\"@id\":\"\/#organization\",\"name\":\"BAUM e.V.\",\"alternateName\":\"Bundesdeutscher Arbeitskreis f\u00fcr Umweltbewusstes Management\",\"url\":\"\/\",\"logo\":{\"@type\":\"ImageObject\",\"inLanguage\":\"en-GB\",\"@id\":\"\/#\/schema\/logo\/image\/\",\"url\":\"https:\/\/baumev.de\/wp-content\/uploads\/2025\/04\/Element-1.svg\",\"contentUrl\":\"https:\/\/baumev.de\/wp-content\/uploads\/2025\/04\/Element-1.svg\",\"width\":\"1024\",\"height\":\"1024\",\"caption\":\"BAUM e.V.\"},\"image\":{\"@id\":\"\/#\/schema\/logo\/image\/\"},\"sameAs\":[\"https:\/\/www.linkedin.com\/company\/baum-ev\"]},{\"@type\":\"Person\",\"@id\":\"\/#\/schema\/person\/7cca3fa2dd5ee9056656013035fb46db\",\"name\":\"Katrin Wippich\"}]}<\/script>\n<!-- \/ Yoast SEO plugin. -->","yoast_head_json":{"title":"Wie Unternehmen und Politik nachhaltiges Wirtschaften st\u00e4rken - BAUM e.V.","description":"Im Fokus des Gespr\u00e4chs von BAUM mit Bundesumweltminister Carsten Schneider am 9.2.: Klimaschutz, Kreislaufwirtschaft und Biodiversit\u00e4t.","robots":{"index":"index","follow":"follow","max-snippet":"max-snippet:-1","max-image-preview":"max-image-preview:large","max-video-preview":"max-video-preview:-1"},"canonical":"https:\/\/baumev.de\/en\/wie-unternehmen-und-politik-nachhaltiges-wirtschaften-staerken\/","og_locale":"en_GB","og_type":"article","og_title":"Wie Unternehmen und Politik nachhaltiges Wirtschaften st\u00e4rken - BAUM e.V.","og_description":"Im Fokus des Gespr\u00e4chs von BAUM mit Bundesumweltminister Carsten Schneider am 9.2.: Klimaschutz, Kreislaufwirtschaft und Biodiversit\u00e4t.","og_url":"https:\/\/baumev.de\/en\/wie-unternehmen-und-politik-nachhaltiges-wirtschaften-staerken\/","og_site_name":"BAUM e.V.","article_published_time":"2026-02-11T08:45:43+00:00","article_modified_time":"2026-02-11T09:59:56+00:00","og_image":[{"width":2560,"height":1706,"url":"https:\/\/baumev.de\/wp-content\/uploads\/2026\/02\/Schneider_Baum-eV-1-scaled.jpg","type":"image\/jpeg"}],"author":"Katrin Wippich","twitter_card":"summary_large_image","twitter_misc":{"Written by":"Katrin Wippich","Estimated reading time":"3 minutes"},"schema":{"@context":"https:\/\/schema.org","@graph":[{"@type":"Article","@id":"https:\/\/baumev.de\/en\/wie-unternehmen-und-politik-nachhaltiges-wirtschaften-staerken\/#article","isPartOf":{"@id":"https:\/\/baumev.de\/en\/wie-unternehmen-und-politik-nachhaltiges-wirtschaften-staerken\/"},"author":{"name":"Katrin Wippich","@id":"\/#\/schema\/person\/7cca3fa2dd5ee9056656013035fb46db"},"headline":"Wie Unternehmen und Politik nachhaltiges Wirtschaften st\u00e4rken","datePublished":"2026-02-11T08:45:43+00:00","dateModified":"2026-02-11T09:59:56+00:00","mainEntityOfPage":{"@id":"https:\/\/baumev.de\/en\/wie-unternehmen-und-politik-nachhaltiges-wirtschaften-staerken\/"},"wordCount":458,"publisher":{"@id":"\/#organization"},"image":{"@id":"https:\/\/baumev.de\/en\/wie-unternehmen-und-politik-nachhaltiges-wirtschaften-staerken\/#primaryimage"},"thumbnailUrl":"https:\/\/baumev.de\/wp-content\/uploads\/2026\/02\/Schneider_Baum-eV-1-scaled.jpg","articleSection":["Biodiversit\u00e4t &amp; \u00d6kosysteme","Circular Economy","Einblicke &amp; Perspektiven","Klima &amp; Energie","Pressemitteilungen"],"inLanguage":"en-GB"},{"@type":"WebPage","@id":"https:\/\/baumev.de\/en\/wie-unternehmen-und-politik-nachhaltiges-wirtschaften-staerken\/","url":"https:\/\/baumev.de\/en\/wie-unternehmen-und-politik-nachhaltiges-wirtschaften-staerken\/","name":"Wie Unternehmen und Politik nachhaltiges Wirtschaften st\u00e4rken - BAUM e.V.","isPartOf":{"@id":"\/#website"},"primaryImageOfPage":{"@id":"https:\/\/baumev.de\/en\/wie-unternehmen-und-politik-nachhaltiges-wirtschaften-staerken\/#primaryimage"},"image":{"@id":"https:\/\/baumev.de\/en\/wie-unternehmen-und-politik-nachhaltiges-wirtschaften-staerken\/#primaryimage"},"thumbnailUrl":"https:\/\/baumev.de\/wp-content\/uploads\/2026\/02\/Schneider_Baum-eV-1-scaled.jpg","datePublished":"2026-02-11T08:45:43+00:00","dateModified":"2026-02-11T09:59:56+00:00","description":"Im Fokus des Gespr\u00e4chs von BAUM mit Bundesumweltminister Carsten Schneider am 9.2.: Klimaschutz, Kreislaufwirtschaft und Biodiversit\u00e4t.","breadcrumb":{"@id":"https:\/\/baumev.de\/en\/wie-unternehmen-und-politik-nachhaltiges-wirtschaften-staerken\/#breadcrumb"},"inLanguage":"en-GB","potentialAction":[{"@type":"ReadAction","target":["https:\/\/baumev.de\/en\/wie-unternehmen-und-politik-nachhaltiges-wirtschaften-staerken\/"]}]},{"@type":"ImageObject","inLanguage":"en-GB","@id":"https:\/\/baumev.de\/en\/wie-unternehmen-und-politik-nachhaltiges-wirtschaften-staerken\/#primaryimage","url":"https:\/\/baumev.de\/wp-content\/uploads\/2026\/02\/Schneider_Baum-eV-1-scaled.jpg","contentUrl":"https:\/\/baumev.de\/wp-content\/uploads\/2026\/02\/Schneider_Baum-eV-1-scaled.jpg","width":2560,"height":1706,"caption":"Gruppenfoto: Bundesumweltminister Carsten Schneider mit Vertreter*innen des BAUM-Netzwerks"},{"@type":"BreadcrumbList","@id":"https:\/\/baumev.de\/en\/wie-unternehmen-und-politik-nachhaltiges-wirtschaften-staerken\/#breadcrumb","itemListElement":[{"@type":"ListItem","position":1,"name":"Startseite","item":"https:\/\/baumev.de\/en\/"},{"@type":"ListItem","position":2,"name":"Wie Unternehmen und Politik nachhaltiges Wirtschaften st\u00e4rken"}]},{"@type":"WebSite","@id":"\/#website","url":"\/","name":"BAUM e.V.","description":"BAUM e.V. \u2013 Netzwerk f\u00fcr nachhaltiges Wirtschaften","publisher":{"@id":"\/#organization"},"potentialAction":[{"@type":"SearchAction","target":{"@type":"EntryPoint","urlTemplate":"\/?s={search_term_string}"},"query-input":{"@type":"PropertyValueSpecification","valueRequired":true,"valueName":"search_term_string"}}],"inLanguage":"en-GB"},{"@type":"Organization","@id":"\/#organization","name":"BAUM e.V.","alternateName":"Bundesdeutscher Arbeitskreis f\u00fcr Umweltbewusstes Management","url":"\/","logo":{"@type":"ImageObject","inLanguage":"en-GB","@id":"\/#\/schema\/logo\/image\/","url":"https:\/\/baumev.de\/wp-content\/uploads\/2025\/04\/Element-1.svg","contentUrl":"https:\/\/baumev.de\/wp-content\/uploads\/2025\/04\/Element-1.svg","width":"1024","height":"1024","caption":"BAUM e.V."},"image":{"@id":"\/#\/schema\/logo\/image\/"},"sameAs":["https:\/\/www.linkedin.com\/company\/baum-ev"]},{"@type":"Person","@id":"\/#\/schema\/person\/7cca3fa2dd5ee9056656013035fb46db","name":"Katrin Wippich"}]}},"_links":{"self":[{"href":"https:\/\/baumev.de\/en\/wp-json\/wp\/v2\/posts\/17114","targetHints":{"allow":["GET"]}}],"collection":[{"href":"https:\/\/baumev.de\/en\/wp-json\/wp\/v2\/posts"}],"about":[{"href":"https:\/\/baumev.de\/en\/wp-json\/wp\/v2\/types\/post"}],"author":[{"embeddable":true,"href":"https:\/\/baumev.de\/en\/wp-json\/wp\/v2\/users\/2"}],"replies":[{"embeddable":true,"href":"https:\/\/baumev.de\/en\/wp-json\/wp\/v2\/comments?post=17114"}],"version-history":[{"count":7,"href":"https:\/\/baumev.de\/en\/wp-json\/wp\/v2\/posts\/17114\/revisions"}],"predecessor-version":[{"id":17138,"href":"https:\/\/baumev.de\/en\/wp-json\/wp\/v2\/posts\/17114\/revisions\/17138"}],"wp:featuredmedia":[{"embeddable":true,"href":"https:\/\/baumev.de\/en\/wp-json\/wp\/v2\/media\/17115"}],"wp:attachment":[{"href":"https:\/\/baumev.de\/en\/wp-json\/wp\/v2\/media?parent=17114"}],"wp:term":[{"taxonomy":"category","embeddable":true,"href":"https:\/\/baumev.de\/en\/wp-json\/wp\/v2\/categories?post=17114"},{"taxonomy":"post_tag","embeddable":true,"href":"https:\/\/baumev.de\/en\/wp-json\/wp\/v2\/tags?post=17114"}],"curies":[{"name":"wp","href":"https:\/\/api.w.org\/{rel}","templated":true}]}}