{"id":1738,"date":"2025-01-15T15:43:06","date_gmt":"2025-01-15T14:43:06","guid":{"rendered":"https:\/\/baumev.de\/?p=1738"},"modified":"2025-09-01T16:11:44","modified_gmt":"2025-09-01T14:11:44","slug":"sustainable-office-day-zeigt-wie-kreislaufwirtschaft-im-buero-funktioniert","status":"publish","type":"post","link":"https:\/\/baumev.de\/en\/sustainable-office-day-zeigt-wie-kreislaufwirtschaft-im-buero-funktioniert\/","title":{"rendered":"Sustainable Office Day zeigt, wie Kreislaufwirtschaft im B\u00fcro funktioniert"},"content":{"rendered":"<p style=\"font-weight: 400;\"><b>F\u00fcr alle, die an den neusten Trends und an praxisorientierten L\u00f6sungen f\u00fcr eine nachhaltige B\u00fcrogestaltung und Beschaffung interessiert sind, ist der Sustainable Office Day ein wichtiger Termin. Fachleute aus der Branche geben wertvolle Impulse: von Kreislaufwirtschaft \u00fcber Mietm\u00f6bel bis hin zu innovativen Beschaffungsstrategien.<\/b><\/p>\n<p style=\"font-weight: 400;\">Veranstaltet von BAUM e.V. und der Messe Frankfurt findet der Sustainable Office Day am 11. Februar 2025 von 10.30 bis 15.30 Uhr im Rahmen der Future of Work Academy auf der internationalen Konsumg\u00fctermesse Ambiente in Frankfurt statt. Der thematische Fokus liegt in diesem Jahr auf Kreislaufwirtschaft, auch Circular Economy genannt, im B\u00fcro.<\/p>\n<p style=\"font-weight: 400;\">\u201eDer Sustainable Office Day ist eine einzigartige Gelegenheit, nachhaltige Konzepte f\u00fcr den B\u00fcrobereich kennenzulernen und sich mit Fachleuten auszutauschen, um zukunftsf\u00e4hige L\u00f6sungen gemeinsam zu gestalten&#8221;, so Dieter Br\u00fcbach, stellvertretender Vorsitzender von BAUM e.V.<\/p>\n<p style=\"font-weight: 400;\"><b>Das erwartet die Teilnehmenden:<\/b><\/p>\n<ul style=\"font-weight: 400;\">\n<li>Fachvortr\u00e4ge zu Circular Economy, nachhaltiger Beschaffung und innovativen B\u00fcro-Konzepten<\/li>\n<li>praxisnahe Beispiele und L\u00f6sungsans\u00e4tze, die leicht im Unternehmen umgesetzt werden k\u00f6nnen<\/li>\n<li>Diskussionsrunden mit Fachleuten und Unternehmenspraktikern<\/li>\n<li>Gelegenheit zu Austausch und Networking<\/li>\n<\/ul>\n<p style=\"font-weight: 400;\"><b>Programm-Highlights:<\/b><\/p>\n<ul style=\"font-weight: 400;\">\n<li>Circular Economy im B\u00fcro \u2013 Welche Bedeutung hat Kreislaufwirtschaft f\u00fcr die M\u00f6belbranche? (Tom Koch, Rytec AG)<\/li>\n<li>M\u00f6belmiete &amp; Kreislaufwirtschaft \u2013 Wie l\u00e4sst sich Nachhaltigkeit durch Mietmodelle im B\u00fcro und bei Veranstaltungen realisieren? (Christian Eichenberger, Rent.Group)<\/li>\n<li>Nachhaltige Beschaffungsstrategien \u2013 Von der Planung bis zur Zertifizierung von taxonomie-konformer Kreislaufwirtschaft (Heiko Rittweger, RITTWEGER und TEAM GmbH)<\/li>\n<li>Ergebnisse des Sustainable Procurement Barometer 2024 \u2013 Einblicke, wie Unternehmen nachhaltiger einkaufen k\u00f6nnen (Christian Maassen, EcoVadis)<\/li>\n<\/ul>\n<p style=\"font-weight: 400;\">Der Sustainable Office Day bietet eine wertvolle Gelegenheit, sich mit f\u00fchrenden Experten und Expertinnen der Branche auszutauschen und sich f\u00fcr die Herausforderungen der Zukunft zu r\u00fcsten. Hier treffen sich Unternehmen, die nachhaltige L\u00f6sungen suchen, und es er\u00f6ffnen sich zahlreiche M\u00f6glichkeiten zum Netzwerken.<\/p>\n","protected":false},"excerpt":{"rendered":"<p>F\u00fcr alle, die an den neusten Trends und an praxisorientierten L\u00f6sungen f\u00fcr eine nachhaltige B\u00fcrogestaltung und Beschaffung interessiert sind, ist der Sustainable Office Day ein wichtiger Termin. Fachleute aus der Branche geben wertvolle Impulse: von Kreislaufwirtschaft \u00fcber Mietm\u00f6bel bis hin zu innovativen Beschaffungsstrategien.<\/p>\n","protected":false},"author":1,"featured_media":0,"comment_status":"closed","ping_status":"open","sticky":false,"template":"","format":"standard","meta":{"_acf_changed":false,"_et_pb_use_builder":"","_et_pb_old_content":"","_et_gb_content_width":"","inline_featured_image":false,"footnotes":""},"categories":[10],"tags":[],"class_list":["post-1738","post","type-post","status-publish","format-standard","hentry","category-pressemitteilungen"],"acf":[],"yoast_head":"<!-- This site is optimized with the Yoast SEO plugin v27.2 - https:\/\/yoast.com\/product\/yoast-seo-wordpress\/ -->\n<title>Sustainable Office Day zeigt, wie Kreislaufwirtschaft im B\u00fcro funktioniert - BAUM e.V.<\/title>\n<meta name=\"robots\" content=\"index, follow, max-snippet:-1, max-image-preview:large, max-video-preview:-1\" \/>\n<link rel=\"canonical\" href=\"https:\/\/baumev.de\/en\/sustainable-office-day-zeigt-wie-kreislaufwirtschaft-im-buero-funktioniert\/\" \/>\n<meta property=\"og:locale\" content=\"en_GB\" \/>\n<meta property=\"og:type\" content=\"article\" \/>\n<meta property=\"og:title\" content=\"Sustainable Office Day zeigt, wie Kreislaufwirtschaft im B\u00fcro funktioniert - BAUM e.V.\" \/>\n<meta property=\"og:description\" content=\"F\u00fcr alle, die an den neusten Trends und an praxisorientierten L\u00f6sungen f\u00fcr eine nachhaltige B\u00fcrogestaltung und Beschaffung interessiert sind, ist der Sustainable Office Day ein wichtiger Termin. Fachleute aus der Branche geben wertvolle Impulse: von Kreislaufwirtschaft \u00fcber Mietm\u00f6bel bis hin zu innovativen Beschaffungsstrategien.\" \/>\n<meta property=\"og:url\" content=\"https:\/\/baumev.de\/en\/sustainable-office-day-zeigt-wie-kreislaufwirtschaft-im-buero-funktioniert\/\" \/>\n<meta property=\"og:site_name\" content=\"BAUM e.V.\" \/>\n<meta property=\"article:published_time\" content=\"2025-01-15T14:43:06+00:00\" \/>\n<meta property=\"article:modified_time\" content=\"2025-09-01T14:11:44+00:00\" \/>\n<meta property=\"og:image\" content=\"https:\/\/baumev.de\/wp-content\/uploads\/2024\/11\/BAUM-Logo-mit-Claim_16zu9.png\" \/>\n\t<meta property=\"og:image:width\" content=\"2000\" \/>\n\t<meta property=\"og:image:height\" content=\"1125\" \/>\n\t<meta property=\"og:image:type\" content=\"image\/png\" \/>\n<meta name=\"author\" content=\"rittweger\" \/>\n<meta name=\"twitter:card\" content=\"summary_large_image\" \/>\n<meta name=\"twitter:label1\" content=\"Written by\" \/>\n\t<meta name=\"twitter:data1\" content=\"rittweger\" \/>\n\t<meta name=\"twitter:label2\" content=\"Estimated reading time\" \/>\n\t<meta name=\"twitter:data2\" content=\"2 minutes\" \/>\n<script type=\"application\/ld+json\" class=\"yoast-schema-graph\">{\"@context\":\"https:\/\/schema.org\",\"@graph\":[{\"@type\":\"Article\",\"@id\":\"https:\/\/baumev.de\/en\/sustainable-office-day-zeigt-wie-kreislaufwirtschaft-im-buero-funktioniert\/#article\",\"isPartOf\":{\"@id\":\"https:\/\/baumev.de\/en\/sustainable-office-day-zeigt-wie-kreislaufwirtschaft-im-buero-funktioniert\/\"},\"author\":{\"name\":\"rittweger\",\"@id\":\"\/#\/schema\/person\/7cbf92b816dba32080d06186956546dd\"},\"headline\":\"Sustainable Office Day zeigt, wie Kreislaufwirtschaft im B\u00fcro funktioniert\",\"datePublished\":\"2025-01-15T14:43:06+00:00\",\"dateModified\":\"2025-09-01T14:11:44+00:00\",\"mainEntityOfPage\":{\"@id\":\"https:\/\/baumev.de\/en\/sustainable-office-day-zeigt-wie-kreislaufwirtschaft-im-buero-funktioniert\/\"},\"wordCount\":308,\"publisher\":{\"@id\":\"\/#organization\"},\"articleSection\":[\"Pressemitteilungen\"],\"inLanguage\":\"en-GB\"},{\"@type\":\"WebPage\",\"@id\":\"https:\/\/baumev.de\/en\/sustainable-office-day-zeigt-wie-kreislaufwirtschaft-im-buero-funktioniert\/\",\"url\":\"https:\/\/baumev.de\/en\/sustainable-office-day-zeigt-wie-kreislaufwirtschaft-im-buero-funktioniert\/\",\"name\":\"Sustainable Office Day zeigt, wie Kreislaufwirtschaft im B\u00fcro funktioniert - BAUM e.V.\",\"isPartOf\":{\"@id\":\"\/#website\"},\"datePublished\":\"2025-01-15T14:43:06+00:00\",\"dateModified\":\"2025-09-01T14:11:44+00:00\",\"breadcrumb\":{\"@id\":\"https:\/\/baumev.de\/en\/sustainable-office-day-zeigt-wie-kreislaufwirtschaft-im-buero-funktioniert\/#breadcrumb\"},\"inLanguage\":\"en-GB\",\"potentialAction\":[{\"@type\":\"ReadAction\",\"target\":[\"https:\/\/baumev.de\/en\/sustainable-office-day-zeigt-wie-kreislaufwirtschaft-im-buero-funktioniert\/\"]}]},{\"@type\":\"BreadcrumbList\",\"@id\":\"https:\/\/baumev.de\/en\/sustainable-office-day-zeigt-wie-kreislaufwirtschaft-im-buero-funktioniert\/#breadcrumb\",\"itemListElement\":[{\"@type\":\"ListItem\",\"position\":1,\"name\":\"Startseite\",\"item\":\"https:\/\/baumev.de\/en\/\"},{\"@type\":\"ListItem\",\"position\":2,\"name\":\"Sustainable Office Day zeigt, wie Kreislaufwirtschaft im B\u00fcro funktioniert\"}]},{\"@type\":\"WebSite\",\"@id\":\"\/#website\",\"url\":\"\/\",\"name\":\"BAUM e.V.\",\"description\":\"BAUM e.V. \u2013 Netzwerk f\u00fcr nachhaltiges Wirtschaften\",\"publisher\":{\"@id\":\"\/#organization\"},\"potentialAction\":[{\"@type\":\"SearchAction\",\"target\":{\"@type\":\"EntryPoint\",\"urlTemplate\":\"\/?s={search_term_string}\"},\"query-input\":{\"@type\":\"PropertyValueSpecification\",\"valueRequired\":true,\"valueName\":\"search_term_string\"}}],\"inLanguage\":\"en-GB\"},{\"@type\":\"Organization\",\"@id\":\"\/#organization\",\"name\":\"BAUM e.V.\",\"alternateName\":\"Bundesdeutscher Arbeitskreis f\u00fcr Umweltbewusstes Management\",\"url\":\"\/\",\"logo\":{\"@type\":\"ImageObject\",\"inLanguage\":\"en-GB\",\"@id\":\"\/#\/schema\/logo\/image\/\",\"url\":\"https:\/\/baumev.de\/wp-content\/uploads\/2025\/04\/Element-1.svg\",\"contentUrl\":\"https:\/\/baumev.de\/wp-content\/uploads\/2025\/04\/Element-1.svg\",\"width\":\"1024\",\"height\":\"1024\",\"caption\":\"BAUM e.V.\"},\"image\":{\"@id\":\"\/#\/schema\/logo\/image\/\"},\"sameAs\":[\"https:\/\/www.linkedin.com\/company\/baum-ev\"]},{\"@type\":\"Person\",\"@id\":\"\/#\/schema\/person\/7cbf92b816dba32080d06186956546dd\",\"name\":\"rittweger\",\"sameAs\":[\"http:\/\/baumev.de\"]}]}<\/script>\n<!-- \/ Yoast SEO plugin. -->","yoast_head_json":{"title":"Sustainable Office Day zeigt, wie Kreislaufwirtschaft im B\u00fcro funktioniert - BAUM e.V.","robots":{"index":"index","follow":"follow","max-snippet":"max-snippet:-1","max-image-preview":"max-image-preview:large","max-video-preview":"max-video-preview:-1"},"canonical":"https:\/\/baumev.de\/en\/sustainable-office-day-zeigt-wie-kreislaufwirtschaft-im-buero-funktioniert\/","og_locale":"en_GB","og_type":"article","og_title":"Sustainable Office Day zeigt, wie Kreislaufwirtschaft im B\u00fcro funktioniert - BAUM e.V.","og_description":"F\u00fcr alle, die an den neusten Trends und an praxisorientierten L\u00f6sungen f\u00fcr eine nachhaltige B\u00fcrogestaltung und Beschaffung interessiert sind, ist der Sustainable Office Day ein wichtiger Termin. Fachleute aus der Branche geben wertvolle Impulse: von Kreislaufwirtschaft \u00fcber Mietm\u00f6bel bis hin zu innovativen Beschaffungsstrategien.","og_url":"https:\/\/baumev.de\/en\/sustainable-office-day-zeigt-wie-kreislaufwirtschaft-im-buero-funktioniert\/","og_site_name":"BAUM e.V.","article_published_time":"2025-01-15T14:43:06+00:00","article_modified_time":"2025-09-01T14:11:44+00:00","og_image":[{"width":2000,"height":1125,"url":"https:\/\/baumev.de\/wp-content\/uploads\/2024\/11\/BAUM-Logo-mit-Claim_16zu9.png","type":"image\/png"}],"author":"rittweger","twitter_card":"summary_large_image","twitter_misc":{"Written by":"rittweger","Estimated reading time":"2 minutes"},"schema":{"@context":"https:\/\/schema.org","@graph":[{"@type":"Article","@id":"https:\/\/baumev.de\/en\/sustainable-office-day-zeigt-wie-kreislaufwirtschaft-im-buero-funktioniert\/#article","isPartOf":{"@id":"https:\/\/baumev.de\/en\/sustainable-office-day-zeigt-wie-kreislaufwirtschaft-im-buero-funktioniert\/"},"author":{"name":"rittweger","@id":"\/#\/schema\/person\/7cbf92b816dba32080d06186956546dd"},"headline":"Sustainable Office Day zeigt, wie Kreislaufwirtschaft im B\u00fcro funktioniert","datePublished":"2025-01-15T14:43:06+00:00","dateModified":"2025-09-01T14:11:44+00:00","mainEntityOfPage":{"@id":"https:\/\/baumev.de\/en\/sustainable-office-day-zeigt-wie-kreislaufwirtschaft-im-buero-funktioniert\/"},"wordCount":308,"publisher":{"@id":"\/#organization"},"articleSection":["Pressemitteilungen"],"inLanguage":"en-GB"},{"@type":"WebPage","@id":"https:\/\/baumev.de\/en\/sustainable-office-day-zeigt-wie-kreislaufwirtschaft-im-buero-funktioniert\/","url":"https:\/\/baumev.de\/en\/sustainable-office-day-zeigt-wie-kreislaufwirtschaft-im-buero-funktioniert\/","name":"Sustainable Office Day zeigt, wie Kreislaufwirtschaft im B\u00fcro funktioniert - BAUM e.V.","isPartOf":{"@id":"\/#website"},"datePublished":"2025-01-15T14:43:06+00:00","dateModified":"2025-09-01T14:11:44+00:00","breadcrumb":{"@id":"https:\/\/baumev.de\/en\/sustainable-office-day-zeigt-wie-kreislaufwirtschaft-im-buero-funktioniert\/#breadcrumb"},"inLanguage":"en-GB","potentialAction":[{"@type":"ReadAction","target":["https:\/\/baumev.de\/en\/sustainable-office-day-zeigt-wie-kreislaufwirtschaft-im-buero-funktioniert\/"]}]},{"@type":"BreadcrumbList","@id":"https:\/\/baumev.de\/en\/sustainable-office-day-zeigt-wie-kreislaufwirtschaft-im-buero-funktioniert\/#breadcrumb","itemListElement":[{"@type":"ListItem","position":1,"name":"Startseite","item":"https:\/\/baumev.de\/en\/"},{"@type":"ListItem","position":2,"name":"Sustainable Office Day zeigt, wie Kreislaufwirtschaft im B\u00fcro funktioniert"}]},{"@type":"WebSite","@id":"\/#website","url":"\/","name":"BAUM e.V.","description":"BAUM e.V. \u2013 Netzwerk f\u00fcr nachhaltiges Wirtschaften","publisher":{"@id":"\/#organization"},"potentialAction":[{"@type":"SearchAction","target":{"@type":"EntryPoint","urlTemplate":"\/?s={search_term_string}"},"query-input":{"@type":"PropertyValueSpecification","valueRequired":true,"valueName":"search_term_string"}}],"inLanguage":"en-GB"},{"@type":"Organization","@id":"\/#organization","name":"BAUM e.V.","alternateName":"Bundesdeutscher Arbeitskreis f\u00fcr Umweltbewusstes Management","url":"\/","logo":{"@type":"ImageObject","inLanguage":"en-GB","@id":"\/#\/schema\/logo\/image\/","url":"https:\/\/baumev.de\/wp-content\/uploads\/2025\/04\/Element-1.svg","contentUrl":"https:\/\/baumev.de\/wp-content\/uploads\/2025\/04\/Element-1.svg","width":"1024","height":"1024","caption":"BAUM e.V."},"image":{"@id":"\/#\/schema\/logo\/image\/"},"sameAs":["https:\/\/www.linkedin.com\/company\/baum-ev"]},{"@type":"Person","@id":"\/#\/schema\/person\/7cbf92b816dba32080d06186956546dd","name":"rittweger","sameAs":["http:\/\/baumev.de"]}]}},"_links":{"self":[{"href":"https:\/\/baumev.de\/en\/wp-json\/wp\/v2\/posts\/1738","targetHints":{"allow":["GET"]}}],"collection":[{"href":"https:\/\/baumev.de\/en\/wp-json\/wp\/v2\/posts"}],"about":[{"href":"https:\/\/baumev.de\/en\/wp-json\/wp\/v2\/types\/post"}],"author":[{"embeddable":true,"href":"https:\/\/baumev.de\/en\/wp-json\/wp\/v2\/users\/1"}],"replies":[{"embeddable":true,"href":"https:\/\/baumev.de\/en\/wp-json\/wp\/v2\/comments?post=1738"}],"version-history":[{"count":2,"href":"https:\/\/baumev.de\/en\/wp-json\/wp\/v2\/posts\/1738\/revisions"}],"predecessor-version":[{"id":3949,"href":"https:\/\/baumev.de\/en\/wp-json\/wp\/v2\/posts\/1738\/revisions\/3949"}],"wp:attachment":[{"href":"https:\/\/baumev.de\/en\/wp-json\/wp\/v2\/media?parent=1738"}],"wp:term":[{"taxonomy":"category","embeddable":true,"href":"https:\/\/baumev.de\/en\/wp-json\/wp\/v2\/categories?post=1738"},{"taxonomy":"post_tag","embeddable":true,"href":"https:\/\/baumev.de\/en\/wp-json\/wp\/v2\/tags?post=1738"}],"curies":[{"name":"wp","href":"https:\/\/api.w.org\/{rel}","templated":true}]}}