{"id":1742,"date":"2024-11-21T15:45:39","date_gmt":"2024-11-21T14:45:39","guid":{"rendered":"https:\/\/baumev.de\/?p=1742"},"modified":"2025-08-18T08:02:43","modified_gmt":"2025-08-18T06:02:43","slug":"jubilaeumstagung-von-baum-setzt-ein-deutliches-zeichen-des-aufbruchs","status":"publish","type":"post","link":"https:\/\/baumev.de\/en\/jubilaeumstagung-von-baum-setzt-ein-deutliches-zeichen-des-aufbruchs\/","title":{"rendered":"Jubil\u00e4umstagung von BAUM setzt ein deutliches Zeichen des Aufbruchs"},"content":{"rendered":"<p><strong>Das Unternehmensnetzwerk BAUM wurde vor 40 Jahren in Hamburg gegr\u00fcndet. Zwei Tage haben Mitglieder und weitere Engagierte das Jubil\u00e4um gefeiert und diskutiert, wie die Transformation zu mehr Nachhaltigkeit gelingen kann. Das Fazit von Yvonne Zwick, der Vorsitzenden von BAUM e.V.: &#8220;Es gibt eine positive Energie f\u00fcr nachhaltiges Wirtschaften. Viele sind in Bewegung und entschieden \u2013 es d\u00fcrfen noch mehr werden!&#8221;<\/strong><\/p>\n<p>Motto der zweit\u00e4gigen Jubil\u00e4umstagung in Hamburg war &#8220;Go!vernance: Treiber f\u00fcr eine gelingende Transformation&#8221;. Compliance, Engagement und Innovation \u2013 diese drei Fokusthemen zogen sich als roter Faden durch das Programm. Die Themen der Workshops reichten von EU-Regularien \u00fcber unternehmerische Sorgfaltspflichten in der Lieferkette und Kreislaufwirtschaft bis zu 4D-Mapping.<\/p>\n<div><strong>Die Zeit dr\u00e4ngt<\/strong><\/div>\n<p>Alle Workshops einte der Fokus auf die Chancen f\u00fcr deutsche und europ\u00e4ische Unternehmen, die aus der klaren Formulierung von Mindeststandards und wertebasiertem Management im globalen Wettbewerb entstehen. Im Lichte des Ver\u00e4nderungsdrucks, der aus dem \u00dcberschreiten \u00f6kologischer Kipppunkte resultiert, komme es jetzt auf konstruktives Zusammenwirken an, so die BAUM-Vorsitzende Yvonne Zwick: &#8220;Wir haben nicht zehn Jahre, sondern f\u00fcnf Jahre Zeit, die Ver\u00e4nderung einzuleiten. Also sollten wir keine Zeit verschwenden. Insbesondere im Praxislabor, in dem wir uns in den kommenden zwei Jahren f\u00fcr die Umsetzung der europ\u00e4ischen Berichtspflichten befinden, kommt es auf die konkreten L\u00f6sungen von Unternehmen und Kapitalgebern an. Sie legen fest, welchen Instrumenten und Standards sie vertrauen.&#8221; Im Sinne guter Governance von Regulierung m\u00fcssen sie ihre Kritik konkret adressieren, damit gute, wirkungsvolle Politikgestaltung m\u00f6glich wird.<\/p>\n<div><strong>Starke Impulse aus Wirtschaft, Wissenschaft und Politik<\/strong><\/div>\n<p>Zwei Podiumsrunden setzten starke Impulse. &#8220;Unternehmen oder Staat \u2013 wer steuert die Transformation zur \u00f6ko-sozialen Marktwirtschaft?&#8221; fragte Yvonne Zwick die Hamburger Senatoren Dr. Andreas Dressel (Finanzen) und Jens Kerstan (Umwelt, Klima, Energie und Agrarwirtschaft) sowie die Vorstandssprecherin der Landwirtschaftlichen Rentenbank Nikola Steinbock. Senator Kerstan erinnerte daran, dass man Altes loslassen m\u00fcsse, wenn man etwas Neues wolle. Es fehle jedoch ein tragf\u00e4higes, gesamtgesellschaftliches Zukunftsbild, das zur Zusammenarbeit motiviert. Notwendig sei der Dialog mit B\u00fcrgerinnen und B\u00fcrgern, zwischen Finanzwirtschaft, Industrie und Handel sowie mit der Aufsicht und den Standardsetzern.<\/p>\n<p>Die beh\u00f6rden\u00fcbergreifende Zusammenarbeit beschrieb Senator Dressel als ein Erfolgsrezept f\u00fcr die Vorreiterposition Hamburgs in nachhaltiger Finanzierung. Mit der Finanzserviceagentur werden Instrumente geschaffen, um die erforderlichen 3 Mrd. Euro p.a. Investitionskapital in nachhaltige Infrastrukturentwicklung zu kanalisieren. Klar sei: was unter der \u00dcberschrift Transformation verhandelt werde, m\u00fcsse auch machbar sein \u2013 unter Berichtsaspekten ebenso wie unter der Fragestellung von Transformationsfinanzierung. Diese k\u00e4me im Wesentlichen in Gang, weil vom Kapitalmarkt seitens der EU-Kommission &#8220;Anteile von Gr\u00fcn erwartet werden. Wir investieren in braune Assets und machen sie gr\u00fcn. Das ist Transformationsfinanzierung&#8221;, stellte Nikola Steinbock fest.<\/p>\n<p>Zuvor diskutierten Annette Schimmel (BIS Bremerhavener Gesellschaft f\u00fcr Investitionsf\u00f6rderung und Stadtentwicklung mbH) und Dayane Kemmer Marquart (SIGNAL IDUNA Gruppe) unter Moderation von Prof. Dr. Jochen Pampel (Sprecher des Kuratoriums von BAUM) die Fragen &#8220;Governance und Ground Control: Stimmt die Richtung? Reicht die Geschwindigkeit?&#8221;. Einig war sich das Podium, dass Transparenz in Sachen Nachhaltigkeit n\u00f6tig ist. Es brauche aber einen klaren Rahmen der Berichterstattung und der Standards, um Vergleichbarkeit zu erm\u00f6glichen. Gleichzeitig verhelfe schon allein die Besch\u00e4ftigung mit dem Nachhaltigkeitsbericht zu einem Modell vom eigenen Business, helfe zu strukturieren und sensibilisiere f\u00fcr die zentralen Handlungsfelder.<\/p>\n<div><strong>Kompetenzaufbau f\u00fcr nachhaltiges Wirtschaften<\/strong><\/div>\n<p>BAUM plant, in den kommenden Jahren den Kompetenzaufbau f\u00fcr nachhaltiges Wirtschaften gezielt voranzutreiben und aktiv an der Entwicklung innovativer L\u00f6sungen mitzuwirken. Wichtige Bausteine sind die Entwicklung marktbasierter Anreize und die digitale Plattform von BAUM, die eine kuratierte digitale Akademie und einen Veranstaltungskalender enth\u00e4lt, in den die inzwischen gut 860 Mitglieder ihre Informationsangebote einstellen k\u00f6nnen. &#8220;Der &#8216;Digitale BAUM&#8217; zeigt die Vielfalt und Tiefe des Wissens im Kompetenznetzwerk&#8221;, freut sich Yvonne Zwick.<\/p>\n<p>Die n\u00e4chsten Gelegenheiten, mit BAUM in Kontakt zu kommen, sind der Kick-off f\u00fcr die deutsche TNFD Consultation Group am 4. Dezember 2024 in Berlin sowie der Neujahrsempfang am 27. Januar 2025 \u2013 und bereits ab Tag 1 nach der Jahrestagung eine Vielzahl digitaler Dialoge und Webinare: siehe\u00a0<a class=\"linkExtern\" href=\"https:\/\/app.baumev.de\/events-view\" target=\"_blank\" rel=\"noopener\">app.baumev.de\/events-view<\/a>.<\/p>\n","protected":false},"excerpt":{"rendered":"<p>Das Unternehmensnetzwerk BAUM wurde vor 40 Jahren in Hamburg gegr\u00fcndet. Zwei Tage haben Mitglieder und weitere Engagierte das Jubil\u00e4um gefeiert und diskutiert, wie die Transformation zu mehr Nachhaltigkeit gelingen kann. <\/p>\n","protected":false},"author":1,"featured_media":0,"comment_status":"closed","ping_status":"open","sticky":false,"template":"","format":"standard","meta":{"_acf_changed":false,"_et_pb_use_builder":"","_et_pb_old_content":"","_et_gb_content_width":"","inline_featured_image":false,"footnotes":""},"categories":[10],"tags":[],"class_list":["post-1742","post","type-post","status-publish","format-standard","hentry","category-pressemitteilungen"],"acf":[],"yoast_head":"<!-- This site is optimized with the Yoast SEO plugin v27.2 - https:\/\/yoast.com\/product\/yoast-seo-wordpress\/ -->\n<title>Jubil\u00e4umstagung von BAUM setzt ein deutliches Zeichen des Aufbruchs - BAUM e.V.<\/title>\n<meta name=\"robots\" content=\"index, follow, max-snippet:-1, max-image-preview:large, max-video-preview:-1\" \/>\n<link rel=\"canonical\" href=\"https:\/\/baumev.de\/en\/jubilaeumstagung-von-baum-setzt-ein-deutliches-zeichen-des-aufbruchs\/\" \/>\n<meta property=\"og:locale\" content=\"en_GB\" \/>\n<meta property=\"og:type\" content=\"article\" \/>\n<meta property=\"og:title\" content=\"Jubil\u00e4umstagung von BAUM setzt ein deutliches Zeichen des Aufbruchs - BAUM e.V.\" \/>\n<meta property=\"og:description\" content=\"Das Unternehmensnetzwerk BAUM wurde vor 40 Jahren in Hamburg gegr\u00fcndet. Zwei Tage haben Mitglieder und weitere Engagierte das Jubil\u00e4um gefeiert und diskutiert, wie die Transformation zu mehr Nachhaltigkeit gelingen kann.\" \/>\n<meta property=\"og:url\" content=\"https:\/\/baumev.de\/en\/jubilaeumstagung-von-baum-setzt-ein-deutliches-zeichen-des-aufbruchs\/\" \/>\n<meta property=\"og:site_name\" content=\"BAUM e.V.\" \/>\n<meta property=\"article:published_time\" content=\"2024-11-21T14:45:39+00:00\" \/>\n<meta property=\"article:modified_time\" content=\"2025-08-18T06:02:43+00:00\" \/>\n<meta property=\"og:image\" content=\"https:\/\/baumev.de\/wp-content\/uploads\/2024\/11\/BAUM-Logo-mit-Claim_16zu9.png\" \/>\n\t<meta property=\"og:image:width\" content=\"2000\" \/>\n\t<meta property=\"og:image:height\" content=\"1125\" \/>\n\t<meta property=\"og:image:type\" content=\"image\/png\" \/>\n<meta name=\"author\" content=\"rittweger\" \/>\n<meta name=\"twitter:card\" content=\"summary_large_image\" \/>\n<meta name=\"twitter:label1\" content=\"Written by\" \/>\n\t<meta name=\"twitter:data1\" content=\"rittweger\" \/>\n\t<meta name=\"twitter:label2\" content=\"Estimated reading time\" \/>\n\t<meta name=\"twitter:data2\" content=\"4 minutes\" \/>\n<script type=\"application\/ld+json\" class=\"yoast-schema-graph\">{\"@context\":\"https:\/\/schema.org\",\"@graph\":[{\"@type\":\"Article\",\"@id\":\"https:\/\/baumev.de\/en\/jubilaeumstagung-von-baum-setzt-ein-deutliches-zeichen-des-aufbruchs\/#article\",\"isPartOf\":{\"@id\":\"https:\/\/baumev.de\/en\/jubilaeumstagung-von-baum-setzt-ein-deutliches-zeichen-des-aufbruchs\/\"},\"author\":{\"name\":\"rittweger\",\"@id\":\"\/#\/schema\/person\/7cbf92b816dba32080d06186956546dd\"},\"headline\":\"Jubil\u00e4umstagung von BAUM setzt ein deutliches Zeichen des Aufbruchs\",\"datePublished\":\"2024-11-21T14:45:39+00:00\",\"dateModified\":\"2025-08-18T06:02:43+00:00\",\"mainEntityOfPage\":{\"@id\":\"https:\/\/baumev.de\/en\/jubilaeumstagung-von-baum-setzt-ein-deutliches-zeichen-des-aufbruchs\/\"},\"wordCount\":681,\"publisher\":{\"@id\":\"\/#organization\"},\"articleSection\":[\"Pressemitteilungen\"],\"inLanguage\":\"en-GB\"},{\"@type\":\"WebPage\",\"@id\":\"https:\/\/baumev.de\/en\/jubilaeumstagung-von-baum-setzt-ein-deutliches-zeichen-des-aufbruchs\/\",\"url\":\"https:\/\/baumev.de\/en\/jubilaeumstagung-von-baum-setzt-ein-deutliches-zeichen-des-aufbruchs\/\",\"name\":\"Jubil\u00e4umstagung von BAUM setzt ein deutliches Zeichen des Aufbruchs - BAUM e.V.\",\"isPartOf\":{\"@id\":\"\/#website\"},\"datePublished\":\"2024-11-21T14:45:39+00:00\",\"dateModified\":\"2025-08-18T06:02:43+00:00\",\"breadcrumb\":{\"@id\":\"https:\/\/baumev.de\/en\/jubilaeumstagung-von-baum-setzt-ein-deutliches-zeichen-des-aufbruchs\/#breadcrumb\"},\"inLanguage\":\"en-GB\",\"potentialAction\":[{\"@type\":\"ReadAction\",\"target\":[\"https:\/\/baumev.de\/en\/jubilaeumstagung-von-baum-setzt-ein-deutliches-zeichen-des-aufbruchs\/\"]}]},{\"@type\":\"BreadcrumbList\",\"@id\":\"https:\/\/baumev.de\/en\/jubilaeumstagung-von-baum-setzt-ein-deutliches-zeichen-des-aufbruchs\/#breadcrumb\",\"itemListElement\":[{\"@type\":\"ListItem\",\"position\":1,\"name\":\"Startseite\",\"item\":\"https:\/\/baumev.de\/en\/\"},{\"@type\":\"ListItem\",\"position\":2,\"name\":\"Jubil\u00e4umstagung von BAUM setzt ein deutliches Zeichen des Aufbruchs\"}]},{\"@type\":\"WebSite\",\"@id\":\"\/#website\",\"url\":\"\/\",\"name\":\"BAUM e.V.\",\"description\":\"BAUM e.V. \u2013 Netzwerk f\u00fcr nachhaltiges Wirtschaften\",\"publisher\":{\"@id\":\"\/#organization\"},\"potentialAction\":[{\"@type\":\"SearchAction\",\"target\":{\"@type\":\"EntryPoint\",\"urlTemplate\":\"\/?s={search_term_string}\"},\"query-input\":{\"@type\":\"PropertyValueSpecification\",\"valueRequired\":true,\"valueName\":\"search_term_string\"}}],\"inLanguage\":\"en-GB\"},{\"@type\":\"Organization\",\"@id\":\"\/#organization\",\"name\":\"BAUM e.V.\",\"alternateName\":\"Bundesdeutscher Arbeitskreis f\u00fcr Umweltbewusstes Management\",\"url\":\"\/\",\"logo\":{\"@type\":\"ImageObject\",\"inLanguage\":\"en-GB\",\"@id\":\"\/#\/schema\/logo\/image\/\",\"url\":\"https:\/\/baumev.de\/wp-content\/uploads\/2025\/04\/Element-1.svg\",\"contentUrl\":\"https:\/\/baumev.de\/wp-content\/uploads\/2025\/04\/Element-1.svg\",\"width\":\"1024\",\"height\":\"1024\",\"caption\":\"BAUM e.V.\"},\"image\":{\"@id\":\"\/#\/schema\/logo\/image\/\"},\"sameAs\":[\"https:\/\/www.linkedin.com\/company\/baum-ev\"]},{\"@type\":\"Person\",\"@id\":\"\/#\/schema\/person\/7cbf92b816dba32080d06186956546dd\",\"name\":\"rittweger\",\"sameAs\":[\"http:\/\/baumev.de\"]}]}<\/script>\n<!-- \/ Yoast SEO plugin. -->","yoast_head_json":{"title":"Jubil\u00e4umstagung von BAUM setzt ein deutliches Zeichen des Aufbruchs - BAUM e.V.","robots":{"index":"index","follow":"follow","max-snippet":"max-snippet:-1","max-image-preview":"max-image-preview:large","max-video-preview":"max-video-preview:-1"},"canonical":"https:\/\/baumev.de\/en\/jubilaeumstagung-von-baum-setzt-ein-deutliches-zeichen-des-aufbruchs\/","og_locale":"en_GB","og_type":"article","og_title":"Jubil\u00e4umstagung von BAUM setzt ein deutliches Zeichen des Aufbruchs - BAUM e.V.","og_description":"Das Unternehmensnetzwerk BAUM wurde vor 40 Jahren in Hamburg gegr\u00fcndet. Zwei Tage haben Mitglieder und weitere Engagierte das Jubil\u00e4um gefeiert und diskutiert, wie die Transformation zu mehr Nachhaltigkeit gelingen kann.","og_url":"https:\/\/baumev.de\/en\/jubilaeumstagung-von-baum-setzt-ein-deutliches-zeichen-des-aufbruchs\/","og_site_name":"BAUM e.V.","article_published_time":"2024-11-21T14:45:39+00:00","article_modified_time":"2025-08-18T06:02:43+00:00","og_image":[{"width":2000,"height":1125,"url":"https:\/\/baumev.de\/wp-content\/uploads\/2024\/11\/BAUM-Logo-mit-Claim_16zu9.png","type":"image\/png"}],"author":"rittweger","twitter_card":"summary_large_image","twitter_misc":{"Written by":"rittweger","Estimated reading time":"4 minutes"},"schema":{"@context":"https:\/\/schema.org","@graph":[{"@type":"Article","@id":"https:\/\/baumev.de\/en\/jubilaeumstagung-von-baum-setzt-ein-deutliches-zeichen-des-aufbruchs\/#article","isPartOf":{"@id":"https:\/\/baumev.de\/en\/jubilaeumstagung-von-baum-setzt-ein-deutliches-zeichen-des-aufbruchs\/"},"author":{"name":"rittweger","@id":"\/#\/schema\/person\/7cbf92b816dba32080d06186956546dd"},"headline":"Jubil\u00e4umstagung von BAUM setzt ein deutliches Zeichen des Aufbruchs","datePublished":"2024-11-21T14:45:39+00:00","dateModified":"2025-08-18T06:02:43+00:00","mainEntityOfPage":{"@id":"https:\/\/baumev.de\/en\/jubilaeumstagung-von-baum-setzt-ein-deutliches-zeichen-des-aufbruchs\/"},"wordCount":681,"publisher":{"@id":"\/#organization"},"articleSection":["Pressemitteilungen"],"inLanguage":"en-GB"},{"@type":"WebPage","@id":"https:\/\/baumev.de\/en\/jubilaeumstagung-von-baum-setzt-ein-deutliches-zeichen-des-aufbruchs\/","url":"https:\/\/baumev.de\/en\/jubilaeumstagung-von-baum-setzt-ein-deutliches-zeichen-des-aufbruchs\/","name":"Jubil\u00e4umstagung von BAUM setzt ein deutliches Zeichen des Aufbruchs - BAUM e.V.","isPartOf":{"@id":"\/#website"},"datePublished":"2024-11-21T14:45:39+00:00","dateModified":"2025-08-18T06:02:43+00:00","breadcrumb":{"@id":"https:\/\/baumev.de\/en\/jubilaeumstagung-von-baum-setzt-ein-deutliches-zeichen-des-aufbruchs\/#breadcrumb"},"inLanguage":"en-GB","potentialAction":[{"@type":"ReadAction","target":["https:\/\/baumev.de\/en\/jubilaeumstagung-von-baum-setzt-ein-deutliches-zeichen-des-aufbruchs\/"]}]},{"@type":"BreadcrumbList","@id":"https:\/\/baumev.de\/en\/jubilaeumstagung-von-baum-setzt-ein-deutliches-zeichen-des-aufbruchs\/#breadcrumb","itemListElement":[{"@type":"ListItem","position":1,"name":"Startseite","item":"https:\/\/baumev.de\/en\/"},{"@type":"ListItem","position":2,"name":"Jubil\u00e4umstagung von BAUM setzt ein deutliches Zeichen des Aufbruchs"}]},{"@type":"WebSite","@id":"\/#website","url":"\/","name":"BAUM e.V.","description":"BAUM e.V. \u2013 Netzwerk f\u00fcr nachhaltiges Wirtschaften","publisher":{"@id":"\/#organization"},"potentialAction":[{"@type":"SearchAction","target":{"@type":"EntryPoint","urlTemplate":"\/?s={search_term_string}"},"query-input":{"@type":"PropertyValueSpecification","valueRequired":true,"valueName":"search_term_string"}}],"inLanguage":"en-GB"},{"@type":"Organization","@id":"\/#organization","name":"BAUM e.V.","alternateName":"Bundesdeutscher Arbeitskreis f\u00fcr Umweltbewusstes Management","url":"\/","logo":{"@type":"ImageObject","inLanguage":"en-GB","@id":"\/#\/schema\/logo\/image\/","url":"https:\/\/baumev.de\/wp-content\/uploads\/2025\/04\/Element-1.svg","contentUrl":"https:\/\/baumev.de\/wp-content\/uploads\/2025\/04\/Element-1.svg","width":"1024","height":"1024","caption":"BAUM e.V."},"image":{"@id":"\/#\/schema\/logo\/image\/"},"sameAs":["https:\/\/www.linkedin.com\/company\/baum-ev"]},{"@type":"Person","@id":"\/#\/schema\/person\/7cbf92b816dba32080d06186956546dd","name":"rittweger","sameAs":["http:\/\/baumev.de"]}]}},"_links":{"self":[{"href":"https:\/\/baumev.de\/en\/wp-json\/wp\/v2\/posts\/1742","targetHints":{"allow":["GET"]}}],"collection":[{"href":"https:\/\/baumev.de\/en\/wp-json\/wp\/v2\/posts"}],"about":[{"href":"https:\/\/baumev.de\/en\/wp-json\/wp\/v2\/types\/post"}],"author":[{"embeddable":true,"href":"https:\/\/baumev.de\/en\/wp-json\/wp\/v2\/users\/1"}],"replies":[{"embeddable":true,"href":"https:\/\/baumev.de\/en\/wp-json\/wp\/v2\/comments?post=1742"}],"version-history":[{"count":3,"href":"https:\/\/baumev.de\/en\/wp-json\/wp\/v2\/posts\/1742\/revisions"}],"predecessor-version":[{"id":5749,"href":"https:\/\/baumev.de\/en\/wp-json\/wp\/v2\/posts\/1742\/revisions\/5749"}],"wp:attachment":[{"href":"https:\/\/baumev.de\/en\/wp-json\/wp\/v2\/media?parent=1742"}],"wp:term":[{"taxonomy":"category","embeddable":true,"href":"https:\/\/baumev.de\/en\/wp-json\/wp\/v2\/categories?post=1742"},{"taxonomy":"post_tag","embeddable":true,"href":"https:\/\/baumev.de\/en\/wp-json\/wp\/v2\/tags?post=1742"}],"curies":[{"name":"wp","href":"https:\/\/api.w.org\/{rel}","templated":true}]}}