{"id":1744,"date":"2024-11-19T15:46:28","date_gmt":"2024-11-19T14:46:28","guid":{"rendered":"https:\/\/baumev.de\/?p=1744"},"modified":"2025-08-18T08:02:43","modified_gmt":"2025-08-18T06:02:43","slug":"unternehmensnetzwerk-feiert-40-jaehriges-bestehen","status":"publish","type":"post","link":"https:\/\/baumev.de\/en\/unternehmensnetzwerk-feiert-40-jaehriges-bestehen\/","title":{"rendered":"Unternehmensnetzwerk feiert 40-j\u00e4hriges Bestehen"},"content":{"rendered":"<p style=\"font-weight: 400;\"><b>Rund 300 G\u00e4ste sind im Hamburger Opernloft zusammengekommen, um das 40-j\u00e4hrige Bestehen von BAUM, aber auch die diesj\u00e4hrigen BAUM-Preistr\u00e4gerinnen und -Preistr\u00e4ger zu feiern. Dr. Bettina Hoffmann, Parlamentarische Staatssekret\u00e4rin im Bundesministerium f\u00fcr Umwelt, Naturschutz, nukleare Sicherheit und Verbraucherschutz, h\u00e4lt die Keynote.<\/b><\/p>\n<p style=\"font-weight: 400;\">&#8220;Seit nunmehr 40 Jahren ist BAUM e.V. eine starke Stimme f\u00fcr nachhaltiges Wirtschaften und f\u00fcr eine sozial-\u00f6kologische Marktwirtschaft. Herzlichen Gl\u00fcckwunsch zum Jubil\u00e4um!&#8221;, gratulierte Steffi Lemke, Bundesministerin f\u00fcr Umwelt, Naturschutz, nukleare Sicherheit und Verbraucherschutz, in ihrem Gru\u00dfwort. &#8220;Ihr engagiertes Netzwerk geht als Pionier, Ideengeber und Mutmacher f\u00fcr viele andere Unternehmen voran. In den vergangenen Jahrzehnten haben Sie dazu beigetragen, dass Nachhaltigkeit in der Unternehmensf\u00fchrung immer weiter an Bedeutung gewonnen hat. Daf\u00fcr danke ich Ihnen ganz herzlich.&#8221;<\/p>\n<p style=\"font-weight: 400;\"><b>Preisverleihung im Rahmen der Jubil\u00e4umstagung<\/b><\/p>\n<p style=\"font-weight: 400;\">Mit dem BAUM | Umwelt- und Nachhaltigkeitspreis zeichnet das Unternehmensnetzwerk ganz bewusst engagierte Einzelpersonen und nicht Organisationen aus. Der Preis wurde 1993 ins Leben gerufen, um vor allem Vorbilder und die Arbeit der &#8220;Macherinnen und Macher&#8221; in Unternehmen und Institutionen, die Arbeit derer, die das Umwelt- und Nachhaltigkeitsmanagement verantworten und operativ umsetzen, anzuerkennen.<\/p>\n<p style=\"font-weight: 400;\">Der BAUM | Umwelt- und Nachhaltigkeitspreis geht 2024 an:<\/p>\n<ul style=\"font-weight: 400;\">\n<li>Dr. Roda Verheyen, Rechtsanw\u00e4lte G\u00fcnther (Kategorie &#8220;International&#8221;)<\/li>\n<li>Felicitas Erfurt-Gordon, Erfurt &amp; Sohn KG (Kategorie &#8220;Gro\u00dfunternehmen&#8221;)<\/li>\n<li>Dr. Juliane Kronen, innatura gGmbH (Kategorie &#8220;Kleine und mittlere Unternehmen&#8221;)<\/li>\n<li>Dr. Hans-Dietrich Reckhaus, Reckhaus GmbH &amp; Co. KG (Kategorie &#8220;Kleine und mittlere Unternehmen&#8221;)<\/li>\n<li>Prof. Dr.-Ing. habil. J\u00f6rn Birkmann, Universit\u00e4t Stuttgart (Kategorie &#8220;Wissenschaft&#8221;)<\/li>\n<\/ul>\n<p style=\"font-weight: 400;\">Die Preise werden im Rahmen der Jubil\u00e4umstagung \u00fcberreicht.<\/p>\n<p style=\"font-weight: 400;\"><b>40 Jahre BAUM \u2013 R\u00fcckblick und Ausblick<\/b><\/p>\n<p style=\"font-weight: 400;\">Im Gespr\u00e4ch mit den Ehrenvorsitzenden Dr. Georg Winter und Prof. Dr. Maximilian Gege wirft die BAUM-Vorsitzende Yvonne Zwick einen Blick auf die Erfolgsgeschichte der letzten 40 Jahre. &#8220;Ich bin Dr. Georg Winter und Prof. Dr. Maximilian Gege sehr dankbar f\u00fcr ihre Pionierleistung. Sie haben BAUM als starkes Netzwerk \u00fcberzeugter Unternehmen angelegt, das inspiriert&#8221;, so Zwick. &#8220;In den n\u00e4chsten Jahren wollen wir diesen Weg weitergehen: die sozial-\u00f6kologische Marktwirtschaft vorantreiben, unsere Mitglieder sowie dar\u00fcber hinaus transformationsinteressierte Unternehmen beim n\u00f6tigen Strukturwandel unterst\u00fctzen und uns noch st\u00e4rker als bisher mit anderen Akteurinnen und Akteuren in Deutschland und Europa vernetzen.&#8221;<\/p>\n<p style=\"font-weight: 400;\">Zum 40. Jubil\u00e4um bekommt BAUM ein neues Corporate Design. Die vier ineinander verschlungenen Sph\u00e4ren im neuen Logo stehen f\u00fcr die Kernthemen Umwelt, Soziales, Governance und Transformation \u2013 und f\u00fcr die hohe Dynamik, die t\u00e4glich im Verbandsleben erfahrbar ist. Frische Farben und kontrastierendes Dunkelblau dr\u00fccken Kontinuit\u00e4t, Wertebewusstsein und Experimentierfreude aus.<\/p>\n<p style=\"font-weight: 400;\"><b>Fachkonferenz unter dem Motto &#8220;Go!vernance&#8221;<\/b><\/p>\n<p style=\"font-weight: 400;\">Motto der zweit\u00e4gigen Jubil\u00e4umstagung in Hamburg ist &#8220;Go!vernance: Treiber f\u00fcr eine gelingende Transformation&#8221;. Der zweite Tag, der 20. November, hat den Charakter einer Fachkonferenz mit Workshops und Podiumsdiskussionen. Mit ihrer Keynote zum Thema &#8220;Nachhaltiges Wirtschaften mit Impact: Wir gestalten das Marktdesign der Zukunft&#8221; rei\u00dft Dr. Bettina Hoffmann, Parlamentarische Staatssekret\u00e4rin im Bundesministerium f\u00fcr Umwelt, Naturschutz, nukleare Sicherheit und Verbraucherschutz, das Tagungsthema bereits am ersten Tag an. Sideevents am Vormittag diskutierten Nachhaltigkeitsthemen von Berichtspflichten\u00fcber Kreislaufwirtschaft bis Waldschutz.<\/p>\n<p style=\"font-weight: 400;\">Fotos von der Preisverleihung werden dort heute ab ca. 21 Uhr zur Verf\u00fcgung stehen.<\/p>\n","protected":false},"excerpt":{"rendered":"<p>Rund 300 G\u00e4ste sind im Hamburger Opernloft zusammengekommen, um das 40-j\u00e4hrige Bestehen von BAUM, aber auch die diesj\u00e4hrigen BAUM-Preistr\u00e4gerinnen und -Preistr\u00e4ger zu feiern. Dr. Bettina Hoffmann, Parlamentarische Staatssekret\u00e4rin im Bundesministerium f\u00fcr Umwelt, Naturschutz, nukleare Sicherheit und Verbraucherschutz, h\u00e4lt die Keynote.<\/p>\n","protected":false},"author":1,"featured_media":0,"comment_status":"closed","ping_status":"open","sticky":false,"template":"","format":"standard","meta":{"_acf_changed":false,"_et_pb_use_builder":"","_et_pb_old_content":"","_et_gb_content_width":"","inline_featured_image":false,"footnotes":""},"categories":[47],"tags":[],"class_list":["post-1744","post","type-post","status-publish","format-standard","hentry","category-press-releases"],"acf":[],"yoast_head":"<!-- This site is optimized with the Yoast SEO plugin v27.2 - https:\/\/yoast.com\/product\/yoast-seo-wordpress\/ -->\n<title>Unternehmensnetzwerk feiert 40-j\u00e4hriges Bestehen - BAUM e.V.<\/title>\n<meta name=\"robots\" content=\"index, follow, max-snippet:-1, max-image-preview:large, max-video-preview:-1\" \/>\n<link rel=\"canonical\" href=\"https:\/\/baumev.de\/en\/unternehmensnetzwerk-feiert-40-jaehriges-bestehen\/\" \/>\n<meta property=\"og:locale\" content=\"en_GB\" \/>\n<meta property=\"og:type\" content=\"article\" \/>\n<meta property=\"og:title\" content=\"Unternehmensnetzwerk feiert 40-j\u00e4hriges Bestehen - BAUM e.V.\" \/>\n<meta property=\"og:description\" content=\"Rund 300 G\u00e4ste sind im Hamburger Opernloft zusammengekommen, um das 40-j\u00e4hrige Bestehen von BAUM, aber auch die diesj\u00e4hrigen BAUM-Preistr\u00e4gerinnen und -Preistr\u00e4ger zu feiern. Dr. Bettina Hoffmann, Parlamentarische Staatssekret\u00e4rin im Bundesministerium f\u00fcr Umwelt, Naturschutz, nukleare Sicherheit und Verbraucherschutz, h\u00e4lt die Keynote.\" \/>\n<meta property=\"og:url\" content=\"https:\/\/baumev.de\/en\/unternehmensnetzwerk-feiert-40-jaehriges-bestehen\/\" \/>\n<meta property=\"og:site_name\" content=\"BAUM e.V.\" \/>\n<meta property=\"article:published_time\" content=\"2024-11-19T14:46:28+00:00\" \/>\n<meta property=\"article:modified_time\" content=\"2025-08-18T06:02:43+00:00\" \/>\n<meta property=\"og:image\" content=\"https:\/\/baumev.de\/wp-content\/uploads\/2024\/11\/BAUM-Logo-mit-Claim_16zu9.png\" \/>\n\t<meta property=\"og:image:width\" content=\"2000\" \/>\n\t<meta property=\"og:image:height\" content=\"1125\" \/>\n\t<meta property=\"og:image:type\" content=\"image\/png\" \/>\n<meta name=\"author\" content=\"rittweger\" \/>\n<meta name=\"twitter:card\" content=\"summary_large_image\" \/>\n<meta name=\"twitter:label1\" content=\"Written by\" \/>\n\t<meta name=\"twitter:data1\" content=\"rittweger\" \/>\n\t<meta name=\"twitter:label2\" content=\"Estimated reading time\" \/>\n\t<meta name=\"twitter:data2\" content=\"3 minutes\" \/>\n<script type=\"application\/ld+json\" class=\"yoast-schema-graph\">{\"@context\":\"https:\/\/schema.org\",\"@graph\":[{\"@type\":\"Article\",\"@id\":\"https:\/\/baumev.de\/en\/unternehmensnetzwerk-feiert-40-jaehriges-bestehen\/#article\",\"isPartOf\":{\"@id\":\"https:\/\/baumev.de\/en\/unternehmensnetzwerk-feiert-40-jaehriges-bestehen\/\"},\"author\":{\"name\":\"rittweger\",\"@id\":\"\/#\/schema\/person\/7cbf92b816dba32080d06186956546dd\"},\"headline\":\"Unternehmensnetzwerk feiert 40-j\u00e4hriges Bestehen\",\"datePublished\":\"2024-11-19T14:46:28+00:00\",\"dateModified\":\"2025-08-18T06:02:43+00:00\",\"mainEntityOfPage\":{\"@id\":\"https:\/\/baumev.de\/en\/unternehmensnetzwerk-feiert-40-jaehriges-bestehen\/\"},\"wordCount\":527,\"publisher\":{\"@id\":\"\/#organization\"},\"articleSection\":[\"Press releases\"],\"inLanguage\":\"en-GB\"},{\"@type\":\"WebPage\",\"@id\":\"https:\/\/baumev.de\/en\/unternehmensnetzwerk-feiert-40-jaehriges-bestehen\/\",\"url\":\"https:\/\/baumev.de\/en\/unternehmensnetzwerk-feiert-40-jaehriges-bestehen\/\",\"name\":\"Unternehmensnetzwerk feiert 40-j\u00e4hriges Bestehen - BAUM e.V.\",\"isPartOf\":{\"@id\":\"\/#website\"},\"datePublished\":\"2024-11-19T14:46:28+00:00\",\"dateModified\":\"2025-08-18T06:02:43+00:00\",\"breadcrumb\":{\"@id\":\"https:\/\/baumev.de\/en\/unternehmensnetzwerk-feiert-40-jaehriges-bestehen\/#breadcrumb\"},\"inLanguage\":\"en-GB\",\"potentialAction\":[{\"@type\":\"ReadAction\",\"target\":[\"https:\/\/baumev.de\/en\/unternehmensnetzwerk-feiert-40-jaehriges-bestehen\/\"]}]},{\"@type\":\"BreadcrumbList\",\"@id\":\"https:\/\/baumev.de\/en\/unternehmensnetzwerk-feiert-40-jaehriges-bestehen\/#breadcrumb\",\"itemListElement\":[{\"@type\":\"ListItem\",\"position\":1,\"name\":\"Startseite\",\"item\":\"https:\/\/baumev.de\/en\/\"},{\"@type\":\"ListItem\",\"position\":2,\"name\":\"Unternehmensnetzwerk feiert 40-j\u00e4hriges Bestehen\"}]},{\"@type\":\"WebSite\",\"@id\":\"\/#website\",\"url\":\"\/\",\"name\":\"BAUM e.V.\",\"description\":\"BAUM e.V. \u2013 Netzwerk f\u00fcr nachhaltiges Wirtschaften\",\"publisher\":{\"@id\":\"\/#organization\"},\"potentialAction\":[{\"@type\":\"SearchAction\",\"target\":{\"@type\":\"EntryPoint\",\"urlTemplate\":\"\/?s={search_term_string}\"},\"query-input\":{\"@type\":\"PropertyValueSpecification\",\"valueRequired\":true,\"valueName\":\"search_term_string\"}}],\"inLanguage\":\"en-GB\"},{\"@type\":\"Organization\",\"@id\":\"\/#organization\",\"name\":\"BAUM e.V.\",\"alternateName\":\"Bundesdeutscher Arbeitskreis f\u00fcr Umweltbewusstes Management\",\"url\":\"\/\",\"logo\":{\"@type\":\"ImageObject\",\"inLanguage\":\"en-GB\",\"@id\":\"\/#\/schema\/logo\/image\/\",\"url\":\"https:\/\/baumev.de\/wp-content\/uploads\/2025\/04\/Element-1.svg\",\"contentUrl\":\"https:\/\/baumev.de\/wp-content\/uploads\/2025\/04\/Element-1.svg\",\"width\":\"1024\",\"height\":\"1024\",\"caption\":\"BAUM e.V.\"},\"image\":{\"@id\":\"\/#\/schema\/logo\/image\/\"},\"sameAs\":[\"https:\/\/www.linkedin.com\/company\/baum-ev\"]},{\"@type\":\"Person\",\"@id\":\"\/#\/schema\/person\/7cbf92b816dba32080d06186956546dd\",\"name\":\"rittweger\",\"sameAs\":[\"http:\/\/baumev.de\"]}]}<\/script>\n<!-- \/ Yoast SEO plugin. -->","yoast_head_json":{"title":"Unternehmensnetzwerk feiert 40-j\u00e4hriges Bestehen - BAUM e.V.","robots":{"index":"index","follow":"follow","max-snippet":"max-snippet:-1","max-image-preview":"max-image-preview:large","max-video-preview":"max-video-preview:-1"},"canonical":"https:\/\/baumev.de\/en\/unternehmensnetzwerk-feiert-40-jaehriges-bestehen\/","og_locale":"en_GB","og_type":"article","og_title":"Unternehmensnetzwerk feiert 40-j\u00e4hriges Bestehen - BAUM e.V.","og_description":"Rund 300 G\u00e4ste sind im Hamburger Opernloft zusammengekommen, um das 40-j\u00e4hrige Bestehen von BAUM, aber auch die diesj\u00e4hrigen BAUM-Preistr\u00e4gerinnen und -Preistr\u00e4ger zu feiern. Dr. Bettina Hoffmann, Parlamentarische Staatssekret\u00e4rin im Bundesministerium f\u00fcr Umwelt, Naturschutz, nukleare Sicherheit und Verbraucherschutz, h\u00e4lt die Keynote.","og_url":"https:\/\/baumev.de\/en\/unternehmensnetzwerk-feiert-40-jaehriges-bestehen\/","og_site_name":"BAUM e.V.","article_published_time":"2024-11-19T14:46:28+00:00","article_modified_time":"2025-08-18T06:02:43+00:00","og_image":[{"width":2000,"height":1125,"url":"https:\/\/baumev.de\/wp-content\/uploads\/2024\/11\/BAUM-Logo-mit-Claim_16zu9.png","type":"image\/png"}],"author":"rittweger","twitter_card":"summary_large_image","twitter_misc":{"Written by":"rittweger","Estimated reading time":"3 minutes"},"schema":{"@context":"https:\/\/schema.org","@graph":[{"@type":"Article","@id":"https:\/\/baumev.de\/en\/unternehmensnetzwerk-feiert-40-jaehriges-bestehen\/#article","isPartOf":{"@id":"https:\/\/baumev.de\/en\/unternehmensnetzwerk-feiert-40-jaehriges-bestehen\/"},"author":{"name":"rittweger","@id":"\/#\/schema\/person\/7cbf92b816dba32080d06186956546dd"},"headline":"Unternehmensnetzwerk feiert 40-j\u00e4hriges Bestehen","datePublished":"2024-11-19T14:46:28+00:00","dateModified":"2025-08-18T06:02:43+00:00","mainEntityOfPage":{"@id":"https:\/\/baumev.de\/en\/unternehmensnetzwerk-feiert-40-jaehriges-bestehen\/"},"wordCount":527,"publisher":{"@id":"\/#organization"},"articleSection":["Press releases"],"inLanguage":"en-GB"},{"@type":"WebPage","@id":"https:\/\/baumev.de\/en\/unternehmensnetzwerk-feiert-40-jaehriges-bestehen\/","url":"https:\/\/baumev.de\/en\/unternehmensnetzwerk-feiert-40-jaehriges-bestehen\/","name":"Unternehmensnetzwerk feiert 40-j\u00e4hriges Bestehen - BAUM e.V.","isPartOf":{"@id":"\/#website"},"datePublished":"2024-11-19T14:46:28+00:00","dateModified":"2025-08-18T06:02:43+00:00","breadcrumb":{"@id":"https:\/\/baumev.de\/en\/unternehmensnetzwerk-feiert-40-jaehriges-bestehen\/#breadcrumb"},"inLanguage":"en-GB","potentialAction":[{"@type":"ReadAction","target":["https:\/\/baumev.de\/en\/unternehmensnetzwerk-feiert-40-jaehriges-bestehen\/"]}]},{"@type":"BreadcrumbList","@id":"https:\/\/baumev.de\/en\/unternehmensnetzwerk-feiert-40-jaehriges-bestehen\/#breadcrumb","itemListElement":[{"@type":"ListItem","position":1,"name":"Startseite","item":"https:\/\/baumev.de\/en\/"},{"@type":"ListItem","position":2,"name":"Unternehmensnetzwerk feiert 40-j\u00e4hriges Bestehen"}]},{"@type":"WebSite","@id":"\/#website","url":"\/","name":"BAUM e.V.","description":"BAUM e.V. \u2013 Netzwerk f\u00fcr nachhaltiges Wirtschaften","publisher":{"@id":"\/#organization"},"potentialAction":[{"@type":"SearchAction","target":{"@type":"EntryPoint","urlTemplate":"\/?s={search_term_string}"},"query-input":{"@type":"PropertyValueSpecification","valueRequired":true,"valueName":"search_term_string"}}],"inLanguage":"en-GB"},{"@type":"Organization","@id":"\/#organization","name":"BAUM e.V.","alternateName":"Bundesdeutscher Arbeitskreis f\u00fcr Umweltbewusstes Management","url":"\/","logo":{"@type":"ImageObject","inLanguage":"en-GB","@id":"\/#\/schema\/logo\/image\/","url":"https:\/\/baumev.de\/wp-content\/uploads\/2025\/04\/Element-1.svg","contentUrl":"https:\/\/baumev.de\/wp-content\/uploads\/2025\/04\/Element-1.svg","width":"1024","height":"1024","caption":"BAUM e.V."},"image":{"@id":"\/#\/schema\/logo\/image\/"},"sameAs":["https:\/\/www.linkedin.com\/company\/baum-ev"]},{"@type":"Person","@id":"\/#\/schema\/person\/7cbf92b816dba32080d06186956546dd","name":"rittweger","sameAs":["http:\/\/baumev.de"]}]}},"_links":{"self":[{"href":"https:\/\/baumev.de\/en\/wp-json\/wp\/v2\/posts\/1744","targetHints":{"allow":["GET"]}}],"collection":[{"href":"https:\/\/baumev.de\/en\/wp-json\/wp\/v2\/posts"}],"about":[{"href":"https:\/\/baumev.de\/en\/wp-json\/wp\/v2\/types\/post"}],"author":[{"embeddable":true,"href":"https:\/\/baumev.de\/en\/wp-json\/wp\/v2\/users\/1"}],"replies":[{"embeddable":true,"href":"https:\/\/baumev.de\/en\/wp-json\/wp\/v2\/comments?post=1744"}],"version-history":[{"count":4,"href":"https:\/\/baumev.de\/en\/wp-json\/wp\/v2\/posts\/1744\/revisions"}],"predecessor-version":[{"id":3968,"href":"https:\/\/baumev.de\/en\/wp-json\/wp\/v2\/posts\/1744\/revisions\/3968"}],"wp:attachment":[{"href":"https:\/\/baumev.de\/en\/wp-json\/wp\/v2\/media?parent=1744"}],"wp:term":[{"taxonomy":"category","embeddable":true,"href":"https:\/\/baumev.de\/en\/wp-json\/wp\/v2\/categories?post=1744"},{"taxonomy":"post_tag","embeddable":true,"href":"https:\/\/baumev.de\/en\/wp-json\/wp\/v2\/tags?post=1744"}],"curies":[{"name":"wp","href":"https:\/\/api.w.org\/{rel}","templated":true}]}}