{"id":1746,"date":"2024-10-21T15:47:12","date_gmt":"2024-10-21T13:47:12","guid":{"rendered":"https:\/\/baumev.de\/?p=1746"},"modified":"2025-08-18T08:02:43","modified_gmt":"2025-08-18T06:02:43","slug":"governance-treiber-fuer-eine-gelingende-transformation","status":"publish","type":"post","link":"https:\/\/baumev.de\/en\/governance-treiber-fuer-eine-gelingende-transformation\/","title":{"rendered":"Governance: Treiber f\u00fcr eine gelingende Transformation"},"content":{"rendered":"<p style=\"font-weight: 400;\"><b>Am 19. und 20. November feiert BAUM in Hamburg sein 40-j\u00e4hriges Bestehen. Wie bei den Jahrestagungen \u00fcblich, steht der erste Veranstaltungstag im Zeichen der Verleihung des BAUM | Umwelt- und Nachhaltigkeitspreises; der zweite hat den Charakter eines Fachkongresses f\u00fcr Menschen, die Nachhaltigkeit in die Unternehmenspraxis umsetzen. Motto beider Tage ist &#8220;Go!vernance. Treiber f\u00fcr eine gelingende Transformation&#8221;.<\/b><\/p>\n<p style=\"font-weight: 400;\">&#8220;Mit Blick auf unser Programm wird Ihnen auffallen: Es steckt noch viel mehr Go! in der Jubil\u00e4umstagung, als schon das Leitthema Go!vernance verspricht&#8221;, freut sich die BAUM-Vorsitzende Yvonne Zwick. &#8220;Compliance, Engagement und Innovation: Diese drei Fokusthemen ziehen sich als roter Faden durch das Programm unserer Jubil\u00e4umstagung. Sie werden repr\u00e4sentiert in den in diesem Jahr charakteristischen Aufrufen Go!Compliant, Go!Engaged, Go!Innovative.&#8221;<\/p>\n<p style=\"font-weight: 400;\">Das Programm von Plenum und L\u00f6sungs-Sessions geht jedoch \u00fcber die Erf\u00fcllung gesetzlicher Anforderungen und Berichtspflichten hinaus. Diskutiert wird: Wie l\u00e4sst sich Nachhaltigkeit mithilfe guter Governance-Ans\u00e4tze innerhalb der Organisation treiben und wie l\u00e4sst sich dar\u00fcber hinaus Wirkung erzeugen? Zwick ist \u00fcberzeugt: &#8220;Die Gemeinschaftsaufgabe besteht aus ganzheitlichen Ans\u00e4tzen und dem entschiedenen Einsatz f\u00fcr menschliche und unternehmerische Bed\u00fcrfnisse, Austausch und Engagement.&#8221; Die Unternehmen, die bei BAUM organisiert sind, denken weiter: Die Tagung nimmt auch innovative und digitale L\u00f6sungen in den Blick, die Governance im Sinne von nachhaltigem Wirtschaften vorantreiben, Aufw\u00e4nde intelligent senken, gesellschaftlichen und \u00f6kologischen Nutzen steigern.<\/p>\n<p style=\"font-weight: 400;\">Bevor Dienstagmittag das offizielle Programm beginnt, bietet BAUM interessante Sideevents an. Wer an der Jubil\u00e4umstagung teilnimmt, kann sich kostenlos zu einem dieser Sideevents anmelden. F\u00fcr einen Teilnahmebeitrag von 120 Euro (zzgl. MwSt.) stehen sie aber auch allen Interessierten offen, die zur Tagung nicht angemeldet sind.<\/p>\n<p style=\"font-weight: 400;\">Diese f\u00fcnf Themen bilden die Vielfalt nachhaltigen Wirtschaftens und die breite Kompetenz von BAUM ab:<\/p>\n<ul style=\"font-weight: 400;\">\n<li>GO!COMPLIANT | Mit der CSRD zum Vorreiter der nachhaltigen Transformation<\/li>\n<li>GO!COMPLIANT | Interne Richtlinien als R\u00fcckgrat effektiver Governance<\/li>\n<li>GO!ENGAGED | Waldschutz rund um Ihre Lieferkette<\/li>\n<li>GO!ENGAGED | Circular Economy im Unternehmen leben<\/li>\n<li>GO!INNOVATIVE | Strategische Vorteile durch Daten und Tools<\/li>\n<\/ul>\n<p style=\"font-weight: 400;\">Zu seiner Jubil\u00e4umstagung erwartet BAUM rund 300 G\u00e4ste aus Wirtschaft, Politik, Verb\u00e4nden, Wissenschaft und Medien. Einige wenige Tickets stehen noch zur Verf\u00fcgung. Interessierte k\u00f6nnen sich hier anmelden.<\/p>\n<p style=\"font-weight: 400;\">Das vollst\u00e4ndige Programm der Jubil\u00e4umstagung von BAUM findet sich unter <a href=\"https:\/\/baumev.de\/baum-tagung\/\">BAUM-Tagung<\/a><\/p>\n","protected":false},"excerpt":{"rendered":"<p>Am 19. und 20. November feiert BAUM in Hamburg sein 40-j\u00e4hriges Bestehen. Wie bei den Jahrestagungen \u00fcblich, steht der erste Veranstaltungstag im Zeichen der Verleihung des BAUM | Umwelt- und Nachhaltigkeitspreises; der zweite hat den Charakter eines Fachkongresses f\u00fcr Menschen, die Nachhaltigkeit in die Unternehmenspraxis umsetzen. Motto beider Tage ist &#8220;Go!vernance. Treiber f\u00fcr eine gelingende Transformation&#8221;.<\/p>\n","protected":false},"author":1,"featured_media":0,"comment_status":"closed","ping_status":"open","sticky":false,"template":"","format":"standard","meta":{"_acf_changed":false,"_et_pb_use_builder":"","_et_pb_old_content":"","_et_gb_content_width":"","inline_featured_image":false,"footnotes":""},"categories":[10],"tags":[],"class_list":["post-1746","post","type-post","status-publish","format-standard","hentry","category-pressemitteilungen"],"acf":[],"yoast_head":"<!-- This site is optimized with the Yoast SEO plugin v27.2 - https:\/\/yoast.com\/product\/yoast-seo-wordpress\/ -->\n<title>Governance: Treiber f\u00fcr eine gelingende Transformation - BAUM e.V.<\/title>\n<meta name=\"robots\" content=\"index, follow, max-snippet:-1, max-image-preview:large, max-video-preview:-1\" \/>\n<link rel=\"canonical\" href=\"https:\/\/baumev.de\/en\/governance-treiber-fuer-eine-gelingende-transformation\/\" \/>\n<meta property=\"og:locale\" content=\"en_GB\" \/>\n<meta property=\"og:type\" content=\"article\" \/>\n<meta property=\"og:title\" content=\"Governance: Treiber f\u00fcr eine gelingende Transformation - BAUM e.V.\" \/>\n<meta property=\"og:description\" content=\"Am 19. und 20. November feiert BAUM in Hamburg sein 40-j\u00e4hriges Bestehen. Wie bei den Jahrestagungen \u00fcblich, steht der erste Veranstaltungstag im Zeichen der Verleihung des BAUM | Umwelt- und Nachhaltigkeitspreises; der zweite hat den Charakter eines Fachkongresses f\u00fcr Menschen, die Nachhaltigkeit in die Unternehmenspraxis umsetzen. Motto beider Tage ist &quot;Go!vernance. Treiber f\u00fcr eine gelingende Transformation&quot;.\" \/>\n<meta property=\"og:url\" content=\"https:\/\/baumev.de\/en\/governance-treiber-fuer-eine-gelingende-transformation\/\" \/>\n<meta property=\"og:site_name\" content=\"BAUM e.V.\" \/>\n<meta property=\"article:published_time\" content=\"2024-10-21T13:47:12+00:00\" \/>\n<meta property=\"article:modified_time\" content=\"2025-08-18T06:02:43+00:00\" \/>\n<meta property=\"og:image\" content=\"https:\/\/baumev.de\/wp-content\/uploads\/2024\/11\/BAUM-Logo-mit-Claim_16zu9.png\" \/>\n\t<meta property=\"og:image:width\" content=\"2000\" \/>\n\t<meta property=\"og:image:height\" content=\"1125\" \/>\n\t<meta property=\"og:image:type\" content=\"image\/png\" \/>\n<meta name=\"author\" content=\"rittweger\" \/>\n<meta name=\"twitter:card\" content=\"summary_large_image\" \/>\n<meta name=\"twitter:label1\" content=\"Written by\" \/>\n\t<meta name=\"twitter:data1\" content=\"rittweger\" \/>\n\t<meta name=\"twitter:label2\" content=\"Estimated reading time\" \/>\n\t<meta name=\"twitter:data2\" content=\"2 minutes\" \/>\n<script type=\"application\/ld+json\" class=\"yoast-schema-graph\">{\"@context\":\"https:\/\/schema.org\",\"@graph\":[{\"@type\":\"Article\",\"@id\":\"https:\/\/baumev.de\/en\/governance-treiber-fuer-eine-gelingende-transformation\/#article\",\"isPartOf\":{\"@id\":\"https:\/\/baumev.de\/en\/governance-treiber-fuer-eine-gelingende-transformation\/\"},\"author\":{\"name\":\"rittweger\",\"@id\":\"\/#\/schema\/person\/7cbf92b816dba32080d06186956546dd\"},\"headline\":\"Governance: Treiber f\u00fcr eine gelingende Transformation\",\"datePublished\":\"2024-10-21T13:47:12+00:00\",\"dateModified\":\"2025-08-18T06:02:43+00:00\",\"mainEntityOfPage\":{\"@id\":\"https:\/\/baumev.de\/en\/governance-treiber-fuer-eine-gelingende-transformation\/\"},\"wordCount\":382,\"publisher\":{\"@id\":\"\/#organization\"},\"articleSection\":[\"Pressemitteilungen\"],\"inLanguage\":\"en-GB\"},{\"@type\":\"WebPage\",\"@id\":\"https:\/\/baumev.de\/en\/governance-treiber-fuer-eine-gelingende-transformation\/\",\"url\":\"https:\/\/baumev.de\/en\/governance-treiber-fuer-eine-gelingende-transformation\/\",\"name\":\"Governance: Treiber f\u00fcr eine gelingende Transformation - BAUM e.V.\",\"isPartOf\":{\"@id\":\"\/#website\"},\"datePublished\":\"2024-10-21T13:47:12+00:00\",\"dateModified\":\"2025-08-18T06:02:43+00:00\",\"breadcrumb\":{\"@id\":\"https:\/\/baumev.de\/en\/governance-treiber-fuer-eine-gelingende-transformation\/#breadcrumb\"},\"inLanguage\":\"en-GB\",\"potentialAction\":[{\"@type\":\"ReadAction\",\"target\":[\"https:\/\/baumev.de\/en\/governance-treiber-fuer-eine-gelingende-transformation\/\"]}]},{\"@type\":\"BreadcrumbList\",\"@id\":\"https:\/\/baumev.de\/en\/governance-treiber-fuer-eine-gelingende-transformation\/#breadcrumb\",\"itemListElement\":[{\"@type\":\"ListItem\",\"position\":1,\"name\":\"Startseite\",\"item\":\"https:\/\/baumev.de\/en\/\"},{\"@type\":\"ListItem\",\"position\":2,\"name\":\"Governance: Treiber f\u00fcr eine gelingende Transformation\"}]},{\"@type\":\"WebSite\",\"@id\":\"\/#website\",\"url\":\"\/\",\"name\":\"BAUM e.V.\",\"description\":\"BAUM e.V. \u2013 Netzwerk f\u00fcr nachhaltiges Wirtschaften\",\"publisher\":{\"@id\":\"\/#organization\"},\"potentialAction\":[{\"@type\":\"SearchAction\",\"target\":{\"@type\":\"EntryPoint\",\"urlTemplate\":\"\/?s={search_term_string}\"},\"query-input\":{\"@type\":\"PropertyValueSpecification\",\"valueRequired\":true,\"valueName\":\"search_term_string\"}}],\"inLanguage\":\"en-GB\"},{\"@type\":\"Organization\",\"@id\":\"\/#organization\",\"name\":\"BAUM e.V.\",\"alternateName\":\"Bundesdeutscher Arbeitskreis f\u00fcr Umweltbewusstes Management\",\"url\":\"\/\",\"logo\":{\"@type\":\"ImageObject\",\"inLanguage\":\"en-GB\",\"@id\":\"\/#\/schema\/logo\/image\/\",\"url\":\"https:\/\/baumev.de\/wp-content\/uploads\/2025\/04\/Element-1.svg\",\"contentUrl\":\"https:\/\/baumev.de\/wp-content\/uploads\/2025\/04\/Element-1.svg\",\"width\":\"1024\",\"height\":\"1024\",\"caption\":\"BAUM e.V.\"},\"image\":{\"@id\":\"\/#\/schema\/logo\/image\/\"},\"sameAs\":[\"https:\/\/www.linkedin.com\/company\/baum-ev\"]},{\"@type\":\"Person\",\"@id\":\"\/#\/schema\/person\/7cbf92b816dba32080d06186956546dd\",\"name\":\"rittweger\",\"sameAs\":[\"http:\/\/baumev.de\"]}]}<\/script>\n<!-- \/ Yoast SEO plugin. -->","yoast_head_json":{"title":"Governance: Treiber f\u00fcr eine gelingende Transformation - BAUM e.V.","robots":{"index":"index","follow":"follow","max-snippet":"max-snippet:-1","max-image-preview":"max-image-preview:large","max-video-preview":"max-video-preview:-1"},"canonical":"https:\/\/baumev.de\/en\/governance-treiber-fuer-eine-gelingende-transformation\/","og_locale":"en_GB","og_type":"article","og_title":"Governance: Treiber f\u00fcr eine gelingende Transformation - BAUM e.V.","og_description":"Am 19. und 20. November feiert BAUM in Hamburg sein 40-j\u00e4hriges Bestehen. Wie bei den Jahrestagungen \u00fcblich, steht der erste Veranstaltungstag im Zeichen der Verleihung des BAUM | Umwelt- und Nachhaltigkeitspreises; der zweite hat den Charakter eines Fachkongresses f\u00fcr Menschen, die Nachhaltigkeit in die Unternehmenspraxis umsetzen. Motto beider Tage ist \"Go!vernance. Treiber f\u00fcr eine gelingende Transformation\".","og_url":"https:\/\/baumev.de\/en\/governance-treiber-fuer-eine-gelingende-transformation\/","og_site_name":"BAUM e.V.","article_published_time":"2024-10-21T13:47:12+00:00","article_modified_time":"2025-08-18T06:02:43+00:00","og_image":[{"width":2000,"height":1125,"url":"https:\/\/baumev.de\/wp-content\/uploads\/2024\/11\/BAUM-Logo-mit-Claim_16zu9.png","type":"image\/png"}],"author":"rittweger","twitter_card":"summary_large_image","twitter_misc":{"Written by":"rittweger","Estimated reading time":"2 minutes"},"schema":{"@context":"https:\/\/schema.org","@graph":[{"@type":"Article","@id":"https:\/\/baumev.de\/en\/governance-treiber-fuer-eine-gelingende-transformation\/#article","isPartOf":{"@id":"https:\/\/baumev.de\/en\/governance-treiber-fuer-eine-gelingende-transformation\/"},"author":{"name":"rittweger","@id":"\/#\/schema\/person\/7cbf92b816dba32080d06186956546dd"},"headline":"Governance: Treiber f\u00fcr eine gelingende Transformation","datePublished":"2024-10-21T13:47:12+00:00","dateModified":"2025-08-18T06:02:43+00:00","mainEntityOfPage":{"@id":"https:\/\/baumev.de\/en\/governance-treiber-fuer-eine-gelingende-transformation\/"},"wordCount":382,"publisher":{"@id":"\/#organization"},"articleSection":["Pressemitteilungen"],"inLanguage":"en-GB"},{"@type":"WebPage","@id":"https:\/\/baumev.de\/en\/governance-treiber-fuer-eine-gelingende-transformation\/","url":"https:\/\/baumev.de\/en\/governance-treiber-fuer-eine-gelingende-transformation\/","name":"Governance: Treiber f\u00fcr eine gelingende Transformation - BAUM e.V.","isPartOf":{"@id":"\/#website"},"datePublished":"2024-10-21T13:47:12+00:00","dateModified":"2025-08-18T06:02:43+00:00","breadcrumb":{"@id":"https:\/\/baumev.de\/en\/governance-treiber-fuer-eine-gelingende-transformation\/#breadcrumb"},"inLanguage":"en-GB","potentialAction":[{"@type":"ReadAction","target":["https:\/\/baumev.de\/en\/governance-treiber-fuer-eine-gelingende-transformation\/"]}]},{"@type":"BreadcrumbList","@id":"https:\/\/baumev.de\/en\/governance-treiber-fuer-eine-gelingende-transformation\/#breadcrumb","itemListElement":[{"@type":"ListItem","position":1,"name":"Startseite","item":"https:\/\/baumev.de\/en\/"},{"@type":"ListItem","position":2,"name":"Governance: Treiber f\u00fcr eine gelingende Transformation"}]},{"@type":"WebSite","@id":"\/#website","url":"\/","name":"BAUM e.V.","description":"BAUM e.V. \u2013 Netzwerk f\u00fcr nachhaltiges Wirtschaften","publisher":{"@id":"\/#organization"},"potentialAction":[{"@type":"SearchAction","target":{"@type":"EntryPoint","urlTemplate":"\/?s={search_term_string}"},"query-input":{"@type":"PropertyValueSpecification","valueRequired":true,"valueName":"search_term_string"}}],"inLanguage":"en-GB"},{"@type":"Organization","@id":"\/#organization","name":"BAUM e.V.","alternateName":"Bundesdeutscher Arbeitskreis f\u00fcr Umweltbewusstes Management","url":"\/","logo":{"@type":"ImageObject","inLanguage":"en-GB","@id":"\/#\/schema\/logo\/image\/","url":"https:\/\/baumev.de\/wp-content\/uploads\/2025\/04\/Element-1.svg","contentUrl":"https:\/\/baumev.de\/wp-content\/uploads\/2025\/04\/Element-1.svg","width":"1024","height":"1024","caption":"BAUM e.V."},"image":{"@id":"\/#\/schema\/logo\/image\/"},"sameAs":["https:\/\/www.linkedin.com\/company\/baum-ev"]},{"@type":"Person","@id":"\/#\/schema\/person\/7cbf92b816dba32080d06186956546dd","name":"rittweger","sameAs":["http:\/\/baumev.de"]}]}},"_links":{"self":[{"href":"https:\/\/baumev.de\/en\/wp-json\/wp\/v2\/posts\/1746","targetHints":{"allow":["GET"]}}],"collection":[{"href":"https:\/\/baumev.de\/en\/wp-json\/wp\/v2\/posts"}],"about":[{"href":"https:\/\/baumev.de\/en\/wp-json\/wp\/v2\/types\/post"}],"author":[{"embeddable":true,"href":"https:\/\/baumev.de\/en\/wp-json\/wp\/v2\/users\/1"}],"replies":[{"embeddable":true,"href":"https:\/\/baumev.de\/en\/wp-json\/wp\/v2\/comments?post=1746"}],"version-history":[{"count":4,"href":"https:\/\/baumev.de\/en\/wp-json\/wp\/v2\/posts\/1746\/revisions"}],"predecessor-version":[{"id":2060,"href":"https:\/\/baumev.de\/en\/wp-json\/wp\/v2\/posts\/1746\/revisions\/2060"}],"wp:attachment":[{"href":"https:\/\/baumev.de\/en\/wp-json\/wp\/v2\/media?parent=1746"}],"wp:term":[{"taxonomy":"category","embeddable":true,"href":"https:\/\/baumev.de\/en\/wp-json\/wp\/v2\/categories?post=1746"},{"taxonomy":"post_tag","embeddable":true,"href":"https:\/\/baumev.de\/en\/wp-json\/wp\/v2\/tags?post=1746"}],"curies":[{"name":"wp","href":"https:\/\/api.w.org\/{rel}","templated":true}]}}