{"id":1748,"date":"2024-10-02T15:47:52","date_gmt":"2024-10-02T13:47:52","guid":{"rendered":"https:\/\/baumev.de\/?p=1748"},"modified":"2025-08-18T08:02:43","modified_gmt":"2025-08-18T06:02:43","slug":"besonderer-einsatz-fuer-bildung-fuer-nachhaltige-entwicklung-und-umsetzung-der-agenda-2030","status":"publish","type":"post","link":"https:\/\/baumev.de\/en\/besonderer-einsatz-fuer-bildung-fuer-nachhaltige-entwicklung-und-umsetzung-der-agenda-2030\/","title":{"rendered":"Besonderer Einsatz f\u00fcr &#8220;Bildung f\u00fcr nachhaltige Entwicklung&#8221; und Umsetzung der Agenda 2030"},"content":{"rendered":"<p style=\"font-weight: 400;\"><b>Das preisgekr\u00f6nte Projekt SDG-Scouts\u00ae\u00a0von BAUM e.V. erhielt eine weitere Auszeichnung f\u00fcr seinen besonderen Einsatz in der Nachhaltigkeitsbildung von Nachwuchskr\u00e4ften. Durch die Schulungen konnten bereits knapp 200 Nachwuchskr\u00e4fte in ganz Deutschland weitergebildet werden. Sie setzen sich als Multiplikatorinnen und Multiplikatoren f\u00fcr die Nachhaltigkeitsziele der Vereinten Nationen (SDG) sowie f\u00fcr Nachhaltigkeit in ihren Unternehmen ein.<\/b><\/p>\n<p style=\"font-weight: 400;\">Das Bundesbildungsministerium und die Deutsche UNESCO-Kommission w\u00fcrdigten das Projekt SDG-Scouts\u00ae\u00a0f\u00fcr seinen beispielhaften Einsatz in der Nachhaltigkeitsbildung sowie f\u00fcr die Umsetzung der Sustainable Development Goals (SDG) der Agenda 2030. Das Projekt nutzt das Innovationspotenzial der Auszubildenden und Nachwuchskr\u00e4fte aus Unternehmen aller Branchen, um die betrieblichen Nachhaltigkeitsleistungen zu st\u00e4rken.<\/p>\n<p style=\"font-weight: 400;\">Dr. Andrea Ruyter-Petznek, Leiterin des Referats Bildung in Regionen, Bildung f\u00fcr nachhaltige Entwicklung im Bundesministerium f\u00fcr Bildung und Forschung, und Dr. Roman Luckscheiter, Generalsekret\u00e4r der Deutschen UNESCO-Kommission, zeichneten am 1. Oktober im Klimahaus Bremerhaven insgesamt 24 herausragende Initiativen f\u00fcr ihr besonderes Engagement aus.<\/p>\n<p style=\"font-weight: 400;\">Dieter Br\u00fcbach, stellvertretender Vorsitzender von BAUM e.V., betont die Relevanz von Bildungsangeboten f\u00fcr nachhaltige Entwicklung: \u201eDas Bundesinstitut f\u00fcr Berufsbildung und das Umweltbundesamt erachten die St\u00e4rkung der Nachhaltigkeitskompetenzen in der Aus- und Weiterbildung als wichtig, um (Aus-)Bildung und Nachhaltigkeit besser zu verzahnen und die Attraktivit\u00e4t f\u00fcr nachhaltigkeitsrelevante T\u00e4tigkeiten zu steigern. Das SDG-Scouts\u00ae-Schulungsprogramm ist hierzu genau das richtige Angebot zur Umsetzung in Unternehmen.&#8221; Die Nachwuchskr\u00e4fte wirken in den Unternehmen als Multiplikatorinnen und Multiplikatoren. Sie erfassen anhand der SDG Verbesserungsm\u00f6glichkeiten und entwickeln ein eigenes Praxisprojekt f\u00fcr ihr Unternehmen.<\/p>\n<p style=\"font-weight: 400;\">Das bundesweite Programm wird in regionalen Clustern durchgef\u00fchrt. Die Schulung umfasst drei ganzt\u00e4gige Workshops sowie zwei Praxisphasen, in denen die Teilnehmenden Verbesserungspotenziale herausarbeiten und ihre Projektideen entwickeln. Die Dauer des Programms betr\u00e4gt sechs bis acht Monate und schlie\u00dft mit der Zertifizierung der Teilnehmenden als SDG-Scouts\u00ae. Im Fr\u00fchjahr und im Herbst 2025 starten die n\u00e4chsten Schulungsreihen.<\/p>\n<p style=\"font-weight: 400;\">Durch Unterst\u00fctzung der Deutschen Bundesstiftung Umwelt (DBU) und des Umweltbundesamts konnten 30 kleine und mittlere Unternehmen kostenfrei teilnehmen. Kostendeckend liegen die Teilnahmegeb\u00fchren aktuell bei 750 \u20ac pro Person, mindestens jedoch 2.250 \u20ac pro Unternehmen (zzgl. MwSt.). BAUM-Mitglieder erhalten 25 % Erm\u00e4\u00dfigung. F\u00fcr Betriebe in Schleswig-Holstein gelten verg\u00fcnstigte Konditionen.<\/p>\n<p style=\"font-weight: 400;\">Weitere Informationen zum Schulungsprogramm finden sich unter www.sdg-scouts.de und, speziell f\u00fcr die SDG-Scouts\u00ae\u00a0in Schleswig-Holstein, unter www.sdg-scouts.de\/schleswig-holstein.<\/p>\n","protected":false},"excerpt":{"rendered":"<p>Das preisgekr\u00f6nte Projekt SDG-Scouts\u00ae\u00a0von BAUM e.V. erhielt eine weitere Auszeichnung f\u00fcr seinen besonderen Einsatz in der Nachhaltigkeitsbildung von Nachwuchskr\u00e4ften. Durch die Schulungen konnten bereits knapp 200 Nachwuchskr\u00e4fte in ganz Deutschland weitergebildet werden. Sie setzen sich als Multiplikatorinnen und Multiplikatoren f\u00fcr die Nachhaltigkeitsziele der Vereinten Nationen (SDG) sowie f\u00fcr Nachhaltigkeit in ihren Unternehmen ein.<\/p>\n","protected":false},"author":1,"featured_media":2057,"comment_status":"closed","ping_status":"open","sticky":false,"template":"","format":"standard","meta":{"_acf_changed":false,"_et_pb_use_builder":"","_et_pb_old_content":"","_et_gb_content_width":"","inline_featured_image":false,"footnotes":""},"categories":[11,18,10],"tags":[],"class_list":["post-1748","post","type-post","status-publish","format-standard","has-post-thumbnail","hentry","category-bildung-fuer-nachhaltige-entwicklung","category-news","category-pressemitteilungen"],"acf":[],"yoast_head":"<!-- This site is optimized with the Yoast SEO plugin v27.2 - https:\/\/yoast.com\/product\/yoast-seo-wordpress\/ -->\n<title>Besonderer Einsatz f\u00fcr &quot;Bildung f\u00fcr nachhaltige Entwicklung&quot; und Umsetzung der Agenda 2030 - BAUM e.V.<\/title>\n<meta name=\"robots\" content=\"index, follow, max-snippet:-1, max-image-preview:large, max-video-preview:-1\" \/>\n<link rel=\"canonical\" href=\"https:\/\/baumev.de\/en\/besonderer-einsatz-fuer-bildung-fuer-nachhaltige-entwicklung-und-umsetzung-der-agenda-2030\/\" \/>\n<meta property=\"og:locale\" content=\"en_GB\" \/>\n<meta property=\"og:type\" content=\"article\" \/>\n<meta property=\"og:title\" content=\"Besonderer Einsatz f\u00fcr &quot;Bildung f\u00fcr nachhaltige Entwicklung&quot; und Umsetzung der Agenda 2030 - BAUM e.V.\" \/>\n<meta property=\"og:description\" content=\"Das preisgekr\u00f6nte Projekt SDG-Scouts\u00ae\u00a0von BAUM e.V. erhielt eine weitere Auszeichnung f\u00fcr seinen besonderen Einsatz in der Nachhaltigkeitsbildung von Nachwuchskr\u00e4ften. Durch die Schulungen konnten bereits knapp 200 Nachwuchskr\u00e4fte in ganz Deutschland weitergebildet werden. Sie setzen sich als Multiplikatorinnen und Multiplikatoren f\u00fcr die Nachhaltigkeitsziele der Vereinten Nationen (SDG) sowie f\u00fcr Nachhaltigkeit in ihren Unternehmen ein.\" \/>\n<meta property=\"og:url\" content=\"https:\/\/baumev.de\/en\/besonderer-einsatz-fuer-bildung-fuer-nachhaltige-entwicklung-und-umsetzung-der-agenda-2030\/\" \/>\n<meta property=\"og:site_name\" content=\"BAUM e.V.\" \/>\n<meta property=\"article:published_time\" content=\"2024-10-02T13:47:52+00:00\" \/>\n<meta property=\"article:modified_time\" content=\"2025-08-18T06:02:43+00:00\" \/>\n<meta property=\"og:image\" content=\"https:\/\/baumev.de\/wp-content\/uploads\/2024\/10\/Auszeichnung-scaled-e1753207101392.jpeg\" \/>\n\t<meta property=\"og:image:width\" content=\"2560\" \/>\n\t<meta property=\"og:image:height\" content=\"1442\" \/>\n\t<meta property=\"og:image:type\" content=\"image\/jpeg\" \/>\n<meta name=\"author\" content=\"rittweger\" \/>\n<meta name=\"twitter:card\" content=\"summary_large_image\" \/>\n<meta name=\"twitter:label1\" content=\"Written by\" \/>\n\t<meta name=\"twitter:data1\" content=\"rittweger\" \/>\n\t<meta name=\"twitter:label2\" content=\"Estimated reading time\" \/>\n\t<meta name=\"twitter:data2\" content=\"3 minutes\" \/>\n<script type=\"application\/ld+json\" class=\"yoast-schema-graph\">{\"@context\":\"https:\/\/schema.org\",\"@graph\":[{\"@type\":\"Article\",\"@id\":\"https:\/\/baumev.de\/en\/besonderer-einsatz-fuer-bildung-fuer-nachhaltige-entwicklung-und-umsetzung-der-agenda-2030\/#article\",\"isPartOf\":{\"@id\":\"https:\/\/baumev.de\/en\/besonderer-einsatz-fuer-bildung-fuer-nachhaltige-entwicklung-und-umsetzung-der-agenda-2030\/\"},\"author\":{\"name\":\"rittweger\",\"@id\":\"\/#\/schema\/person\/7cbf92b816dba32080d06186956546dd\"},\"headline\":\"Besonderer Einsatz f\u00fcr &#8220;Bildung f\u00fcr nachhaltige Entwicklung&#8221; und Umsetzung der Agenda 2030\",\"datePublished\":\"2024-10-02T13:47:52+00:00\",\"dateModified\":\"2025-08-18T06:02:43+00:00\",\"mainEntityOfPage\":{\"@id\":\"https:\/\/baumev.de\/en\/besonderer-einsatz-fuer-bildung-fuer-nachhaltige-entwicklung-und-umsetzung-der-agenda-2030\/\"},\"wordCount\":397,\"publisher\":{\"@id\":\"\/#organization\"},\"image\":{\"@id\":\"https:\/\/baumev.de\/en\/besonderer-einsatz-fuer-bildung-fuer-nachhaltige-entwicklung-und-umsetzung-der-agenda-2030\/#primaryimage\"},\"thumbnailUrl\":\"https:\/\/baumev.de\/wp-content\/uploads\/2024\/10\/Auszeichnung-scaled-e1753207101392.jpeg\",\"articleSection\":[\"Bildung f\u00fcr Nachhaltige Entwicklung\",\"Einblicke &amp; Perspektiven\",\"Pressemitteilungen\"],\"inLanguage\":\"en-GB\"},{\"@type\":\"WebPage\",\"@id\":\"https:\/\/baumev.de\/en\/besonderer-einsatz-fuer-bildung-fuer-nachhaltige-entwicklung-und-umsetzung-der-agenda-2030\/\",\"url\":\"https:\/\/baumev.de\/en\/besonderer-einsatz-fuer-bildung-fuer-nachhaltige-entwicklung-und-umsetzung-der-agenda-2030\/\",\"name\":\"Besonderer Einsatz f\u00fcr \\\"Bildung f\u00fcr nachhaltige Entwicklung\\\" und Umsetzung der Agenda 2030 - BAUM e.V.\",\"isPartOf\":{\"@id\":\"\/#website\"},\"primaryImageOfPage\":{\"@id\":\"https:\/\/baumev.de\/en\/besonderer-einsatz-fuer-bildung-fuer-nachhaltige-entwicklung-und-umsetzung-der-agenda-2030\/#primaryimage\"},\"image\":{\"@id\":\"https:\/\/baumev.de\/en\/besonderer-einsatz-fuer-bildung-fuer-nachhaltige-entwicklung-und-umsetzung-der-agenda-2030\/#primaryimage\"},\"thumbnailUrl\":\"https:\/\/baumev.de\/wp-content\/uploads\/2024\/10\/Auszeichnung-scaled-e1753207101392.jpeg\",\"datePublished\":\"2024-10-02T13:47:52+00:00\",\"dateModified\":\"2025-08-18T06:02:43+00:00\",\"breadcrumb\":{\"@id\":\"https:\/\/baumev.de\/en\/besonderer-einsatz-fuer-bildung-fuer-nachhaltige-entwicklung-und-umsetzung-der-agenda-2030\/#breadcrumb\"},\"inLanguage\":\"en-GB\",\"potentialAction\":[{\"@type\":\"ReadAction\",\"target\":[\"https:\/\/baumev.de\/en\/besonderer-einsatz-fuer-bildung-fuer-nachhaltige-entwicklung-und-umsetzung-der-agenda-2030\/\"]}]},{\"@type\":\"ImageObject\",\"inLanguage\":\"en-GB\",\"@id\":\"https:\/\/baumev.de\/en\/besonderer-einsatz-fuer-bildung-fuer-nachhaltige-entwicklung-und-umsetzung-der-agenda-2030\/#primaryimage\",\"url\":\"https:\/\/baumev.de\/wp-content\/uploads\/2024\/10\/Auszeichnung-scaled-e1753207101392.jpeg\",\"contentUrl\":\"https:\/\/baumev.de\/wp-content\/uploads\/2024\/10\/Auszeichnung-scaled-e1753207101392.jpeg\",\"width\":2560,\"height\":1442,\"caption\":\"Verleihung der \u201eNationalen Auszeichnung \u2013 Bildung f\u00fcr nachhaltige Entwicklung\u201c f\u00fcr das Projekt SDG-Scouts\u00ae von BAUM e.V., ausgezeichnet vom BMBF und der Deutschen UNESCO-Kommission.\"},{\"@type\":\"BreadcrumbList\",\"@id\":\"https:\/\/baumev.de\/en\/besonderer-einsatz-fuer-bildung-fuer-nachhaltige-entwicklung-und-umsetzung-der-agenda-2030\/#breadcrumb\",\"itemListElement\":[{\"@type\":\"ListItem\",\"position\":1,\"name\":\"Startseite\",\"item\":\"https:\/\/baumev.de\/en\/\"},{\"@type\":\"ListItem\",\"position\":2,\"name\":\"Besonderer Einsatz f\u00fcr &#8222;Bildung f\u00fcr nachhaltige Entwicklung&#8220; und Umsetzung der Agenda 2030\"}]},{\"@type\":\"WebSite\",\"@id\":\"\/#website\",\"url\":\"\/\",\"name\":\"BAUM e.V.\",\"description\":\"BAUM e.V. \u2013 Netzwerk f\u00fcr nachhaltiges Wirtschaften\",\"publisher\":{\"@id\":\"\/#organization\"},\"potentialAction\":[{\"@type\":\"SearchAction\",\"target\":{\"@type\":\"EntryPoint\",\"urlTemplate\":\"\/?s={search_term_string}\"},\"query-input\":{\"@type\":\"PropertyValueSpecification\",\"valueRequired\":true,\"valueName\":\"search_term_string\"}}],\"inLanguage\":\"en-GB\"},{\"@type\":\"Organization\",\"@id\":\"\/#organization\",\"name\":\"BAUM e.V.\",\"alternateName\":\"Bundesdeutscher Arbeitskreis f\u00fcr Umweltbewusstes Management\",\"url\":\"\/\",\"logo\":{\"@type\":\"ImageObject\",\"inLanguage\":\"en-GB\",\"@id\":\"\/#\/schema\/logo\/image\/\",\"url\":\"https:\/\/baumev.de\/wp-content\/uploads\/2025\/04\/Element-1.svg\",\"contentUrl\":\"https:\/\/baumev.de\/wp-content\/uploads\/2025\/04\/Element-1.svg\",\"width\":\"1024\",\"height\":\"1024\",\"caption\":\"BAUM e.V.\"},\"image\":{\"@id\":\"\/#\/schema\/logo\/image\/\"},\"sameAs\":[\"https:\/\/www.linkedin.com\/company\/baum-ev\"]},{\"@type\":\"Person\",\"@id\":\"\/#\/schema\/person\/7cbf92b816dba32080d06186956546dd\",\"name\":\"rittweger\",\"sameAs\":[\"http:\/\/baumev.de\"]}]}<\/script>\n<!-- \/ Yoast SEO plugin. -->","yoast_head_json":{"title":"Besonderer Einsatz f\u00fcr \"Bildung f\u00fcr nachhaltige Entwicklung\" und Umsetzung der Agenda 2030 - BAUM e.V.","robots":{"index":"index","follow":"follow","max-snippet":"max-snippet:-1","max-image-preview":"max-image-preview:large","max-video-preview":"max-video-preview:-1"},"canonical":"https:\/\/baumev.de\/en\/besonderer-einsatz-fuer-bildung-fuer-nachhaltige-entwicklung-und-umsetzung-der-agenda-2030\/","og_locale":"en_GB","og_type":"article","og_title":"Besonderer Einsatz f\u00fcr \"Bildung f\u00fcr nachhaltige Entwicklung\" und Umsetzung der Agenda 2030 - BAUM e.V.","og_description":"Das preisgekr\u00f6nte Projekt SDG-Scouts\u00ae\u00a0von BAUM e.V. erhielt eine weitere Auszeichnung f\u00fcr seinen besonderen Einsatz in der Nachhaltigkeitsbildung von Nachwuchskr\u00e4ften. Durch die Schulungen konnten bereits knapp 200 Nachwuchskr\u00e4fte in ganz Deutschland weitergebildet werden. Sie setzen sich als Multiplikatorinnen und Multiplikatoren f\u00fcr die Nachhaltigkeitsziele der Vereinten Nationen (SDG) sowie f\u00fcr Nachhaltigkeit in ihren Unternehmen ein.","og_url":"https:\/\/baumev.de\/en\/besonderer-einsatz-fuer-bildung-fuer-nachhaltige-entwicklung-und-umsetzung-der-agenda-2030\/","og_site_name":"BAUM e.V.","article_published_time":"2024-10-02T13:47:52+00:00","article_modified_time":"2025-08-18T06:02:43+00:00","og_image":[{"width":2560,"height":1442,"url":"https:\/\/baumev.de\/wp-content\/uploads\/2024\/10\/Auszeichnung-scaled-e1753207101392.jpeg","type":"image\/jpeg"}],"author":"rittweger","twitter_card":"summary_large_image","twitter_misc":{"Written by":"rittweger","Estimated reading time":"3 minutes"},"schema":{"@context":"https:\/\/schema.org","@graph":[{"@type":"Article","@id":"https:\/\/baumev.de\/en\/besonderer-einsatz-fuer-bildung-fuer-nachhaltige-entwicklung-und-umsetzung-der-agenda-2030\/#article","isPartOf":{"@id":"https:\/\/baumev.de\/en\/besonderer-einsatz-fuer-bildung-fuer-nachhaltige-entwicklung-und-umsetzung-der-agenda-2030\/"},"author":{"name":"rittweger","@id":"\/#\/schema\/person\/7cbf92b816dba32080d06186956546dd"},"headline":"Besonderer Einsatz f\u00fcr &#8220;Bildung f\u00fcr nachhaltige Entwicklung&#8221; und Umsetzung der Agenda 2030","datePublished":"2024-10-02T13:47:52+00:00","dateModified":"2025-08-18T06:02:43+00:00","mainEntityOfPage":{"@id":"https:\/\/baumev.de\/en\/besonderer-einsatz-fuer-bildung-fuer-nachhaltige-entwicklung-und-umsetzung-der-agenda-2030\/"},"wordCount":397,"publisher":{"@id":"\/#organization"},"image":{"@id":"https:\/\/baumev.de\/en\/besonderer-einsatz-fuer-bildung-fuer-nachhaltige-entwicklung-und-umsetzung-der-agenda-2030\/#primaryimage"},"thumbnailUrl":"https:\/\/baumev.de\/wp-content\/uploads\/2024\/10\/Auszeichnung-scaled-e1753207101392.jpeg","articleSection":["Bildung f\u00fcr Nachhaltige Entwicklung","Einblicke &amp; Perspektiven","Pressemitteilungen"],"inLanguage":"en-GB"},{"@type":"WebPage","@id":"https:\/\/baumev.de\/en\/besonderer-einsatz-fuer-bildung-fuer-nachhaltige-entwicklung-und-umsetzung-der-agenda-2030\/","url":"https:\/\/baumev.de\/en\/besonderer-einsatz-fuer-bildung-fuer-nachhaltige-entwicklung-und-umsetzung-der-agenda-2030\/","name":"Besonderer Einsatz f\u00fcr \"Bildung f\u00fcr nachhaltige Entwicklung\" und Umsetzung der Agenda 2030 - BAUM e.V.","isPartOf":{"@id":"\/#website"},"primaryImageOfPage":{"@id":"https:\/\/baumev.de\/en\/besonderer-einsatz-fuer-bildung-fuer-nachhaltige-entwicklung-und-umsetzung-der-agenda-2030\/#primaryimage"},"image":{"@id":"https:\/\/baumev.de\/en\/besonderer-einsatz-fuer-bildung-fuer-nachhaltige-entwicklung-und-umsetzung-der-agenda-2030\/#primaryimage"},"thumbnailUrl":"https:\/\/baumev.de\/wp-content\/uploads\/2024\/10\/Auszeichnung-scaled-e1753207101392.jpeg","datePublished":"2024-10-02T13:47:52+00:00","dateModified":"2025-08-18T06:02:43+00:00","breadcrumb":{"@id":"https:\/\/baumev.de\/en\/besonderer-einsatz-fuer-bildung-fuer-nachhaltige-entwicklung-und-umsetzung-der-agenda-2030\/#breadcrumb"},"inLanguage":"en-GB","potentialAction":[{"@type":"ReadAction","target":["https:\/\/baumev.de\/en\/besonderer-einsatz-fuer-bildung-fuer-nachhaltige-entwicklung-und-umsetzung-der-agenda-2030\/"]}]},{"@type":"ImageObject","inLanguage":"en-GB","@id":"https:\/\/baumev.de\/en\/besonderer-einsatz-fuer-bildung-fuer-nachhaltige-entwicklung-und-umsetzung-der-agenda-2030\/#primaryimage","url":"https:\/\/baumev.de\/wp-content\/uploads\/2024\/10\/Auszeichnung-scaled-e1753207101392.jpeg","contentUrl":"https:\/\/baumev.de\/wp-content\/uploads\/2024\/10\/Auszeichnung-scaled-e1753207101392.jpeg","width":2560,"height":1442,"caption":"Verleihung der \u201eNationalen Auszeichnung \u2013 Bildung f\u00fcr nachhaltige Entwicklung\u201c f\u00fcr das Projekt SDG-Scouts\u00ae von BAUM e.V., ausgezeichnet vom BMBF und der Deutschen UNESCO-Kommission."},{"@type":"BreadcrumbList","@id":"https:\/\/baumev.de\/en\/besonderer-einsatz-fuer-bildung-fuer-nachhaltige-entwicklung-und-umsetzung-der-agenda-2030\/#breadcrumb","itemListElement":[{"@type":"ListItem","position":1,"name":"Startseite","item":"https:\/\/baumev.de\/en\/"},{"@type":"ListItem","position":2,"name":"Besonderer Einsatz f\u00fcr &#8222;Bildung f\u00fcr nachhaltige Entwicklung&#8220; und Umsetzung der Agenda 2030"}]},{"@type":"WebSite","@id":"\/#website","url":"\/","name":"BAUM e.V.","description":"BAUM e.V. \u2013 Netzwerk f\u00fcr nachhaltiges Wirtschaften","publisher":{"@id":"\/#organization"},"potentialAction":[{"@type":"SearchAction","target":{"@type":"EntryPoint","urlTemplate":"\/?s={search_term_string}"},"query-input":{"@type":"PropertyValueSpecification","valueRequired":true,"valueName":"search_term_string"}}],"inLanguage":"en-GB"},{"@type":"Organization","@id":"\/#organization","name":"BAUM e.V.","alternateName":"Bundesdeutscher Arbeitskreis f\u00fcr Umweltbewusstes Management","url":"\/","logo":{"@type":"ImageObject","inLanguage":"en-GB","@id":"\/#\/schema\/logo\/image\/","url":"https:\/\/baumev.de\/wp-content\/uploads\/2025\/04\/Element-1.svg","contentUrl":"https:\/\/baumev.de\/wp-content\/uploads\/2025\/04\/Element-1.svg","width":"1024","height":"1024","caption":"BAUM e.V."},"image":{"@id":"\/#\/schema\/logo\/image\/"},"sameAs":["https:\/\/www.linkedin.com\/company\/baum-ev"]},{"@type":"Person","@id":"\/#\/schema\/person\/7cbf92b816dba32080d06186956546dd","name":"rittweger","sameAs":["http:\/\/baumev.de"]}]}},"_links":{"self":[{"href":"https:\/\/baumev.de\/en\/wp-json\/wp\/v2\/posts\/1748","targetHints":{"allow":["GET"]}}],"collection":[{"href":"https:\/\/baumev.de\/en\/wp-json\/wp\/v2\/posts"}],"about":[{"href":"https:\/\/baumev.de\/en\/wp-json\/wp\/v2\/types\/post"}],"author":[{"embeddable":true,"href":"https:\/\/baumev.de\/en\/wp-json\/wp\/v2\/users\/1"}],"replies":[{"embeddable":true,"href":"https:\/\/baumev.de\/en\/wp-json\/wp\/v2\/comments?post=1748"}],"version-history":[{"count":6,"href":"https:\/\/baumev.de\/en\/wp-json\/wp\/v2\/posts\/1748\/revisions"}],"predecessor-version":[{"id":5751,"href":"https:\/\/baumev.de\/en\/wp-json\/wp\/v2\/posts\/1748\/revisions\/5751"}],"wp:featuredmedia":[{"embeddable":true,"href":"https:\/\/baumev.de\/en\/wp-json\/wp\/v2\/media\/2057"}],"wp:attachment":[{"href":"https:\/\/baumev.de\/en\/wp-json\/wp\/v2\/media?parent=1748"}],"wp:term":[{"taxonomy":"category","embeddable":true,"href":"https:\/\/baumev.de\/en\/wp-json\/wp\/v2\/categories?post=1748"},{"taxonomy":"post_tag","embeddable":true,"href":"https:\/\/baumev.de\/en\/wp-json\/wp\/v2\/tags?post=1748"}],"curies":[{"name":"wp","href":"https:\/\/api.w.org\/{rel}","templated":true}]}}