{"id":1750,"date":"2024-09-18T15:48:39","date_gmt":"2024-09-18T13:48:39","guid":{"rendered":"https:\/\/baumev.de\/?p=1750"},"modified":"2025-08-18T08:02:43","modified_gmt":"2025-08-18T06:02:43","slug":"aktiv-fuer-nachhaltig-wirtschaftende-unternehmen","status":"publish","type":"post","link":"https:\/\/baumev.de\/en\/aktiv-fuer-nachhaltig-wirtschaftende-unternehmen\/","title":{"rendered":"Aktiv f\u00fcr nachhaltig wirtschaftende Unternehmen"},"content":{"rendered":"<p style=\"font-weight: 400;\"><b>BAUM e.V. wurde 1984 mit Unterst\u00fctzung der Firma Winter &amp; Sohn in Hamburg gegr\u00fcndet und ist mit seinen \u00fcber 800 Mitgliedern ein pr\u00e4senter Akteur f\u00fcr nachhaltiges Wirtschaften. Das 40. Jubil\u00e4um ist Anlass, zur\u00fcck auf die Jahre des Aufbaus, aber auch voraus zu blicken.<\/b><\/p>\n<p style=\"font-weight: 400;\">&#8220;In BAUM habe ich einen Partner gefunden, mit dem sich wunderbar die Anwaltschaft f\u00fcr die gro\u00dfe Transformation vorantreiben l\u00e4sst&#8221;, erkl\u00e4rt Yvonne Zwick, die seit Anfang 2021 den Vorsitz des Verbands innehat. &#8220;Ich habe ein starkes Netzwerk vorgefunden, das von Industrieunternehmen, Handel und Dienstleistung gepr\u00e4gt ist \u2013 von denen, die sich nicht zufrieden geben mit althergebrachtem Denken, sondern die sich den aktuellen Herausforderungen stellen. BAUM steht seit Anbeginn f\u00fcr die Anwaltschaft f\u00fcr den stillen Stakeholder Natur, wie wir ihn heute in den europ\u00e4ischen Berichtsstandards sehen, sowie f\u00fcr einen Qualit\u00e4tsbegriff &#8216;Made in Germany&#8217;, der den Wunsch von Mitarbeitenden nach qualit\u00e4tvoller Arbeit und nach Arbeitgebern, auf die man stolz sein kann, erf\u00fcllt. Ich bin den Gr\u00fcndern von Herzen dankbar f\u00fcr die Struktur und Ausrichtung dieses Verbands. Auf dieser Substanz bauen wir unser Engagement heute auf.&#8221;<\/p>\n<p style=\"font-weight: 400;\">Der Initiator und Gr\u00fcnder von BAUM, Dr. Georg Winter, damals gesch\u00e4ftsf\u00fchrender Gesellschafter von Ernst Winter &amp; Sohn GmbH &amp; Co., erz\u00e4hlt: \u201eBAUM e.V. wurde ab 1984 unter Beteiligung mehrerer Unternehmer aktiv. Im Vordergrund der gemeinsamen Bem\u00fchungen stand zun\u00e4chst eine umweltorientierte Materialwirtschaft. Schritt f\u00fcr Schritt wurden dann Methoden entwickelt, alle Unternehmensbereiche und Unternehmensebenen an den Anforderungen des Umweltschutzes auszurichten. BAUM wurde von &#8216;Bundesdeutscher Arbeitskreis f\u00fcr umweltbewusste Materialwirtschaft&#8217; in &#8216;Bundesdeutscher Arbeitskreis f\u00fcr umweltbewusstes Management&#8217; umbenannt. Bei der Firma Winter hatte ich bereits 1972 den Umweltschutz zu einem Unternehmensziel erkl\u00e4rt und mit der Entwicklung eines Integrierten Systems umweltorientierter Unternehmensf\u00fchrung begonnen. Die ab 1984 mit BAUM e.V. gesammelten umfassenden Erfahrungen erm\u00f6glichten 1987 die Ver\u00f6ffentlichung des Buches &#8216;Das umweltbewusste Unternehmen&#8217;, das in 12 Sprachen \u00fcbersetzt und von der Europ\u00e4ischen Union bei der Entwicklung des Eco-Management and Audit Schemes (EMAS) benutzt wurde.&#8221;<\/p>\n<p style=\"font-weight: 400;\">An der Gr\u00fcndung von BAUM war auch Dr. Maximilian Gege beteiligt, Direktor f\u00fcr Unternehmensplanung und Umwelt bei der Firma Winter &amp; Sohn. Ab 1989 widmete sich Gege hauptberuflich der Entwicklung von BAUM Er war gesch\u00e4ftsf\u00fchrendes Vorstandsmitglied und von 2003 bis 2020 Vorsitzender.<\/p>\n<p style=\"font-weight: 400;\">\u00dcber die Jahre des Aufbaus berichtet er: &#8220;Von einem gutdotierten Direktorenvertrag mit Dienstwagen und Sekretariat ein Sprung ins kalte Wasser. Die bedeutende Herausforderung war mir klar, die enormen Chancen eines vorsorgenden Umweltmanagements aber auch. Wir hatten bei Winter ja diese Chancen erfolgreich genutzt und realisiert. Jetzt galt es, dies vor allem bei den KMUs, aber auch bei Global Playern \u00fcberzeugend vorzutragen und in die Praxis zu integrieren.&#8221; Zu den ersten Mitgliedern von BAUM e.V. geh\u00f6rten der Versandh\u00e4ndler Otto, die Commerzbank, Neumarkter Lammsbr\u00e4u, IKEA Deutschland, Fielmann und edding.<\/p>\n<p style=\"font-weight: 400;\">&#8220;Durch intensive Mitarbeit in Jurys, Arbeitskreisen, Beiratsfunktionen bei Unternehmen und politischen Gremien konnten wir unsere praktischen Erfahrungen breit kommunizieren und viele Unternehmen zur Nachahmung motivieren&#8221;, so Gege. &#8220;Die Auszeichnung durch das UN-Environmental Programme in Stockholm sowie von unserer Kampagne &#8216;Solar, na klar&#8217; als beste nationale Kampagne in Europa durch die EU in Br\u00fcssel und zahlreiche weitere Umweltpreise unterst\u00fctzten unser Engagement massiv und erh\u00f6hten unseren Bekanntheitsgrad.&#8221;<\/p>\n<p style=\"font-weight: 400;\">Als branchen\u00fcbergreifendes Unternehmensnetzwerk mit dem Schwerpunkt auf betrieblichem Umweltmanagement war BAUM in den 80er und 90er Jahren des 20. Jahrhunderts Vorreiter. Parallel zur \u00f6ffentlichen Debatte, die BAUM ma\u00dfgeblich mitgestaltet hat, erweiterte sich der Fokus der Arbeit auf Nachhaltigkeitsmanagement insgesamt. BAUM ist heute auf Bundes-, europ\u00e4ischer und internationaler Ebene pr\u00e4sent, um sich f\u00fcr nachhaltig wirtschaftende Unternehmen und f\u00fcr die sozial-\u00f6kologische Marktwirtschaft einzusetzen. Handlungsleitend sind die Sustainable Development Goals (SDG) der Vereinten Nationen sowie das Pariser Klimaschutzabkommen mit dem Ziel, die mittlere Klimaerw\u00e4rmung auf unter 1,5 Grad Celsius zu begrenzen.<\/p>\n<p style=\"font-weight: 400;\">&#8220;Allein das erfordert jede Entschiedenheit, die wir bekommen k\u00f6nnen, um Suffizienz- und Effizienzstrategien mit h\u00f6chster Ingenieurskunst, Produkt- und Marktdesign sowie glaubw\u00fcrdiger Kommunikation und Berichterstattung zusammenzubringen&#8221;, legt sich Zwick fest. In den n\u00e4chsten Jahren komme es darauf an, die Weichen klug zu stellen und maximale Dynamik f\u00fcr nachhaltiges Wirtschaften zu entfachen. Ein Hashtag von BAUM zur Jubil\u00e4umstagung am 19.\/20. November in Hamburg unter dem Motto &#8220;Go!vernance: Treiber f\u00fcr eine gelingende Transformation&#8221; lautet daher auch: #Go2034.<\/p>\n","protected":false},"excerpt":{"rendered":"<p>BAUM e.V. wurde 1984 mit Unterst\u00fctzung der Firma Winter &#038; Sohn in Hamburg gegr\u00fcndet und ist mit seinen \u00fcber 800 Mitgliedern ein pr\u00e4senter Akteur f\u00fcr nachhaltiges Wirtschaften. Das 40. Jubil\u00e4um ist Anlass, zur\u00fcck auf die Jahre des Aufbaus, aber auch voraus zu blicken.<\/p>\n","protected":false},"author":1,"featured_media":0,"comment_status":"closed","ping_status":"open","sticky":false,"template":"","format":"standard","meta":{"_acf_changed":false,"_et_pb_use_builder":"","_et_pb_old_content":"","_et_gb_content_width":"","inline_featured_image":false,"footnotes":""},"categories":[10],"tags":[],"class_list":["post-1750","post","type-post","status-publish","format-standard","hentry","category-pressemitteilungen"],"acf":[],"yoast_head":"<!-- This site is optimized with the Yoast SEO plugin v27.2 - https:\/\/yoast.com\/product\/yoast-seo-wordpress\/ -->\n<title>Aktiv f\u00fcr nachhaltig wirtschaftende Unternehmen - BAUM e.V.<\/title>\n<meta name=\"robots\" content=\"index, follow, max-snippet:-1, max-image-preview:large, max-video-preview:-1\" \/>\n<link rel=\"canonical\" href=\"https:\/\/baumev.de\/en\/aktiv-fuer-nachhaltig-wirtschaftende-unternehmen\/\" \/>\n<meta property=\"og:locale\" content=\"en_GB\" \/>\n<meta property=\"og:type\" content=\"article\" \/>\n<meta property=\"og:title\" content=\"Aktiv f\u00fcr nachhaltig wirtschaftende Unternehmen - BAUM e.V.\" \/>\n<meta property=\"og:description\" content=\"BAUM e.V. wurde 1984 mit Unterst\u00fctzung der Firma Winter &amp; Sohn in Hamburg gegr\u00fcndet und ist mit seinen \u00fcber 800 Mitgliedern ein pr\u00e4senter Akteur f\u00fcr nachhaltiges Wirtschaften. Das 40. Jubil\u00e4um ist Anlass, zur\u00fcck auf die Jahre des Aufbaus, aber auch voraus zu blicken.\" \/>\n<meta property=\"og:url\" content=\"https:\/\/baumev.de\/en\/aktiv-fuer-nachhaltig-wirtschaftende-unternehmen\/\" \/>\n<meta property=\"og:site_name\" content=\"BAUM e.V.\" \/>\n<meta property=\"article:published_time\" content=\"2024-09-18T13:48:39+00:00\" \/>\n<meta property=\"article:modified_time\" content=\"2025-08-18T06:02:43+00:00\" \/>\n<meta property=\"og:image\" content=\"https:\/\/baumev.de\/wp-content\/uploads\/2024\/11\/BAUM-Logo-mit-Claim_16zu9.png\" \/>\n\t<meta property=\"og:image:width\" content=\"2000\" \/>\n\t<meta property=\"og:image:height\" content=\"1125\" \/>\n\t<meta property=\"og:image:type\" content=\"image\/png\" \/>\n<meta name=\"author\" content=\"rittweger\" \/>\n<meta name=\"twitter:card\" content=\"summary_large_image\" \/>\n<meta name=\"twitter:label1\" content=\"Written by\" \/>\n\t<meta name=\"twitter:data1\" content=\"rittweger\" \/>\n\t<meta name=\"twitter:label2\" content=\"Estimated reading time\" \/>\n\t<meta name=\"twitter:data2\" content=\"4 minutes\" \/>\n<script type=\"application\/ld+json\" class=\"yoast-schema-graph\">{\"@context\":\"https:\/\/schema.org\",\"@graph\":[{\"@type\":\"Article\",\"@id\":\"https:\/\/baumev.de\/en\/aktiv-fuer-nachhaltig-wirtschaftende-unternehmen\/#article\",\"isPartOf\":{\"@id\":\"https:\/\/baumev.de\/en\/aktiv-fuer-nachhaltig-wirtschaftende-unternehmen\/\"},\"author\":{\"name\":\"rittweger\",\"@id\":\"\/#\/schema\/person\/7cbf92b816dba32080d06186956546dd\"},\"headline\":\"Aktiv f\u00fcr nachhaltig wirtschaftende Unternehmen\",\"datePublished\":\"2024-09-18T13:48:39+00:00\",\"dateModified\":\"2025-08-18T06:02:43+00:00\",\"mainEntityOfPage\":{\"@id\":\"https:\/\/baumev.de\/en\/aktiv-fuer-nachhaltig-wirtschaftende-unternehmen\/\"},\"wordCount\":721,\"publisher\":{\"@id\":\"\/#organization\"},\"articleSection\":[\"Pressemitteilungen\"],\"inLanguage\":\"en-GB\"},{\"@type\":\"WebPage\",\"@id\":\"https:\/\/baumev.de\/en\/aktiv-fuer-nachhaltig-wirtschaftende-unternehmen\/\",\"url\":\"https:\/\/baumev.de\/en\/aktiv-fuer-nachhaltig-wirtschaftende-unternehmen\/\",\"name\":\"Aktiv f\u00fcr nachhaltig wirtschaftende Unternehmen - BAUM e.V.\",\"isPartOf\":{\"@id\":\"\/#website\"},\"datePublished\":\"2024-09-18T13:48:39+00:00\",\"dateModified\":\"2025-08-18T06:02:43+00:00\",\"breadcrumb\":{\"@id\":\"https:\/\/baumev.de\/en\/aktiv-fuer-nachhaltig-wirtschaftende-unternehmen\/#breadcrumb\"},\"inLanguage\":\"en-GB\",\"potentialAction\":[{\"@type\":\"ReadAction\",\"target\":[\"https:\/\/baumev.de\/en\/aktiv-fuer-nachhaltig-wirtschaftende-unternehmen\/\"]}]},{\"@type\":\"BreadcrumbList\",\"@id\":\"https:\/\/baumev.de\/en\/aktiv-fuer-nachhaltig-wirtschaftende-unternehmen\/#breadcrumb\",\"itemListElement\":[{\"@type\":\"ListItem\",\"position\":1,\"name\":\"Startseite\",\"item\":\"https:\/\/baumev.de\/en\/\"},{\"@type\":\"ListItem\",\"position\":2,\"name\":\"Aktiv f\u00fcr nachhaltig wirtschaftende Unternehmen\"}]},{\"@type\":\"WebSite\",\"@id\":\"\/#website\",\"url\":\"\/\",\"name\":\"BAUM e.V.\",\"description\":\"BAUM e.V. \u2013 Netzwerk f\u00fcr nachhaltiges Wirtschaften\",\"publisher\":{\"@id\":\"\/#organization\"},\"potentialAction\":[{\"@type\":\"SearchAction\",\"target\":{\"@type\":\"EntryPoint\",\"urlTemplate\":\"\/?s={search_term_string}\"},\"query-input\":{\"@type\":\"PropertyValueSpecification\",\"valueRequired\":true,\"valueName\":\"search_term_string\"}}],\"inLanguage\":\"en-GB\"},{\"@type\":\"Organization\",\"@id\":\"\/#organization\",\"name\":\"BAUM e.V.\",\"alternateName\":\"Bundesdeutscher Arbeitskreis f\u00fcr Umweltbewusstes Management\",\"url\":\"\/\",\"logo\":{\"@type\":\"ImageObject\",\"inLanguage\":\"en-GB\",\"@id\":\"\/#\/schema\/logo\/image\/\",\"url\":\"https:\/\/baumev.de\/wp-content\/uploads\/2025\/04\/Element-1.svg\",\"contentUrl\":\"https:\/\/baumev.de\/wp-content\/uploads\/2025\/04\/Element-1.svg\",\"width\":\"1024\",\"height\":\"1024\",\"caption\":\"BAUM e.V.\"},\"image\":{\"@id\":\"\/#\/schema\/logo\/image\/\"},\"sameAs\":[\"https:\/\/www.linkedin.com\/company\/baum-ev\"]},{\"@type\":\"Person\",\"@id\":\"\/#\/schema\/person\/7cbf92b816dba32080d06186956546dd\",\"name\":\"rittweger\",\"sameAs\":[\"http:\/\/baumev.de\"]}]}<\/script>\n<!-- \/ Yoast SEO plugin. -->","yoast_head_json":{"title":"Aktiv f\u00fcr nachhaltig wirtschaftende Unternehmen - BAUM e.V.","robots":{"index":"index","follow":"follow","max-snippet":"max-snippet:-1","max-image-preview":"max-image-preview:large","max-video-preview":"max-video-preview:-1"},"canonical":"https:\/\/baumev.de\/en\/aktiv-fuer-nachhaltig-wirtschaftende-unternehmen\/","og_locale":"en_GB","og_type":"article","og_title":"Aktiv f\u00fcr nachhaltig wirtschaftende Unternehmen - BAUM e.V.","og_description":"BAUM e.V. wurde 1984 mit Unterst\u00fctzung der Firma Winter & Sohn in Hamburg gegr\u00fcndet und ist mit seinen \u00fcber 800 Mitgliedern ein pr\u00e4senter Akteur f\u00fcr nachhaltiges Wirtschaften. Das 40. Jubil\u00e4um ist Anlass, zur\u00fcck auf die Jahre des Aufbaus, aber auch voraus zu blicken.","og_url":"https:\/\/baumev.de\/en\/aktiv-fuer-nachhaltig-wirtschaftende-unternehmen\/","og_site_name":"BAUM e.V.","article_published_time":"2024-09-18T13:48:39+00:00","article_modified_time":"2025-08-18T06:02:43+00:00","og_image":[{"width":2000,"height":1125,"url":"https:\/\/baumev.de\/wp-content\/uploads\/2024\/11\/BAUM-Logo-mit-Claim_16zu9.png","type":"image\/png"}],"author":"rittweger","twitter_card":"summary_large_image","twitter_misc":{"Written by":"rittweger","Estimated reading time":"4 minutes"},"schema":{"@context":"https:\/\/schema.org","@graph":[{"@type":"Article","@id":"https:\/\/baumev.de\/en\/aktiv-fuer-nachhaltig-wirtschaftende-unternehmen\/#article","isPartOf":{"@id":"https:\/\/baumev.de\/en\/aktiv-fuer-nachhaltig-wirtschaftende-unternehmen\/"},"author":{"name":"rittweger","@id":"\/#\/schema\/person\/7cbf92b816dba32080d06186956546dd"},"headline":"Aktiv f\u00fcr nachhaltig wirtschaftende Unternehmen","datePublished":"2024-09-18T13:48:39+00:00","dateModified":"2025-08-18T06:02:43+00:00","mainEntityOfPage":{"@id":"https:\/\/baumev.de\/en\/aktiv-fuer-nachhaltig-wirtschaftende-unternehmen\/"},"wordCount":721,"publisher":{"@id":"\/#organization"},"articleSection":["Pressemitteilungen"],"inLanguage":"en-GB"},{"@type":"WebPage","@id":"https:\/\/baumev.de\/en\/aktiv-fuer-nachhaltig-wirtschaftende-unternehmen\/","url":"https:\/\/baumev.de\/en\/aktiv-fuer-nachhaltig-wirtschaftende-unternehmen\/","name":"Aktiv f\u00fcr nachhaltig wirtschaftende Unternehmen - BAUM e.V.","isPartOf":{"@id":"\/#website"},"datePublished":"2024-09-18T13:48:39+00:00","dateModified":"2025-08-18T06:02:43+00:00","breadcrumb":{"@id":"https:\/\/baumev.de\/en\/aktiv-fuer-nachhaltig-wirtschaftende-unternehmen\/#breadcrumb"},"inLanguage":"en-GB","potentialAction":[{"@type":"ReadAction","target":["https:\/\/baumev.de\/en\/aktiv-fuer-nachhaltig-wirtschaftende-unternehmen\/"]}]},{"@type":"BreadcrumbList","@id":"https:\/\/baumev.de\/en\/aktiv-fuer-nachhaltig-wirtschaftende-unternehmen\/#breadcrumb","itemListElement":[{"@type":"ListItem","position":1,"name":"Startseite","item":"https:\/\/baumev.de\/en\/"},{"@type":"ListItem","position":2,"name":"Aktiv f\u00fcr nachhaltig wirtschaftende Unternehmen"}]},{"@type":"WebSite","@id":"\/#website","url":"\/","name":"BAUM e.V.","description":"BAUM e.V. \u2013 Netzwerk f\u00fcr nachhaltiges Wirtschaften","publisher":{"@id":"\/#organization"},"potentialAction":[{"@type":"SearchAction","target":{"@type":"EntryPoint","urlTemplate":"\/?s={search_term_string}"},"query-input":{"@type":"PropertyValueSpecification","valueRequired":true,"valueName":"search_term_string"}}],"inLanguage":"en-GB"},{"@type":"Organization","@id":"\/#organization","name":"BAUM e.V.","alternateName":"Bundesdeutscher Arbeitskreis f\u00fcr Umweltbewusstes Management","url":"\/","logo":{"@type":"ImageObject","inLanguage":"en-GB","@id":"\/#\/schema\/logo\/image\/","url":"https:\/\/baumev.de\/wp-content\/uploads\/2025\/04\/Element-1.svg","contentUrl":"https:\/\/baumev.de\/wp-content\/uploads\/2025\/04\/Element-1.svg","width":"1024","height":"1024","caption":"BAUM e.V."},"image":{"@id":"\/#\/schema\/logo\/image\/"},"sameAs":["https:\/\/www.linkedin.com\/company\/baum-ev"]},{"@type":"Person","@id":"\/#\/schema\/person\/7cbf92b816dba32080d06186956546dd","name":"rittweger","sameAs":["http:\/\/baumev.de"]}]}},"_links":{"self":[{"href":"https:\/\/baumev.de\/en\/wp-json\/wp\/v2\/posts\/1750","targetHints":{"allow":["GET"]}}],"collection":[{"href":"https:\/\/baumev.de\/en\/wp-json\/wp\/v2\/posts"}],"about":[{"href":"https:\/\/baumev.de\/en\/wp-json\/wp\/v2\/types\/post"}],"author":[{"embeddable":true,"href":"https:\/\/baumev.de\/en\/wp-json\/wp\/v2\/users\/1"}],"replies":[{"embeddable":true,"href":"https:\/\/baumev.de\/en\/wp-json\/wp\/v2\/comments?post=1750"}],"version-history":[{"count":5,"href":"https:\/\/baumev.de\/en\/wp-json\/wp\/v2\/posts\/1750\/revisions"}],"predecessor-version":[{"id":5750,"href":"https:\/\/baumev.de\/en\/wp-json\/wp\/v2\/posts\/1750\/revisions\/5750"}],"wp:attachment":[{"href":"https:\/\/baumev.de\/en\/wp-json\/wp\/v2\/media?parent=1750"}],"wp:term":[{"taxonomy":"category","embeddable":true,"href":"https:\/\/baumev.de\/en\/wp-json\/wp\/v2\/categories?post=1750"},{"taxonomy":"post_tag","embeddable":true,"href":"https:\/\/baumev.de\/en\/wp-json\/wp\/v2\/tags?post=1750"}],"curies":[{"name":"wp","href":"https:\/\/api.w.org\/{rel}","templated":true}]}}