{"id":1752,"date":"2024-08-06T15:49:26","date_gmt":"2024-08-06T13:49:26","guid":{"rendered":"https:\/\/baumev.de\/?p=1752"},"modified":"2025-08-18T08:02:55","modified_gmt":"2025-08-18T06:02:55","slug":"menschen-die-veraenderungen-zum-guten-bewirken","status":"publish","type":"post","link":"https:\/\/baumev.de\/en\/menschen-die-veraenderungen-zum-guten-bewirken\/","title":{"rendered":"Menschen, die Ver\u00e4nderungen zum Guten bewirken"},"content":{"rendered":"<p style=\"font-weight: 400;\"><b>Eine Rechtsanw\u00e4ltin und ein Raumplaner, die sich f\u00fcr mehr Klimaschutz engagieren, Gesch\u00e4ftsf\u00fchrende aus Unternehmen, die klare Zeichen f\u00fcr Ressourcenschutz, Kreislaufwirtschaft und den Schutz der Artenvielfalt setzen: Auch im 40. Jahr seines Bestehens zeichnet das Netzwerk f\u00fcr nachhaltiges Wirtschaften wieder Menschen mit dem BAUM | Umwelt- und Nachhaltigkeitspreis aus, die mit ihrem Engagement motivieren und Hoffnung machen.<\/b><\/p>\n<p style=\"font-weight: 400;\">&#8220;Aus den vielen ausgezeichneten Vorschl\u00e4gen hat die Jury auch in diesem Jahr wieder f\u00fcnf Pers\u00f6nlichkeiten ausgew\u00e4hlt, die mit ihrem konsequenten Engagement f\u00fcr Nachhaltigkeit beeindrucken&#8221;, erkl\u00e4rt Martin Oldeland, stellvertretender Vorsitzender von BAUM und Vorsitzender der Jury des BAUM | Umwelt- und Nachhaltigkeitspreises. &#8220;Es braucht solche Vorbilder, wenn eine nachhaltige Transformation von Wirtschaft und Gesellschaft gelingen soll.&#8221;<\/p>\n<p style=\"font-weight: 400;\"><b>Dies sind die Preistr\u00e4gerinnen und Preistr\u00e4ger 2024:<\/b><\/p>\n<p><b>Dr. Roda Verheyen, Rechtsanw\u00e4lte G\u00fcnther<\/b>\u00a0(Kategorie &#8220;International&#8221;)<br \/>\nDr. Roda Verheyen engagiert sich seit Jahren als Rechtsanw\u00e4ltin f\u00fcr Umwelt- und Klimaschutz. Durch erfolgreich gef\u00fchrte Gerichtsverfahren hat sie der Klimadebatte eine wichtige Argumentationsschiene hinzugef\u00fcgt. Sie tr\u00e4gt dazu bei, das &#8220;Recht auf Zukunft&#8221; weltweit ins \u00f6ffentliche Bewusstsein sowie in das von Politik und Justiz zu r\u00fccken.<\/p>\n<p><b>Felicitas Erfurt-Gordon, Erfurt &amp; Sohn KG<\/b>\u00a0(Kategorie &#8220;Gro\u00dfunternehmen&#8221;)<br \/>\nFelicitas Erfurt-Gordon verantwortet das Thema Nachhaltigkeit im Familienunternehmen und setzt bei der Tapetenherstellung ganz entschieden auf Ressourcenschutz durch den Einsatz von recycelten Fasern. Mit der Etablierung einer Kreislaufwirtschaft nach dem Cradle-to-Cradle-Prinzip geht sie den n\u00e4chsten, zukunftsweisenden Schritt.<\/p>\n<p><b>Dr. Juliane Kronen, innatura gGmbH<\/b>\u00a0(Kategorie &#8220;Kleine und mittlere Unternehmen&#8221;)<br \/>\nDr. Juliane Kronen hat aus der einleuchtenden Idee, zu vernichtende Konsumg\u00fcter in den sozialen Sektor zu bringen, ein Sozialunternehmen mit gro\u00dfer gesellschaftlicher und \u00f6kologischer Wirkung gemacht. Mit Beharrlichkeit und Kreativit\u00e4t hat sie zudem eine Verbesserung der Rahmenbedingungen f\u00fcr soziale Innovationen erreicht.<\/p>\n<p><b>Dr. Hans-Dietrich Reckhaus, Reckhaus Gruppe<\/b>\u00a0(Kategorie &#8220;Kleine und mittlere Unternehmen&#8221;)<br \/>\nDr. Hans-Dietrich Reckhaus schafft mit INSECT-RESPECT Bewusstsein f\u00fcr den Wert der Artenvielfalt, insbesondere f\u00fcr die Bedrohung von Insekten. Er reduziert den Markt der Biozide und legt insektenfreundliche Lebensr\u00e4ume an. Das traditionelle Familienunternehmen transformiert er vom Chemiebetrieb zum nachhaltigen Dienstleister.<\/p>\n<p><b>Prof. Dr.-Ing. habil. J\u00f6rn Birkmann, Universit\u00e4t Stuttgart<\/b>\u00a0(Kategorie &#8220;Wissenschaft&#8221;)<br \/>\nProf. Dr.-Ing. habil. J\u00f6rn Birkmann erforscht neue Konzepte f\u00fcr eine nachhaltige und klimaresiliente Entwicklung und Planung von St\u00e4dten und Regionen und wirkt mit seiner Forschung in Politik und Planungspraxis. Dabei nimmt er insbesondere verwundbare Bev\u00f6lkerungsgruppen sowie sensible und kritische Infrastrukturen in den Blick.<\/p>\n<p style=\"font-weight: 400;\">&#8220;Mich begeistert bei unseren Preistr\u00e4gerinnen und Preistr\u00e4gern, dass sie &#8216;out of the box&#8217; denken&#8221;, w\u00fcrdigt die BAUM-Vorsitzende Yvonne Zwick, &#8220;dass sie neue Wege beschreiten, um Nachhaltigkeit voranzubringen: ein Traditionsunternehmen radikal auf Nachhaltigkeitskurs bringen, ein Problem unserer Wegwerfgesellschaft durch die Gr\u00fcndung eines Sozialunternehmens angehen oder Recht und Gesetz als Hebel f\u00fcr mehr Klimaschutz nutzen.&#8221;<\/p>\n<p><b>Preisverleihung bei der Jubil\u00e4umstagung in Hamburg<\/b><\/p>\n<p>Die Preise werden am 19. November im Rahmen einer zweit\u00e4gigen Tagung in Hamburg verliehen. Die Tagung bietet Workshops und Diskussionen zum Thema &#8220;Go!vernance. Treiber f\u00fcr eine gelingende Transformation&#8221; und markiert gleichzeitig das 40. Jubil\u00e4um von BAUM Weitere Informationen unter \/Jahrestagung.html<\/p>\n<p><b>\u00dcber den BAUM | Umwelt- und Nachhaltigkeitspreis<\/b><\/p>\n<p>Mit dem BAUM | Umwelt- und Nachhaltigkeitspreis zeichnet das Netzwerk f\u00fcr nachhaltiges Wirtschaften ganz bewusst engagierte Einzelpersonen und nicht Organisationen aus. Der Preis wurde 1993 ins Leben gerufen, um vor allem Vorbilder und die Arbeit der &#8220;Macherinnen und Macher&#8221; in Unternehmen und Institutionen, die Arbeit derer, die das Umwelt- und Nachhaltigkeitsmanagement verantworten und operativ umsetzen, anzuerkennen.<\/p>\n","protected":false},"excerpt":{"rendered":"<p>Eine Rechtsanw\u00e4ltin und ein Raumplaner, die sich f\u00fcr mehr Klimaschutz engagieren, Gesch\u00e4ftsf\u00fchrende aus Unternehmen, die klare Zeichen f\u00fcr Ressourcenschutz, Kreislaufwirtschaft und den Schutz der Artenvielfalt setzen: Auch im 40. Jahr seines Bestehens zeichnet das Netzwerk f\u00fcr nachhaltiges Wirtschaften wieder Menschen mit dem BAUM | Umwelt- und Nachhaltigkeitspreis aus, die mit ihrem Engagement motivieren und Hoffnung machen.<\/p>\n","protected":false},"author":1,"featured_media":0,"comment_status":"closed","ping_status":"open","sticky":false,"template":"","format":"standard","meta":{"_acf_changed":false,"_et_pb_use_builder":"","_et_pb_old_content":"","_et_gb_content_width":"","inline_featured_image":false,"footnotes":""},"categories":[10],"tags":[],"class_list":["post-1752","post","type-post","status-publish","format-standard","hentry","category-pressemitteilungen"],"acf":[],"yoast_head":"<!-- This site is optimized with the Yoast SEO plugin v27.2 - https:\/\/yoast.com\/product\/yoast-seo-wordpress\/ -->\n<title>Menschen, die Ver\u00e4nderungen zum Guten bewirken - BAUM e.V.<\/title>\n<meta name=\"robots\" content=\"index, follow, max-snippet:-1, max-image-preview:large, max-video-preview:-1\" \/>\n<link rel=\"canonical\" href=\"https:\/\/baumev.de\/en\/menschen-die-veraenderungen-zum-guten-bewirken\/\" \/>\n<meta property=\"og:locale\" content=\"en_GB\" \/>\n<meta property=\"og:type\" content=\"article\" \/>\n<meta property=\"og:title\" content=\"Menschen, die Ver\u00e4nderungen zum Guten bewirken - BAUM e.V.\" \/>\n<meta property=\"og:description\" content=\"Eine Rechtsanw\u00e4ltin und ein Raumplaner, die sich f\u00fcr mehr Klimaschutz engagieren, Gesch\u00e4ftsf\u00fchrende aus Unternehmen, die klare Zeichen f\u00fcr Ressourcenschutz, Kreislaufwirtschaft und den Schutz der Artenvielfalt setzen: Auch im 40. Jahr seines Bestehens zeichnet das Netzwerk f\u00fcr nachhaltiges Wirtschaften wieder Menschen mit dem BAUM | Umwelt- und Nachhaltigkeitspreis aus, die mit ihrem Engagement motivieren und Hoffnung machen.\" \/>\n<meta property=\"og:url\" content=\"https:\/\/baumev.de\/en\/menschen-die-veraenderungen-zum-guten-bewirken\/\" \/>\n<meta property=\"og:site_name\" content=\"BAUM e.V.\" \/>\n<meta property=\"article:published_time\" content=\"2024-08-06T13:49:26+00:00\" \/>\n<meta property=\"article:modified_time\" content=\"2025-08-18T06:02:55+00:00\" \/>\n<meta property=\"og:image\" content=\"https:\/\/baumev.de\/wp-content\/uploads\/2024\/11\/BAUM-Logo-mit-Claim_16zu9.png\" \/>\n\t<meta property=\"og:image:width\" content=\"2000\" \/>\n\t<meta property=\"og:image:height\" content=\"1125\" \/>\n\t<meta property=\"og:image:type\" content=\"image\/png\" \/>\n<meta name=\"author\" content=\"rittweger\" \/>\n<meta name=\"twitter:card\" content=\"summary_large_image\" \/>\n<meta name=\"twitter:label1\" content=\"Written by\" \/>\n\t<meta name=\"twitter:data1\" content=\"rittweger\" \/>\n\t<meta name=\"twitter:label2\" content=\"Estimated reading time\" \/>\n\t<meta name=\"twitter:data2\" content=\"3 minutes\" \/>\n<script type=\"application\/ld+json\" class=\"yoast-schema-graph\">{\"@context\":\"https:\/\/schema.org\",\"@graph\":[{\"@type\":\"Article\",\"@id\":\"https:\/\/baumev.de\/en\/menschen-die-veraenderungen-zum-guten-bewirken\/#article\",\"isPartOf\":{\"@id\":\"https:\/\/baumev.de\/en\/menschen-die-veraenderungen-zum-guten-bewirken\/\"},\"author\":{\"name\":\"rittweger\",\"@id\":\"\/#\/schema\/person\/7cbf92b816dba32080d06186956546dd\"},\"headline\":\"Menschen, die Ver\u00e4nderungen zum Guten bewirken\",\"datePublished\":\"2024-08-06T13:49:26+00:00\",\"dateModified\":\"2025-08-18T06:02:55+00:00\",\"mainEntityOfPage\":{\"@id\":\"https:\/\/baumev.de\/en\/menschen-die-veraenderungen-zum-guten-bewirken\/\"},\"wordCount\":579,\"publisher\":{\"@id\":\"\/#organization\"},\"articleSection\":[\"Pressemitteilungen\"],\"inLanguage\":\"en-GB\"},{\"@type\":\"WebPage\",\"@id\":\"https:\/\/baumev.de\/en\/menschen-die-veraenderungen-zum-guten-bewirken\/\",\"url\":\"https:\/\/baumev.de\/en\/menschen-die-veraenderungen-zum-guten-bewirken\/\",\"name\":\"Menschen, die Ver\u00e4nderungen zum Guten bewirken - BAUM e.V.\",\"isPartOf\":{\"@id\":\"\/#website\"},\"datePublished\":\"2024-08-06T13:49:26+00:00\",\"dateModified\":\"2025-08-18T06:02:55+00:00\",\"breadcrumb\":{\"@id\":\"https:\/\/baumev.de\/en\/menschen-die-veraenderungen-zum-guten-bewirken\/#breadcrumb\"},\"inLanguage\":\"en-GB\",\"potentialAction\":[{\"@type\":\"ReadAction\",\"target\":[\"https:\/\/baumev.de\/en\/menschen-die-veraenderungen-zum-guten-bewirken\/\"]}]},{\"@type\":\"BreadcrumbList\",\"@id\":\"https:\/\/baumev.de\/en\/menschen-die-veraenderungen-zum-guten-bewirken\/#breadcrumb\",\"itemListElement\":[{\"@type\":\"ListItem\",\"position\":1,\"name\":\"Startseite\",\"item\":\"https:\/\/baumev.de\/en\/\"},{\"@type\":\"ListItem\",\"position\":2,\"name\":\"Menschen, die Ver\u00e4nderungen zum Guten bewirken\"}]},{\"@type\":\"WebSite\",\"@id\":\"\/#website\",\"url\":\"\/\",\"name\":\"BAUM e.V.\",\"description\":\"BAUM e.V. \u2013 Netzwerk f\u00fcr nachhaltiges Wirtschaften\",\"publisher\":{\"@id\":\"\/#organization\"},\"potentialAction\":[{\"@type\":\"SearchAction\",\"target\":{\"@type\":\"EntryPoint\",\"urlTemplate\":\"\/?s={search_term_string}\"},\"query-input\":{\"@type\":\"PropertyValueSpecification\",\"valueRequired\":true,\"valueName\":\"search_term_string\"}}],\"inLanguage\":\"en-GB\"},{\"@type\":\"Organization\",\"@id\":\"\/#organization\",\"name\":\"BAUM e.V.\",\"alternateName\":\"Bundesdeutscher Arbeitskreis f\u00fcr Umweltbewusstes Management\",\"url\":\"\/\",\"logo\":{\"@type\":\"ImageObject\",\"inLanguage\":\"en-GB\",\"@id\":\"\/#\/schema\/logo\/image\/\",\"url\":\"https:\/\/baumev.de\/wp-content\/uploads\/2025\/04\/Element-1.svg\",\"contentUrl\":\"https:\/\/baumev.de\/wp-content\/uploads\/2025\/04\/Element-1.svg\",\"width\":\"1024\",\"height\":\"1024\",\"caption\":\"BAUM e.V.\"},\"image\":{\"@id\":\"\/#\/schema\/logo\/image\/\"},\"sameAs\":[\"https:\/\/www.linkedin.com\/company\/baum-ev\"]},{\"@type\":\"Person\",\"@id\":\"\/#\/schema\/person\/7cbf92b816dba32080d06186956546dd\",\"name\":\"rittweger\",\"sameAs\":[\"http:\/\/baumev.de\"]}]}<\/script>\n<!-- \/ Yoast SEO plugin. -->","yoast_head_json":{"title":"Menschen, die Ver\u00e4nderungen zum Guten bewirken - BAUM e.V.","robots":{"index":"index","follow":"follow","max-snippet":"max-snippet:-1","max-image-preview":"max-image-preview:large","max-video-preview":"max-video-preview:-1"},"canonical":"https:\/\/baumev.de\/en\/menschen-die-veraenderungen-zum-guten-bewirken\/","og_locale":"en_GB","og_type":"article","og_title":"Menschen, die Ver\u00e4nderungen zum Guten bewirken - BAUM e.V.","og_description":"Eine Rechtsanw\u00e4ltin und ein Raumplaner, die sich f\u00fcr mehr Klimaschutz engagieren, Gesch\u00e4ftsf\u00fchrende aus Unternehmen, die klare Zeichen f\u00fcr Ressourcenschutz, Kreislaufwirtschaft und den Schutz der Artenvielfalt setzen: Auch im 40. Jahr seines Bestehens zeichnet das Netzwerk f\u00fcr nachhaltiges Wirtschaften wieder Menschen mit dem BAUM | Umwelt- und Nachhaltigkeitspreis aus, die mit ihrem Engagement motivieren und Hoffnung machen.","og_url":"https:\/\/baumev.de\/en\/menschen-die-veraenderungen-zum-guten-bewirken\/","og_site_name":"BAUM e.V.","article_published_time":"2024-08-06T13:49:26+00:00","article_modified_time":"2025-08-18T06:02:55+00:00","og_image":[{"width":2000,"height":1125,"url":"https:\/\/baumev.de\/wp-content\/uploads\/2024\/11\/BAUM-Logo-mit-Claim_16zu9.png","type":"image\/png"}],"author":"rittweger","twitter_card":"summary_large_image","twitter_misc":{"Written by":"rittweger","Estimated reading time":"3 minutes"},"schema":{"@context":"https:\/\/schema.org","@graph":[{"@type":"Article","@id":"https:\/\/baumev.de\/en\/menschen-die-veraenderungen-zum-guten-bewirken\/#article","isPartOf":{"@id":"https:\/\/baumev.de\/en\/menschen-die-veraenderungen-zum-guten-bewirken\/"},"author":{"name":"rittweger","@id":"\/#\/schema\/person\/7cbf92b816dba32080d06186956546dd"},"headline":"Menschen, die Ver\u00e4nderungen zum Guten bewirken","datePublished":"2024-08-06T13:49:26+00:00","dateModified":"2025-08-18T06:02:55+00:00","mainEntityOfPage":{"@id":"https:\/\/baumev.de\/en\/menschen-die-veraenderungen-zum-guten-bewirken\/"},"wordCount":579,"publisher":{"@id":"\/#organization"},"articleSection":["Pressemitteilungen"],"inLanguage":"en-GB"},{"@type":"WebPage","@id":"https:\/\/baumev.de\/en\/menschen-die-veraenderungen-zum-guten-bewirken\/","url":"https:\/\/baumev.de\/en\/menschen-die-veraenderungen-zum-guten-bewirken\/","name":"Menschen, die Ver\u00e4nderungen zum Guten bewirken - BAUM e.V.","isPartOf":{"@id":"\/#website"},"datePublished":"2024-08-06T13:49:26+00:00","dateModified":"2025-08-18T06:02:55+00:00","breadcrumb":{"@id":"https:\/\/baumev.de\/en\/menschen-die-veraenderungen-zum-guten-bewirken\/#breadcrumb"},"inLanguage":"en-GB","potentialAction":[{"@type":"ReadAction","target":["https:\/\/baumev.de\/en\/menschen-die-veraenderungen-zum-guten-bewirken\/"]}]},{"@type":"BreadcrumbList","@id":"https:\/\/baumev.de\/en\/menschen-die-veraenderungen-zum-guten-bewirken\/#breadcrumb","itemListElement":[{"@type":"ListItem","position":1,"name":"Startseite","item":"https:\/\/baumev.de\/en\/"},{"@type":"ListItem","position":2,"name":"Menschen, die Ver\u00e4nderungen zum Guten bewirken"}]},{"@type":"WebSite","@id":"\/#website","url":"\/","name":"BAUM e.V.","description":"BAUM e.V. \u2013 Netzwerk f\u00fcr nachhaltiges Wirtschaften","publisher":{"@id":"\/#organization"},"potentialAction":[{"@type":"SearchAction","target":{"@type":"EntryPoint","urlTemplate":"\/?s={search_term_string}"},"query-input":{"@type":"PropertyValueSpecification","valueRequired":true,"valueName":"search_term_string"}}],"inLanguage":"en-GB"},{"@type":"Organization","@id":"\/#organization","name":"BAUM e.V.","alternateName":"Bundesdeutscher Arbeitskreis f\u00fcr Umweltbewusstes Management","url":"\/","logo":{"@type":"ImageObject","inLanguage":"en-GB","@id":"\/#\/schema\/logo\/image\/","url":"https:\/\/baumev.de\/wp-content\/uploads\/2025\/04\/Element-1.svg","contentUrl":"https:\/\/baumev.de\/wp-content\/uploads\/2025\/04\/Element-1.svg","width":"1024","height":"1024","caption":"BAUM e.V."},"image":{"@id":"\/#\/schema\/logo\/image\/"},"sameAs":["https:\/\/www.linkedin.com\/company\/baum-ev"]},{"@type":"Person","@id":"\/#\/schema\/person\/7cbf92b816dba32080d06186956546dd","name":"rittweger","sameAs":["http:\/\/baumev.de"]}]}},"_links":{"self":[{"href":"https:\/\/baumev.de\/en\/wp-json\/wp\/v2\/posts\/1752","targetHints":{"allow":["GET"]}}],"collection":[{"href":"https:\/\/baumev.de\/en\/wp-json\/wp\/v2\/posts"}],"about":[{"href":"https:\/\/baumev.de\/en\/wp-json\/wp\/v2\/types\/post"}],"author":[{"embeddable":true,"href":"https:\/\/baumev.de\/en\/wp-json\/wp\/v2\/users\/1"}],"replies":[{"embeddable":true,"href":"https:\/\/baumev.de\/en\/wp-json\/wp\/v2\/comments?post=1752"}],"version-history":[{"count":3,"href":"https:\/\/baumev.de\/en\/wp-json\/wp\/v2\/posts\/1752\/revisions"}],"predecessor-version":[{"id":3955,"href":"https:\/\/baumev.de\/en\/wp-json\/wp\/v2\/posts\/1752\/revisions\/3955"}],"wp:attachment":[{"href":"https:\/\/baumev.de\/en\/wp-json\/wp\/v2\/media?parent=1752"}],"wp:term":[{"taxonomy":"category","embeddable":true,"href":"https:\/\/baumev.de\/en\/wp-json\/wp\/v2\/categories?post=1752"},{"taxonomy":"post_tag","embeddable":true,"href":"https:\/\/baumev.de\/en\/wp-json\/wp\/v2\/tags?post=1752"}],"curies":[{"name":"wp","href":"https:\/\/api.w.org\/{rel}","templated":true}]}}