{"id":17770,"date":"2026-03-10T16:33:48","date_gmt":"2026-03-10T15:33:48","guid":{"rendered":"https:\/\/baumev.de\/?p=17770"},"modified":"2026-03-10T16:33:48","modified_gmt":"2026-03-10T15:33:48","slug":"handfeste-chancen-machen-biodiversitaet-zum-wesentlichen-thema","status":"publish","type":"post","link":"https:\/\/baumev.de\/en\/handfeste-chancen-machen-biodiversitaet-zum-wesentlichen-thema\/","title":{"rendered":"\u201eHandfeste Chancen machen Biodiversit\u00e4t zum wesentlichen Thema\u201c"},"content":{"rendered":"<p>Dr. Stefanie Eichiner, <a href=\"https:\/\/baumev.de\/baum-preis\/\" target=\"_blank\" rel=\"noopener\">BAUM-Preistr\u00e4gerin<\/a> 2025, engagiert sich f\u00fcr das Mainstreaming des Themas Biodiversit\u00e4t im Schulterschluss von Wissenschaft, Zivilgesellschaft und Wirtschaft. Wir haben sie gefragt, wie Biodiversit\u00e4t zur Zukunftsinvestition wird.<\/p>\n<h3>Frau Dr. Eichiner, warum sollten sich Unternehmen mit Biodiversit\u00e4t besch\u00e4ftigen?<\/h3>\n<p>Zahlreiche Unternehmen sind von der Natur abh\u00e4ngig \u2013 insbesondere von der Leistungsf\u00e4higkeit von \u00d6kosystemen. F\u00fcr mich ist Biodiversit\u00e4t deshalb keine zus\u00e4tzliche Berichtspflicht, sondern eine Zukunftsinvestition in Versorgungssicherheit, Reputation und Wettbewerbsf\u00e4higkeit. Zwar fordert die CSRD zunehmend Offenlegung, doch der st\u00e4rkste Impuls kommt aus der Finanzwelt: Banken, Versicherer und Investoren fragen heute konkrete, naturbezogene Kennzahlen ab \u2013 teils in umfangreichen Frageb\u00f6gen, die Klima und Biodiversit\u00e4t gleicherma\u00dfen adressieren. Wenn ein Unternehmen wie z.B. Pfleiderer auf den Rohstoff Holz angewiesen ist, dann zeigt die doppelte Wesentlichkeitsanalyse ganz klar: Biodiversit\u00e4t ist materiell. Gesunde \u00d6kosysteme sind die Grundlage unseres Gesch\u00e4ftsmodells. Regionale, zertifizierte Lieferketten senken Kosten und mindern Reputationsrisiken und erh\u00f6hen die Resilienz. Es sind diese handfesten Chancen, die Biodiversit\u00e4t zu einem wesentlichen Thema machen, nicht, wie oft vermutet, versteckte Risiken. Holz ist f\u00fcr Pfleiderer der wichtigste Rohstoff; rund 90 Prozent beziehen wir aus Deutschland. Davon waren im Jahr 2025 57 Prozent Recyclingholz, der Rest zu etwa gleichen Teilen S\u00e4gereste und Durchforstungsholz aus W\u00e4ldern.<\/p>\n<h3>Wie reagiert die Kundschaft auf das Thema?<\/h3>\n<p>Die Mehrheit der Kundschaft hat den Fokus ausschlie\u00dflich auf produktbezogenen Merkmalen, also etwa Zertifizierung nach FSC oder PEFC oder der Anteil von Recyclingholz \u2013 alle nat\u00fcrlich mit klarem Bezug zur Natur. Bestimmte M\u00e4rke gehen jedoch bereits sehr tief. Kundschaft aus Benelux und Frankreich kommt z.B. auch mit externen Biodiversit\u00e4tsexpertinnen und -experten ins Haus. Hier bieten wir unsere konkreten Ans\u00e4tze bei Kreislaufwirtschaft, Forstzertifizierung und unser Netzwerk zu Wirtschaft und Biodiversit\u00e4t. So \u00fcberf\u00fchren wir Fachfragen in l\u00f6sungsorientierte Angebote: Platten mit hohem Recyclinganteil, innovativen biobasierten Rohstoffen oder auch Zertifizierung wie \u201eCradle to Cradle\u201c. Wichtig f\u00fcr das Gespr\u00e4ch mit der Kundschaft ist, dass Vertrieb und Kundendienst geschult sind und wissen: Was bedeutet Biodiversit\u00e4t? Wie ber\u00fchrt sie unser Gesch\u00e4ft? Welche Fragen stellen progressive Kundschaften? So k\u00f6nnen Unternehmen Kompetenz entlang der Wertsch\u00f6pfungskette aufbauen.<\/p>\n<h3>Welche Rolle spielen Berichterstattung und Rahmenwerke?<\/h3>\n<p>F\u00fcr Investoren z\u00e4hlt ein nachvollziehbarer Umgang mit Nachhaltigkeitsrisiken und -chancen. Gute Nachhaltigkeitsratings und umfassende Transparenz in der Berichterstattung zahlen sich da aus. Sie senken den Aufwand f\u00fcr externe Pr\u00fcfungen. Im Ergebnis verschiebt sich der Dialog von der Beantwortung einzelner Anfragen hin zur systematischen Offenlegung.<\/p>\n<p>Ich empfehle, Rahmenwerke pragmatisch zu nutzen. Bei Pfleiderer dient die CSRD als Ger\u00fcst; aus TNFD und Science Based Targets for Nature \u00fcbernehmen wir, was \u00fcber die CSRD hinaus sinnvoll ist. Naturbezogene Ziele definieren wir in Anlehnung an SBTN: Kooperation mit der Lieferkette, St\u00e4rkung der Regionalit\u00e4t und Erh\u00f6hung des Recyclingeinsatzes sowie des Designs f\u00fcr Zirkularit\u00e4t Wir setzen dabei auf den Mut zur L\u00fccke. Erst entwickeln wir Indikatoren, um daraus sp\u00e4ter sinnvolle Ziele abzuleiten.<\/p>\n<h3>Was raten Sie Unternehmen, die sich in Sachen\u00a0Biodiversit\u00e4t gut aufstellen wollen?<\/h3>\n<p>Eine gute Orientierung bieten die UN-Nachhaltigkeitsziele, insbesondere \u201eLeben an Land\u201c, \u201eS\u00fc\u00dfwasser\u00f6kosysteme\u201c und \u201ePartnerschaften f\u00fcr nachhaltige Entwicklung\u201c. Unternehmen sollten f\u00fcr ihre Standorte Biodiversit\u00e4tsmanagementpl\u00e4ne erstellen und sich Netzwerken wie z.B. der Initiative Biodiversity in Good Company anschlie\u00dfen. Um in der Lieferkette konkrete Projekte zur Renaturierung von W\u00e4ldern oder Mooren zu unterst\u00fctzen, empfehle ich die Zusammenarbeit mit Umwelt- und Naturschutzorganisationen. Die Entwicklung einer umfassenden Biodiversit\u00e4tsstrategie braucht aber Zeit. Konkrete Ma\u00dfnahmen wie hohe Recyclingholzquoten und eigene Altholzaufbereitung geh\u00f6ren bei Pfleiderer seit 30 Jahren zum Kerngesch\u00e4ft. Forstzertifizierung folgte wenig sp\u00e4ter, ebenso die Regionalisierung des Holzeinkaufs. Der Auftakt f\u00fcr die formale Biodiversit\u00e4tsstrategie erfolgte 2024: Sie reicht vom Biodiversit\u00e4tscheck entlang der gesamten Wertsch\u00f6pfungskette \u00fcber Standortanalysen bis hin zu Governance-Einbindung, Lieferantenbewertung mit Biodiversit\u00e4tskriterien und gezielten Schulungen f\u00fcr Einkauf und Produktion.<\/p>\n<h3>Der st\u00e4rkste Impuls zum Thema kommt aus der Finanzwelt, sagten Sie eingangs. Wie wird Biodiversit\u00e4t zum Finanzthema?<\/h3>\n<p>Finanzierung ist ein Hebel. Sustainability-linked Bonds k\u00f6nnen Unternehmen bei den Klimazielen und beim Recycling voranbringen. Daraus lassen sich bonusrelevante Leistungsziele f\u00fcr die F\u00fchrung ableiten. F\u00fcr biodiversit\u00e4tsbezogene Anleihen braucht es Kriterien, die Wirkung seri\u00f6s messbar machen. Parallel halte ich Ans\u00e4tze f\u00fcr n\u00f6tig, die Natur nicht nur als Kosten, sondern als werthaltige, bilanzierbare Investitionen betrachten \u2013 mit entsprechendem Monitoring. Gut sind z.B. die Ans\u00e4tze der Landbanking Group oder die EU-Naturgutschriften. So wird Biodiversit\u00e4t auch finanziell zur Zukunftsinvestition, die sich \u00fcber die Zeit auszahlt. Mein Fazit ist: Wer heute Biodiversit\u00e4t als Gesch\u00e4fts- und Finanzthema ernst nimmt, sichert seine Lieferketten, st\u00e4rkt den Markenwert und gewinnt Spielr\u00e4ume f\u00fcr Innovation. Mit planbaren, bewertbaren Schritten, Renaturierungen in der Lieferkette und transparenter Berichterstattung kann sich ein Unternehmen als Nachhaltigkeitsvorreiter positionieren.<\/p>\n<hr \/>\n<p>Dies ist ein Beitrag aus <a href=\"https:\/\/baumev.de\/baum-ev\/baum-insights\/\">BAUM Insights<\/a> 2\/2026.<\/p>\n<p><strong>Dr. Stefanie Eichiner<\/strong> ist Vorstandsvorsitzende der <a href=\"https:\/\/www.business-and-biodiversity.de\/\" target=\"_blank\" rel=\"noopener\">Initiative Biodiversity in Good Company e.V.<\/a> Zudem verantwortet die Forstwissenschaftlerin das Nachhaltigkeitsmanagement bei der Pfleiderer Deutschland GmbH.<\/p>\n","protected":false},"excerpt":{"rendered":"<p>Dr. Stefanie Eichiner, BAUM-Preistr\u00e4gerin 2025, engagiert sich f\u00fcr das Mainstreaming des Themas Biodiversit\u00e4t im Schulterschluss von Wissenschaft, Zivilgesellschaft und Wirtschaft. Wir haben sie gefragt, wie Biodiversit\u00e4t zur Zukunftsinvestition wird.<\/p>\n","protected":false},"author":2,"featured_media":7576,"comment_status":"closed","ping_status":"closed","sticky":false,"template":"","format":"standard","meta":{"_acf_changed":false,"_et_pb_use_builder":"","_et_pb_old_content":"","_et_gb_content_width":"","inline_featured_image":false,"footnotes":""},"categories":[12,18,17],"tags":[],"class_list":["post-17770","post","type-post","status-publish","format-standard","has-post-thumbnail","hentry","category-biodiversitaet-oekosysteme","category-news","category-sustainable-finance-berichterstattung"],"acf":[],"yoast_head":"<!-- This site is optimized with the Yoast SEO plugin v27.2 - https:\/\/yoast.com\/product\/yoast-seo-wordpress\/ -->\n<title>\u201eHandfeste Chancen machen Biodiversit\u00e4t zum wesentlichen Thema\u201c - BAUM e.V.<\/title>\n<meta name=\"description\" content=\"Dr. Stefanie Eichiner engagiert sich f\u00fcr das Mainstreaming des Themas Biodiversit\u00e4t in Wissenschaft, Zivilgesellschaft und Wirtschaft.\" \/>\n<meta name=\"robots\" content=\"index, follow, max-snippet:-1, max-image-preview:large, max-video-preview:-1\" \/>\n<link rel=\"canonical\" href=\"https:\/\/baumev.de\/en\/handfeste-chancen-machen-biodiversitaet-zum-wesentlichen-thema\/\" \/>\n<meta property=\"og:locale\" content=\"en_GB\" \/>\n<meta property=\"og:type\" content=\"article\" \/>\n<meta property=\"og:title\" content=\"\u201eHandfeste Chancen machen Biodiversit\u00e4t zum wesentlichen Thema\u201c - BAUM e.V.\" \/>\n<meta property=\"og:description\" content=\"Dr. Stefanie Eichiner engagiert sich f\u00fcr das Mainstreaming des Themas Biodiversit\u00e4t in Wissenschaft, Zivilgesellschaft und Wirtschaft.\" \/>\n<meta property=\"og:url\" content=\"https:\/\/baumev.de\/en\/handfeste-chancen-machen-biodiversitaet-zum-wesentlichen-thema\/\" \/>\n<meta property=\"og:site_name\" content=\"BAUM e.V.\" \/>\n<meta property=\"article:published_time\" content=\"2026-03-10T15:33:48+00:00\" \/>\n<meta property=\"og:image\" content=\"https:\/\/baumev.de\/wp-content\/uploads\/2025\/08\/Stefanie-Eichiner_c-Pfleiderer-Deutschland-GmbH-scaled.jpg\" \/>\n\t<meta property=\"og:image:width\" content=\"2370\" \/>\n\t<meta property=\"og:image:height\" content=\"2560\" \/>\n\t<meta property=\"og:image:type\" content=\"image\/jpeg\" \/>\n<meta name=\"author\" content=\"Katrin Wippich\" \/>\n<meta name=\"twitter:card\" content=\"summary_large_image\" \/>\n<meta name=\"twitter:label1\" content=\"Written by\" \/>\n\t<meta name=\"twitter:data1\" content=\"Katrin Wippich\" \/>\n\t<meta name=\"twitter:label2\" content=\"Estimated reading time\" \/>\n\t<meta name=\"twitter:data2\" content=\"5 minutes\" \/>\n<script type=\"application\/ld+json\" class=\"yoast-schema-graph\">{\"@context\":\"https:\/\/schema.org\",\"@graph\":[{\"@type\":\"Article\",\"@id\":\"https:\/\/baumev.de\/en\/handfeste-chancen-machen-biodiversitaet-zum-wesentlichen-thema\/#article\",\"isPartOf\":{\"@id\":\"https:\/\/baumev.de\/en\/handfeste-chancen-machen-biodiversitaet-zum-wesentlichen-thema\/\"},\"author\":{\"name\":\"Katrin Wippich\",\"@id\":\"\/#\/schema\/person\/7cca3fa2dd5ee9056656013035fb46db\"},\"headline\":\"\u201eHandfeste Chancen machen Biodiversit\u00e4t zum wesentlichen Thema\u201c\",\"datePublished\":\"2026-03-10T15:33:48+00:00\",\"mainEntityOfPage\":{\"@id\":\"https:\/\/baumev.de\/en\/handfeste-chancen-machen-biodiversitaet-zum-wesentlichen-thema\/\"},\"wordCount\":847,\"publisher\":{\"@id\":\"\/#organization\"},\"image\":{\"@id\":\"https:\/\/baumev.de\/en\/handfeste-chancen-machen-biodiversitaet-zum-wesentlichen-thema\/#primaryimage\"},\"thumbnailUrl\":\"https:\/\/baumev.de\/wp-content\/uploads\/2025\/08\/Stefanie-Eichiner_c-Pfleiderer-Deutschland-GmbH-scaled.jpg\",\"articleSection\":[\"Biodiversit\u00e4t &amp; \u00d6kosysteme\",\"Einblicke &amp; Perspektiven\",\"Sustainable Finance &amp; Berichterstattung\"],\"inLanguage\":\"en-GB\"},{\"@type\":\"WebPage\",\"@id\":\"https:\/\/baumev.de\/en\/handfeste-chancen-machen-biodiversitaet-zum-wesentlichen-thema\/\",\"url\":\"https:\/\/baumev.de\/en\/handfeste-chancen-machen-biodiversitaet-zum-wesentlichen-thema\/\",\"name\":\"\u201eHandfeste Chancen machen Biodiversit\u00e4t zum wesentlichen Thema\u201c - BAUM e.V.\",\"isPartOf\":{\"@id\":\"\/#website\"},\"primaryImageOfPage\":{\"@id\":\"https:\/\/baumev.de\/en\/handfeste-chancen-machen-biodiversitaet-zum-wesentlichen-thema\/#primaryimage\"},\"image\":{\"@id\":\"https:\/\/baumev.de\/en\/handfeste-chancen-machen-biodiversitaet-zum-wesentlichen-thema\/#primaryimage\"},\"thumbnailUrl\":\"https:\/\/baumev.de\/wp-content\/uploads\/2025\/08\/Stefanie-Eichiner_c-Pfleiderer-Deutschland-GmbH-scaled.jpg\",\"datePublished\":\"2026-03-10T15:33:48+00:00\",\"description\":\"Dr. Stefanie Eichiner engagiert sich f\u00fcr das Mainstreaming des Themas Biodiversit\u00e4t in Wissenschaft, Zivilgesellschaft und Wirtschaft.\",\"breadcrumb\":{\"@id\":\"https:\/\/baumev.de\/en\/handfeste-chancen-machen-biodiversitaet-zum-wesentlichen-thema\/#breadcrumb\"},\"inLanguage\":\"en-GB\",\"potentialAction\":[{\"@type\":\"ReadAction\",\"target\":[\"https:\/\/baumev.de\/en\/handfeste-chancen-machen-biodiversitaet-zum-wesentlichen-thema\/\"]}]},{\"@type\":\"ImageObject\",\"inLanguage\":\"en-GB\",\"@id\":\"https:\/\/baumev.de\/en\/handfeste-chancen-machen-biodiversitaet-zum-wesentlichen-thema\/#primaryimage\",\"url\":\"https:\/\/baumev.de\/wp-content\/uploads\/2025\/08\/Stefanie-Eichiner_c-Pfleiderer-Deutschland-GmbH-scaled.jpg\",\"contentUrl\":\"https:\/\/baumev.de\/wp-content\/uploads\/2025\/08\/Stefanie-Eichiner_c-Pfleiderer-Deutschland-GmbH-scaled.jpg\",\"width\":2370,\"height\":2560,\"caption\":\"Portr\u00e4tfoto von Stefanie Eichiner\"},{\"@type\":\"BreadcrumbList\",\"@id\":\"https:\/\/baumev.de\/en\/handfeste-chancen-machen-biodiversitaet-zum-wesentlichen-thema\/#breadcrumb\",\"itemListElement\":[{\"@type\":\"ListItem\",\"position\":1,\"name\":\"Startseite\",\"item\":\"https:\/\/baumev.de\/en\/\"},{\"@type\":\"ListItem\",\"position\":2,\"name\":\"\u201eHandfeste Chancen machen Biodiversit\u00e4t zum wesentlichen Thema\u201c\"}]},{\"@type\":\"WebSite\",\"@id\":\"\/#website\",\"url\":\"\/\",\"name\":\"BAUM e.V.\",\"description\":\"BAUM e.V. \u2013 Netzwerk f\u00fcr nachhaltiges Wirtschaften\",\"publisher\":{\"@id\":\"\/#organization\"},\"potentialAction\":[{\"@type\":\"SearchAction\",\"target\":{\"@type\":\"EntryPoint\",\"urlTemplate\":\"\/?s={search_term_string}\"},\"query-input\":{\"@type\":\"PropertyValueSpecification\",\"valueRequired\":true,\"valueName\":\"search_term_string\"}}],\"inLanguage\":\"en-GB\"},{\"@type\":\"Organization\",\"@id\":\"\/#organization\",\"name\":\"BAUM e.V.\",\"alternateName\":\"Bundesdeutscher Arbeitskreis f\u00fcr Umweltbewusstes Management\",\"url\":\"\/\",\"logo\":{\"@type\":\"ImageObject\",\"inLanguage\":\"en-GB\",\"@id\":\"\/#\/schema\/logo\/image\/\",\"url\":\"https:\/\/baumev.de\/wp-content\/uploads\/2025\/04\/Element-1.svg\",\"contentUrl\":\"https:\/\/baumev.de\/wp-content\/uploads\/2025\/04\/Element-1.svg\",\"width\":\"1024\",\"height\":\"1024\",\"caption\":\"BAUM e.V.\"},\"image\":{\"@id\":\"\/#\/schema\/logo\/image\/\"},\"sameAs\":[\"https:\/\/www.linkedin.com\/company\/baum-ev\"]},{\"@type\":\"Person\",\"@id\":\"\/#\/schema\/person\/7cca3fa2dd5ee9056656013035fb46db\",\"name\":\"Katrin Wippich\"}]}<\/script>\n<!-- \/ Yoast SEO plugin. -->","yoast_head_json":{"title":"\u201eHandfeste Chancen machen Biodiversit\u00e4t zum wesentlichen Thema\u201c - BAUM e.V.","description":"Dr. Stefanie Eichiner engagiert sich f\u00fcr das Mainstreaming des Themas Biodiversit\u00e4t in Wissenschaft, Zivilgesellschaft und Wirtschaft.","robots":{"index":"index","follow":"follow","max-snippet":"max-snippet:-1","max-image-preview":"max-image-preview:large","max-video-preview":"max-video-preview:-1"},"canonical":"https:\/\/baumev.de\/en\/handfeste-chancen-machen-biodiversitaet-zum-wesentlichen-thema\/","og_locale":"en_GB","og_type":"article","og_title":"\u201eHandfeste Chancen machen Biodiversit\u00e4t zum wesentlichen Thema\u201c - BAUM e.V.","og_description":"Dr. Stefanie Eichiner engagiert sich f\u00fcr das Mainstreaming des Themas Biodiversit\u00e4t in Wissenschaft, Zivilgesellschaft und Wirtschaft.","og_url":"https:\/\/baumev.de\/en\/handfeste-chancen-machen-biodiversitaet-zum-wesentlichen-thema\/","og_site_name":"BAUM e.V.","article_published_time":"2026-03-10T15:33:48+00:00","og_image":[{"width":2370,"height":2560,"url":"https:\/\/baumev.de\/wp-content\/uploads\/2025\/08\/Stefanie-Eichiner_c-Pfleiderer-Deutschland-GmbH-scaled.jpg","type":"image\/jpeg"}],"author":"Katrin Wippich","twitter_card":"summary_large_image","twitter_misc":{"Written by":"Katrin Wippich","Estimated reading time":"5 minutes"},"schema":{"@context":"https:\/\/schema.org","@graph":[{"@type":"Article","@id":"https:\/\/baumev.de\/en\/handfeste-chancen-machen-biodiversitaet-zum-wesentlichen-thema\/#article","isPartOf":{"@id":"https:\/\/baumev.de\/en\/handfeste-chancen-machen-biodiversitaet-zum-wesentlichen-thema\/"},"author":{"name":"Katrin Wippich","@id":"\/#\/schema\/person\/7cca3fa2dd5ee9056656013035fb46db"},"headline":"\u201eHandfeste Chancen machen Biodiversit\u00e4t zum wesentlichen Thema\u201c","datePublished":"2026-03-10T15:33:48+00:00","mainEntityOfPage":{"@id":"https:\/\/baumev.de\/en\/handfeste-chancen-machen-biodiversitaet-zum-wesentlichen-thema\/"},"wordCount":847,"publisher":{"@id":"\/#organization"},"image":{"@id":"https:\/\/baumev.de\/en\/handfeste-chancen-machen-biodiversitaet-zum-wesentlichen-thema\/#primaryimage"},"thumbnailUrl":"https:\/\/baumev.de\/wp-content\/uploads\/2025\/08\/Stefanie-Eichiner_c-Pfleiderer-Deutschland-GmbH-scaled.jpg","articleSection":["Biodiversit\u00e4t &amp; \u00d6kosysteme","Einblicke &amp; Perspektiven","Sustainable Finance &amp; Berichterstattung"],"inLanguage":"en-GB"},{"@type":"WebPage","@id":"https:\/\/baumev.de\/en\/handfeste-chancen-machen-biodiversitaet-zum-wesentlichen-thema\/","url":"https:\/\/baumev.de\/en\/handfeste-chancen-machen-biodiversitaet-zum-wesentlichen-thema\/","name":"\u201eHandfeste Chancen machen Biodiversit\u00e4t zum wesentlichen Thema\u201c - BAUM e.V.","isPartOf":{"@id":"\/#website"},"primaryImageOfPage":{"@id":"https:\/\/baumev.de\/en\/handfeste-chancen-machen-biodiversitaet-zum-wesentlichen-thema\/#primaryimage"},"image":{"@id":"https:\/\/baumev.de\/en\/handfeste-chancen-machen-biodiversitaet-zum-wesentlichen-thema\/#primaryimage"},"thumbnailUrl":"https:\/\/baumev.de\/wp-content\/uploads\/2025\/08\/Stefanie-Eichiner_c-Pfleiderer-Deutschland-GmbH-scaled.jpg","datePublished":"2026-03-10T15:33:48+00:00","description":"Dr. Stefanie Eichiner engagiert sich f\u00fcr das Mainstreaming des Themas Biodiversit\u00e4t in Wissenschaft, Zivilgesellschaft und Wirtschaft.","breadcrumb":{"@id":"https:\/\/baumev.de\/en\/handfeste-chancen-machen-biodiversitaet-zum-wesentlichen-thema\/#breadcrumb"},"inLanguage":"en-GB","potentialAction":[{"@type":"ReadAction","target":["https:\/\/baumev.de\/en\/handfeste-chancen-machen-biodiversitaet-zum-wesentlichen-thema\/"]}]},{"@type":"ImageObject","inLanguage":"en-GB","@id":"https:\/\/baumev.de\/en\/handfeste-chancen-machen-biodiversitaet-zum-wesentlichen-thema\/#primaryimage","url":"https:\/\/baumev.de\/wp-content\/uploads\/2025\/08\/Stefanie-Eichiner_c-Pfleiderer-Deutschland-GmbH-scaled.jpg","contentUrl":"https:\/\/baumev.de\/wp-content\/uploads\/2025\/08\/Stefanie-Eichiner_c-Pfleiderer-Deutschland-GmbH-scaled.jpg","width":2370,"height":2560,"caption":"Portr\u00e4tfoto von Stefanie Eichiner"},{"@type":"BreadcrumbList","@id":"https:\/\/baumev.de\/en\/handfeste-chancen-machen-biodiversitaet-zum-wesentlichen-thema\/#breadcrumb","itemListElement":[{"@type":"ListItem","position":1,"name":"Startseite","item":"https:\/\/baumev.de\/en\/"},{"@type":"ListItem","position":2,"name":"\u201eHandfeste Chancen machen Biodiversit\u00e4t zum wesentlichen Thema\u201c"}]},{"@type":"WebSite","@id":"\/#website","url":"\/","name":"BAUM e.V.","description":"BAUM e.V. \u2013 Netzwerk f\u00fcr nachhaltiges Wirtschaften","publisher":{"@id":"\/#organization"},"potentialAction":[{"@type":"SearchAction","target":{"@type":"EntryPoint","urlTemplate":"\/?s={search_term_string}"},"query-input":{"@type":"PropertyValueSpecification","valueRequired":true,"valueName":"search_term_string"}}],"inLanguage":"en-GB"},{"@type":"Organization","@id":"\/#organization","name":"BAUM e.V.","alternateName":"Bundesdeutscher Arbeitskreis f\u00fcr Umweltbewusstes Management","url":"\/","logo":{"@type":"ImageObject","inLanguage":"en-GB","@id":"\/#\/schema\/logo\/image\/","url":"https:\/\/baumev.de\/wp-content\/uploads\/2025\/04\/Element-1.svg","contentUrl":"https:\/\/baumev.de\/wp-content\/uploads\/2025\/04\/Element-1.svg","width":"1024","height":"1024","caption":"BAUM e.V."},"image":{"@id":"\/#\/schema\/logo\/image\/"},"sameAs":["https:\/\/www.linkedin.com\/company\/baum-ev"]},{"@type":"Person","@id":"\/#\/schema\/person\/7cca3fa2dd5ee9056656013035fb46db","name":"Katrin Wippich"}]}},"_links":{"self":[{"href":"https:\/\/baumev.de\/en\/wp-json\/wp\/v2\/posts\/17770","targetHints":{"allow":["GET"]}}],"collection":[{"href":"https:\/\/baumev.de\/en\/wp-json\/wp\/v2\/posts"}],"about":[{"href":"https:\/\/baumev.de\/en\/wp-json\/wp\/v2\/types\/post"}],"author":[{"embeddable":true,"href":"https:\/\/baumev.de\/en\/wp-json\/wp\/v2\/users\/2"}],"replies":[{"embeddable":true,"href":"https:\/\/baumev.de\/en\/wp-json\/wp\/v2\/comments?post=17770"}],"version-history":[{"count":2,"href":"https:\/\/baumev.de\/en\/wp-json\/wp\/v2\/posts\/17770\/revisions"}],"predecessor-version":[{"id":17772,"href":"https:\/\/baumev.de\/en\/wp-json\/wp\/v2\/posts\/17770\/revisions\/17772"}],"wp:featuredmedia":[{"embeddable":true,"href":"https:\/\/baumev.de\/en\/wp-json\/wp\/v2\/media\/7576"}],"wp:attachment":[{"href":"https:\/\/baumev.de\/en\/wp-json\/wp\/v2\/media?parent=17770"}],"wp:term":[{"taxonomy":"category","embeddable":true,"href":"https:\/\/baumev.de\/en\/wp-json\/wp\/v2\/categories?post=17770"},{"taxonomy":"post_tag","embeddable":true,"href":"https:\/\/baumev.de\/en\/wp-json\/wp\/v2\/tags?post=17770"}],"curies":[{"name":"wp","href":"https:\/\/api.w.org\/{rel}","templated":true}]}}