{"id":17773,"date":"2026-03-18T08:44:07","date_gmt":"2026-03-18T07:44:07","guid":{"rendered":"https:\/\/baumev.de\/?p=17773"},"modified":"2026-03-18T08:44:07","modified_gmt":"2026-03-18T07:44:07","slug":"warum-net-zero-allein-nicht-reicht","status":"publish","type":"post","link":"https:\/\/baumev.de\/en\/warum-net-zero-allein-nicht-reicht\/","title":{"rendered":"Warum Net Zero allein nicht reicht"},"content":{"rendered":"<p>Net Zero stoppt im besten Fall den weiteren Schaden \u2013 aber es stellt die urspr\u00fcngliche Funktionsf\u00e4higkeit von B\u00f6den, Gew\u00e4ssern oder Artenverb\u00fcnden nicht wieder her. Genau das aber brauchen viele Branchen, um langfristig planen zu k\u00f6nnen.<\/p>\n<p>Zwischen Unternehmen und Natur gibt es eine unbequeme Wahrheit, die wir lange \u00fcbersehen haben: Wenn es gut l\u00e4uft, retten wir vielleicht das Klima, verlieren aber trotzdem die Lebensgrundlage. In vielen Organisationen begegnet uns heute ein ausgepr\u00e4gter \u201eCarbon-Tunnelblick\u201c. Er blendet aus, was das Konzept der Planetaren Belastungsgrenzen seit Jahren zeigt: Umweltkrisen sind systemisch, nicht eindimensional. Net Zero ist wichtig, keine Frage \u2013 aber es ist l\u00e4ngst nicht genug.<\/p>\n<h3>Vom Sch\u00fctzen zum Regenerieren<\/h3>\n<p>Klimaschutz und Artenschutz werden oft synonym behandelt, dabei k\u00f6nnten sie in manchen F\u00e4llen unterschiedlicher kaum sein. Eine Monokultur bindet CO\u2082, zerst\u00f6rt aber zugleich Lebensr\u00e4ume. Eine Solaranlage spart Treibhausgase, kann aber bei falscher Planung wertvolle Biotope beeintr\u00e4chtigen. Das zeigt: Wir l\u00f6sen das Klimaproblem nicht, wenn wir gleichzeitig die Biosph\u00e4re aus dem Gleichgewicht bringen.<\/p>\n<p>Deshalb etabliert sich international ein neuer Begriff: nature positive \u2013 umweltpositiv. Es geht um einen Paradigmenwechsel: nicht mehr nur Sch\u00e4den begrenzen, sondern aktiv zum Aufbau intakter \u00d6kosysteme beitragen. Ein umweltpositiver Ansatz bedeutet daher nicht mehr Aufwand, sondern bessere Zukunfts- und Investitionssicherheit.<\/p>\n<p><a href=\"https:\/\/baumev.de\/biodiversitaet-oekosysteme\/\" target=\"_blank\" rel=\"noopener\">\u00d6kosysteme sind Wirtschaftsfaktoren<\/a> \u2013 nicht nur Kulisse Die globale Wirtschaft ist \u2013 bildlich gesprochen \u2013 eine hundertprozentige Tochtergesellschaft der Natur. Ohne funktionierende \u00d6kosystemleistungen gibt es kein Produkt, keine Lieferkette, keinen Markt. Das wird an vielen Stellen inzwischen greifbar: In der Landwirtschaft beispielsweise sind Ernteausf\u00e4lle durch den Verlust best\u00e4ubender Insekten l\u00e4ngst kein theoretisches Szenario mehr, sondern ein wachsendes Kostenrisiko. In anderen Branchen geraten Produktionsstandorte unter Druck, weil regionale Wasserressourcen \u00fcbernutzt oder verschmutzt sind \u2013 mit direkten Folgen f\u00fcr Mengen, Qualit\u00e4t und Planbarkeit der Rohstoffe.<\/p>\n<p>Zugleich steigt der Druck entlang der Wertsch\u00f6pfungskette: Gesch\u00e4ftspartner:innen und Kund:innen erwarten nachweislich transparente und verantwortungsvolle Lieferketten. Wer hier keine belastbaren Antworten hat, verliert Marktzugang oder Reputation.<\/p>\n<h3>Wenn Biodiversit\u00e4t kippt, kippen Gesch\u00e4ftsmodelle<\/h3>\n<p>Wir erleben es immer wieder in Sektoren, die stark von nat\u00fcrlichen Ressourcen abh\u00e4ngig sind: Wenn Artenvielfalt und \u00d6kosysteme unter Druck geraten, rei\u00dft die Planbarkeit in der Lieferkette ab. Die Realit\u00e4t zeigt jedoch auch, dass viele Unternehmen erst dann reagieren, wenn die ersten Engp\u00e4sse auftreten \u2013 und damit zu sp\u00e4t.<\/p>\n<p>Diese Zusammenh\u00e4nge spiegeln genau die Logik der doppelten Wesentlichkeit wider: Unternehmen m\u00fcssen sowohl ihre Abh\u00e4ngigkeit von der Natur (Outside-In) als auch ihre Auswirkungen auf \u00d6kosysteme (Inside-Out) verstehen. Wer Biodiversit\u00e4t systematisch ber\u00fccksichtigt, schafft sich also strategische Vorteile: stabilere Lieferketten, resilientere Gesch\u00e4ftsmodelle und belastbarere Investitionsentscheidungen. Biodiversit\u00e4tsmanagement ist damit nicht nur Teil des Risikomanagements, sondern l\u00e4ngst auch ein Wettbewerbsfaktor und eine Zukunftsinvestition. Unternehmen, die diese Dimension ausblenden, gef\u00e4hrden ihre eigene wirtschaftliche Stabilit\u00e4t.<\/p>\n<h3>Die Rolle der Finanzinstitute: Ein Hebel mit Systemwirkung<\/h3>\n<p>Auch Finanzinstitute nehmen diese Risiken st\u00e4rker in den Blick \u2013 nicht aus moralischen Gr\u00fcnden, sondern aus Sorgfaltspflicht. Wenn ein Unternehmen seine nat\u00fcrlichen Ressourcen zerst\u00f6rt, steigert das langfristig sein Ausfallrisiko. Daher fragen immer mehr Banken:<\/p>\n<ul>\n<li>Welche naturbezogenen Risiken bestehen entlang der Wertsch\u00f6pfungskette?<\/li>\n<li>Wie abh\u00e4ngig ist das Gesch\u00e4ftsmodell von intakten \u00d6kosystemen?<\/li>\n<li>Werden Risiken gemanagt oder verdr\u00e4ngt?<\/li>\n<\/ul>\n<p>Die Entwicklung internationaler Rahmenwerke wie der <a href=\"https:\/\/baumev.de\/sustainable-finance\/deutsche-tnfd-consultation-group\/\" target=\"_blank\" rel=\"noopener\">Taskforce on Nature-related Financial Disclosures<\/a> (TNFD) verst\u00e4rkt diese Erwartung noch einmal. Unternehmen, die hier schlecht aufgestellt sind, werden k\u00fcnftig schwerer oder teurer Kapital bekommen. Hinzu kommt: Mit der EU-Richtlinie zur Nachhaltigkeitsberichterstattung CSRD und speziell dem Standard ESRS E4 (Biodiversit\u00e4t) sind Unternehmen 2026 ohnehin verpflichtet, Biodiversit\u00e4tsrisiken systematisch zu analysieren und offenzulegen.<\/p>\n<h3>Wie die Biodiversit\u00e4t in die Bilanz kommt<\/h3>\n<p>In der Kreditvergabe pr\u00fcfen wir bei der UmweltBank deshalb nicht nur CO\u2082-Einsparpotenziale, sondern systematisch auch Auswirkungen auf Biodiversit\u00e4t, Fl\u00e4chenverbrauch und \u00f6kologische Qualit\u00e4t der Vorhaben. Das gilt besonders bei Photovoltaikprojekten, die wir regelm\u00e4\u00dfig finanzieren.<\/p>\n<p>So wurde beim <a href=\"https:\/\/www.umweltbank.de\/firmen\/projekte-finanzieren\/photovoltaik\/solarpark-bundorf\/\" target=\"_blank\" rel=\"noopener\">B\u00fcrgersolarpark Bundorf<\/a> die Gestaltung der Modulfelder bewusst mit Blick auf Arten- und Lebensraumschutz geplant. Bl\u00fchfl\u00e4chen, R\u00fcckzugsr\u00e4ume f\u00fcr Insekten und eine extensive Bewirtschaftung sorgen daf\u00fcr, dass Energieproduktion und Biodiversit\u00e4tsaufwertung zusammenfallen k\u00f6nnen. Auch beim PV-Projekt in Dippoldiswalde stand neben der Energieerzeugung die \u00f6kologische Gestaltung der Fl\u00e4che im Fokus, etwa durch angepasste Mahd-Rhythmen und strukturreiche Ausgleichsfl\u00e4chen. Wir sehen in der Praxis: Gesch\u00e4ftsmodelle, die Natur respektieren und im Bestfall sogar umweltpositiv sind, sind langfristig stabiler \u2013 und damit finanzierbarer.<\/p>\n<h3>Umweltpositiv ist der n\u00e4chste logische Schritt<\/h3>\n<p>Biodiversit\u00e4t ist komplexer zu messen als CO\u2082. Zudem gibt es keine perfekte Datenlage. Aber das darf in dieser Transformationsphase keine Ausrede sein. Wer wartet, bis jede Kennzahl definiert ist, wartet zu lange.<\/p>\n<p>Wir wissen aus unserem eigenen Transformationsprozess bei der UmweltBank: Der Einstieg ist nicht immer leicht, aber die ersten Schritte sind meist \u00fcberraschend klar. Wer beginnt, die eigene Wertsch\u00f6pfungskette durch die \u201eNaturbrille\u201c zu betrachten, erkennt schnell, wo Risiken liegen \u2013 und wo Chancen. In vielen F\u00e4llen sind es genau diese Erkenntnisse, die Projekte und Partnerschaften entstehen lassen, die zuvor gar nicht sichtbar waren.<\/p>\n<p>Aus Erkenntnissen Handlungsschritte machen \u2013 hier beginnt der praktische Teil, den jedes Unternehmen heute angehen kann.<\/p>\n<ol>\n<li>Lieferketten verstehen: Wo kommen die zentralen Rohstoffe her \u2013 und in welchem Zustand sind die zugeh\u00f6rigen \u00d6kosysteme?<\/li>\n<li>Hotspots identifizieren: dort arbeiten, wo der Hebel am gr\u00f6\u00dften ist.<\/li>\n<li>Regenerative Ma\u00dfnahmen f\u00f6rdern: vom Reduzieren ins Regenerieren kommen.<\/li>\n<\/ol>\n<p>Net Zero ist die Pflicht. Umweltpositiv ist die Zukunft.<\/p>\n<hr \/>\n<p>Dies ist ein Beitrag aus <a href=\"https:\/\/baumev.de\/baum-ev\/baum-insights\/\">BAUM Insights<\/a> 2\/2026.<\/p>\n<p><strong>Erik Mundinger<\/strong> leitet das Nachhaltigkeitsmanagement der UmweltBank AG in N\u00fcrnberg und verantwortet die strategische Steuerung, Koordination und Weiterentwicklung der Nachhaltigkeitsaktivit\u00e4ten der Bank. Ziel seiner Arbeit ist es, \u00f6kologische Wirkung transparent, wirksam und messbar in allen Gesch\u00e4ftsbereichen zu verankern.<\/p>\n","protected":false},"excerpt":{"rendered":"<p>Net Zero stoppt im besten Fall den weiteren Schaden \u2013 aber es stellt die urspr\u00fcngliche Funktionsf\u00e4higkeit von B\u00f6den, Gew\u00e4ssern oder Artenverb\u00fcnden nicht wieder her. Genau das aber brauchen viele Branchen, um langfristig planen zu k\u00f6nnen.<\/p>\n","protected":false},"author":2,"featured_media":17776,"comment_status":"closed","ping_status":"closed","sticky":false,"template":"","format":"standard","meta":{"_acf_changed":false,"_et_pb_use_builder":"","_et_pb_old_content":"","_et_gb_content_width":"","inline_featured_image":false,"footnotes":""},"categories":[12,18,17],"tags":[],"class_list":["post-17773","post","type-post","status-publish","format-standard","has-post-thumbnail","hentry","category-biodiversitaet-oekosysteme","category-news","category-sustainable-finance-berichterstattung"],"acf":[],"yoast_head":"<!-- This site is optimized with the Yoast SEO plugin v27.2 - https:\/\/yoast.com\/product\/yoast-seo-wordpress\/ -->\n<title>Warum Net Zero allein nicht reicht - BAUM e.V.<\/title>\n<meta name=\"description\" content=\"Net Zero stoppt bestenfalls weiteren Schaden, stellt aber die Funktionsf\u00e4higkeit von B\u00f6den, Gew\u00e4ssern oder Artenverb\u00fcnden nicht wieder her.\" \/>\n<meta name=\"robots\" content=\"index, follow, max-snippet:-1, max-image-preview:large, max-video-preview:-1\" \/>\n<link rel=\"canonical\" href=\"https:\/\/baumev.de\/en\/warum-net-zero-allein-nicht-reicht\/\" \/>\n<meta property=\"og:locale\" content=\"en_GB\" \/>\n<meta property=\"og:type\" content=\"article\" \/>\n<meta property=\"og:title\" content=\"Warum Net Zero allein nicht reicht - BAUM e.V.\" \/>\n<meta property=\"og:description\" content=\"Net Zero stoppt bestenfalls weiteren Schaden, stellt aber die Funktionsf\u00e4higkeit von B\u00f6den, Gew\u00e4ssern oder Artenverb\u00fcnden nicht wieder her.\" \/>\n<meta property=\"og:url\" content=\"https:\/\/baumev.de\/en\/warum-net-zero-allein-nicht-reicht\/\" \/>\n<meta property=\"og:site_name\" content=\"BAUM e.V.\" \/>\n<meta property=\"article:published_time\" content=\"2026-03-18T07:44:07+00:00\" \/>\n<meta property=\"og:image\" content=\"https:\/\/baumev.de\/wp-content\/uploads\/2026\/02\/Bundorf_Drohnenaufnahme_MaxSolar-scaled.jpg\" \/>\n\t<meta property=\"og:image:width\" content=\"2560\" \/>\n\t<meta property=\"og:image:height\" content=\"1440\" \/>\n\t<meta property=\"og:image:type\" content=\"image\/jpeg\" \/>\n<meta name=\"author\" content=\"Katrin Wippich\" \/>\n<meta name=\"twitter:card\" content=\"summary_large_image\" \/>\n<meta name=\"twitter:label1\" content=\"Written by\" \/>\n\t<meta name=\"twitter:data1\" content=\"Katrin Wippich\" \/>\n\t<meta name=\"twitter:label2\" content=\"Estimated reading time\" \/>\n\t<meta name=\"twitter:data2\" content=\"6 minutes\" \/>\n<script type=\"application\/ld+json\" class=\"yoast-schema-graph\">{\"@context\":\"https:\/\/schema.org\",\"@graph\":[{\"@type\":\"Article\",\"@id\":\"https:\/\/baumev.de\/en\/warum-net-zero-allein-nicht-reicht\/#article\",\"isPartOf\":{\"@id\":\"https:\/\/baumev.de\/en\/warum-net-zero-allein-nicht-reicht\/\"},\"author\":{\"name\":\"Katrin Wippich\",\"@id\":\"\/#\/schema\/person\/7cca3fa2dd5ee9056656013035fb46db\"},\"headline\":\"Warum Net Zero allein nicht reicht\",\"datePublished\":\"2026-03-18T07:44:07+00:00\",\"mainEntityOfPage\":{\"@id\":\"https:\/\/baumev.de\/en\/warum-net-zero-allein-nicht-reicht\/\"},\"wordCount\":951,\"publisher\":{\"@id\":\"\/#organization\"},\"image\":{\"@id\":\"https:\/\/baumev.de\/en\/warum-net-zero-allein-nicht-reicht\/#primaryimage\"},\"thumbnailUrl\":\"https:\/\/baumev.de\/wp-content\/uploads\/2026\/02\/Bundorf_Drohnenaufnahme_MaxSolar-scaled.jpg\",\"articleSection\":[\"Biodiversit\u00e4t &amp; \u00d6kosysteme\",\"Einblicke &amp; Perspektiven\",\"Sustainable Finance &amp; Berichterstattung\"],\"inLanguage\":\"en-GB\"},{\"@type\":\"WebPage\",\"@id\":\"https:\/\/baumev.de\/en\/warum-net-zero-allein-nicht-reicht\/\",\"url\":\"https:\/\/baumev.de\/en\/warum-net-zero-allein-nicht-reicht\/\",\"name\":\"Warum Net Zero allein nicht reicht - BAUM e.V.\",\"isPartOf\":{\"@id\":\"\/#website\"},\"primaryImageOfPage\":{\"@id\":\"https:\/\/baumev.de\/en\/warum-net-zero-allein-nicht-reicht\/#primaryimage\"},\"image\":{\"@id\":\"https:\/\/baumev.de\/en\/warum-net-zero-allein-nicht-reicht\/#primaryimage\"},\"thumbnailUrl\":\"https:\/\/baumev.de\/wp-content\/uploads\/2026\/02\/Bundorf_Drohnenaufnahme_MaxSolar-scaled.jpg\",\"datePublished\":\"2026-03-18T07:44:07+00:00\",\"description\":\"Net Zero stoppt bestenfalls weiteren Schaden, stellt aber die Funktionsf\u00e4higkeit von B\u00f6den, Gew\u00e4ssern oder Artenverb\u00fcnden nicht wieder her.\",\"breadcrumb\":{\"@id\":\"https:\/\/baumev.de\/en\/warum-net-zero-allein-nicht-reicht\/#breadcrumb\"},\"inLanguage\":\"en-GB\",\"potentialAction\":[{\"@type\":\"ReadAction\",\"target\":[\"https:\/\/baumev.de\/en\/warum-net-zero-allein-nicht-reicht\/\"]}]},{\"@type\":\"ImageObject\",\"inLanguage\":\"en-GB\",\"@id\":\"https:\/\/baumev.de\/en\/warum-net-zero-allein-nicht-reicht\/#primaryimage\",\"url\":\"https:\/\/baumev.de\/wp-content\/uploads\/2026\/02\/Bundorf_Drohnenaufnahme_MaxSolar-scaled.jpg\",\"contentUrl\":\"https:\/\/baumev.de\/wp-content\/uploads\/2026\/02\/Bundorf_Drohnenaufnahme_MaxSolar-scaled.jpg\",\"width\":2560,\"height\":1440,\"caption\":\"Luftaufnahme eines Solarparks in Bayern\"},{\"@type\":\"BreadcrumbList\",\"@id\":\"https:\/\/baumev.de\/en\/warum-net-zero-allein-nicht-reicht\/#breadcrumb\",\"itemListElement\":[{\"@type\":\"ListItem\",\"position\":1,\"name\":\"Startseite\",\"item\":\"https:\/\/baumev.de\/en\/\"},{\"@type\":\"ListItem\",\"position\":2,\"name\":\"Warum Net Zero allein nicht reicht\"}]},{\"@type\":\"WebSite\",\"@id\":\"\/#website\",\"url\":\"\/\",\"name\":\"BAUM e.V.\",\"description\":\"BAUM e.V. \u2013 Netzwerk f\u00fcr nachhaltiges Wirtschaften\",\"publisher\":{\"@id\":\"\/#organization\"},\"potentialAction\":[{\"@type\":\"SearchAction\",\"target\":{\"@type\":\"EntryPoint\",\"urlTemplate\":\"\/?s={search_term_string}\"},\"query-input\":{\"@type\":\"PropertyValueSpecification\",\"valueRequired\":true,\"valueName\":\"search_term_string\"}}],\"inLanguage\":\"en-GB\"},{\"@type\":\"Organization\",\"@id\":\"\/#organization\",\"name\":\"BAUM e.V.\",\"alternateName\":\"Bundesdeutscher Arbeitskreis f\u00fcr Umweltbewusstes Management\",\"url\":\"\/\",\"logo\":{\"@type\":\"ImageObject\",\"inLanguage\":\"en-GB\",\"@id\":\"\/#\/schema\/logo\/image\/\",\"url\":\"https:\/\/baumev.de\/wp-content\/uploads\/2025\/04\/Element-1.svg\",\"contentUrl\":\"https:\/\/baumev.de\/wp-content\/uploads\/2025\/04\/Element-1.svg\",\"width\":\"1024\",\"height\":\"1024\",\"caption\":\"BAUM e.V.\"},\"image\":{\"@id\":\"\/#\/schema\/logo\/image\/\"},\"sameAs\":[\"https:\/\/www.linkedin.com\/company\/baum-ev\"]},{\"@type\":\"Person\",\"@id\":\"\/#\/schema\/person\/7cca3fa2dd5ee9056656013035fb46db\",\"name\":\"Katrin Wippich\"}]}<\/script>\n<!-- \/ Yoast SEO plugin. -->","yoast_head_json":{"title":"Warum Net Zero allein nicht reicht - BAUM e.V.","description":"Net Zero stoppt bestenfalls weiteren Schaden, stellt aber die Funktionsf\u00e4higkeit von B\u00f6den, Gew\u00e4ssern oder Artenverb\u00fcnden nicht wieder her.","robots":{"index":"index","follow":"follow","max-snippet":"max-snippet:-1","max-image-preview":"max-image-preview:large","max-video-preview":"max-video-preview:-1"},"canonical":"https:\/\/baumev.de\/en\/warum-net-zero-allein-nicht-reicht\/","og_locale":"en_GB","og_type":"article","og_title":"Warum Net Zero allein nicht reicht - BAUM e.V.","og_description":"Net Zero stoppt bestenfalls weiteren Schaden, stellt aber die Funktionsf\u00e4higkeit von B\u00f6den, Gew\u00e4ssern oder Artenverb\u00fcnden nicht wieder her.","og_url":"https:\/\/baumev.de\/en\/warum-net-zero-allein-nicht-reicht\/","og_site_name":"BAUM e.V.","article_published_time":"2026-03-18T07:44:07+00:00","og_image":[{"width":2560,"height":1440,"url":"https:\/\/baumev.de\/wp-content\/uploads\/2026\/02\/Bundorf_Drohnenaufnahme_MaxSolar-scaled.jpg","type":"image\/jpeg"}],"author":"Katrin Wippich","twitter_card":"summary_large_image","twitter_misc":{"Written by":"Katrin Wippich","Estimated reading time":"6 minutes"},"schema":{"@context":"https:\/\/schema.org","@graph":[{"@type":"Article","@id":"https:\/\/baumev.de\/en\/warum-net-zero-allein-nicht-reicht\/#article","isPartOf":{"@id":"https:\/\/baumev.de\/en\/warum-net-zero-allein-nicht-reicht\/"},"author":{"name":"Katrin Wippich","@id":"\/#\/schema\/person\/7cca3fa2dd5ee9056656013035fb46db"},"headline":"Warum Net Zero allein nicht reicht","datePublished":"2026-03-18T07:44:07+00:00","mainEntityOfPage":{"@id":"https:\/\/baumev.de\/en\/warum-net-zero-allein-nicht-reicht\/"},"wordCount":951,"publisher":{"@id":"\/#organization"},"image":{"@id":"https:\/\/baumev.de\/en\/warum-net-zero-allein-nicht-reicht\/#primaryimage"},"thumbnailUrl":"https:\/\/baumev.de\/wp-content\/uploads\/2026\/02\/Bundorf_Drohnenaufnahme_MaxSolar-scaled.jpg","articleSection":["Biodiversit\u00e4t &amp; \u00d6kosysteme","Einblicke &amp; Perspektiven","Sustainable Finance &amp; Berichterstattung"],"inLanguage":"en-GB"},{"@type":"WebPage","@id":"https:\/\/baumev.de\/en\/warum-net-zero-allein-nicht-reicht\/","url":"https:\/\/baumev.de\/en\/warum-net-zero-allein-nicht-reicht\/","name":"Warum Net Zero allein nicht reicht - BAUM e.V.","isPartOf":{"@id":"\/#website"},"primaryImageOfPage":{"@id":"https:\/\/baumev.de\/en\/warum-net-zero-allein-nicht-reicht\/#primaryimage"},"image":{"@id":"https:\/\/baumev.de\/en\/warum-net-zero-allein-nicht-reicht\/#primaryimage"},"thumbnailUrl":"https:\/\/baumev.de\/wp-content\/uploads\/2026\/02\/Bundorf_Drohnenaufnahme_MaxSolar-scaled.jpg","datePublished":"2026-03-18T07:44:07+00:00","description":"Net Zero stoppt bestenfalls weiteren Schaden, stellt aber die Funktionsf\u00e4higkeit von B\u00f6den, Gew\u00e4ssern oder Artenverb\u00fcnden nicht wieder her.","breadcrumb":{"@id":"https:\/\/baumev.de\/en\/warum-net-zero-allein-nicht-reicht\/#breadcrumb"},"inLanguage":"en-GB","potentialAction":[{"@type":"ReadAction","target":["https:\/\/baumev.de\/en\/warum-net-zero-allein-nicht-reicht\/"]}]},{"@type":"ImageObject","inLanguage":"en-GB","@id":"https:\/\/baumev.de\/en\/warum-net-zero-allein-nicht-reicht\/#primaryimage","url":"https:\/\/baumev.de\/wp-content\/uploads\/2026\/02\/Bundorf_Drohnenaufnahme_MaxSolar-scaled.jpg","contentUrl":"https:\/\/baumev.de\/wp-content\/uploads\/2026\/02\/Bundorf_Drohnenaufnahme_MaxSolar-scaled.jpg","width":2560,"height":1440,"caption":"Luftaufnahme eines Solarparks in Bayern"},{"@type":"BreadcrumbList","@id":"https:\/\/baumev.de\/en\/warum-net-zero-allein-nicht-reicht\/#breadcrumb","itemListElement":[{"@type":"ListItem","position":1,"name":"Startseite","item":"https:\/\/baumev.de\/en\/"},{"@type":"ListItem","position":2,"name":"Warum Net Zero allein nicht reicht"}]},{"@type":"WebSite","@id":"\/#website","url":"\/","name":"BAUM e.V.","description":"BAUM e.V. \u2013 Netzwerk f\u00fcr nachhaltiges Wirtschaften","publisher":{"@id":"\/#organization"},"potentialAction":[{"@type":"SearchAction","target":{"@type":"EntryPoint","urlTemplate":"\/?s={search_term_string}"},"query-input":{"@type":"PropertyValueSpecification","valueRequired":true,"valueName":"search_term_string"}}],"inLanguage":"en-GB"},{"@type":"Organization","@id":"\/#organization","name":"BAUM e.V.","alternateName":"Bundesdeutscher Arbeitskreis f\u00fcr Umweltbewusstes Management","url":"\/","logo":{"@type":"ImageObject","inLanguage":"en-GB","@id":"\/#\/schema\/logo\/image\/","url":"https:\/\/baumev.de\/wp-content\/uploads\/2025\/04\/Element-1.svg","contentUrl":"https:\/\/baumev.de\/wp-content\/uploads\/2025\/04\/Element-1.svg","width":"1024","height":"1024","caption":"BAUM e.V."},"image":{"@id":"\/#\/schema\/logo\/image\/"},"sameAs":["https:\/\/www.linkedin.com\/company\/baum-ev"]},{"@type":"Person","@id":"\/#\/schema\/person\/7cca3fa2dd5ee9056656013035fb46db","name":"Katrin Wippich"}]}},"_links":{"self":[{"href":"https:\/\/baumev.de\/en\/wp-json\/wp\/v2\/posts\/17773","targetHints":{"allow":["GET"]}}],"collection":[{"href":"https:\/\/baumev.de\/en\/wp-json\/wp\/v2\/posts"}],"about":[{"href":"https:\/\/baumev.de\/en\/wp-json\/wp\/v2\/types\/post"}],"author":[{"embeddable":true,"href":"https:\/\/baumev.de\/en\/wp-json\/wp\/v2\/users\/2"}],"replies":[{"embeddable":true,"href":"https:\/\/baumev.de\/en\/wp-json\/wp\/v2\/comments?post=17773"}],"version-history":[{"count":3,"href":"https:\/\/baumev.de\/en\/wp-json\/wp\/v2\/posts\/17773\/revisions"}],"predecessor-version":[{"id":17777,"href":"https:\/\/baumev.de\/en\/wp-json\/wp\/v2\/posts\/17773\/revisions\/17777"}],"wp:featuredmedia":[{"embeddable":true,"href":"https:\/\/baumev.de\/en\/wp-json\/wp\/v2\/media\/17776"}],"wp:attachment":[{"href":"https:\/\/baumev.de\/en\/wp-json\/wp\/v2\/media?parent=17773"}],"wp:term":[{"taxonomy":"category","embeddable":true,"href":"https:\/\/baumev.de\/en\/wp-json\/wp\/v2\/categories?post=17773"},{"taxonomy":"post_tag","embeddable":true,"href":"https:\/\/baumev.de\/en\/wp-json\/wp\/v2\/tags?post=17773"}],"curies":[{"name":"wp","href":"https:\/\/api.w.org\/{rel}","templated":true}]}}