{"id":17858,"date":"2026-03-03T14:28:11","date_gmt":"2026-03-03T13:28:11","guid":{"rendered":"https:\/\/baumev.de\/?p=17858"},"modified":"2026-03-03T14:37:25","modified_gmt":"2026-03-03T13:37:25","slug":"modernisierung-der-wirtschaft-als-standortfrage","status":"publish","type":"post","link":"https:\/\/baumev.de\/en\/modernisierung-der-wirtschaft-als-standortfrage\/","title":{"rendered":"Sustainable Economy Summit: Modernisierung der Wirtschaft als Standortfrage"},"content":{"rendered":"<p>Auf dem Sustainable Economy Summit 2026 treffen sich am 21.\/22. April in Berlin f\u00fchrende Entscheider:innen aus Unternehmen, Politik und Wissenschaft, um genau dar\u00fcber zu sprechen: Wie modernisiert sich Wirtschaft so, dass Klima- und Ressourcenschutz zum Wettbewerbsfaktor werden? Als Teil des Tr\u00e4gerkreises wirkt BAUM aktiv beim Sustainable Economy Summit mit.<\/p>\n<p>\u201eDeutschland soll auch in einer klimaneutralen Welt zu den erfolgreichsten Volkswirtschaften geh\u00f6ren. Daf\u00fcr braucht es eine Wirtschaft, die Innovation, Wettbewerbsf\u00e4higkeit und Verantwortung zusammendenkt. Umwelt- und Klimaschutz sind dabei entscheidende Erfolgsfaktoren f\u00fcr nachhaltiges Wachstum und gesellschaftlichen Wohlstand\u201c, so Schirmherr Carsten Schneider, Bundesminister f\u00fcr Umwelt, Klimaschutz, Naturschutz und nukleare Sicherheit. \u201eDer Sustainable Economy Summit bringt Unternehmen, Politik und Wissenschaft zusammen und leistet einen wichtigen Beitrag, diesen Wandel konstruktiv, praxisnah und gemeinsam zu gestalten.\u201c<\/p>\n<p>Unter der Schirmherrschaft des Bundesumweltministeriums positioniert sich der <a href=\"https:\/\/sustainable-economy-summit.org\/\" target=\"_blank\" rel=\"noopener\">Sustainable Economy Summit<\/a> als Ort f\u00fcr den offenen, auch kontroversen Dialog. Im Mittelpunkt des Summit stehen praxisnahe L\u00f6sungen. Unternehmen mit langj\u00e4hriger Nachhaltigkeitsexpertise treffen auf innovative Start-ups, politische Entscheider:innen und wissenschaftliche Perspektiven.<\/p>\n<p>Ein zentrales Element des Summit ist die Ver\u00f6ffentlichung des Sustainable Economy Barometers 2026. Die repr\u00e4sentative Befragung von 2.500 Entscheider:innen aus deutschen Unternehmen zeigt, wie Modernisierung strategisch verankert ist, wo Unternehmen Handlungsdruck sehen \u2013 und welche Erwartungen sie an staatliche Unterst\u00fctzung f\u00fcr die wirtschaftliche Transformation haben.<\/p>\n<h3>Wie geht zirkul\u00e4res Bauen?<\/h3>\n<p>Am 21. April um 16.30 Uhr hostet die BAUM-Vorsitzende Yvonne Zwick ein Panel mit dem Titel \u201e<a href=\"https:\/\/sustainable-economy-summit.org\/event\/new-european-bauhaus-wie-geht-zirkulaeres-bauen\/\" target=\"_blank\" rel=\"noopener\">New European Bauhaus. Wie geht zirkul\u00e4res Bauen?<\/a>\u201c. Das Panel beleuchtet, wie sich Prinzipien des New European Bauhaus in die Praxis \u00fcbersetzen lassen und welche politischen, wirtschaftlichen und gesellschaftlichen Rahmenbedingungen daf\u00fcr notwendig sind. Diskutiert wird auch, wie feingliedrige Strukturen \u2013 vom mittelst\u00e4ndischen Handwerk bis zu regionalen Wertsch\u00f6pfungsketten \u2013 durch zirkul\u00e4res Bauen gest\u00e4rkt werden. Sie sind ein Schl\u00fcssel f\u00fcr ein neues Wirtschafts- und Bauwunder, das \u00f6kologisch tragf\u00e4hig und sozial eingebettet ist. Als Speaker:innen sind dabei: Prof. Dr. Nathalie E\u00dfig (Architektin, Professorin an der Hochschule M\u00fcnchen und Mitgr\u00fcnderin der BiRN GmbH), Dagmar Fritz-Kramer (gesch\u00e4ftsf\u00fchrenden Gesellschafterin der Bau-Fritz GmbH &amp; Co. KG) und Thomas Heilmann (Vorsitzender der KlimaUnion e.V.).<\/p>\n<h3>Erfolgsstrategien im Umgang mit Nachhaltigkeitsskepsis<\/h3>\n<p>In nahezu allen Branchen zeigt sich das gleiche Bild: Nachhaltigkeits- und Umweltorganisationen sto\u00dfen auf starke Verharrungskr\u00e4fte, die Ver\u00e4nderung ausbremsen. Und doch gibt es Non-Profits, denen es gelungen ist, hartn\u00e4ckige Widerst\u00e4nde zu \u00fcberwinden und echte Wirkung zu erzielen. Was hat bei ihnen den Unterschied gemacht? Wie l\u00e4sst sich Skepsis in Zustimmung verwandeln? Im gemeinsamen Dialog teilen die Organisationen aus dem Tr\u00e4gerkreis des Sustainable Economy Summit unter dem Titel \u201e<a href=\"https:\/\/sustainable-economy-summit.org\/event\/vom-gegenwind-zum-rueckenwind-erfolgsstrategien-im-umgang-mit-nachhaltigkeitsskepsis\/\" target=\"_blank\" rel=\"noopener\">Vom Gegenwind zum R\u00fcckenwind: Erfolgsstrategien im Umgang mit Nachhaltigkeitsskepsis<\/a>\u201c ihre Best und Worst Cases \u2013 f\u00fcr einen ehrlichen Wissenstransfer zwischen erfolgreicher Strategie und gl\u00fccklichem Zufall. BAUM ist auf dem Panel am 22. April um 15.15 Uhr durch seine stellvertretende Vorsitzende Ellen Weiland vertreten.<\/p>\n<h3>Breites B\u00fcndnis progressiver Wirtschaftsverb\u00e4nde und Initiativen<\/h3>\n<p>Getragen wird der Summit von einem sektor\u00fcbergreifenden B\u00fcndnis progressiver Wirtschaftsverb\u00e4nde und Initiativen. Dabei sind neben BAUM: Bioland e.V., BNW Bundesverband Nachhaltige Wirtschaft e.V., Deutsche Gesellschaft f\u00fcr Nachhaltiges Bauen (DGNB) e.V., Gemeinwohl-\u00d6konomie Deutschland e.V., Klimaschutz-Unternehmen e.V., Mission Wertvoll.<\/p>\n<p>Der Sustainable Economy Summit ist <em>das<\/em> Event f\u00fcr Unternehmensleitungen, Finanz- und Nachhaltigkeitsverantwortliche, politische Entscheidungstr\u00e4ger:innen und wirtschaftspolitische Beobachter:innen. <a href=\"https:\/\/pretix.eu\/sustainable-economy-summit\/tickets\" target=\"_blank\" rel=\"noopener\">Hier k\u00f6nnen Sie Ihr Ticket buchen.<\/a><strong> BAUM-Mitglieder erhalten auf Anfrage an <a href=\"mailto:redaktion@baumev.de\" target=\"_blank\" rel=\"noopener\">redaktion@baumev.de<\/a> verg\u00fcnstigte Tickets.<\/strong><\/p>\n","protected":false},"excerpt":{"rendered":"<p>Auf dem Sustainable Economy Summit 2026 treffen sich am 21.\/22. April in Berlin f\u00fchrende Entscheider:innen aus Unternehmen, Politik und Wissenschaft, um genau dar\u00fcber zu sprechen: Wie modernisiert sich Wirtschaft so, dass Klima- und Ressourcenschutz zum Wettbewerbsfaktor werden? Als Teil des Tr\u00e4gerkreises wirkt BAUM aktiv beim Sustainable Economy Summit mit.<\/p>\n","protected":false},"author":2,"featured_media":17860,"comment_status":"closed","ping_status":"closed","sticky":false,"template":"","format":"standard","meta":{"_acf_changed":false,"_et_pb_use_builder":"","_et_pb_old_content":"","_et_gb_content_width":"","inline_featured_image":false,"footnotes":""},"categories":[42,44,45],"tags":[],"class_list":["post-17858","post","type-post","status-publish","format-standard","has-post-thumbnail","hentry","category-circular-economy","category-news","category-climate-energy"],"acf":[],"yoast_head":"<!-- This site is optimized with the Yoast SEO plugin v27.2 - https:\/\/yoast.com\/product\/yoast-seo-wordpress\/ -->\n<title>Sustainable Economy Summit: Modernisierung der Wirtschaft als Standortfrage - BAUM e.V.<\/title>\n<meta name=\"description\" content=\"Beim Sustainable Economy Summit diskutieren am 21.\/22.4.2026 Entscheider*innen, wie Klima- und Ressourcenschutz zum Wettbewerbsfaktor werden.\" \/>\n<meta name=\"robots\" content=\"index, follow, max-snippet:-1, max-image-preview:large, max-video-preview:-1\" \/>\n<link rel=\"canonical\" href=\"https:\/\/baumev.de\/en\/modernisierung-der-wirtschaft-als-standortfrage\/\" \/>\n<meta property=\"og:locale\" content=\"en_GB\" \/>\n<meta property=\"og:type\" content=\"article\" \/>\n<meta property=\"og:title\" content=\"Sustainable Economy Summit: Modernisierung der Wirtschaft als Standortfrage - BAUM e.V.\" \/>\n<meta property=\"og:description\" content=\"Beim Sustainable Economy Summit diskutieren am 21.\/22.4.2026 Entscheider*innen, wie Klima- und Ressourcenschutz zum Wettbewerbsfaktor werden.\" \/>\n<meta property=\"og:url\" content=\"https:\/\/baumev.de\/en\/modernisierung-der-wirtschaft-als-standortfrage\/\" \/>\n<meta property=\"og:site_name\" content=\"BAUM e.V.\" \/>\n<meta property=\"article:published_time\" content=\"2026-03-03T13:28:11+00:00\" \/>\n<meta property=\"article:modified_time\" content=\"2026-03-03T13:37:25+00:00\" \/>\n<meta property=\"og:image\" content=\"https:\/\/baumev.de\/wp-content\/uploads\/2026\/03\/AXICA_\u00a9-Sustainable-Economy-gGmbH_Joerg-Farys-1-scaled.jpg\" \/>\n\t<meta property=\"og:image:width\" content=\"2560\" \/>\n\t<meta property=\"og:image:height\" content=\"1708\" \/>\n\t<meta property=\"og:image:type\" content=\"image\/jpeg\" \/>\n<meta name=\"author\" content=\"Katrin Wippich\" \/>\n<meta name=\"twitter:card\" content=\"summary_large_image\" \/>\n<meta name=\"twitter:label1\" content=\"Written by\" \/>\n\t<meta name=\"twitter:data1\" content=\"Katrin Wippich\" \/>\n\t<meta name=\"twitter:label2\" content=\"Estimated reading time\" \/>\n\t<meta name=\"twitter:data2\" content=\"4 minutes\" \/>\n<script type=\"application\/ld+json\" class=\"yoast-schema-graph\">{\"@context\":\"https:\/\/schema.org\",\"@graph\":[{\"@type\":\"Article\",\"@id\":\"https:\/\/baumev.de\/en\/modernisierung-der-wirtschaft-als-standortfrage\/#article\",\"isPartOf\":{\"@id\":\"https:\/\/baumev.de\/en\/modernisierung-der-wirtschaft-als-standortfrage\/\"},\"author\":{\"name\":\"Katrin Wippich\",\"@id\":\"\/#\/schema\/person\/7cca3fa2dd5ee9056656013035fb46db\"},\"headline\":\"Sustainable Economy Summit: Modernisierung der Wirtschaft als Standortfrage\",\"datePublished\":\"2026-03-03T13:28:11+00:00\",\"dateModified\":\"2026-03-03T13:37:25+00:00\",\"mainEntityOfPage\":{\"@id\":\"https:\/\/baumev.de\/en\/modernisierung-der-wirtschaft-als-standortfrage\/\"},\"wordCount\":579,\"publisher\":{\"@id\":\"\/#organization\"},\"image\":{\"@id\":\"https:\/\/baumev.de\/en\/modernisierung-der-wirtschaft-als-standortfrage\/#primaryimage\"},\"thumbnailUrl\":\"https:\/\/baumev.de\/wp-content\/uploads\/2026\/03\/AXICA_\u00a9-Sustainable-Economy-gGmbH_Joerg-Farys-1-scaled.jpg\",\"articleSection\":[\"Circular Economy\",\"Insights &amp; Perspectives\",\"Climate &amp; Energy\"],\"inLanguage\":\"en-GB\"},{\"@type\":\"WebPage\",\"@id\":\"https:\/\/baumev.de\/en\/modernisierung-der-wirtschaft-als-standortfrage\/\",\"url\":\"https:\/\/baumev.de\/en\/modernisierung-der-wirtschaft-als-standortfrage\/\",\"name\":\"Sustainable Economy Summit: Modernisierung der Wirtschaft als Standortfrage - BAUM e.V.\",\"isPartOf\":{\"@id\":\"\/#website\"},\"primaryImageOfPage\":{\"@id\":\"https:\/\/baumev.de\/en\/modernisierung-der-wirtschaft-als-standortfrage\/#primaryimage\"},\"image\":{\"@id\":\"https:\/\/baumev.de\/en\/modernisierung-der-wirtschaft-als-standortfrage\/#primaryimage\"},\"thumbnailUrl\":\"https:\/\/baumev.de\/wp-content\/uploads\/2026\/03\/AXICA_\u00a9-Sustainable-Economy-gGmbH_Joerg-Farys-1-scaled.jpg\",\"datePublished\":\"2026-03-03T13:28:11+00:00\",\"dateModified\":\"2026-03-03T13:37:25+00:00\",\"description\":\"Beim Sustainable Economy Summit diskutieren am 21.\/22.4.2026 Entscheider*innen, wie Klima- und Ressourcenschutz zum Wettbewerbsfaktor werden.\",\"breadcrumb\":{\"@id\":\"https:\/\/baumev.de\/en\/modernisierung-der-wirtschaft-als-standortfrage\/#breadcrumb\"},\"inLanguage\":\"en-GB\",\"potentialAction\":[{\"@type\":\"ReadAction\",\"target\":[\"https:\/\/baumev.de\/en\/modernisierung-der-wirtschaft-als-standortfrage\/\"]}]},{\"@type\":\"ImageObject\",\"inLanguage\":\"en-GB\",\"@id\":\"https:\/\/baumev.de\/en\/modernisierung-der-wirtschaft-als-standortfrage\/#primaryimage\",\"url\":\"https:\/\/baumev.de\/wp-content\/uploads\/2026\/03\/AXICA_\u00a9-Sustainable-Economy-gGmbH_Joerg-Farys-1-scaled.jpg\",\"contentUrl\":\"https:\/\/baumev.de\/wp-content\/uploads\/2026\/03\/AXICA_\u00a9-Sustainable-Economy-gGmbH_Joerg-Farys-1-scaled.jpg\",\"width\":2560,\"height\":1708,\"caption\":\"AXICA in Berlin, Ort des Sustainable Economy Summit\"},{\"@type\":\"BreadcrumbList\",\"@id\":\"https:\/\/baumev.de\/en\/modernisierung-der-wirtschaft-als-standortfrage\/#breadcrumb\",\"itemListElement\":[{\"@type\":\"ListItem\",\"position\":1,\"name\":\"Startseite\",\"item\":\"https:\/\/baumev.de\/en\/\"},{\"@type\":\"ListItem\",\"position\":2,\"name\":\"Sustainable Economy Summit: Modernisierung der Wirtschaft als Standortfrage\"}]},{\"@type\":\"WebSite\",\"@id\":\"\/#website\",\"url\":\"\/\",\"name\":\"BAUM e.V.\",\"description\":\"BAUM e.V. \u2013 Netzwerk f\u00fcr nachhaltiges Wirtschaften\",\"publisher\":{\"@id\":\"\/#organization\"},\"potentialAction\":[{\"@type\":\"SearchAction\",\"target\":{\"@type\":\"EntryPoint\",\"urlTemplate\":\"\/?s={search_term_string}\"},\"query-input\":{\"@type\":\"PropertyValueSpecification\",\"valueRequired\":true,\"valueName\":\"search_term_string\"}}],\"inLanguage\":\"en-GB\"},{\"@type\":\"Organization\",\"@id\":\"\/#organization\",\"name\":\"BAUM e.V.\",\"alternateName\":\"Bundesdeutscher Arbeitskreis f\u00fcr Umweltbewusstes Management\",\"url\":\"\/\",\"logo\":{\"@type\":\"ImageObject\",\"inLanguage\":\"en-GB\",\"@id\":\"\/#\/schema\/logo\/image\/\",\"url\":\"https:\/\/baumev.de\/wp-content\/uploads\/2025\/04\/Element-1.svg\",\"contentUrl\":\"https:\/\/baumev.de\/wp-content\/uploads\/2025\/04\/Element-1.svg\",\"width\":\"1024\",\"height\":\"1024\",\"caption\":\"BAUM e.V.\"},\"image\":{\"@id\":\"\/#\/schema\/logo\/image\/\"},\"sameAs\":[\"https:\/\/www.linkedin.com\/company\/baum-ev\"]},{\"@type\":\"Person\",\"@id\":\"\/#\/schema\/person\/7cca3fa2dd5ee9056656013035fb46db\",\"name\":\"Katrin Wippich\"}]}<\/script>\n<!-- \/ Yoast SEO plugin. -->","yoast_head_json":{"title":"Sustainable Economy Summit: Modernisierung der Wirtschaft als Standortfrage - BAUM e.V.","description":"Beim Sustainable Economy Summit diskutieren am 21.\/22.4.2026 Entscheider*innen, wie Klima- und Ressourcenschutz zum Wettbewerbsfaktor werden.","robots":{"index":"index","follow":"follow","max-snippet":"max-snippet:-1","max-image-preview":"max-image-preview:large","max-video-preview":"max-video-preview:-1"},"canonical":"https:\/\/baumev.de\/en\/modernisierung-der-wirtschaft-als-standortfrage\/","og_locale":"en_GB","og_type":"article","og_title":"Sustainable Economy Summit: Modernisierung der Wirtschaft als Standortfrage - BAUM e.V.","og_description":"Beim Sustainable Economy Summit diskutieren am 21.\/22.4.2026 Entscheider*innen, wie Klima- und Ressourcenschutz zum Wettbewerbsfaktor werden.","og_url":"https:\/\/baumev.de\/en\/modernisierung-der-wirtschaft-als-standortfrage\/","og_site_name":"BAUM e.V.","article_published_time":"2026-03-03T13:28:11+00:00","article_modified_time":"2026-03-03T13:37:25+00:00","og_image":[{"width":2560,"height":1708,"url":"https:\/\/baumev.de\/wp-content\/uploads\/2026\/03\/AXICA_\u00a9-Sustainable-Economy-gGmbH_Joerg-Farys-1-scaled.jpg","type":"image\/jpeg"}],"author":"Katrin Wippich","twitter_card":"summary_large_image","twitter_misc":{"Written by":"Katrin Wippich","Estimated reading time":"4 minutes"},"schema":{"@context":"https:\/\/schema.org","@graph":[{"@type":"Article","@id":"https:\/\/baumev.de\/en\/modernisierung-der-wirtschaft-als-standortfrage\/#article","isPartOf":{"@id":"https:\/\/baumev.de\/en\/modernisierung-der-wirtschaft-als-standortfrage\/"},"author":{"name":"Katrin Wippich","@id":"\/#\/schema\/person\/7cca3fa2dd5ee9056656013035fb46db"},"headline":"Sustainable Economy Summit: Modernisierung der Wirtschaft als Standortfrage","datePublished":"2026-03-03T13:28:11+00:00","dateModified":"2026-03-03T13:37:25+00:00","mainEntityOfPage":{"@id":"https:\/\/baumev.de\/en\/modernisierung-der-wirtschaft-als-standortfrage\/"},"wordCount":579,"publisher":{"@id":"\/#organization"},"image":{"@id":"https:\/\/baumev.de\/en\/modernisierung-der-wirtschaft-als-standortfrage\/#primaryimage"},"thumbnailUrl":"https:\/\/baumev.de\/wp-content\/uploads\/2026\/03\/AXICA_\u00a9-Sustainable-Economy-gGmbH_Joerg-Farys-1-scaled.jpg","articleSection":["Circular Economy","Insights &amp; Perspectives","Climate &amp; Energy"],"inLanguage":"en-GB"},{"@type":"WebPage","@id":"https:\/\/baumev.de\/en\/modernisierung-der-wirtschaft-als-standortfrage\/","url":"https:\/\/baumev.de\/en\/modernisierung-der-wirtschaft-als-standortfrage\/","name":"Sustainable Economy Summit: Modernisierung der Wirtschaft als Standortfrage - BAUM e.V.","isPartOf":{"@id":"\/#website"},"primaryImageOfPage":{"@id":"https:\/\/baumev.de\/en\/modernisierung-der-wirtschaft-als-standortfrage\/#primaryimage"},"image":{"@id":"https:\/\/baumev.de\/en\/modernisierung-der-wirtschaft-als-standortfrage\/#primaryimage"},"thumbnailUrl":"https:\/\/baumev.de\/wp-content\/uploads\/2026\/03\/AXICA_\u00a9-Sustainable-Economy-gGmbH_Joerg-Farys-1-scaled.jpg","datePublished":"2026-03-03T13:28:11+00:00","dateModified":"2026-03-03T13:37:25+00:00","description":"Beim Sustainable Economy Summit diskutieren am 21.\/22.4.2026 Entscheider*innen, wie Klima- und Ressourcenschutz zum Wettbewerbsfaktor werden.","breadcrumb":{"@id":"https:\/\/baumev.de\/en\/modernisierung-der-wirtschaft-als-standortfrage\/#breadcrumb"},"inLanguage":"en-GB","potentialAction":[{"@type":"ReadAction","target":["https:\/\/baumev.de\/en\/modernisierung-der-wirtschaft-als-standortfrage\/"]}]},{"@type":"ImageObject","inLanguage":"en-GB","@id":"https:\/\/baumev.de\/en\/modernisierung-der-wirtschaft-als-standortfrage\/#primaryimage","url":"https:\/\/baumev.de\/wp-content\/uploads\/2026\/03\/AXICA_\u00a9-Sustainable-Economy-gGmbH_Joerg-Farys-1-scaled.jpg","contentUrl":"https:\/\/baumev.de\/wp-content\/uploads\/2026\/03\/AXICA_\u00a9-Sustainable-Economy-gGmbH_Joerg-Farys-1-scaled.jpg","width":2560,"height":1708,"caption":"AXICA in Berlin, Ort des Sustainable Economy Summit"},{"@type":"BreadcrumbList","@id":"https:\/\/baumev.de\/en\/modernisierung-der-wirtschaft-als-standortfrage\/#breadcrumb","itemListElement":[{"@type":"ListItem","position":1,"name":"Startseite","item":"https:\/\/baumev.de\/en\/"},{"@type":"ListItem","position":2,"name":"Sustainable Economy Summit: Modernisierung der Wirtschaft als Standortfrage"}]},{"@type":"WebSite","@id":"\/#website","url":"\/","name":"BAUM e.V.","description":"BAUM e.V. \u2013 Netzwerk f\u00fcr nachhaltiges Wirtschaften","publisher":{"@id":"\/#organization"},"potentialAction":[{"@type":"SearchAction","target":{"@type":"EntryPoint","urlTemplate":"\/?s={search_term_string}"},"query-input":{"@type":"PropertyValueSpecification","valueRequired":true,"valueName":"search_term_string"}}],"inLanguage":"en-GB"},{"@type":"Organization","@id":"\/#organization","name":"BAUM e.V.","alternateName":"Bundesdeutscher Arbeitskreis f\u00fcr Umweltbewusstes Management","url":"\/","logo":{"@type":"ImageObject","inLanguage":"en-GB","@id":"\/#\/schema\/logo\/image\/","url":"https:\/\/baumev.de\/wp-content\/uploads\/2025\/04\/Element-1.svg","contentUrl":"https:\/\/baumev.de\/wp-content\/uploads\/2025\/04\/Element-1.svg","width":"1024","height":"1024","caption":"BAUM e.V."},"image":{"@id":"\/#\/schema\/logo\/image\/"},"sameAs":["https:\/\/www.linkedin.com\/company\/baum-ev"]},{"@type":"Person","@id":"\/#\/schema\/person\/7cca3fa2dd5ee9056656013035fb46db","name":"Katrin Wippich"}]}},"_links":{"self":[{"href":"https:\/\/baumev.de\/en\/wp-json\/wp\/v2\/posts\/17858","targetHints":{"allow":["GET"]}}],"collection":[{"href":"https:\/\/baumev.de\/en\/wp-json\/wp\/v2\/posts"}],"about":[{"href":"https:\/\/baumev.de\/en\/wp-json\/wp\/v2\/types\/post"}],"author":[{"embeddable":true,"href":"https:\/\/baumev.de\/en\/wp-json\/wp\/v2\/users\/2"}],"replies":[{"embeddable":true,"href":"https:\/\/baumev.de\/en\/wp-json\/wp\/v2\/comments?post=17858"}],"version-history":[{"count":2,"href":"https:\/\/baumev.de\/en\/wp-json\/wp\/v2\/posts\/17858\/revisions"}],"predecessor-version":[{"id":17862,"href":"https:\/\/baumev.de\/en\/wp-json\/wp\/v2\/posts\/17858\/revisions\/17862"}],"wp:featuredmedia":[{"embeddable":true,"href":"https:\/\/baumev.de\/en\/wp-json\/wp\/v2\/media\/17860"}],"wp:attachment":[{"href":"https:\/\/baumev.de\/en\/wp-json\/wp\/v2\/media?parent=17858"}],"wp:term":[{"taxonomy":"category","embeddable":true,"href":"https:\/\/baumev.de\/en\/wp-json\/wp\/v2\/categories?post=17858"},{"taxonomy":"post_tag","embeddable":true,"href":"https:\/\/baumev.de\/en\/wp-json\/wp\/v2\/tags?post=17858"}],"curies":[{"name":"wp","href":"https:\/\/api.w.org\/{rel}","templated":true}]}}