{"id":17908,"date":"2026-03-09T11:38:28","date_gmt":"2026-03-09T10:38:28","guid":{"rendered":"https:\/\/baumev.de\/?p=17908"},"modified":"2026-03-09T16:05:56","modified_gmt":"2026-03-09T15:05:56","slug":"oekoprofit-emas-und-we-impact","status":"publish","type":"post","link":"https:\/\/baumev.de\/en\/oekoprofit-emas-und-we-impact\/","title":{"rendered":"\u00d6KOPROFIT\u00ae, EMAS und We Impact \u2013 Charakteristika, Schnittmengen und Gemeinsamkeiten"},"content":{"rendered":"<p>Was macht den Kern der drei Nachhaltigkeitsmanagement-Instrumente \u00d6KOPROFIT\u00ae, EMAS und We Impact aus? Welche Schnittmengen und Gemeinsamkeiten gibt es? Wir geben einen \u00dcberblick.<\/p>\n<h3>\u00d6KOPROFIT\u00ae<\/h3>\n<p>\u00d6KOPROFIT\u00ae ist ein seit den 1990er Jahren etabliertes Kooperationsprojekt, bei dem Kommunen und die \u00f6rtliche Wirtschaft anf\u00e4nglich das Ziel verfolgten, durch Einsparungen nat\u00fcrlicher Ressourcen Betriebskosten zu senken. Mittlerweile umfasst das Programm zahlreiche Nachhaltigkeitsaspekte, die \u00fcber die klassischen Umweltthemen hinausgehen. Unternehmen etablieren ein Umweltteam, das im Laufe des \u00d6KOPROFIT\u00ae-Programms zentrale Bausteine eines Umweltmanagementsystems entwickelt. Der Wissenstransfer findet in erster Linie durch Workshopreihen statt, bei denen die Mitarbeitenden aus Unternehmen unterschiedlicher Gr\u00f6\u00dfen und Branchen zusammenarbeiten. Neben den Workshops bietet \u00d6KOPROFIT\u00ae eine qualifizierte individuelle Beratung f\u00fcr die Unternehmen an. Abschlie\u00dfend \u00fcberpr\u00fcft eine unabh\u00e4ngige Kommission die Umweltleistungen und erzielten Ergebnisse der Unternehmen und kann diese mit der \u00d6KOPROFIT\u00ae-Zertifizierung auszeichnen. Ein \u00d6KOPROFIT\u00ae-Durchlauf dauert ca. 12\u201314 Monate. Durch den \u00d6KOPROFIT\u00ae-Klub ist es den Unternehmen m\u00f6glich, vertieft an den Themen weiterzuarbeiten und, wenn gew\u00fcnscht, eine Re-Zertifizierung zu erhalten.<\/p>\n<p><a href=\"https:\/\/eur-lex.europa.eu\/legal-content\/DE\/TXT\/HTML\/?uri=CELEX:32023D1533#d1e32-31-1\" target=\"_blank\" rel=\"noopener\">Anforderungen<\/a> | <a href=\"https:\/\/www.youtube.com\/watch?v=Z9WTUkOMPSA\" target=\"_blank\" rel=\"noopener\">Einstiegsinformationen<\/a> | <a href=\"https:\/\/www.munich-business.eu\/standort-muenchen\/klimaschutz-ressourcen\/oekoprofit-deutschland.html\" target=\"_blank\" rel=\"noopener\">Kontakt<\/a><\/p>\n<h3>EMAS<\/h3>\n<p>Das Eco-Management and Audit Scheme (EMAS) ist ein von der Europ\u00e4ischen Union eingef\u00fchrtes Umweltmanagementsystem, das Unternehmen dabei unterst\u00fctzt, Ressourcen und Kosten einzusparen. Es deckt alle Anforderungen der Umweltmanagementnorm ISO 14001 ab und legt zus\u00e4tzlichen Fokus auf Rechtskonformit\u00e4t im Umweltrecht, regelm\u00e4\u00dfigen Austausch mit den interessierten Parteien sowie die \u00f6ffentliche Kommunikation der Umweltleistung. In Deutschland ist das Bundesumweltministerium f\u00fcr die nationale Umsetzung des EMAS-Systems zust\u00e4ndig. Umweltmanagementbeauftragte \u00fcbernehmen innerhalb des Unternehmens die Steuerung betrieblicher Umweltschutzma\u00dfnahmen. Abschlie\u00dfend erfolgt eine Validierung durch eine*n von der DAU \u2013 Deutsche Akkreditierungs- und Zulassungsgesellschaft f\u00fcr Umweltgutachter mbH zugelassene*n EMAS-Umweltgutachter*in. Das System wird, beginnend mit der ersten Umweltpr\u00fcfung, intern etabliert. Das Unternehmen setzt sich Ziele und definiert Ma\u00dfnahmen f\u00fcr die Verbesserung der Umweltleistung. Von au\u00dfen erfolgt die Pr\u00fcfung des Systems. Dies beinhaltet auch die Validierung der Umwelterkl\u00e4rung, die das Unternehmen f\u00fcr die \u00f6ffentliche Kommunikation nutzt.<\/p>\n<p><a href=\"https:\/\/eur-lex.europa.eu\/legal-content\/DE\/TXT\/?uri=CELEX:02009R1221-20230712\" target=\"_blank\" rel=\"noopener\"><span data-contrast=\"none\">EMAS-Verordnung<\/span><\/a><span data-contrast=\"auto\"> | <\/span><a href=\"https:\/\/www.emas.de\/einstieg\" target=\"_blank\" rel=\"noopener\"><span data-contrast=\"none\">Einstiegsinformationen<\/span><\/a><span data-contrast=\"auto\"> | <\/span><a href=\"https:\/\/www.emas.de\/uga-geschaeftsstelle\" target=\"_blank\" rel=\"noopener\"><span data-contrast=\"none\">Kontakt<\/span><\/a><span data-ccp-props=\"{&quot;201341983&quot;:0,&quot;335559740&quot;:324}\">\u00a0<\/span><\/p>\n<h3>We Impact<\/h3>\n<p>Basierend auf EMAS ist We Impact ein zweistufiges Nachhaltigkeitsmanagementsystem, das Unternehmen dabei unterst\u00fctzt, Nachhaltigkeit strukturiert zu steuern und ESG-Risiken systematisch zu managen.\u00a0Stufe 1 erm\u00f6glicht insbesondere KMU einen pragmatischen Einstieg. Innerhalb von etwa 4\u20136 Monaten werden die Grundlagen f\u00fcr ein belastbares Nachhaltigkeitsmanagement aufgebaut. Zentrales Ergebnis ist ein gepr\u00fcfter Nachhaltigkeitsbericht auf Basis des VSME-Standards. Nach erfolgreicher Pr\u00fcfung durch zugelassene Impact-Auditor*innen erhalten die Unternehmen das Basis-Siegel von We Impact.\u00a0In Stufe 2 wird das System zu einem vollwertigen Nachhaltigkeitsmanagement weiterentwickelt. Besteht bereits ein strukturiertes Managementsystem, dauert die Weiterentwicklung rund 4 Monate, andernfalls 8\u201312 Monate. Diese Stufe umfasst die vollst\u00e4ndige EMAS-Validierung und erweitert diese um soziale und Governance-Aspekte. Auch hier entsteht ein gepr\u00fcfter Nachhaltigkeitsbericht, der VSME-Anforderungen mit der EMAS-Umwelterkl\u00e4rung verbindet. Nach erfolgreicher Vor-Ort-Pr\u00fcfung durch zugelassene EMAS-Umweltgutachter*innen mit We-Impact-Zusatzqualifikation wird das Premium-Siegel vergeben.<\/p>\n<p><a class=\"Hyperlink SCXW101974798 BCX2\" href=\"https:\/\/we-impact.de\/wp-content\/uploads\/We-Impact-Zertifizierungsstandard-06-2024.pdf\" target=\"_blank\" rel=\"noreferrer noopener\"><span class=\"TextRun SCXW101974798 BCX2\" lang=\"DE-DE\" xml:lang=\"DE-DE\" data-contrast=\"none\"><span class=\"NormalTextRun SCXW101974798 BCX2\" data-ccp-charstyle=\"Hyperlink\">We<\/span> <span class=\"NormalTextRun SCXW101974798 BCX2\" data-ccp-charstyle=\"Hyperlink\">Impact-Zertifizier<\/span><span class=\"NormalTextRun SCXW101974798 BCX2\" data-ccp-charstyle=\"Hyperlink\">u<\/span><span class=\"NormalTextRun SCXW101974798 BCX2\" data-ccp-charstyle=\"Hyperlink\">ngsstandard<\/span><\/span><\/a><span class=\"TextRun SCXW101974798 BCX2\" lang=\"DE-DE\" xml:lang=\"DE-DE\" data-contrast=\"auto\"> <span class=\"NormalTextRun SCXW101974798 BCX2\">|<\/span> <\/span><a class=\"Hyperlink SCXW101974798 BCX2\" href=\"https:\/\/we-impact.de\/toolbox\/\" target=\"_blank\" rel=\"noreferrer noopener\"><span class=\"TextRun SCXW101974798 BCX2\" lang=\"DE-DE\" xml:lang=\"DE-DE\" data-contrast=\"none\"><span class=\"NormalTextRun SCXW101974798 BCX2\" data-ccp-charstyle=\"Hyperlink\">Einstiegsinformationen<\/span><\/span><\/a><span class=\"TextRun SCXW101974798 BCX2\" lang=\"DE-DE\" xml:lang=\"DE-DE\" data-contrast=\"auto\"> <span class=\"NormalTextRun SCXW101974798 BCX2\">|<\/span> <\/span><a class=\"Hyperlink SCXW101974798 BCX2\" href=\"https:\/\/we-impact.de\/kontakt\/\" target=\"_blank\" rel=\"noreferrer noopener\"><span class=\"TextRun SCXW101974798 BCX2\" lang=\"DE-DE\" xml:lang=\"DE-DE\" data-contrast=\"none\"><span class=\"NormalTextRun SCXW101974798 BCX2\" data-ccp-charstyle=\"Hyperlink\">Kontakt<\/span><\/span><\/a><\/p>\n<h3>Wie \u00fcberschneiden sich die drei Managementsysteme und wie lassen sie sich kombinieren?<\/h3>\n<p>Theoretisch und praktisch greifen die drei Systeme eng ineinander. Im Jahr 2023 erkannte die Europ\u00e4ische Union das \u00d6KOPROFIT\u00ae-Programm als Teil von EMAS an. So deckt ein etabliertes Umweltmanagementsystem von \u00d6KOPROFIT\u00ae gute 50 Prozent der Anforderungen von EMAS ab. Besteht also bereits ein \u00d6KOPROFIT\u00ae-Programm, verk\u00fcrzt sich die Dauer einer EMAS-Registrierung erheblich. Mit dem 2024 ver\u00f6ffentlichten Zwei-Stufen-System von We Impact haben Unternehmen die M\u00f6glichkeit, einen direkten Einstieg in ein Nachhaltigkeitsmanagementsystem zu w\u00e4hlen oder bestehende Umweltmanagementsysteme wie \u00d6KOPROFIT\u00ae oder EMAS auszubauen. Entscheidend ist in beiden F\u00e4llen, dass We Impact den Umweltbereich von ESG um soziale und Governance-Aspekte zur ganzheitlichen Nachhaltigkeitsperspektive erweitert.<\/p>\n<p>Unternehmen k\u00f6nnen folglich ihr Nachhaltigkeitsmanagement organisch von \u00d6KOPROFIT\u00ae \u00fcber EMAS zu We Impact aufbauen oder direkt mit dem anspruchsvollen Niveau eines EMAS-Umweltmanagementsystems oder We Impact starten, um ein valides bzw. ganzheitliches Nachhaltigkeitsmanagementsystem aufzubauen, wie in der Abbildung zu erkennen ist.<\/p>\n<p><a href=\"https:\/\/baumev.de\/wp-content\/uploads\/2026\/03\/Ueberblick-Nachhaltigkeitsmanagementsysteme_OeKOPROFIT_EMAS_WeImpact-Stand_8.3.26.pdf\" target=\"_blank\" rel=\"noopener\">\u00dcberblick als PDF<\/a><\/p>\n","protected":false},"excerpt":{"rendered":"<p>Was macht den Kern der drei Nachhaltigkeitsmanagement-Instrumente \u00d6KOPROFIT\u00ae, EMAS und We Impact aus? Welche Schnittmengen und Gemeinsamkeiten gibt es? Wir geben einen \u00dcberblick.<\/p>\n","protected":false},"author":2,"featured_media":17911,"comment_status":"closed","ping_status":"closed","sticky":false,"template":"","format":"standard","meta":{"_acf_changed":false,"_et_pb_use_builder":"","_et_pb_old_content":"","_et_gb_content_width":"","inline_featured_image":false,"footnotes":""},"categories":[18,15,17],"tags":[],"class_list":["post-17908","post","type-post","status-publish","format-standard","has-post-thumbnail","hentry","category-news","category-klima-energie","category-sustainable-finance-berichterstattung"],"acf":[],"yoast_head":"<!-- This site is optimized with the Yoast SEO plugin v27.2 - https:\/\/yoast.com\/product\/yoast-seo-wordpress\/ -->\n<title>\u00d6KOPROFIT\u00ae, EMAS und We Impact \u2013 Charakteristika, Schnittmengen und Gemeinsamkeiten - BAUM e.V.<\/title>\n<meta name=\"description\" content=\"Was macht den Kern der drei Nachhaltigkeitsmanagement-Instrumente aus? Welche Schnittmengen und Gemeinsamkeiten gibt es?\" \/>\n<meta name=\"robots\" content=\"index, follow, max-snippet:-1, max-image-preview:large, max-video-preview:-1\" \/>\n<link rel=\"canonical\" href=\"https:\/\/baumev.de\/en\/oekoprofit-emas-und-we-impact\/\" \/>\n<meta property=\"og:locale\" content=\"en_GB\" \/>\n<meta property=\"og:type\" content=\"article\" \/>\n<meta property=\"og:title\" content=\"\u00d6KOPROFIT\u00ae, EMAS und We Impact \u2013 Charakteristika, Schnittmengen und Gemeinsamkeiten - BAUM e.V.\" \/>\n<meta property=\"og:description\" content=\"Was macht den Kern der drei Nachhaltigkeitsmanagement-Instrumente aus? Welche Schnittmengen und Gemeinsamkeiten gibt es?\" \/>\n<meta property=\"og:url\" content=\"https:\/\/baumev.de\/en\/oekoprofit-emas-und-we-impact\/\" \/>\n<meta property=\"og:site_name\" content=\"BAUM e.V.\" \/>\n<meta property=\"article:published_time\" content=\"2026-03-09T10:38:28+00:00\" \/>\n<meta property=\"article:modified_time\" content=\"2026-03-09T15:05:56+00:00\" \/>\n<meta property=\"og:image\" content=\"https:\/\/baumev.de\/wp-content\/uploads\/2026\/03\/Grafik_Oekoprofit-EMAS-WeImpact.jpg\" \/>\n\t<meta property=\"og:image:width\" content=\"2000\" \/>\n\t<meta property=\"og:image:height\" content=\"1125\" \/>\n\t<meta property=\"og:image:type\" content=\"image\/jpeg\" \/>\n<meta name=\"author\" content=\"Katrin Wippich\" \/>\n<meta name=\"twitter:card\" content=\"summary_large_image\" \/>\n<meta name=\"twitter:label1\" content=\"Written by\" \/>\n\t<meta name=\"twitter:data1\" content=\"Katrin Wippich\" \/>\n\t<meta name=\"twitter:label2\" content=\"Estimated reading time\" \/>\n\t<meta name=\"twitter:data2\" content=\"4 minutes\" \/>\n<script type=\"application\/ld+json\" class=\"yoast-schema-graph\">{\"@context\":\"https:\/\/schema.org\",\"@graph\":[{\"@type\":\"Article\",\"@id\":\"https:\/\/baumev.de\/en\/oekoprofit-emas-und-we-impact\/#article\",\"isPartOf\":{\"@id\":\"https:\/\/baumev.de\/en\/oekoprofit-emas-und-we-impact\/\"},\"author\":{\"name\":\"Katrin Wippich\",\"@id\":\"\/#\/schema\/person\/7cca3fa2dd5ee9056656013035fb46db\"},\"headline\":\"\u00d6KOPROFIT\u00ae, EMAS und We Impact \u2013 Charakteristika, Schnittmengen und Gemeinsamkeiten\",\"datePublished\":\"2026-03-09T10:38:28+00:00\",\"dateModified\":\"2026-03-09T15:05:56+00:00\",\"mainEntityOfPage\":{\"@id\":\"https:\/\/baumev.de\/en\/oekoprofit-emas-und-we-impact\/\"},\"wordCount\":640,\"publisher\":{\"@id\":\"\/#organization\"},\"image\":{\"@id\":\"https:\/\/baumev.de\/en\/oekoprofit-emas-und-we-impact\/#primaryimage\"},\"thumbnailUrl\":\"https:\/\/baumev.de\/wp-content\/uploads\/2026\/03\/Grafik_Oekoprofit-EMAS-WeImpact.jpg\",\"articleSection\":[\"Einblicke &amp; Perspektiven\",\"Klima &amp; Energie\",\"Sustainable Finance &amp; Berichterstattung\"],\"inLanguage\":\"en-GB\"},{\"@type\":\"WebPage\",\"@id\":\"https:\/\/baumev.de\/en\/oekoprofit-emas-und-we-impact\/\",\"url\":\"https:\/\/baumev.de\/en\/oekoprofit-emas-und-we-impact\/\",\"name\":\"\u00d6KOPROFIT\u00ae, EMAS und We Impact \u2013 Charakteristika, Schnittmengen und Gemeinsamkeiten - BAUM e.V.\",\"isPartOf\":{\"@id\":\"\/#website\"},\"primaryImageOfPage\":{\"@id\":\"https:\/\/baumev.de\/en\/oekoprofit-emas-und-we-impact\/#primaryimage\"},\"image\":{\"@id\":\"https:\/\/baumev.de\/en\/oekoprofit-emas-und-we-impact\/#primaryimage\"},\"thumbnailUrl\":\"https:\/\/baumev.de\/wp-content\/uploads\/2026\/03\/Grafik_Oekoprofit-EMAS-WeImpact.jpg\",\"datePublished\":\"2026-03-09T10:38:28+00:00\",\"dateModified\":\"2026-03-09T15:05:56+00:00\",\"description\":\"Was macht den Kern der drei Nachhaltigkeitsmanagement-Instrumente aus? Welche Schnittmengen und Gemeinsamkeiten gibt es?\",\"breadcrumb\":{\"@id\":\"https:\/\/baumev.de\/en\/oekoprofit-emas-und-we-impact\/#breadcrumb\"},\"inLanguage\":\"en-GB\",\"potentialAction\":[{\"@type\":\"ReadAction\",\"target\":[\"https:\/\/baumev.de\/en\/oekoprofit-emas-und-we-impact\/\"]}]},{\"@type\":\"ImageObject\",\"inLanguage\":\"en-GB\",\"@id\":\"https:\/\/baumev.de\/en\/oekoprofit-emas-und-we-impact\/#primaryimage\",\"url\":\"https:\/\/baumev.de\/wp-content\/uploads\/2026\/03\/Grafik_Oekoprofit-EMAS-WeImpact.jpg\",\"contentUrl\":\"https:\/\/baumev.de\/wp-content\/uploads\/2026\/03\/Grafik_Oekoprofit-EMAS-WeImpact.jpg\",\"width\":2000,\"height\":1125,\"caption\":\"\u00d6KOPROFIT\u00ae, EMAS und We Impact \u2013 \u00dcberschneidungen der einzelnen Systeme\"},{\"@type\":\"BreadcrumbList\",\"@id\":\"https:\/\/baumev.de\/en\/oekoprofit-emas-und-we-impact\/#breadcrumb\",\"itemListElement\":[{\"@type\":\"ListItem\",\"position\":1,\"name\":\"Startseite\",\"item\":\"https:\/\/baumev.de\/en\/\"},{\"@type\":\"ListItem\",\"position\":2,\"name\":\"\u00d6KOPROFIT\u00ae, EMAS und We Impact \u2013 Charakteristika, Schnittmengen und Gemeinsamkeiten\"}]},{\"@type\":\"WebSite\",\"@id\":\"\/#website\",\"url\":\"\/\",\"name\":\"BAUM e.V.\",\"description\":\"BAUM e.V. \u2013 Netzwerk f\u00fcr nachhaltiges Wirtschaften\",\"publisher\":{\"@id\":\"\/#organization\"},\"potentialAction\":[{\"@type\":\"SearchAction\",\"target\":{\"@type\":\"EntryPoint\",\"urlTemplate\":\"\/?s={search_term_string}\"},\"query-input\":{\"@type\":\"PropertyValueSpecification\",\"valueRequired\":true,\"valueName\":\"search_term_string\"}}],\"inLanguage\":\"en-GB\"},{\"@type\":\"Organization\",\"@id\":\"\/#organization\",\"name\":\"BAUM e.V.\",\"alternateName\":\"Bundesdeutscher Arbeitskreis f\u00fcr Umweltbewusstes Management\",\"url\":\"\/\",\"logo\":{\"@type\":\"ImageObject\",\"inLanguage\":\"en-GB\",\"@id\":\"\/#\/schema\/logo\/image\/\",\"url\":\"https:\/\/baumev.de\/wp-content\/uploads\/2025\/04\/Element-1.svg\",\"contentUrl\":\"https:\/\/baumev.de\/wp-content\/uploads\/2025\/04\/Element-1.svg\",\"width\":\"1024\",\"height\":\"1024\",\"caption\":\"BAUM e.V.\"},\"image\":{\"@id\":\"\/#\/schema\/logo\/image\/\"},\"sameAs\":[\"https:\/\/www.linkedin.com\/company\/baum-ev\"]},{\"@type\":\"Person\",\"@id\":\"\/#\/schema\/person\/7cca3fa2dd5ee9056656013035fb46db\",\"name\":\"Katrin Wippich\"}]}<\/script>\n<!-- \/ Yoast SEO plugin. -->","yoast_head_json":{"title":"\u00d6KOPROFIT\u00ae, EMAS und We Impact \u2013 Charakteristika, Schnittmengen und Gemeinsamkeiten - BAUM e.V.","description":"Was macht den Kern der drei Nachhaltigkeitsmanagement-Instrumente aus? Welche Schnittmengen und Gemeinsamkeiten gibt es?","robots":{"index":"index","follow":"follow","max-snippet":"max-snippet:-1","max-image-preview":"max-image-preview:large","max-video-preview":"max-video-preview:-1"},"canonical":"https:\/\/baumev.de\/en\/oekoprofit-emas-und-we-impact\/","og_locale":"en_GB","og_type":"article","og_title":"\u00d6KOPROFIT\u00ae, EMAS und We Impact \u2013 Charakteristika, Schnittmengen und Gemeinsamkeiten - BAUM e.V.","og_description":"Was macht den Kern der drei Nachhaltigkeitsmanagement-Instrumente aus? Welche Schnittmengen und Gemeinsamkeiten gibt es?","og_url":"https:\/\/baumev.de\/en\/oekoprofit-emas-und-we-impact\/","og_site_name":"BAUM e.V.","article_published_time":"2026-03-09T10:38:28+00:00","article_modified_time":"2026-03-09T15:05:56+00:00","og_image":[{"width":2000,"height":1125,"url":"https:\/\/baumev.de\/wp-content\/uploads\/2026\/03\/Grafik_Oekoprofit-EMAS-WeImpact.jpg","type":"image\/jpeg"}],"author":"Katrin Wippich","twitter_card":"summary_large_image","twitter_misc":{"Written by":"Katrin Wippich","Estimated reading time":"4 minutes"},"schema":{"@context":"https:\/\/schema.org","@graph":[{"@type":"Article","@id":"https:\/\/baumev.de\/en\/oekoprofit-emas-und-we-impact\/#article","isPartOf":{"@id":"https:\/\/baumev.de\/en\/oekoprofit-emas-und-we-impact\/"},"author":{"name":"Katrin Wippich","@id":"\/#\/schema\/person\/7cca3fa2dd5ee9056656013035fb46db"},"headline":"\u00d6KOPROFIT\u00ae, EMAS und We Impact \u2013 Charakteristika, Schnittmengen und Gemeinsamkeiten","datePublished":"2026-03-09T10:38:28+00:00","dateModified":"2026-03-09T15:05:56+00:00","mainEntityOfPage":{"@id":"https:\/\/baumev.de\/en\/oekoprofit-emas-und-we-impact\/"},"wordCount":640,"publisher":{"@id":"\/#organization"},"image":{"@id":"https:\/\/baumev.de\/en\/oekoprofit-emas-und-we-impact\/#primaryimage"},"thumbnailUrl":"https:\/\/baumev.de\/wp-content\/uploads\/2026\/03\/Grafik_Oekoprofit-EMAS-WeImpact.jpg","articleSection":["Einblicke &amp; Perspektiven","Klima &amp; Energie","Sustainable Finance &amp; Berichterstattung"],"inLanguage":"en-GB"},{"@type":"WebPage","@id":"https:\/\/baumev.de\/en\/oekoprofit-emas-und-we-impact\/","url":"https:\/\/baumev.de\/en\/oekoprofit-emas-und-we-impact\/","name":"\u00d6KOPROFIT\u00ae, EMAS und We Impact \u2013 Charakteristika, Schnittmengen und Gemeinsamkeiten - BAUM e.V.","isPartOf":{"@id":"\/#website"},"primaryImageOfPage":{"@id":"https:\/\/baumev.de\/en\/oekoprofit-emas-und-we-impact\/#primaryimage"},"image":{"@id":"https:\/\/baumev.de\/en\/oekoprofit-emas-und-we-impact\/#primaryimage"},"thumbnailUrl":"https:\/\/baumev.de\/wp-content\/uploads\/2026\/03\/Grafik_Oekoprofit-EMAS-WeImpact.jpg","datePublished":"2026-03-09T10:38:28+00:00","dateModified":"2026-03-09T15:05:56+00:00","description":"Was macht den Kern der drei Nachhaltigkeitsmanagement-Instrumente aus? Welche Schnittmengen und Gemeinsamkeiten gibt es?","breadcrumb":{"@id":"https:\/\/baumev.de\/en\/oekoprofit-emas-und-we-impact\/#breadcrumb"},"inLanguage":"en-GB","potentialAction":[{"@type":"ReadAction","target":["https:\/\/baumev.de\/en\/oekoprofit-emas-und-we-impact\/"]}]},{"@type":"ImageObject","inLanguage":"en-GB","@id":"https:\/\/baumev.de\/en\/oekoprofit-emas-und-we-impact\/#primaryimage","url":"https:\/\/baumev.de\/wp-content\/uploads\/2026\/03\/Grafik_Oekoprofit-EMAS-WeImpact.jpg","contentUrl":"https:\/\/baumev.de\/wp-content\/uploads\/2026\/03\/Grafik_Oekoprofit-EMAS-WeImpact.jpg","width":2000,"height":1125,"caption":"\u00d6KOPROFIT\u00ae, EMAS und We Impact \u2013 \u00dcberschneidungen der einzelnen Systeme"},{"@type":"BreadcrumbList","@id":"https:\/\/baumev.de\/en\/oekoprofit-emas-und-we-impact\/#breadcrumb","itemListElement":[{"@type":"ListItem","position":1,"name":"Startseite","item":"https:\/\/baumev.de\/en\/"},{"@type":"ListItem","position":2,"name":"\u00d6KOPROFIT\u00ae, EMAS und We Impact \u2013 Charakteristika, Schnittmengen und Gemeinsamkeiten"}]},{"@type":"WebSite","@id":"\/#website","url":"\/","name":"BAUM e.V.","description":"BAUM e.V. \u2013 Netzwerk f\u00fcr nachhaltiges Wirtschaften","publisher":{"@id":"\/#organization"},"potentialAction":[{"@type":"SearchAction","target":{"@type":"EntryPoint","urlTemplate":"\/?s={search_term_string}"},"query-input":{"@type":"PropertyValueSpecification","valueRequired":true,"valueName":"search_term_string"}}],"inLanguage":"en-GB"},{"@type":"Organization","@id":"\/#organization","name":"BAUM e.V.","alternateName":"Bundesdeutscher Arbeitskreis f\u00fcr Umweltbewusstes Management","url":"\/","logo":{"@type":"ImageObject","inLanguage":"en-GB","@id":"\/#\/schema\/logo\/image\/","url":"https:\/\/baumev.de\/wp-content\/uploads\/2025\/04\/Element-1.svg","contentUrl":"https:\/\/baumev.de\/wp-content\/uploads\/2025\/04\/Element-1.svg","width":"1024","height":"1024","caption":"BAUM e.V."},"image":{"@id":"\/#\/schema\/logo\/image\/"},"sameAs":["https:\/\/www.linkedin.com\/company\/baum-ev"]},{"@type":"Person","@id":"\/#\/schema\/person\/7cca3fa2dd5ee9056656013035fb46db","name":"Katrin Wippich"}]}},"_links":{"self":[{"href":"https:\/\/baumev.de\/en\/wp-json\/wp\/v2\/posts\/17908","targetHints":{"allow":["GET"]}}],"collection":[{"href":"https:\/\/baumev.de\/en\/wp-json\/wp\/v2\/posts"}],"about":[{"href":"https:\/\/baumev.de\/en\/wp-json\/wp\/v2\/types\/post"}],"author":[{"embeddable":true,"href":"https:\/\/baumev.de\/en\/wp-json\/wp\/v2\/users\/2"}],"replies":[{"embeddable":true,"href":"https:\/\/baumev.de\/en\/wp-json\/wp\/v2\/comments?post=17908"}],"version-history":[{"count":3,"href":"https:\/\/baumev.de\/en\/wp-json\/wp\/v2\/posts\/17908\/revisions"}],"predecessor-version":[{"id":17913,"href":"https:\/\/baumev.de\/en\/wp-json\/wp\/v2\/posts\/17908\/revisions\/17913"}],"wp:featuredmedia":[{"embeddable":true,"href":"https:\/\/baumev.de\/en\/wp-json\/wp\/v2\/media\/17911"}],"wp:attachment":[{"href":"https:\/\/baumev.de\/en\/wp-json\/wp\/v2\/media?parent=17908"}],"wp:term":[{"taxonomy":"category","embeddable":true,"href":"https:\/\/baumev.de\/en\/wp-json\/wp\/v2\/categories?post=17908"},{"taxonomy":"post_tag","embeddable":true,"href":"https:\/\/baumev.de\/en\/wp-json\/wp\/v2\/tags?post=17908"}],"curies":[{"name":"wp","href":"https:\/\/api.w.org\/{rel}","templated":true}]}}