{"id":1802,"date":"2025-03-27T12:26:58","date_gmt":"2025-03-27T11:26:58","guid":{"rendered":"https:\/\/baumev.de\/?p=1802"},"modified":"2025-09-01T15:36:46","modified_gmt":"2025-09-01T13:36:46","slug":"baum-positionspapier-fuer-ein-zukunftsfaehiges-marktdesign","status":"publish","type":"post","link":"https:\/\/baumev.de\/en\/baum-positionspapier-fuer-ein-zukunftsfaehiges-marktdesign\/","title":{"rendered":"BAUM-Positionspapier f\u00fcr ein zukunftsf\u00e4higes Marktdesign"},"content":{"rendered":"<p style=\"font-weight: 400;\">BAUM e.V. setzt sich f\u00fcr eine zukunftsorientierte, weitsichtige Transformation der deutschen und europ\u00e4ischen Wirtschaft ein. Zur grundlegenden Neugestaltung der Marktbedingungen geh\u00f6rt ein marktbasiertes Anreizmodell, das auf den neu geschaffenen europ\u00e4ischen Transparenzstandards aufbaut und deren ambitionierte Umsetzung durch Unternehmen zu einem realen Wettbewerbsvorteil macht.<\/p>\n<p style=\"font-weight: 400;\">Das\u00a0<a href=\"https:\/\/baumev.de\/wp-content\/uploads\/2025\/05\/BAUM-Position-zukunftsfaehiges-Marktdesign.pdf\">Positionspapier\u00a0<\/a>verkn\u00fcpft das Anreizkonzept f\u00fcr ein zukunftsf\u00e4higes Marktdesign eng mit den Anforderungen der Corporate Sustainability Reporting Directive (CSRD) und etablierten Methoden des Impact Assessments. Die CSRD schafft durch verbindliche Berichtsstandards Transparenz \u00fcber die Nachhaltigkeitsleistung von Unternehmen und regt an, \u00f6kologische und soziale Faktoren in ihre Gesch\u00e4ftsstrategien zu integrieren. Das vorgeschlagene Anreizsystem baut darauf auf, indem es Unternehmen, die Nachhaltigkeitsrisiken systematisch erfassen und steuern, regulatorische und finanzielle Vorteile verschafft \u2013 beispielsweise durch erleichterten Zugang zu Kapital oder steuerliche Erleichterungen. Damit werden Wettbewerbsverzerrungen im aktuellen Marktdesign behoben. Das Konzept setzt auf eine pr\u00e4zisere Bepreisung externer Effekte, sodass Unternehmen, die durch ihre Gesch\u00e4ftsmodelle positive Wirkungen erzeugen, gesellschaftliche und \u00f6kologische Gemeinschafts- und Folgekosten vermeiden, wirtschaftliche Wettbewerbsvorteile erhalten. Damit f\u00f6rdert es nicht nur die Transformation hin zu nachhaltigen Gesch\u00e4ftsmodellen, sondern schafft auch eine verl\u00e4ssliche Grundlage f\u00fcr Investitionen in zukunftsf\u00e4hige Unternehmen und Innovationen.<\/p>\n<p style=\"font-weight: 400;\">Zudem betont das Papier die Notwendigkeit einer st\u00e4rkeren Verkn\u00fcpfung zwischen Finanzm\u00e4rkten und nachhaltigen Investitionen, um Transformationsprozesse zu beschleunigen. Eine effektive Governance, transparente Berichtspflichten und die Einbindung aller relevanten Stakeholder sind zentrale\u00a0Elemente f\u00fcr ein resilientes Wirtschaftssystem.<\/p>\n<p style=\"font-weight: 400;\">Das Papier wird in den kommenden Monaten mit den neu konstituierten Gremien von BAUM \u2013 dem Beirat Unternehmen und dem Kuratorium Wissenschaft \u2013 weiter diskutiert und konsolidiert. Eine erste Arbeitsgruppe dazu trifft sich am 5. Mai 17 bis 18 Uhr, weitere Termine folgen.<\/p>\n<p style=\"font-weight: 400;\">Bei der\u00a0<a href=\"https:\/\/baumev.de\/baum-tagung\/\">BAUM Tagung am 11.\/12. November 2025 in Dortmund<\/a>\u00a0unter dem Thema &#8220;Welche Wirtschaft wollen wir? Zukunftsbilder f\u00fcr nachhaltige Wirtschaft und Gesellschaft&#8221; wird es Gegenstand des politischen Hintergrundgespr\u00e4chs und weiterer Diskussionen sein.<\/p>\n","protected":false},"excerpt":{"rendered":"<p>BAUM e.V. setzt sich f\u00fcr eine zukunftsorientierte, weitsichtige Transformation der deutschen und europ\u00e4ischen Wirtschaft ein. Zur grundlegenden Neugestaltung der Marktbedingungen geh\u00f6rt ein marktbasiertes Anreizmodell, das auf den neu geschaffenen europ\u00e4ischen Transparenzstandards aufbaut.<\/p>\n","protected":false},"author":1,"featured_media":9159,"comment_status":"closed","ping_status":"open","sticky":false,"template":"","format":"standard","meta":{"_acf_changed":false,"_et_pb_use_builder":"","_et_pb_old_content":"","_et_gb_content_width":"","inline_featured_image":false,"footnotes":""},"categories":[44],"tags":[],"class_list":["post-1802","post","type-post","status-publish","format-standard","has-post-thumbnail","hentry","category-news"],"acf":[],"yoast_head":"<!-- This site is optimized with the Yoast SEO plugin v27.2 - https:\/\/yoast.com\/product\/yoast-seo-wordpress\/ -->\n<title>BAUM-Positionspapier f\u00fcr ein zukunftsf\u00e4higes Marktdesign - BAUM e.V.<\/title>\n<meta name=\"robots\" content=\"index, follow, max-snippet:-1, max-image-preview:large, max-video-preview:-1\" \/>\n<link rel=\"canonical\" href=\"https:\/\/baumev.de\/en\/baum-positionspapier-fuer-ein-zukunftsfaehiges-marktdesign\/\" \/>\n<meta property=\"og:locale\" content=\"en_GB\" \/>\n<meta property=\"og:type\" content=\"article\" \/>\n<meta property=\"og:title\" content=\"BAUM-Positionspapier f\u00fcr ein zukunftsf\u00e4higes Marktdesign - BAUM e.V.\" \/>\n<meta property=\"og:description\" content=\"BAUM e.V. setzt sich f\u00fcr eine zukunftsorientierte, weitsichtige Transformation der deutschen und europ\u00e4ischen Wirtschaft ein. Zur grundlegenden Neugestaltung der Marktbedingungen geh\u00f6rt ein marktbasiertes Anreizmodell, das auf den neu geschaffenen europ\u00e4ischen Transparenzstandards aufbaut.\" \/>\n<meta property=\"og:url\" content=\"https:\/\/baumev.de\/en\/baum-positionspapier-fuer-ein-zukunftsfaehiges-marktdesign\/\" \/>\n<meta property=\"og:site_name\" content=\"BAUM e.V.\" \/>\n<meta property=\"article:published_time\" content=\"2025-03-27T11:26:58+00:00\" \/>\n<meta property=\"article:modified_time\" content=\"2025-09-01T13:36:46+00:00\" \/>\n<meta property=\"og:image\" content=\"https:\/\/baumev.de\/wp-content\/uploads\/2024\/11\/BAUM-Logo-mit-Claim_16zu9.png\" \/>\n\t<meta property=\"og:image:width\" content=\"2000\" \/>\n\t<meta property=\"og:image:height\" content=\"1125\" \/>\n\t<meta property=\"og:image:type\" content=\"image\/png\" \/>\n<meta name=\"author\" content=\"rittweger\" \/>\n<meta name=\"twitter:card\" content=\"summary_large_image\" \/>\n<meta name=\"twitter:label1\" content=\"Written by\" \/>\n\t<meta name=\"twitter:data1\" content=\"rittweger\" \/>\n\t<meta name=\"twitter:label2\" content=\"Estimated reading time\" \/>\n\t<meta name=\"twitter:data2\" content=\"2 minutes\" \/>\n<script type=\"application\/ld+json\" class=\"yoast-schema-graph\">{\"@context\":\"https:\/\/schema.org\",\"@graph\":[{\"@type\":\"Article\",\"@id\":\"https:\/\/baumev.de\/en\/baum-positionspapier-fuer-ein-zukunftsfaehiges-marktdesign\/#article\",\"isPartOf\":{\"@id\":\"https:\/\/baumev.de\/en\/baum-positionspapier-fuer-ein-zukunftsfaehiges-marktdesign\/\"},\"author\":{\"name\":\"rittweger\",\"@id\":\"\/#\/schema\/person\/7cbf92b816dba32080d06186956546dd\"},\"headline\":\"BAUM-Positionspapier f\u00fcr ein zukunftsf\u00e4higes Marktdesign\",\"datePublished\":\"2025-03-27T11:26:58+00:00\",\"dateModified\":\"2025-09-01T13:36:46+00:00\",\"mainEntityOfPage\":{\"@id\":\"https:\/\/baumev.de\/en\/baum-positionspapier-fuer-ein-zukunftsfaehiges-marktdesign\/\"},\"wordCount\":314,\"publisher\":{\"@id\":\"\/#organization\"},\"image\":{\"@id\":\"https:\/\/baumev.de\/en\/baum-positionspapier-fuer-ein-zukunftsfaehiges-marktdesign\/#primaryimage\"},\"thumbnailUrl\":\"https:\/\/baumev.de\/wp-content\/uploads\/2025\/09\/Icon_Standpunkt.svg\",\"articleSection\":[\"Insights &amp; Perspectives\"],\"inLanguage\":\"en-GB\"},{\"@type\":\"WebPage\",\"@id\":\"https:\/\/baumev.de\/en\/baum-positionspapier-fuer-ein-zukunftsfaehiges-marktdesign\/\",\"url\":\"https:\/\/baumev.de\/en\/baum-positionspapier-fuer-ein-zukunftsfaehiges-marktdesign\/\",\"name\":\"BAUM-Positionspapier f\u00fcr ein zukunftsf\u00e4higes Marktdesign - BAUM e.V.\",\"isPartOf\":{\"@id\":\"\/#website\"},\"primaryImageOfPage\":{\"@id\":\"https:\/\/baumev.de\/en\/baum-positionspapier-fuer-ein-zukunftsfaehiges-marktdesign\/#primaryimage\"},\"image\":{\"@id\":\"https:\/\/baumev.de\/en\/baum-positionspapier-fuer-ein-zukunftsfaehiges-marktdesign\/#primaryimage\"},\"thumbnailUrl\":\"https:\/\/baumev.de\/wp-content\/uploads\/2025\/09\/Icon_Standpunkt.svg\",\"datePublished\":\"2025-03-27T11:26:58+00:00\",\"dateModified\":\"2025-09-01T13:36:46+00:00\",\"breadcrumb\":{\"@id\":\"https:\/\/baumev.de\/en\/baum-positionspapier-fuer-ein-zukunftsfaehiges-marktdesign\/#breadcrumb\"},\"inLanguage\":\"en-GB\",\"potentialAction\":[{\"@type\":\"ReadAction\",\"target\":[\"https:\/\/baumev.de\/en\/baum-positionspapier-fuer-ein-zukunftsfaehiges-marktdesign\/\"]}]},{\"@type\":\"ImageObject\",\"inLanguage\":\"en-GB\",\"@id\":\"https:\/\/baumev.de\/en\/baum-positionspapier-fuer-ein-zukunftsfaehiges-marktdesign\/#primaryimage\",\"url\":\"https:\/\/baumev.de\/wp-content\/uploads\/2025\/09\/Icon_Standpunkt.svg\",\"contentUrl\":\"https:\/\/baumev.de\/wp-content\/uploads\/2025\/09\/Icon_Standpunkt.svg\",\"width\":2000,\"height\":1125,\"caption\":\"Icon mit dem Schriftzug \\\"Standpunkt\\\"\"},{\"@type\":\"BreadcrumbList\",\"@id\":\"https:\/\/baumev.de\/en\/baum-positionspapier-fuer-ein-zukunftsfaehiges-marktdesign\/#breadcrumb\",\"itemListElement\":[{\"@type\":\"ListItem\",\"position\":1,\"name\":\"Startseite\",\"item\":\"https:\/\/baumev.de\/en\/\"},{\"@type\":\"ListItem\",\"position\":2,\"name\":\"BAUM-Positionspapier f\u00fcr ein zukunftsf\u00e4higes Marktdesign\"}]},{\"@type\":\"WebSite\",\"@id\":\"\/#website\",\"url\":\"\/\",\"name\":\"BAUM e.V.\",\"description\":\"BAUM e.V. \u2013 Netzwerk f\u00fcr nachhaltiges Wirtschaften\",\"publisher\":{\"@id\":\"\/#organization\"},\"potentialAction\":[{\"@type\":\"SearchAction\",\"target\":{\"@type\":\"EntryPoint\",\"urlTemplate\":\"\/?s={search_term_string}\"},\"query-input\":{\"@type\":\"PropertyValueSpecification\",\"valueRequired\":true,\"valueName\":\"search_term_string\"}}],\"inLanguage\":\"en-GB\"},{\"@type\":\"Organization\",\"@id\":\"\/#organization\",\"name\":\"BAUM e.V.\",\"alternateName\":\"Bundesdeutscher Arbeitskreis f\u00fcr Umweltbewusstes Management\",\"url\":\"\/\",\"logo\":{\"@type\":\"ImageObject\",\"inLanguage\":\"en-GB\",\"@id\":\"\/#\/schema\/logo\/image\/\",\"url\":\"https:\/\/baumev.de\/wp-content\/uploads\/2025\/04\/Element-1.svg\",\"contentUrl\":\"https:\/\/baumev.de\/wp-content\/uploads\/2025\/04\/Element-1.svg\",\"width\":\"1024\",\"height\":\"1024\",\"caption\":\"BAUM e.V.\"},\"image\":{\"@id\":\"\/#\/schema\/logo\/image\/\"},\"sameAs\":[\"https:\/\/www.linkedin.com\/company\/baum-ev\"]},{\"@type\":\"Person\",\"@id\":\"\/#\/schema\/person\/7cbf92b816dba32080d06186956546dd\",\"name\":\"rittweger\",\"sameAs\":[\"http:\/\/baumev.de\"]}]}<\/script>\n<!-- \/ Yoast SEO plugin. -->","yoast_head_json":{"title":"BAUM-Positionspapier f\u00fcr ein zukunftsf\u00e4higes Marktdesign - BAUM e.V.","robots":{"index":"index","follow":"follow","max-snippet":"max-snippet:-1","max-image-preview":"max-image-preview:large","max-video-preview":"max-video-preview:-1"},"canonical":"https:\/\/baumev.de\/en\/baum-positionspapier-fuer-ein-zukunftsfaehiges-marktdesign\/","og_locale":"en_GB","og_type":"article","og_title":"BAUM-Positionspapier f\u00fcr ein zukunftsf\u00e4higes Marktdesign - BAUM e.V.","og_description":"BAUM e.V. setzt sich f\u00fcr eine zukunftsorientierte, weitsichtige Transformation der deutschen und europ\u00e4ischen Wirtschaft ein. Zur grundlegenden Neugestaltung der Marktbedingungen geh\u00f6rt ein marktbasiertes Anreizmodell, das auf den neu geschaffenen europ\u00e4ischen Transparenzstandards aufbaut.","og_url":"https:\/\/baumev.de\/en\/baum-positionspapier-fuer-ein-zukunftsfaehiges-marktdesign\/","og_site_name":"BAUM e.V.","article_published_time":"2025-03-27T11:26:58+00:00","article_modified_time":"2025-09-01T13:36:46+00:00","og_image":[{"width":2000,"height":1125,"url":"https:\/\/baumev.de\/wp-content\/uploads\/2024\/11\/BAUM-Logo-mit-Claim_16zu9.png","type":"image\/png"}],"author":"rittweger","twitter_card":"summary_large_image","twitter_misc":{"Written by":"rittweger","Estimated reading time":"2 minutes"},"schema":{"@context":"https:\/\/schema.org","@graph":[{"@type":"Article","@id":"https:\/\/baumev.de\/en\/baum-positionspapier-fuer-ein-zukunftsfaehiges-marktdesign\/#article","isPartOf":{"@id":"https:\/\/baumev.de\/en\/baum-positionspapier-fuer-ein-zukunftsfaehiges-marktdesign\/"},"author":{"name":"rittweger","@id":"\/#\/schema\/person\/7cbf92b816dba32080d06186956546dd"},"headline":"BAUM-Positionspapier f\u00fcr ein zukunftsf\u00e4higes Marktdesign","datePublished":"2025-03-27T11:26:58+00:00","dateModified":"2025-09-01T13:36:46+00:00","mainEntityOfPage":{"@id":"https:\/\/baumev.de\/en\/baum-positionspapier-fuer-ein-zukunftsfaehiges-marktdesign\/"},"wordCount":314,"publisher":{"@id":"\/#organization"},"image":{"@id":"https:\/\/baumev.de\/en\/baum-positionspapier-fuer-ein-zukunftsfaehiges-marktdesign\/#primaryimage"},"thumbnailUrl":"https:\/\/baumev.de\/wp-content\/uploads\/2025\/09\/Icon_Standpunkt.svg","articleSection":["Insights &amp; Perspectives"],"inLanguage":"en-GB"},{"@type":"WebPage","@id":"https:\/\/baumev.de\/en\/baum-positionspapier-fuer-ein-zukunftsfaehiges-marktdesign\/","url":"https:\/\/baumev.de\/en\/baum-positionspapier-fuer-ein-zukunftsfaehiges-marktdesign\/","name":"BAUM-Positionspapier f\u00fcr ein zukunftsf\u00e4higes Marktdesign - BAUM e.V.","isPartOf":{"@id":"\/#website"},"primaryImageOfPage":{"@id":"https:\/\/baumev.de\/en\/baum-positionspapier-fuer-ein-zukunftsfaehiges-marktdesign\/#primaryimage"},"image":{"@id":"https:\/\/baumev.de\/en\/baum-positionspapier-fuer-ein-zukunftsfaehiges-marktdesign\/#primaryimage"},"thumbnailUrl":"https:\/\/baumev.de\/wp-content\/uploads\/2025\/09\/Icon_Standpunkt.svg","datePublished":"2025-03-27T11:26:58+00:00","dateModified":"2025-09-01T13:36:46+00:00","breadcrumb":{"@id":"https:\/\/baumev.de\/en\/baum-positionspapier-fuer-ein-zukunftsfaehiges-marktdesign\/#breadcrumb"},"inLanguage":"en-GB","potentialAction":[{"@type":"ReadAction","target":["https:\/\/baumev.de\/en\/baum-positionspapier-fuer-ein-zukunftsfaehiges-marktdesign\/"]}]},{"@type":"ImageObject","inLanguage":"en-GB","@id":"https:\/\/baumev.de\/en\/baum-positionspapier-fuer-ein-zukunftsfaehiges-marktdesign\/#primaryimage","url":"https:\/\/baumev.de\/wp-content\/uploads\/2025\/09\/Icon_Standpunkt.svg","contentUrl":"https:\/\/baumev.de\/wp-content\/uploads\/2025\/09\/Icon_Standpunkt.svg","width":2000,"height":1125,"caption":"Icon mit dem Schriftzug \"Standpunkt\""},{"@type":"BreadcrumbList","@id":"https:\/\/baumev.de\/en\/baum-positionspapier-fuer-ein-zukunftsfaehiges-marktdesign\/#breadcrumb","itemListElement":[{"@type":"ListItem","position":1,"name":"Startseite","item":"https:\/\/baumev.de\/en\/"},{"@type":"ListItem","position":2,"name":"BAUM-Positionspapier f\u00fcr ein zukunftsf\u00e4higes Marktdesign"}]},{"@type":"WebSite","@id":"\/#website","url":"\/","name":"BAUM e.V.","description":"BAUM e.V. \u2013 Netzwerk f\u00fcr nachhaltiges Wirtschaften","publisher":{"@id":"\/#organization"},"potentialAction":[{"@type":"SearchAction","target":{"@type":"EntryPoint","urlTemplate":"\/?s={search_term_string}"},"query-input":{"@type":"PropertyValueSpecification","valueRequired":true,"valueName":"search_term_string"}}],"inLanguage":"en-GB"},{"@type":"Organization","@id":"\/#organization","name":"BAUM e.V.","alternateName":"Bundesdeutscher Arbeitskreis f\u00fcr Umweltbewusstes Management","url":"\/","logo":{"@type":"ImageObject","inLanguage":"en-GB","@id":"\/#\/schema\/logo\/image\/","url":"https:\/\/baumev.de\/wp-content\/uploads\/2025\/04\/Element-1.svg","contentUrl":"https:\/\/baumev.de\/wp-content\/uploads\/2025\/04\/Element-1.svg","width":"1024","height":"1024","caption":"BAUM e.V."},"image":{"@id":"\/#\/schema\/logo\/image\/"},"sameAs":["https:\/\/www.linkedin.com\/company\/baum-ev"]},{"@type":"Person","@id":"\/#\/schema\/person\/7cbf92b816dba32080d06186956546dd","name":"rittweger","sameAs":["http:\/\/baumev.de"]}]}},"_links":{"self":[{"href":"https:\/\/baumev.de\/en\/wp-json\/wp\/v2\/posts\/1802","targetHints":{"allow":["GET"]}}],"collection":[{"href":"https:\/\/baumev.de\/en\/wp-json\/wp\/v2\/posts"}],"about":[{"href":"https:\/\/baumev.de\/en\/wp-json\/wp\/v2\/types\/post"}],"author":[{"embeddable":true,"href":"https:\/\/baumev.de\/en\/wp-json\/wp\/v2\/users\/1"}],"replies":[{"embeddable":true,"href":"https:\/\/baumev.de\/en\/wp-json\/wp\/v2\/comments?post=1802"}],"version-history":[{"count":3,"href":"https:\/\/baumev.de\/en\/wp-json\/wp\/v2\/posts\/1802\/revisions"}],"predecessor-version":[{"id":6200,"href":"https:\/\/baumev.de\/en\/wp-json\/wp\/v2\/posts\/1802\/revisions\/6200"}],"wp:featuredmedia":[{"embeddable":true,"href":"https:\/\/baumev.de\/en\/wp-json\/wp\/v2\/media\/9159"}],"wp:attachment":[{"href":"https:\/\/baumev.de\/en\/wp-json\/wp\/v2\/media?parent=1802"}],"wp:term":[{"taxonomy":"category","embeddable":true,"href":"https:\/\/baumev.de\/en\/wp-json\/wp\/v2\/categories?post=1802"},{"taxonomy":"post_tag","embeddable":true,"href":"https:\/\/baumev.de\/en\/wp-json\/wp\/v2\/tags?post=1802"}],"curies":[{"name":"wp","href":"https:\/\/api.w.org\/{rel}","templated":true}]}}