{"id":19646,"date":"2026-04-09T10:45:07","date_gmt":"2026-04-09T08:45:07","guid":{"rendered":"https:\/\/baumev.de\/?p=19646"},"modified":"2026-04-09T10:45:07","modified_gmt":"2026-04-09T08:45:07","slug":"ein-unermuedlicher-kaempfer-fuer-das-gute-in-gedenken-an-burkhard-remmers","status":"publish","type":"post","link":"https:\/\/baumev.de\/en\/ein-unermuedlicher-kaempfer-fuer-das-gute-in-gedenken-an-burkhard-remmers\/","title":{"rendered":"Ein unerm\u00fcdlicher K\u00e4mpfer f\u00fcr das Gute: In Gedenken an Burkhard Remmers"},"content":{"rendered":"<p>Am 18. M\u00e4rz verstarb der langj\u00e4hrige Pressesprecher und Leiter Unternehmenskommunikation des B\u00fcrom\u00f6belherstellers Wilkhahn. Burkhard Remmers pr\u00e4gte \u00fcber 30 Jahre die Au\u00dfendarstellung des Familienunternehmens und wird nicht nur am Headquarter in Eimbeckhausen, sondern auch in der internationalen M\u00f6belbranche schmerzlich vermisst.<\/p>\n<p>Geboren im bayrischen Augsburg, studierte Burkhard Remmers in seiner Heimatstadt Germanistik, Geschichte und Erziehungswissenschaften. Nach seinem Abschluss zog es ihn jedoch nicht wie urspr\u00fcnglich geplant ins Lehramt, sondern zun\u00e4chst in die Marketingabteilung des M\u00f6belherstellers USM im badischen B\u00fchl.<\/p>\n<p>1995 wechselte er zu Wilkhahn und verantwortete fortan mit strategischem Weitblick und unerm\u00fcdlichem Einsatz die externe und interne Kommunikation. Sein Beruf war f\u00fcr ihn stets auch Berufung: Ganz im Geiste der \u201eUlmer Schule\u201c brachte er f\u00fcr die Marke wichtige Themen wie Nachhaltigkeit, \u201eDesign made in Germany\u201c und das Bewegungssitzen erfolgreich voran. Mit gro\u00dfer Fachexpertise erlangte er als gesch\u00e4tzter Partner von Journalisten, gern gesehener Redner und versierter Autor eine Bekanntheit, die weit \u00fcber die Branchen- und Landesgrenzen hinaus geht. Dabei war es vor allem sein humanistisches Menschenbild, das mit Toleranz, Herzlichkeit und dem festen Glauben an das Gute seine Wegbegleiter in den Bann zog. Ob als packender Vortragender, begnadeter Schreiber oder kluger Diskutant: Wie kaum ein anderer in der Branche identifizierte er sich mit seiner Aufgabe und wurde selbst zum Markenzeichen. Dazu passt auch, dass er sich au\u00dferhalb seiner Arbeitszeit in Vereinen wie dem Werkbund Nord engagierte und eigene F\u00f6rderprojekte in Afrika initiierte.<\/p>\n<p>Dr. Jochen Hahne, Vorsitzender des Beirats und langj\u00e4hriger CEO von Wilkhahn: \u201eBurkhard Remmers hat die Entwicklung unseres Unternehmens \u00fcber Jahre entscheidend mitgestaltet. Es ist unser Anspruch, seinen Enthusiasmus und Tatendrang weiter in die Zukunft zu tragen.\u201c<\/p>\n<p>Burkhard Remmers starb im Alter von nur 66 Jahren nach schwerer Krankheit.<\/p>\n","protected":false},"excerpt":{"rendered":"<p>Am 18. M\u00e4rz 2026 verstarb Burkhard Remmers, Pressesprecher und Leiter Unternehmenskommunikation des BAUM-Mitglieds Wilkhahn. BAUM trauert um einen engagierten Menschen, mit dem wir viele Jahre eng zusammengearbeitet haben. Wir \u00fcbernehmen hier eine Pressemitteilung von Wilkhahn.<\/p>\n","protected":false},"author":2,"featured_media":19647,"comment_status":"closed","ping_status":"closed","sticky":false,"template":"","format":"standard","meta":{"_acf_changed":false,"_et_pb_use_builder":"","_et_pb_old_content":"","_et_gb_content_width":"","inline_featured_image":false,"footnotes":""},"categories":[18],"tags":[],"class_list":["post-19646","post","type-post","status-publish","format-standard","has-post-thumbnail","hentry","category-news"],"acf":[],"yoast_head":"<!-- This site is optimized with the Yoast SEO plugin v27.2 - https:\/\/yoast.com\/product\/yoast-seo-wordpress\/ -->\n<title>Ein unerm\u00fcdlicher K\u00e4mpfer f\u00fcr das Gute: In Gedenken an Burkhard Remmers - BAUM e.V.<\/title>\n<meta name=\"description\" content=\"Am 18. M\u00e4rz verstarb der langj\u00e4hrige Pressesprecher und Leiter Unternehmenskommunikation des B\u00fcrom\u00f6belherstellers Wilkhahn.\" \/>\n<meta name=\"robots\" content=\"index, follow, max-snippet:-1, max-image-preview:large, max-video-preview:-1\" \/>\n<link rel=\"canonical\" href=\"https:\/\/baumev.de\/en\/ein-unermuedlicher-kaempfer-fuer-das-gute-in-gedenken-an-burkhard-remmers\/\" \/>\n<meta property=\"og:locale\" content=\"en_GB\" \/>\n<meta property=\"og:type\" content=\"article\" \/>\n<meta property=\"og:title\" content=\"Ein unerm\u00fcdlicher K\u00e4mpfer f\u00fcr das Gute: In Gedenken an Burkhard Remmers - BAUM e.V.\" \/>\n<meta property=\"og:description\" content=\"Am 18. M\u00e4rz verstarb der langj\u00e4hrige Pressesprecher und Leiter Unternehmenskommunikation des B\u00fcrom\u00f6belherstellers Wilkhahn.\" \/>\n<meta property=\"og:url\" content=\"https:\/\/baumev.de\/en\/ein-unermuedlicher-kaempfer-fuer-das-gute-in-gedenken-an-burkhard-remmers\/\" \/>\n<meta property=\"og:site_name\" content=\"BAUM e.V.\" \/>\n<meta property=\"article:published_time\" content=\"2026-04-09T08:45:07+00:00\" \/>\n<meta property=\"og:image\" content=\"https:\/\/baumev.de\/wp-content\/uploads\/2026\/04\/Burkhard-Remmers_cFrank-Schinski.jpg\" \/>\n\t<meta property=\"og:image:width\" content=\"1700\" \/>\n\t<meta property=\"og:image:height\" content=\"956\" \/>\n\t<meta property=\"og:image:type\" content=\"image\/jpeg\" \/>\n<meta name=\"author\" content=\"Katrin Wippich\" \/>\n<meta name=\"twitter:card\" content=\"summary_large_image\" \/>\n<meta name=\"twitter:label1\" content=\"Written by\" \/>\n\t<meta name=\"twitter:data1\" content=\"Katrin Wippich\" \/>\n\t<meta name=\"twitter:label2\" content=\"Estimated reading time\" \/>\n\t<meta name=\"twitter:data2\" content=\"2 minutes\" \/>\n<script type=\"application\/ld+json\" class=\"yoast-schema-graph\">{\"@context\":\"https:\/\/schema.org\",\"@graph\":[{\"@type\":\"Article\",\"@id\":\"https:\/\/baumev.de\/en\/ein-unermuedlicher-kaempfer-fuer-das-gute-in-gedenken-an-burkhard-remmers\/#article\",\"isPartOf\":{\"@id\":\"https:\/\/baumev.de\/en\/ein-unermuedlicher-kaempfer-fuer-das-gute-in-gedenken-an-burkhard-remmers\/\"},\"author\":{\"name\":\"Katrin Wippich\",\"@id\":\"\/#\/schema\/person\/7cca3fa2dd5ee9056656013035fb46db\"},\"headline\":\"Ein unerm\u00fcdlicher K\u00e4mpfer f\u00fcr das Gute: In Gedenken an Burkhard Remmers\",\"datePublished\":\"2026-04-09T08:45:07+00:00\",\"mainEntityOfPage\":{\"@id\":\"https:\/\/baumev.de\/en\/ein-unermuedlicher-kaempfer-fuer-das-gute-in-gedenken-an-burkhard-remmers\/\"},\"wordCount\":306,\"publisher\":{\"@id\":\"\/#organization\"},\"image\":{\"@id\":\"https:\/\/baumev.de\/en\/ein-unermuedlicher-kaempfer-fuer-das-gute-in-gedenken-an-burkhard-remmers\/#primaryimage\"},\"thumbnailUrl\":\"https:\/\/baumev.de\/wp-content\/uploads\/2026\/04\/Burkhard-Remmers_cFrank-Schinski.jpg\",\"articleSection\":[\"Einblicke &amp; Perspektiven\"],\"inLanguage\":\"en-GB\"},{\"@type\":\"WebPage\",\"@id\":\"https:\/\/baumev.de\/en\/ein-unermuedlicher-kaempfer-fuer-das-gute-in-gedenken-an-burkhard-remmers\/\",\"url\":\"https:\/\/baumev.de\/en\/ein-unermuedlicher-kaempfer-fuer-das-gute-in-gedenken-an-burkhard-remmers\/\",\"name\":\"Ein unerm\u00fcdlicher K\u00e4mpfer f\u00fcr das Gute: In Gedenken an Burkhard Remmers - BAUM e.V.\",\"isPartOf\":{\"@id\":\"\/#website\"},\"primaryImageOfPage\":{\"@id\":\"https:\/\/baumev.de\/en\/ein-unermuedlicher-kaempfer-fuer-das-gute-in-gedenken-an-burkhard-remmers\/#primaryimage\"},\"image\":{\"@id\":\"https:\/\/baumev.de\/en\/ein-unermuedlicher-kaempfer-fuer-das-gute-in-gedenken-an-burkhard-remmers\/#primaryimage\"},\"thumbnailUrl\":\"https:\/\/baumev.de\/wp-content\/uploads\/2026\/04\/Burkhard-Remmers_cFrank-Schinski.jpg\",\"datePublished\":\"2026-04-09T08:45:07+00:00\",\"description\":\"Am 18. M\u00e4rz verstarb der langj\u00e4hrige Pressesprecher und Leiter Unternehmenskommunikation des B\u00fcrom\u00f6belherstellers Wilkhahn.\",\"breadcrumb\":{\"@id\":\"https:\/\/baumev.de\/en\/ein-unermuedlicher-kaempfer-fuer-das-gute-in-gedenken-an-burkhard-remmers\/#breadcrumb\"},\"inLanguage\":\"en-GB\",\"potentialAction\":[{\"@type\":\"ReadAction\",\"target\":[\"https:\/\/baumev.de\/en\/ein-unermuedlicher-kaempfer-fuer-das-gute-in-gedenken-an-burkhard-remmers\/\"]}]},{\"@type\":\"ImageObject\",\"inLanguage\":\"en-GB\",\"@id\":\"https:\/\/baumev.de\/en\/ein-unermuedlicher-kaempfer-fuer-das-gute-in-gedenken-an-burkhard-remmers\/#primaryimage\",\"url\":\"https:\/\/baumev.de\/wp-content\/uploads\/2026\/04\/Burkhard-Remmers_cFrank-Schinski.jpg\",\"contentUrl\":\"https:\/\/baumev.de\/wp-content\/uploads\/2026\/04\/Burkhard-Remmers_cFrank-Schinski.jpg\",\"width\":1700,\"height\":956},{\"@type\":\"BreadcrumbList\",\"@id\":\"https:\/\/baumev.de\/en\/ein-unermuedlicher-kaempfer-fuer-das-gute-in-gedenken-an-burkhard-remmers\/#breadcrumb\",\"itemListElement\":[{\"@type\":\"ListItem\",\"position\":1,\"name\":\"Startseite\",\"item\":\"https:\/\/baumev.de\/en\/\"},{\"@type\":\"ListItem\",\"position\":2,\"name\":\"Ein unerm\u00fcdlicher K\u00e4mpfer f\u00fcr das Gute: In Gedenken an Burkhard Remmers\"}]},{\"@type\":\"WebSite\",\"@id\":\"\/#website\",\"url\":\"\/\",\"name\":\"BAUM e.V.\",\"description\":\"BAUM e.V. \u2013 Netzwerk f\u00fcr nachhaltiges Wirtschaften\",\"publisher\":{\"@id\":\"\/#organization\"},\"potentialAction\":[{\"@type\":\"SearchAction\",\"target\":{\"@type\":\"EntryPoint\",\"urlTemplate\":\"\/?s={search_term_string}\"},\"query-input\":{\"@type\":\"PropertyValueSpecification\",\"valueRequired\":true,\"valueName\":\"search_term_string\"}}],\"inLanguage\":\"en-GB\"},{\"@type\":\"Organization\",\"@id\":\"\/#organization\",\"name\":\"BAUM e.V.\",\"alternateName\":\"Bundesdeutscher Arbeitskreis f\u00fcr Umweltbewusstes Management\",\"url\":\"\/\",\"logo\":{\"@type\":\"ImageObject\",\"inLanguage\":\"en-GB\",\"@id\":\"\/#\/schema\/logo\/image\/\",\"url\":\"https:\/\/baumev.de\/wp-content\/uploads\/2025\/04\/Element-1.svg\",\"contentUrl\":\"https:\/\/baumev.de\/wp-content\/uploads\/2025\/04\/Element-1.svg\",\"width\":\"1024\",\"height\":\"1024\",\"caption\":\"BAUM e.V.\"},\"image\":{\"@id\":\"\/#\/schema\/logo\/image\/\"},\"sameAs\":[\"https:\/\/www.linkedin.com\/company\/baum-ev\"]},{\"@type\":\"Person\",\"@id\":\"\/#\/schema\/person\/7cca3fa2dd5ee9056656013035fb46db\",\"name\":\"Katrin Wippich\"}]}<\/script>\n<!-- \/ Yoast SEO plugin. -->","yoast_head_json":{"title":"Ein unerm\u00fcdlicher K\u00e4mpfer f\u00fcr das Gute: In Gedenken an Burkhard Remmers - BAUM e.V.","description":"Am 18. M\u00e4rz verstarb der langj\u00e4hrige Pressesprecher und Leiter Unternehmenskommunikation des B\u00fcrom\u00f6belherstellers Wilkhahn.","robots":{"index":"index","follow":"follow","max-snippet":"max-snippet:-1","max-image-preview":"max-image-preview:large","max-video-preview":"max-video-preview:-1"},"canonical":"https:\/\/baumev.de\/en\/ein-unermuedlicher-kaempfer-fuer-das-gute-in-gedenken-an-burkhard-remmers\/","og_locale":"en_GB","og_type":"article","og_title":"Ein unerm\u00fcdlicher K\u00e4mpfer f\u00fcr das Gute: In Gedenken an Burkhard Remmers - BAUM e.V.","og_description":"Am 18. M\u00e4rz verstarb der langj\u00e4hrige Pressesprecher und Leiter Unternehmenskommunikation des B\u00fcrom\u00f6belherstellers Wilkhahn.","og_url":"https:\/\/baumev.de\/en\/ein-unermuedlicher-kaempfer-fuer-das-gute-in-gedenken-an-burkhard-remmers\/","og_site_name":"BAUM e.V.","article_published_time":"2026-04-09T08:45:07+00:00","og_image":[{"width":1700,"height":956,"url":"https:\/\/baumev.de\/wp-content\/uploads\/2026\/04\/Burkhard-Remmers_cFrank-Schinski.jpg","type":"image\/jpeg"}],"author":"Katrin Wippich","twitter_card":"summary_large_image","twitter_misc":{"Written by":"Katrin Wippich","Estimated reading time":"2 minutes"},"schema":{"@context":"https:\/\/schema.org","@graph":[{"@type":"Article","@id":"https:\/\/baumev.de\/en\/ein-unermuedlicher-kaempfer-fuer-das-gute-in-gedenken-an-burkhard-remmers\/#article","isPartOf":{"@id":"https:\/\/baumev.de\/en\/ein-unermuedlicher-kaempfer-fuer-das-gute-in-gedenken-an-burkhard-remmers\/"},"author":{"name":"Katrin Wippich","@id":"\/#\/schema\/person\/7cca3fa2dd5ee9056656013035fb46db"},"headline":"Ein unerm\u00fcdlicher K\u00e4mpfer f\u00fcr das Gute: In Gedenken an Burkhard Remmers","datePublished":"2026-04-09T08:45:07+00:00","mainEntityOfPage":{"@id":"https:\/\/baumev.de\/en\/ein-unermuedlicher-kaempfer-fuer-das-gute-in-gedenken-an-burkhard-remmers\/"},"wordCount":306,"publisher":{"@id":"\/#organization"},"image":{"@id":"https:\/\/baumev.de\/en\/ein-unermuedlicher-kaempfer-fuer-das-gute-in-gedenken-an-burkhard-remmers\/#primaryimage"},"thumbnailUrl":"https:\/\/baumev.de\/wp-content\/uploads\/2026\/04\/Burkhard-Remmers_cFrank-Schinski.jpg","articleSection":["Einblicke &amp; Perspektiven"],"inLanguage":"en-GB"},{"@type":"WebPage","@id":"https:\/\/baumev.de\/en\/ein-unermuedlicher-kaempfer-fuer-das-gute-in-gedenken-an-burkhard-remmers\/","url":"https:\/\/baumev.de\/en\/ein-unermuedlicher-kaempfer-fuer-das-gute-in-gedenken-an-burkhard-remmers\/","name":"Ein unerm\u00fcdlicher K\u00e4mpfer f\u00fcr das Gute: In Gedenken an Burkhard Remmers - BAUM e.V.","isPartOf":{"@id":"\/#website"},"primaryImageOfPage":{"@id":"https:\/\/baumev.de\/en\/ein-unermuedlicher-kaempfer-fuer-das-gute-in-gedenken-an-burkhard-remmers\/#primaryimage"},"image":{"@id":"https:\/\/baumev.de\/en\/ein-unermuedlicher-kaempfer-fuer-das-gute-in-gedenken-an-burkhard-remmers\/#primaryimage"},"thumbnailUrl":"https:\/\/baumev.de\/wp-content\/uploads\/2026\/04\/Burkhard-Remmers_cFrank-Schinski.jpg","datePublished":"2026-04-09T08:45:07+00:00","description":"Am 18. M\u00e4rz verstarb der langj\u00e4hrige Pressesprecher und Leiter Unternehmenskommunikation des B\u00fcrom\u00f6belherstellers Wilkhahn.","breadcrumb":{"@id":"https:\/\/baumev.de\/en\/ein-unermuedlicher-kaempfer-fuer-das-gute-in-gedenken-an-burkhard-remmers\/#breadcrumb"},"inLanguage":"en-GB","potentialAction":[{"@type":"ReadAction","target":["https:\/\/baumev.de\/en\/ein-unermuedlicher-kaempfer-fuer-das-gute-in-gedenken-an-burkhard-remmers\/"]}]},{"@type":"ImageObject","inLanguage":"en-GB","@id":"https:\/\/baumev.de\/en\/ein-unermuedlicher-kaempfer-fuer-das-gute-in-gedenken-an-burkhard-remmers\/#primaryimage","url":"https:\/\/baumev.de\/wp-content\/uploads\/2026\/04\/Burkhard-Remmers_cFrank-Schinski.jpg","contentUrl":"https:\/\/baumev.de\/wp-content\/uploads\/2026\/04\/Burkhard-Remmers_cFrank-Schinski.jpg","width":1700,"height":956},{"@type":"BreadcrumbList","@id":"https:\/\/baumev.de\/en\/ein-unermuedlicher-kaempfer-fuer-das-gute-in-gedenken-an-burkhard-remmers\/#breadcrumb","itemListElement":[{"@type":"ListItem","position":1,"name":"Startseite","item":"https:\/\/baumev.de\/en\/"},{"@type":"ListItem","position":2,"name":"Ein unerm\u00fcdlicher K\u00e4mpfer f\u00fcr das Gute: In Gedenken an Burkhard Remmers"}]},{"@type":"WebSite","@id":"\/#website","url":"\/","name":"BAUM e.V.","description":"BAUM e.V. \u2013 Netzwerk f\u00fcr nachhaltiges Wirtschaften","publisher":{"@id":"\/#organization"},"potentialAction":[{"@type":"SearchAction","target":{"@type":"EntryPoint","urlTemplate":"\/?s={search_term_string}"},"query-input":{"@type":"PropertyValueSpecification","valueRequired":true,"valueName":"search_term_string"}}],"inLanguage":"en-GB"},{"@type":"Organization","@id":"\/#organization","name":"BAUM e.V.","alternateName":"Bundesdeutscher Arbeitskreis f\u00fcr Umweltbewusstes Management","url":"\/","logo":{"@type":"ImageObject","inLanguage":"en-GB","@id":"\/#\/schema\/logo\/image\/","url":"https:\/\/baumev.de\/wp-content\/uploads\/2025\/04\/Element-1.svg","contentUrl":"https:\/\/baumev.de\/wp-content\/uploads\/2025\/04\/Element-1.svg","width":"1024","height":"1024","caption":"BAUM e.V."},"image":{"@id":"\/#\/schema\/logo\/image\/"},"sameAs":["https:\/\/www.linkedin.com\/company\/baum-ev"]},{"@type":"Person","@id":"\/#\/schema\/person\/7cca3fa2dd5ee9056656013035fb46db","name":"Katrin Wippich"}]}},"_links":{"self":[{"href":"https:\/\/baumev.de\/en\/wp-json\/wp\/v2\/posts\/19646","targetHints":{"allow":["GET"]}}],"collection":[{"href":"https:\/\/baumev.de\/en\/wp-json\/wp\/v2\/posts"}],"about":[{"href":"https:\/\/baumev.de\/en\/wp-json\/wp\/v2\/types\/post"}],"author":[{"embeddable":true,"href":"https:\/\/baumev.de\/en\/wp-json\/wp\/v2\/users\/2"}],"replies":[{"embeddable":true,"href":"https:\/\/baumev.de\/en\/wp-json\/wp\/v2\/comments?post=19646"}],"version-history":[{"count":1,"href":"https:\/\/baumev.de\/en\/wp-json\/wp\/v2\/posts\/19646\/revisions"}],"predecessor-version":[{"id":19648,"href":"https:\/\/baumev.de\/en\/wp-json\/wp\/v2\/posts\/19646\/revisions\/19648"}],"wp:featuredmedia":[{"embeddable":true,"href":"https:\/\/baumev.de\/en\/wp-json\/wp\/v2\/media\/19647"}],"wp:attachment":[{"href":"https:\/\/baumev.de\/en\/wp-json\/wp\/v2\/media?parent=19646"}],"wp:term":[{"taxonomy":"category","embeddable":true,"href":"https:\/\/baumev.de\/en\/wp-json\/wp\/v2\/categories?post=19646"},{"taxonomy":"post_tag","embeddable":true,"href":"https:\/\/baumev.de\/en\/wp-json\/wp\/v2\/tags?post=19646"}],"curies":[{"name":"wp","href":"https:\/\/api.w.org\/{rel}","templated":true}]}}