{"id":2259,"date":"2025-03-25T13:10:33","date_gmt":"2025-03-25T12:10:33","guid":{"rendered":"https:\/\/baumev.de\/?p=2259"},"modified":"2025-08-28T12:34:43","modified_gmt":"2025-08-28T10:34:43","slug":"waermewende-zuverlaessig-voranbringen","status":"publish","type":"post","link":"https:\/\/baumev.de\/en\/waermewende-zuverlaessig-voranbringen\/","title":{"rendered":"W\u00e4rmewende zuverl\u00e4ssig voranbringen"},"content":{"rendered":"<p style=\"font-weight: 400;\">Ein breites B\u00fcndnis aus Wirtschafts- und Sozialverb\u00e4nden sowie Verbraucherschutz- und Umweltorganisationen setzt sich daf\u00fcr ein, die seit 2024 geltende Novelle des Geb\u00e4ude-Energie-Gesetzes (GEG), das sogenannte &#8220;Heizungsgesetz&#8221;, fortzuf\u00fchren. Neue Heizungen m\u00fcssten auch k\u00fcnftig zum \u00fcberwiegenden Teil mit erneuerbaren Energien betrieben werden, um neue fossile Pfadabh\u00e4ngigkeiten auszuschlie\u00dfen und Kostenfallen f\u00fcr B\u00fcrger:innen zu verhindern, fordern die Organisationen, darunter BAUM. Bedarfsgerechte F\u00f6rderung m\u00fcsse dabei allen Haushalten erm\u00f6glichen, ihre Abh\u00e4ngigkeit von fossilen Brennstoffen zu beenden.<\/p>\n<p style=\"font-weight: 400;\">Das GEG schaffe &#8220;Planungssicherheit f\u00fcr Kommunen und Unternehmen, st\u00e4rkt Innovationen und Wertsch\u00f6pfung in Wirtschaft und Handwerk und sorgt daf\u00fcr, dass Heizen bezahlbar bleibt\u201d, hei\u00dft es in dem Appell.<\/p>\n<p style=\"font-weight: 400;\">Unterzeichnet haben\u00a0<a href=\"https:\/\/baumev.de\/wp-content\/uploads\/2025\/05\/GEG-Appell.pdf\">den Appell<\/a>\u00a0neben BAUM: Baukultur.Plus, Bund f\u00fcr Umwelt und Naturschutz Deutschland (BUND), Bundesverband der Energie- und Klimaschutzagenturen Deutschlands (eaD), Bundesverband Nachhaltige Wirtschaft (BNW), Bundesverband Neue Energiewirtschaft (bne), Bundesverband W\u00e4rmepumpe (BWP), co2online, Deutsche Umwelthilfe (DUH), Deutscher Energieholz- und Pellet-Verband (DEPV), Deutscher Naturschutzring (DNR), Energieberatendenverband GIH, Fachverband Luftdichtheit im Bauwesen (FLiB), Greenpeace, Klimaschutz im Bundestag, Naturfreunde Deutschlands, Parit\u00e4tischer Gesamtverband, Sozialverband VdK Deutschland, Verbraucherzentrale Bundesverband (vzbv), WWF Deutschland und Zentralverband Deutscher Schornsteinfeger (ZDS).<\/p>\n<p style=\"font-weight: 400;\">Das B\u00fcndnis fordert zudem, an den aktuellen Fristen f\u00fcr die kommunale W\u00e4rmeplanung festzuhalten. Gewarnt wird vor den Mehrkosten und Risiken f\u00fcr Verbraucher:innen beim Ersatz von Erdgas in Gasheizungen durch Wasserstoff oder Biomethan.<\/p>\n<p style=\"font-weight: 400;\">&#8220;Jede neu eingebaute fossile Heizung belastet zuk\u00fcnftig das Klima und den eigenen Geldbeutel. Ohne die geltenden Leitplanken w\u00fcrde teuren und klimasch\u00e4dlichen Scheinl\u00f6sungen wie Wasserstoff-Heizungen T\u00fcr und Tor ge\u00f6ffnet. Es braucht jetzt einen Turbo bei der W\u00e4rmewende und keine neue Verunsicherung\u201d, sagt Patrick Rohde, stellvertretender Gesch\u00e4ftsf\u00fchrer Politik des BUND.<\/p>\n<p style=\"font-weight: 400;\">Joachim Rock, Hauptgesch\u00e4ftsf\u00fchrer Parit\u00e4tischer Gesamtverband: &#8220;Das Geb\u00e4ude-Energie-Gesetz darf in seiner Klimawirkung nicht abgeschw\u00e4cht, muss aber erg\u00e4nzt werden: Wir brauchen eine soziale W\u00e4rmewende, die eine sozial gestaffelte F\u00f6rderung, einen wirksamen Mieterschutz und eine gezielte Unterst\u00fctzung gemeinn\u00fctziger, sozialer Einrichtungen umfasst. Klimaneutrale W\u00e4rme darf kein Luxus sein, sie muss allen offen stehen. Die Bundesregierung hat dazu alle M\u00f6glichkeiten, sie ist jetzt gefordert.&#8221;<\/p>\n<p style=\"font-weight: 400;\">Eine im Februar ver\u00f6ffentlichte Studie des \u00d6ko-Instituts und des Parit\u00e4tischen Gesamtverbandes kam zu dem Ergebnis, dass das Geb\u00e4ude-Energiegesetz CO\u2082-Emissionen gerechter und zielgenauer senken kann als eine reine Marktl\u00f6sung wie der CO\u2082-Preis auf fossile Brennstoffe.<\/p>\n<p style=\"font-weight: 400;\">&#8220;Trotz steigender Kosten entscheiden sich viele Hauseigent\u00fcmer weiterhin f\u00fcr Gasheizungen. Allein in den vergangenen zwei Jahren wurden \u00fcber 1,2 Millionen neue Anlagen installiert. Doch die Rahmenbedingungen verschlechtern sich rapide: Durch den steigenden CO<sub>2<\/sub>-Preis, zunehmende Netzentgelte und gesetzliche Einschr\u00e4nkungen wird das Heizen mit Gas in den kommenden Jahren deutlich teurer. Erneuerbare Energien und die energetische Sanierung sind hingegen die beste Absicherung gegen hohe Heizkosten. Die neue Bundesregierung sollte die Verunsicherung beenden und ein klares Signal senden\u201d, sagt Tanja Loitz, Gesch\u00e4ftsf\u00fchrerin von co2online.<\/p>\n<p style=\"font-weight: 400;\">Berechnungen von co2online haben gezeigt, dass Gasheizungen Verbraucher:innen \u00fcber 20 Jahre doppelt so viel kosten k\u00f6nnen wie W\u00e4rmepumpen.<\/p>\n<p style=\"font-weight: 400;\">Robert Busch, Gesch\u00e4ftsf\u00fchrer des Bundesverband Neue Energiewirtschaft: &#8220;Das GEG ist ein wichtiges Instrument. Es reduziert mit erneuerbarer Freiheitsenergie unsere Abh\u00e4ngigkeit von Erdgas- und Erd\u00f6limporten und st\u00e4rkt damit unsere Resilienz.&#8221;<\/p>\n","protected":false},"excerpt":{"rendered":"<p>Neue Heizungen m\u00fcssten auch k\u00fcnftig zum \u00fcberwiegenden Teil mit erneuerbaren Energien betrieben werden, um neue fossile Pfadabh\u00e4ngigkeiten auszuschlie\u00dfen und Kostenfallen f\u00fcr B\u00fcrger:innen zu verhindern, fordern die Organisationen, darunter BAUM. Bedarfsgerechte F\u00f6rderung m\u00fcsse dabei allen Haushalten erm\u00f6glichen, ihre Abh\u00e4ngigkeit von fossilen Brennstoffen zu beenden.<\/p>\n","protected":false},"author":1,"featured_media":5819,"comment_status":"closed","ping_status":"open","sticky":false,"template":"","format":"standard","meta":{"_acf_changed":false,"_et_pb_use_builder":"","_et_pb_old_content":"","_et_gb_content_width":"","inline_featured_image":false,"footnotes":""},"categories":[18,15],"tags":[],"class_list":["post-2259","post","type-post","status-publish","format-standard","has-post-thumbnail","hentry","category-news","category-klima-energie"],"acf":[],"yoast_head":"<!-- This site is optimized with the Yoast SEO plugin v27.2 - https:\/\/yoast.com\/product\/yoast-seo-wordpress\/ -->\n<title>W\u00e4rmewende zuverl\u00e4ssig voranbringen - BAUM e.V.<\/title>\n<meta name=\"robots\" content=\"index, follow, max-snippet:-1, max-image-preview:large, max-video-preview:-1\" \/>\n<link rel=\"canonical\" href=\"https:\/\/baumev.de\/en\/waermewende-zuverlaessig-voranbringen\/\" \/>\n<meta property=\"og:locale\" content=\"en_GB\" \/>\n<meta property=\"og:type\" content=\"article\" \/>\n<meta property=\"og:title\" content=\"W\u00e4rmewende zuverl\u00e4ssig voranbringen - BAUM e.V.\" \/>\n<meta property=\"og:description\" content=\"Neue Heizungen m\u00fcssten auch k\u00fcnftig zum \u00fcberwiegenden Teil mit erneuerbaren Energien betrieben werden, um neue fossile Pfadabh\u00e4ngigkeiten auszuschlie\u00dfen und Kostenfallen f\u00fcr B\u00fcrger:innen zu verhindern, fordern die Organisationen, darunter BAUM. Bedarfsgerechte F\u00f6rderung m\u00fcsse dabei allen Haushalten erm\u00f6glichen, ihre Abh\u00e4ngigkeit von fossilen Brennstoffen zu beenden.\" \/>\n<meta property=\"og:url\" content=\"https:\/\/baumev.de\/en\/waermewende-zuverlaessig-voranbringen\/\" \/>\n<meta property=\"og:site_name\" content=\"BAUM e.V.\" \/>\n<meta property=\"article:published_time\" content=\"2025-03-25T12:10:33+00:00\" \/>\n<meta property=\"article:modified_time\" content=\"2025-08-28T10:34:43+00:00\" \/>\n<meta property=\"og:image\" content=\"https:\/\/baumev.de\/wp-content\/uploads\/2025\/03\/Symbolbild-Heizung-e1753200497654-1024x577.png\" \/>\n\t<meta property=\"og:image:width\" content=\"1024\" \/>\n\t<meta property=\"og:image:height\" content=\"577\" \/>\n\t<meta property=\"og:image:type\" content=\"image\/png\" \/>\n<meta name=\"author\" content=\"rittweger\" \/>\n<meta name=\"twitter:card\" content=\"summary_large_image\" \/>\n<meta name=\"twitter:label1\" content=\"Written by\" \/>\n\t<meta name=\"twitter:data1\" content=\"rittweger\" \/>\n\t<meta name=\"twitter:label2\" content=\"Estimated reading time\" \/>\n\t<meta name=\"twitter:data2\" content=\"3 minutes\" \/>\n<script type=\"application\/ld+json\" class=\"yoast-schema-graph\">{\"@context\":\"https:\/\/schema.org\",\"@graph\":[{\"@type\":\"Article\",\"@id\":\"https:\/\/baumev.de\/en\/waermewende-zuverlaessig-voranbringen\/#article\",\"isPartOf\":{\"@id\":\"https:\/\/baumev.de\/en\/waermewende-zuverlaessig-voranbringen\/\"},\"author\":{\"name\":\"rittweger\",\"@id\":\"\/#\/schema\/person\/7cbf92b816dba32080d06186956546dd\"},\"headline\":\"W\u00e4rmewende zuverl\u00e4ssig voranbringen\",\"datePublished\":\"2025-03-25T12:10:33+00:00\",\"dateModified\":\"2025-08-28T10:34:43+00:00\",\"mainEntityOfPage\":{\"@id\":\"https:\/\/baumev.de\/en\/waermewende-zuverlaessig-voranbringen\/\"},\"wordCount\":547,\"publisher\":{\"@id\":\"\/#organization\"},\"image\":{\"@id\":\"https:\/\/baumev.de\/en\/waermewende-zuverlaessig-voranbringen\/#primaryimage\"},\"thumbnailUrl\":\"https:\/\/baumev.de\/wp-content\/uploads\/2025\/03\/Symbolbild-Heizung-e1753200497654.png\",\"articleSection\":[\"Einblicke &amp; Perspektiven\",\"Klima &amp; Energie\"],\"inLanguage\":\"en-GB\"},{\"@type\":\"WebPage\",\"@id\":\"https:\/\/baumev.de\/en\/waermewende-zuverlaessig-voranbringen\/\",\"url\":\"https:\/\/baumev.de\/en\/waermewende-zuverlaessig-voranbringen\/\",\"name\":\"W\u00e4rmewende zuverl\u00e4ssig voranbringen - BAUM e.V.\",\"isPartOf\":{\"@id\":\"\/#website\"},\"primaryImageOfPage\":{\"@id\":\"https:\/\/baumev.de\/en\/waermewende-zuverlaessig-voranbringen\/#primaryimage\"},\"image\":{\"@id\":\"https:\/\/baumev.de\/en\/waermewende-zuverlaessig-voranbringen\/#primaryimage\"},\"thumbnailUrl\":\"https:\/\/baumev.de\/wp-content\/uploads\/2025\/03\/Symbolbild-Heizung-e1753200497654.png\",\"datePublished\":\"2025-03-25T12:10:33+00:00\",\"dateModified\":\"2025-08-28T10:34:43+00:00\",\"breadcrumb\":{\"@id\":\"https:\/\/baumev.de\/en\/waermewende-zuverlaessig-voranbringen\/#breadcrumb\"},\"inLanguage\":\"en-GB\",\"potentialAction\":[{\"@type\":\"ReadAction\",\"target\":[\"https:\/\/baumev.de\/en\/waermewende-zuverlaessig-voranbringen\/\"]}]},{\"@type\":\"ImageObject\",\"inLanguage\":\"en-GB\",\"@id\":\"https:\/\/baumev.de\/en\/waermewende-zuverlaessig-voranbringen\/#primaryimage\",\"url\":\"https:\/\/baumev.de\/wp-content\/uploads\/2025\/03\/Symbolbild-Heizung-e1753200497654.png\",\"contentUrl\":\"https:\/\/baumev.de\/wp-content\/uploads\/2025\/03\/Symbolbild-Heizung-e1753200497654.png\",\"width\":1667,\"height\":940,\"caption\":\"Nahaufnahme eines Heizungsreglers mit Temperaturskala und Symbolen f\u00fcr Energiesparmodus\"},{\"@type\":\"BreadcrumbList\",\"@id\":\"https:\/\/baumev.de\/en\/waermewende-zuverlaessig-voranbringen\/#breadcrumb\",\"itemListElement\":[{\"@type\":\"ListItem\",\"position\":1,\"name\":\"Startseite\",\"item\":\"https:\/\/baumev.de\/en\/\"},{\"@type\":\"ListItem\",\"position\":2,\"name\":\"W\u00e4rmewende zuverl\u00e4ssig voranbringen\"}]},{\"@type\":\"WebSite\",\"@id\":\"\/#website\",\"url\":\"\/\",\"name\":\"BAUM e.V.\",\"description\":\"BAUM e.V. \u2013 Netzwerk f\u00fcr nachhaltiges Wirtschaften\",\"publisher\":{\"@id\":\"\/#organization\"},\"potentialAction\":[{\"@type\":\"SearchAction\",\"target\":{\"@type\":\"EntryPoint\",\"urlTemplate\":\"\/?s={search_term_string}\"},\"query-input\":{\"@type\":\"PropertyValueSpecification\",\"valueRequired\":true,\"valueName\":\"search_term_string\"}}],\"inLanguage\":\"en-GB\"},{\"@type\":\"Organization\",\"@id\":\"\/#organization\",\"name\":\"BAUM e.V.\",\"alternateName\":\"Bundesdeutscher Arbeitskreis f\u00fcr Umweltbewusstes Management\",\"url\":\"\/\",\"logo\":{\"@type\":\"ImageObject\",\"inLanguage\":\"en-GB\",\"@id\":\"\/#\/schema\/logo\/image\/\",\"url\":\"https:\/\/baumev.de\/wp-content\/uploads\/2025\/04\/Element-1.svg\",\"contentUrl\":\"https:\/\/baumev.de\/wp-content\/uploads\/2025\/04\/Element-1.svg\",\"width\":\"1024\",\"height\":\"1024\",\"caption\":\"BAUM e.V.\"},\"image\":{\"@id\":\"\/#\/schema\/logo\/image\/\"},\"sameAs\":[\"https:\/\/www.linkedin.com\/company\/baum-ev\"]},{\"@type\":\"Person\",\"@id\":\"\/#\/schema\/person\/7cbf92b816dba32080d06186956546dd\",\"name\":\"rittweger\",\"sameAs\":[\"http:\/\/baumev.de\"]}]}<\/script>\n<!-- \/ Yoast SEO plugin. -->","yoast_head_json":{"title":"W\u00e4rmewende zuverl\u00e4ssig voranbringen - BAUM e.V.","robots":{"index":"index","follow":"follow","max-snippet":"max-snippet:-1","max-image-preview":"max-image-preview:large","max-video-preview":"max-video-preview:-1"},"canonical":"https:\/\/baumev.de\/en\/waermewende-zuverlaessig-voranbringen\/","og_locale":"en_GB","og_type":"article","og_title":"W\u00e4rmewende zuverl\u00e4ssig voranbringen - BAUM e.V.","og_description":"Neue Heizungen m\u00fcssten auch k\u00fcnftig zum \u00fcberwiegenden Teil mit erneuerbaren Energien betrieben werden, um neue fossile Pfadabh\u00e4ngigkeiten auszuschlie\u00dfen und Kostenfallen f\u00fcr B\u00fcrger:innen zu verhindern, fordern die Organisationen, darunter BAUM. Bedarfsgerechte F\u00f6rderung m\u00fcsse dabei allen Haushalten erm\u00f6glichen, ihre Abh\u00e4ngigkeit von fossilen Brennstoffen zu beenden.","og_url":"https:\/\/baumev.de\/en\/waermewende-zuverlaessig-voranbringen\/","og_site_name":"BAUM e.V.","article_published_time":"2025-03-25T12:10:33+00:00","article_modified_time":"2025-08-28T10:34:43+00:00","og_image":[{"width":1024,"height":577,"url":"https:\/\/baumev.de\/wp-content\/uploads\/2025\/03\/Symbolbild-Heizung-e1753200497654-1024x577.png","type":"image\/png"}],"author":"rittweger","twitter_card":"summary_large_image","twitter_misc":{"Written by":"rittweger","Estimated reading time":"3 minutes"},"schema":{"@context":"https:\/\/schema.org","@graph":[{"@type":"Article","@id":"https:\/\/baumev.de\/en\/waermewende-zuverlaessig-voranbringen\/#article","isPartOf":{"@id":"https:\/\/baumev.de\/en\/waermewende-zuverlaessig-voranbringen\/"},"author":{"name":"rittweger","@id":"\/#\/schema\/person\/7cbf92b816dba32080d06186956546dd"},"headline":"W\u00e4rmewende zuverl\u00e4ssig voranbringen","datePublished":"2025-03-25T12:10:33+00:00","dateModified":"2025-08-28T10:34:43+00:00","mainEntityOfPage":{"@id":"https:\/\/baumev.de\/en\/waermewende-zuverlaessig-voranbringen\/"},"wordCount":547,"publisher":{"@id":"\/#organization"},"image":{"@id":"https:\/\/baumev.de\/en\/waermewende-zuverlaessig-voranbringen\/#primaryimage"},"thumbnailUrl":"https:\/\/baumev.de\/wp-content\/uploads\/2025\/03\/Symbolbild-Heizung-e1753200497654.png","articleSection":["Einblicke &amp; Perspektiven","Klima &amp; Energie"],"inLanguage":"en-GB"},{"@type":"WebPage","@id":"https:\/\/baumev.de\/en\/waermewende-zuverlaessig-voranbringen\/","url":"https:\/\/baumev.de\/en\/waermewende-zuverlaessig-voranbringen\/","name":"W\u00e4rmewende zuverl\u00e4ssig voranbringen - BAUM e.V.","isPartOf":{"@id":"\/#website"},"primaryImageOfPage":{"@id":"https:\/\/baumev.de\/en\/waermewende-zuverlaessig-voranbringen\/#primaryimage"},"image":{"@id":"https:\/\/baumev.de\/en\/waermewende-zuverlaessig-voranbringen\/#primaryimage"},"thumbnailUrl":"https:\/\/baumev.de\/wp-content\/uploads\/2025\/03\/Symbolbild-Heizung-e1753200497654.png","datePublished":"2025-03-25T12:10:33+00:00","dateModified":"2025-08-28T10:34:43+00:00","breadcrumb":{"@id":"https:\/\/baumev.de\/en\/waermewende-zuverlaessig-voranbringen\/#breadcrumb"},"inLanguage":"en-GB","potentialAction":[{"@type":"ReadAction","target":["https:\/\/baumev.de\/en\/waermewende-zuverlaessig-voranbringen\/"]}]},{"@type":"ImageObject","inLanguage":"en-GB","@id":"https:\/\/baumev.de\/en\/waermewende-zuverlaessig-voranbringen\/#primaryimage","url":"https:\/\/baumev.de\/wp-content\/uploads\/2025\/03\/Symbolbild-Heizung-e1753200497654.png","contentUrl":"https:\/\/baumev.de\/wp-content\/uploads\/2025\/03\/Symbolbild-Heizung-e1753200497654.png","width":1667,"height":940,"caption":"Nahaufnahme eines Heizungsreglers mit Temperaturskala und Symbolen f\u00fcr Energiesparmodus"},{"@type":"BreadcrumbList","@id":"https:\/\/baumev.de\/en\/waermewende-zuverlaessig-voranbringen\/#breadcrumb","itemListElement":[{"@type":"ListItem","position":1,"name":"Startseite","item":"https:\/\/baumev.de\/en\/"},{"@type":"ListItem","position":2,"name":"W\u00e4rmewende zuverl\u00e4ssig voranbringen"}]},{"@type":"WebSite","@id":"\/#website","url":"\/","name":"BAUM e.V.","description":"BAUM e.V. \u2013 Netzwerk f\u00fcr nachhaltiges Wirtschaften","publisher":{"@id":"\/#organization"},"potentialAction":[{"@type":"SearchAction","target":{"@type":"EntryPoint","urlTemplate":"\/?s={search_term_string}"},"query-input":{"@type":"PropertyValueSpecification","valueRequired":true,"valueName":"search_term_string"}}],"inLanguage":"en-GB"},{"@type":"Organization","@id":"\/#organization","name":"BAUM e.V.","alternateName":"Bundesdeutscher Arbeitskreis f\u00fcr Umweltbewusstes Management","url":"\/","logo":{"@type":"ImageObject","inLanguage":"en-GB","@id":"\/#\/schema\/logo\/image\/","url":"https:\/\/baumev.de\/wp-content\/uploads\/2025\/04\/Element-1.svg","contentUrl":"https:\/\/baumev.de\/wp-content\/uploads\/2025\/04\/Element-1.svg","width":"1024","height":"1024","caption":"BAUM e.V."},"image":{"@id":"\/#\/schema\/logo\/image\/"},"sameAs":["https:\/\/www.linkedin.com\/company\/baum-ev"]},{"@type":"Person","@id":"\/#\/schema\/person\/7cbf92b816dba32080d06186956546dd","name":"rittweger","sameAs":["http:\/\/baumev.de"]}]}},"_links":{"self":[{"href":"https:\/\/baumev.de\/en\/wp-json\/wp\/v2\/posts\/2259","targetHints":{"allow":["GET"]}}],"collection":[{"href":"https:\/\/baumev.de\/en\/wp-json\/wp\/v2\/posts"}],"about":[{"href":"https:\/\/baumev.de\/en\/wp-json\/wp\/v2\/types\/post"}],"author":[{"embeddable":true,"href":"https:\/\/baumev.de\/en\/wp-json\/wp\/v2\/users\/1"}],"replies":[{"embeddable":true,"href":"https:\/\/baumev.de\/en\/wp-json\/wp\/v2\/comments?post=2259"}],"version-history":[{"count":4,"href":"https:\/\/baumev.de\/en\/wp-json\/wp\/v2\/posts\/2259\/revisions"}],"predecessor-version":[{"id":8975,"href":"https:\/\/baumev.de\/en\/wp-json\/wp\/v2\/posts\/2259\/revisions\/8975"}],"wp:featuredmedia":[{"embeddable":true,"href":"https:\/\/baumev.de\/en\/wp-json\/wp\/v2\/media\/5819"}],"wp:attachment":[{"href":"https:\/\/baumev.de\/en\/wp-json\/wp\/v2\/media?parent=2259"}],"wp:term":[{"taxonomy":"category","embeddable":true,"href":"https:\/\/baumev.de\/en\/wp-json\/wp\/v2\/categories?post=2259"},{"taxonomy":"post_tag","embeddable":true,"href":"https:\/\/baumev.de\/en\/wp-json\/wp\/v2\/tags?post=2259"}],"curies":[{"name":"wp","href":"https:\/\/api.w.org\/{rel}","templated":true}]}}