{"id":2284,"date":"2025-03-04T13:38:17","date_gmt":"2025-03-04T12:38:17","guid":{"rendered":"https:\/\/baumev.de\/?p=2284"},"modified":"2025-08-18T08:02:42","modified_gmt":"2025-08-18T06:02:42","slug":"offener-brief-fordert-wirksame-kontrolle-digitaler-plattformen","status":"publish","type":"post","link":"https:\/\/baumev.de\/en\/offener-brief-fordert-wirksame-kontrolle-digitaler-plattformen\/","title":{"rendered":"Offener Brief fordert wirksame Kontrolle digitaler Plattformen"},"content":{"rendered":"<p style=\"font-weight: 400;\">BAUM fordert im Rahmen einer breiten gesellschaftlichen Allianz von 79 Organisationen und B\u00fcndnissen mit \u00fcber 1.000 Mitgliedern die Verhandlungsf\u00fchrenden von CDU\/CSU und SPD auf, die Kontrolle von Online-Plattformen und eine gemeinwohlorientierte Digitalisierung in die Agenda der Sondierungsgespr\u00e4che aufzunehmen.<\/p>\n<p style=\"font-weight: 400;\">Die j\u00fcngsten Entwicklungen nach der US-Wahl unterstreichen die Gefahren f\u00fcr Demokratien, die von gro\u00dfen Online-Plattformen ausgehen. Daher m\u00fcssen sie wirksam reguliert und um gemeinwohlorientierte Alternativen erg\u00e4nzt werden. Dies fordert eine breite Allianz aus Vetreter:innen der Zivilgesellschaft, Kirchen, Gewerkschaften, Verbraucherschutz und Digitalwirtschaft in einem\u00a0<a href=\"https:\/\/baumev.de\/wp-content\/uploads\/2025\/05\/Offener-Brief_Demokratie-schuetzen-Gemeinwohl-foerdern_Online-Plattformen-brauchen-Kontrolle.pdf\" target=\"_blank\" rel=\"noopener\">offenen Brief an Union und SPD.<\/a>\u00a0Digitale Plattformen polarisieren den Diskurs und f\u00f6rdern die Spaltung der Gesellschaft, st\u00e4rken antidemokratische Kr\u00e4fte und tragen zur Ausgrenzung von Minderheiten bei. Diese Tendenzen erschweren es auch, dringende gesellschaftliche Probleme wie die Klimakrise zu l\u00f6sen.<\/p>\n<p style=\"font-weight: 400;\">Die Unterzeichnenden fordern daher klare Schritte: Erstens m\u00fcssen die bestehenden Digitalregeln wie der Digital Services Act und Digital Markets Act sowie das Wettbewerbsrecht konsequent angewendet werden. Zweitens m\u00fcsse die Regulierung zielgerichtet erg\u00e4nzt werden, etwa bei der Transparenz von Algorithmen, bei tracking-basierter Werbung und suchtf\u00f6rderndem Design sowie Interoperabilit\u00e4tsverpflichtungen. Drittens muss sich die Bundesregierung f\u00fcr den Aufbau demokratisch kontrollierter, gemeinwohlorientierter und souver\u00e4ner digitale Infrastrukturen einsetzen.<\/p>\n","protected":false},"excerpt":{"rendered":"<p>BAUM fordert im Rahmen einer breiten gesellschaftlichen Allianz von 79 Organisationen und B\u00fcndnissen, die Kontrolle von Online-Plattformen und eine gemeinwohlorientierte Digitalisierung in die Agenda der Sondierungsgespr\u00e4che aufzunehmen.<\/p>\n","protected":false},"author":1,"featured_media":5783,"comment_status":"closed","ping_status":"open","sticky":false,"template":"","format":"standard","meta":{"_acf_changed":false,"_et_pb_use_builder":"","_et_pb_old_content":"","_et_gb_content_width":"","inline_featured_image":false,"footnotes":""},"categories":[14,18],"tags":[],"class_list":["post-2284","post","type-post","status-publish","format-standard","has-post-thumbnail","hentry","category-digitalisierung","category-news"],"acf":[],"yoast_head":"<!-- This site is optimized with the Yoast SEO plugin v27.2 - https:\/\/yoast.com\/product\/yoast-seo-wordpress\/ -->\n<title>Offener Brief fordert wirksame Kontrolle digitaler Plattformen - BAUM e.V.<\/title>\n<meta name=\"robots\" content=\"index, follow, max-snippet:-1, max-image-preview:large, max-video-preview:-1\" \/>\n<link rel=\"canonical\" href=\"https:\/\/baumev.de\/en\/offener-brief-fordert-wirksame-kontrolle-digitaler-plattformen\/\" \/>\n<meta property=\"og:locale\" content=\"en_GB\" \/>\n<meta property=\"og:type\" content=\"article\" \/>\n<meta property=\"og:title\" content=\"Offener Brief fordert wirksame Kontrolle digitaler Plattformen - BAUM e.V.\" \/>\n<meta property=\"og:description\" content=\"BAUM fordert im Rahmen einer breiten gesellschaftlichen Allianz von 79 Organisationen und B\u00fcndnissen, die Kontrolle von Online-Plattformen und eine gemeinwohlorientierte Digitalisierung in die Agenda der Sondierungsgespr\u00e4che aufzunehmen.\" \/>\n<meta property=\"og:url\" content=\"https:\/\/baumev.de\/en\/offener-brief-fordert-wirksame-kontrolle-digitaler-plattformen\/\" \/>\n<meta property=\"og:site_name\" content=\"BAUM e.V.\" \/>\n<meta property=\"article:published_time\" content=\"2025-03-04T12:38:17+00:00\" \/>\n<meta property=\"article:modified_time\" content=\"2025-08-18T06:02:42+00:00\" \/>\n<meta property=\"og:image\" content=\"https:\/\/baumev.de\/wp-content\/uploads\/2025\/03\/Sharepic_Verbaende_5.4.jpg\" \/>\n\t<meta property=\"og:image:width\" content=\"1200\" \/>\n\t<meta property=\"og:image:height\" content=\"1500\" \/>\n\t<meta property=\"og:image:type\" content=\"image\/jpeg\" \/>\n<meta name=\"author\" content=\"rittweger\" \/>\n<meta name=\"twitter:card\" content=\"summary_large_image\" \/>\n<meta name=\"twitter:label1\" content=\"Written by\" \/>\n\t<meta name=\"twitter:data1\" content=\"rittweger\" \/>\n\t<meta name=\"twitter:label2\" content=\"Estimated reading time\" \/>\n\t<meta name=\"twitter:data2\" content=\"2 minutes\" \/>\n<script type=\"application\/ld+json\" class=\"yoast-schema-graph\">{\"@context\":\"https:\/\/schema.org\",\"@graph\":[{\"@type\":\"Article\",\"@id\":\"https:\/\/baumev.de\/en\/offener-brief-fordert-wirksame-kontrolle-digitaler-plattformen\/#article\",\"isPartOf\":{\"@id\":\"https:\/\/baumev.de\/en\/offener-brief-fordert-wirksame-kontrolle-digitaler-plattformen\/\"},\"author\":{\"name\":\"rittweger\",\"@id\":\"\/#\/schema\/person\/7cbf92b816dba32080d06186956546dd\"},\"headline\":\"Offener Brief fordert wirksame Kontrolle digitaler Plattformen\",\"datePublished\":\"2025-03-04T12:38:17+00:00\",\"dateModified\":\"2025-08-18T06:02:42+00:00\",\"mainEntityOfPage\":{\"@id\":\"https:\/\/baumev.de\/en\/offener-brief-fordert-wirksame-kontrolle-digitaler-plattformen\/\"},\"wordCount\":210,\"publisher\":{\"@id\":\"\/#organization\"},\"image\":{\"@id\":\"https:\/\/baumev.de\/en\/offener-brief-fordert-wirksame-kontrolle-digitaler-plattformen\/#primaryimage\"},\"thumbnailUrl\":\"https:\/\/baumev.de\/wp-content\/uploads\/2025\/03\/Sharepic_Verbaende_5.4.jpg\",\"articleSection\":[\"Digitalisierung\",\"Einblicke &amp; Perspektiven\"],\"inLanguage\":\"en-GB\"},{\"@type\":\"WebPage\",\"@id\":\"https:\/\/baumev.de\/en\/offener-brief-fordert-wirksame-kontrolle-digitaler-plattformen\/\",\"url\":\"https:\/\/baumev.de\/en\/offener-brief-fordert-wirksame-kontrolle-digitaler-plattformen\/\",\"name\":\"Offener Brief fordert wirksame Kontrolle digitaler Plattformen - BAUM e.V.\",\"isPartOf\":{\"@id\":\"\/#website\"},\"primaryImageOfPage\":{\"@id\":\"https:\/\/baumev.de\/en\/offener-brief-fordert-wirksame-kontrolle-digitaler-plattformen\/#primaryimage\"},\"image\":{\"@id\":\"https:\/\/baumev.de\/en\/offener-brief-fordert-wirksame-kontrolle-digitaler-plattformen\/#primaryimage\"},\"thumbnailUrl\":\"https:\/\/baumev.de\/wp-content\/uploads\/2025\/03\/Sharepic_Verbaende_5.4.jpg\",\"datePublished\":\"2025-03-04T12:38:17+00:00\",\"dateModified\":\"2025-08-18T06:02:42+00:00\",\"breadcrumb\":{\"@id\":\"https:\/\/baumev.de\/en\/offener-brief-fordert-wirksame-kontrolle-digitaler-plattformen\/#breadcrumb\"},\"inLanguage\":\"en-GB\",\"potentialAction\":[{\"@type\":\"ReadAction\",\"target\":[\"https:\/\/baumev.de\/en\/offener-brief-fordert-wirksame-kontrolle-digitaler-plattformen\/\"]}]},{\"@type\":\"ImageObject\",\"inLanguage\":\"en-GB\",\"@id\":\"https:\/\/baumev.de\/en\/offener-brief-fordert-wirksame-kontrolle-digitaler-plattformen\/#primaryimage\",\"url\":\"https:\/\/baumev.de\/wp-content\/uploads\/2025\/03\/Sharepic_Verbaende_5.4.jpg\",\"contentUrl\":\"https:\/\/baumev.de\/wp-content\/uploads\/2025\/03\/Sharepic_Verbaende_5.4.jpg\",\"width\":1200,\"height\":1500,\"caption\":\"Grafik mit dem Aufruf \u201aACT NOW!\u2018 auf orangem Hintergrund, darunter Icons f\u00fcr Zivilgesellschaft, Kirchen, Unternehmen, Verbraucher- und Arbeitnehmerschutz sowie der Text: \u201a\u00dcber 75 Verb\u00e4nde, Zivilgesellschaft, Verbraucherschutz, Kirchen, Gewerkschaften und Unternehmen fordern: Demokratische Diskursr\u00e4ume \u2013 auch im Digitalen!\"},{\"@type\":\"BreadcrumbList\",\"@id\":\"https:\/\/baumev.de\/en\/offener-brief-fordert-wirksame-kontrolle-digitaler-plattformen\/#breadcrumb\",\"itemListElement\":[{\"@type\":\"ListItem\",\"position\":1,\"name\":\"Startseite\",\"item\":\"https:\/\/baumev.de\/en\/\"},{\"@type\":\"ListItem\",\"position\":2,\"name\":\"Offener Brief fordert wirksame Kontrolle digitaler Plattformen\"}]},{\"@type\":\"WebSite\",\"@id\":\"\/#website\",\"url\":\"\/\",\"name\":\"BAUM e.V.\",\"description\":\"BAUM e.V. \u2013 Netzwerk f\u00fcr nachhaltiges Wirtschaften\",\"publisher\":{\"@id\":\"\/#organization\"},\"potentialAction\":[{\"@type\":\"SearchAction\",\"target\":{\"@type\":\"EntryPoint\",\"urlTemplate\":\"\/?s={search_term_string}\"},\"query-input\":{\"@type\":\"PropertyValueSpecification\",\"valueRequired\":true,\"valueName\":\"search_term_string\"}}],\"inLanguage\":\"en-GB\"},{\"@type\":\"Organization\",\"@id\":\"\/#organization\",\"name\":\"BAUM e.V.\",\"alternateName\":\"Bundesdeutscher Arbeitskreis f\u00fcr Umweltbewusstes Management\",\"url\":\"\/\",\"logo\":{\"@type\":\"ImageObject\",\"inLanguage\":\"en-GB\",\"@id\":\"\/#\/schema\/logo\/image\/\",\"url\":\"https:\/\/baumev.de\/wp-content\/uploads\/2025\/04\/Element-1.svg\",\"contentUrl\":\"https:\/\/baumev.de\/wp-content\/uploads\/2025\/04\/Element-1.svg\",\"width\":\"1024\",\"height\":\"1024\",\"caption\":\"BAUM e.V.\"},\"image\":{\"@id\":\"\/#\/schema\/logo\/image\/\"},\"sameAs\":[\"https:\/\/www.linkedin.com\/company\/baum-ev\"]},{\"@type\":\"Person\",\"@id\":\"\/#\/schema\/person\/7cbf92b816dba32080d06186956546dd\",\"name\":\"rittweger\",\"sameAs\":[\"http:\/\/baumev.de\"]}]}<\/script>\n<!-- \/ Yoast SEO plugin. -->","yoast_head_json":{"title":"Offener Brief fordert wirksame Kontrolle digitaler Plattformen - BAUM e.V.","robots":{"index":"index","follow":"follow","max-snippet":"max-snippet:-1","max-image-preview":"max-image-preview:large","max-video-preview":"max-video-preview:-1"},"canonical":"https:\/\/baumev.de\/en\/offener-brief-fordert-wirksame-kontrolle-digitaler-plattformen\/","og_locale":"en_GB","og_type":"article","og_title":"Offener Brief fordert wirksame Kontrolle digitaler Plattformen - BAUM e.V.","og_description":"BAUM fordert im Rahmen einer breiten gesellschaftlichen Allianz von 79 Organisationen und B\u00fcndnissen, die Kontrolle von Online-Plattformen und eine gemeinwohlorientierte Digitalisierung in die Agenda der Sondierungsgespr\u00e4che aufzunehmen.","og_url":"https:\/\/baumev.de\/en\/offener-brief-fordert-wirksame-kontrolle-digitaler-plattformen\/","og_site_name":"BAUM e.V.","article_published_time":"2025-03-04T12:38:17+00:00","article_modified_time":"2025-08-18T06:02:42+00:00","og_image":[{"width":1200,"height":1500,"url":"https:\/\/baumev.de\/wp-content\/uploads\/2025\/03\/Sharepic_Verbaende_5.4.jpg","type":"image\/jpeg"}],"author":"rittweger","twitter_card":"summary_large_image","twitter_misc":{"Written by":"rittweger","Estimated reading time":"2 minutes"},"schema":{"@context":"https:\/\/schema.org","@graph":[{"@type":"Article","@id":"https:\/\/baumev.de\/en\/offener-brief-fordert-wirksame-kontrolle-digitaler-plattformen\/#article","isPartOf":{"@id":"https:\/\/baumev.de\/en\/offener-brief-fordert-wirksame-kontrolle-digitaler-plattformen\/"},"author":{"name":"rittweger","@id":"\/#\/schema\/person\/7cbf92b816dba32080d06186956546dd"},"headline":"Offener Brief fordert wirksame Kontrolle digitaler Plattformen","datePublished":"2025-03-04T12:38:17+00:00","dateModified":"2025-08-18T06:02:42+00:00","mainEntityOfPage":{"@id":"https:\/\/baumev.de\/en\/offener-brief-fordert-wirksame-kontrolle-digitaler-plattformen\/"},"wordCount":210,"publisher":{"@id":"\/#organization"},"image":{"@id":"https:\/\/baumev.de\/en\/offener-brief-fordert-wirksame-kontrolle-digitaler-plattformen\/#primaryimage"},"thumbnailUrl":"https:\/\/baumev.de\/wp-content\/uploads\/2025\/03\/Sharepic_Verbaende_5.4.jpg","articleSection":["Digitalisierung","Einblicke &amp; Perspektiven"],"inLanguage":"en-GB"},{"@type":"WebPage","@id":"https:\/\/baumev.de\/en\/offener-brief-fordert-wirksame-kontrolle-digitaler-plattformen\/","url":"https:\/\/baumev.de\/en\/offener-brief-fordert-wirksame-kontrolle-digitaler-plattformen\/","name":"Offener Brief fordert wirksame Kontrolle digitaler Plattformen - BAUM e.V.","isPartOf":{"@id":"\/#website"},"primaryImageOfPage":{"@id":"https:\/\/baumev.de\/en\/offener-brief-fordert-wirksame-kontrolle-digitaler-plattformen\/#primaryimage"},"image":{"@id":"https:\/\/baumev.de\/en\/offener-brief-fordert-wirksame-kontrolle-digitaler-plattformen\/#primaryimage"},"thumbnailUrl":"https:\/\/baumev.de\/wp-content\/uploads\/2025\/03\/Sharepic_Verbaende_5.4.jpg","datePublished":"2025-03-04T12:38:17+00:00","dateModified":"2025-08-18T06:02:42+00:00","breadcrumb":{"@id":"https:\/\/baumev.de\/en\/offener-brief-fordert-wirksame-kontrolle-digitaler-plattformen\/#breadcrumb"},"inLanguage":"en-GB","potentialAction":[{"@type":"ReadAction","target":["https:\/\/baumev.de\/en\/offener-brief-fordert-wirksame-kontrolle-digitaler-plattformen\/"]}]},{"@type":"ImageObject","inLanguage":"en-GB","@id":"https:\/\/baumev.de\/en\/offener-brief-fordert-wirksame-kontrolle-digitaler-plattformen\/#primaryimage","url":"https:\/\/baumev.de\/wp-content\/uploads\/2025\/03\/Sharepic_Verbaende_5.4.jpg","contentUrl":"https:\/\/baumev.de\/wp-content\/uploads\/2025\/03\/Sharepic_Verbaende_5.4.jpg","width":1200,"height":1500,"caption":"Grafik mit dem Aufruf \u201aACT NOW!\u2018 auf orangem Hintergrund, darunter Icons f\u00fcr Zivilgesellschaft, Kirchen, Unternehmen, Verbraucher- und Arbeitnehmerschutz sowie der Text: \u201a\u00dcber 75 Verb\u00e4nde, Zivilgesellschaft, Verbraucherschutz, Kirchen, Gewerkschaften und Unternehmen fordern: Demokratische Diskursr\u00e4ume \u2013 auch im Digitalen!"},{"@type":"BreadcrumbList","@id":"https:\/\/baumev.de\/en\/offener-brief-fordert-wirksame-kontrolle-digitaler-plattformen\/#breadcrumb","itemListElement":[{"@type":"ListItem","position":1,"name":"Startseite","item":"https:\/\/baumev.de\/en\/"},{"@type":"ListItem","position":2,"name":"Offener Brief fordert wirksame Kontrolle digitaler Plattformen"}]},{"@type":"WebSite","@id":"\/#website","url":"\/","name":"BAUM e.V.","description":"BAUM e.V. \u2013 Netzwerk f\u00fcr nachhaltiges Wirtschaften","publisher":{"@id":"\/#organization"},"potentialAction":[{"@type":"SearchAction","target":{"@type":"EntryPoint","urlTemplate":"\/?s={search_term_string}"},"query-input":{"@type":"PropertyValueSpecification","valueRequired":true,"valueName":"search_term_string"}}],"inLanguage":"en-GB"},{"@type":"Organization","@id":"\/#organization","name":"BAUM e.V.","alternateName":"Bundesdeutscher Arbeitskreis f\u00fcr Umweltbewusstes Management","url":"\/","logo":{"@type":"ImageObject","inLanguage":"en-GB","@id":"\/#\/schema\/logo\/image\/","url":"https:\/\/baumev.de\/wp-content\/uploads\/2025\/04\/Element-1.svg","contentUrl":"https:\/\/baumev.de\/wp-content\/uploads\/2025\/04\/Element-1.svg","width":"1024","height":"1024","caption":"BAUM e.V."},"image":{"@id":"\/#\/schema\/logo\/image\/"},"sameAs":["https:\/\/www.linkedin.com\/company\/baum-ev"]},{"@type":"Person","@id":"\/#\/schema\/person\/7cbf92b816dba32080d06186956546dd","name":"rittweger","sameAs":["http:\/\/baumev.de"]}]}},"_links":{"self":[{"href":"https:\/\/baumev.de\/en\/wp-json\/wp\/v2\/posts\/2284","targetHints":{"allow":["GET"]}}],"collection":[{"href":"https:\/\/baumev.de\/en\/wp-json\/wp\/v2\/posts"}],"about":[{"href":"https:\/\/baumev.de\/en\/wp-json\/wp\/v2\/types\/post"}],"author":[{"embeddable":true,"href":"https:\/\/baumev.de\/en\/wp-json\/wp\/v2\/users\/1"}],"replies":[{"embeddable":true,"href":"https:\/\/baumev.de\/en\/wp-json\/wp\/v2\/comments?post=2284"}],"version-history":[{"count":5,"href":"https:\/\/baumev.de\/en\/wp-json\/wp\/v2\/posts\/2284\/revisions"}],"predecessor-version":[{"id":6212,"href":"https:\/\/baumev.de\/en\/wp-json\/wp\/v2\/posts\/2284\/revisions\/6212"}],"wp:featuredmedia":[{"embeddable":true,"href":"https:\/\/baumev.de\/en\/wp-json\/wp\/v2\/media\/5783"}],"wp:attachment":[{"href":"https:\/\/baumev.de\/en\/wp-json\/wp\/v2\/media?parent=2284"}],"wp:term":[{"taxonomy":"category","embeddable":true,"href":"https:\/\/baumev.de\/en\/wp-json\/wp\/v2\/categories?post=2284"},{"taxonomy":"post_tag","embeddable":true,"href":"https:\/\/baumev.de\/en\/wp-json\/wp\/v2\/tags?post=2284"}],"curies":[{"name":"wp","href":"https:\/\/api.w.org\/{rel}","templated":true}]}}