{"id":2315,"date":"2025-03-03T14:01:09","date_gmt":"2025-03-03T13:01:09","guid":{"rendered":"https:\/\/baumev.de\/?p=2315"},"modified":"2025-08-18T08:02:42","modified_gmt":"2025-08-18T06:02:42","slug":"wissensaufbau-und-orientierung-im-nachhaltigkeitsbereich","status":"publish","type":"post","link":"https:\/\/baumev.de\/en\/wissensaufbau-und-orientierung-im-nachhaltigkeitsbereich\/","title":{"rendered":"Wissensaufbau und Orientierung im Nachhaltigkeitsbereich"},"content":{"rendered":"<p style=\"font-weight: 400;\">Mit der Etablierung unserer Digitalen Akademie m\u00f6chten wir dem breiten Bedarf nach Wissensaufbau und Orientierung im Nachhaltigkeitsbereich gerecht werden. Als Meta-Plattform b\u00fcndelt sie das in der Mitgliedschaft und im Netzwerk vorhandene Wissen und die dezentral verf\u00fcgbaren Angebote. So k\u00f6nnen fachlich fundierte Angebote leichter gefunden und betriebspraktische E-Learnings skalierf\u00e4hig aufbereitet werden.<\/p>\n<p style=\"font-weight: 400;\">Das Angebot richtet sich in erster Linie an mit Nachhaltigkeitsthemen befasste Mitarbeiterinnen und Mitarbeiter aller Hierarchieebenen und umfasst die Kernthemen Strategische Planung und Unternehmensf\u00fchrung, Beschaffung, sowie (Nachhaltigkeits-)Berichterstattung.<\/p>\n<p style=\"font-weight: 400;\">Anbieter von nicht werblichen E-Learnings, die die Qualit\u00e4tskriterien unserer Akademie erf\u00fcllen, sind dazu eingeladen, sich mit uns in Verbindung zu setzen. Zu unseren Kriterien geh\u00f6ren:<\/p>\n<ul style=\"font-weight: 400;\">\n<li>Aktualit\u00e4t und leichte Aktualisierbarkeit der Schulungsinhalte,<\/li>\n<li>Relevanz und Anwendbarkeit in der Betriebspraxis,<\/li>\n<li>eine didaktische Grundstruktur und leichte Verdaulichkeit,<\/li>\n<li>eine zeitunabh\u00e4ngige Konsumierbarkeit und eine Qualifizierbarkeit durch Lernerfolgs\u00fcberpr\u00fcfung.<\/li>\n<\/ul>\n<p style=\"font-weight: 400;\">Sollten Ihre Lerninhalte f\u00fcr unsere Akademie in Frage kommen, f\u00fcllen Sie gerne unser\u00a0<a href=\"https:\/\/forms.office.com\/e\/HEDu1E4DNb\">Akademie-Formular<\/a>\u00a0aus, um sich zu bewerben. Nach einer kurzen Sichtungszeit kommen wir dann wieder auf Sie zu.<\/p>\n","protected":false},"excerpt":{"rendered":"<p>Unsere Digitale Akademie b\u00fcndelt das in der Mitgliedschaft und im Netzwerk vorhandene Wissen und die dezentral verf\u00fcgbaren Angebote. So k\u00f6nnen fachlich fundierte Angebote leichter gefunden und betriebspraktische E-Learnings skalierf\u00e4hig aufbereitet werden.<\/p>\n","protected":false},"author":1,"featured_media":6214,"comment_status":"closed","ping_status":"open","sticky":false,"template":"","format":"standard","meta":{"_acf_changed":false,"_et_pb_use_builder":"","_et_pb_old_content":"","_et_gb_content_width":"","inline_featured_image":false,"footnotes":""},"categories":[44],"tags":[],"class_list":["post-2315","post","type-post","status-publish","format-standard","has-post-thumbnail","hentry","category-news"],"acf":[],"yoast_head":"<!-- This site is optimized with the Yoast SEO plugin v27.2 - https:\/\/yoast.com\/product\/yoast-seo-wordpress\/ -->\n<title>Wissensaufbau und Orientierung im Nachhaltigkeitsbereich - BAUM e.V.<\/title>\n<meta name=\"robots\" content=\"index, follow, max-snippet:-1, max-image-preview:large, max-video-preview:-1\" \/>\n<link rel=\"canonical\" href=\"https:\/\/baumev.de\/en\/wissensaufbau-und-orientierung-im-nachhaltigkeitsbereich\/\" \/>\n<meta property=\"og:locale\" content=\"en_GB\" \/>\n<meta property=\"og:type\" content=\"article\" \/>\n<meta property=\"og:title\" content=\"Wissensaufbau und Orientierung im Nachhaltigkeitsbereich - BAUM e.V.\" \/>\n<meta property=\"og:description\" content=\"Unsere Digitale Akademie b\u00fcndelt das in der Mitgliedschaft und im Netzwerk vorhandene Wissen und die dezentral verf\u00fcgbaren Angebote. So k\u00f6nnen fachlich fundierte Angebote leichter gefunden und betriebspraktische E-Learnings skalierf\u00e4hig aufbereitet werden.\" \/>\n<meta property=\"og:url\" content=\"https:\/\/baumev.de\/en\/wissensaufbau-und-orientierung-im-nachhaltigkeitsbereich\/\" \/>\n<meta property=\"og:site_name\" content=\"BAUM e.V.\" \/>\n<meta property=\"article:published_time\" content=\"2025-03-03T13:01:09+00:00\" \/>\n<meta property=\"article:modified_time\" content=\"2025-08-18T06:02:42+00:00\" \/>\n<meta property=\"og:image\" content=\"https:\/\/baumev.de\/wp-content\/uploads\/2025\/03\/Symbolbild_E-Learning.png\" \/>\n\t<meta property=\"og:image:width\" content=\"2000\" \/>\n\t<meta property=\"og:image:height\" content=\"1125\" \/>\n\t<meta property=\"og:image:type\" content=\"image\/png\" \/>\n<meta name=\"author\" content=\"rittweger\" \/>\n<meta name=\"twitter:card\" content=\"summary_large_image\" \/>\n<meta name=\"twitter:label1\" content=\"Written by\" \/>\n\t<meta name=\"twitter:data1\" content=\"rittweger\" \/>\n\t<meta name=\"twitter:label2\" content=\"Estimated reading time\" \/>\n\t<meta name=\"twitter:data2\" content=\"2 minutes\" \/>\n<script type=\"application\/ld+json\" class=\"yoast-schema-graph\">{\"@context\":\"https:\/\/schema.org\",\"@graph\":[{\"@type\":\"Article\",\"@id\":\"https:\/\/baumev.de\/en\/wissensaufbau-und-orientierung-im-nachhaltigkeitsbereich\/#article\",\"isPartOf\":{\"@id\":\"https:\/\/baumev.de\/en\/wissensaufbau-und-orientierung-im-nachhaltigkeitsbereich\/\"},\"author\":{\"name\":\"rittweger\",\"@id\":\"\/#\/schema\/person\/7cbf92b816dba32080d06186956546dd\"},\"headline\":\"Wissensaufbau und Orientierung im Nachhaltigkeitsbereich\",\"datePublished\":\"2025-03-03T13:01:09+00:00\",\"dateModified\":\"2025-08-18T06:02:42+00:00\",\"mainEntityOfPage\":{\"@id\":\"https:\/\/baumev.de\/en\/wissensaufbau-und-orientierung-im-nachhaltigkeitsbereich\/\"},\"wordCount\":179,\"publisher\":{\"@id\":\"\/#organization\"},\"image\":{\"@id\":\"https:\/\/baumev.de\/en\/wissensaufbau-und-orientierung-im-nachhaltigkeitsbereich\/#primaryimage\"},\"thumbnailUrl\":\"https:\/\/baumev.de\/wp-content\/uploads\/2025\/03\/Symbolbild_E-Learning.png\",\"articleSection\":[\"Insights &amp; Perspectives\"],\"inLanguage\":\"en-GB\"},{\"@type\":\"WebPage\",\"@id\":\"https:\/\/baumev.de\/en\/wissensaufbau-und-orientierung-im-nachhaltigkeitsbereich\/\",\"url\":\"https:\/\/baumev.de\/en\/wissensaufbau-und-orientierung-im-nachhaltigkeitsbereich\/\",\"name\":\"Wissensaufbau und Orientierung im Nachhaltigkeitsbereich - BAUM e.V.\",\"isPartOf\":{\"@id\":\"\/#website\"},\"primaryImageOfPage\":{\"@id\":\"https:\/\/baumev.de\/en\/wissensaufbau-und-orientierung-im-nachhaltigkeitsbereich\/#primaryimage\"},\"image\":{\"@id\":\"https:\/\/baumev.de\/en\/wissensaufbau-und-orientierung-im-nachhaltigkeitsbereich\/#primaryimage\"},\"thumbnailUrl\":\"https:\/\/baumev.de\/wp-content\/uploads\/2025\/03\/Symbolbild_E-Learning.png\",\"datePublished\":\"2025-03-03T13:01:09+00:00\",\"dateModified\":\"2025-08-18T06:02:42+00:00\",\"breadcrumb\":{\"@id\":\"https:\/\/baumev.de\/en\/wissensaufbau-und-orientierung-im-nachhaltigkeitsbereich\/#breadcrumb\"},\"inLanguage\":\"en-GB\",\"potentialAction\":[{\"@type\":\"ReadAction\",\"target\":[\"https:\/\/baumev.de\/en\/wissensaufbau-und-orientierung-im-nachhaltigkeitsbereich\/\"]}]},{\"@type\":\"ImageObject\",\"inLanguage\":\"en-GB\",\"@id\":\"https:\/\/baumev.de\/en\/wissensaufbau-und-orientierung-im-nachhaltigkeitsbereich\/#primaryimage\",\"url\":\"https:\/\/baumev.de\/wp-content\/uploads\/2025\/03\/Symbolbild_E-Learning.png\",\"contentUrl\":\"https:\/\/baumev.de\/wp-content\/uploads\/2025\/03\/Symbolbild_E-Learning.png\",\"width\":2000,\"height\":1125,\"caption\":\"L\u00e4chelnde Frau bei einem E-Learning-Kurs von BAUM e.V. einem Unternehmerverband Umweltmanagement, am Laptop, zeigt mit Stift auf den Bildschirm, Notizbuch und Pflanze im Vordergrund\"},{\"@type\":\"BreadcrumbList\",\"@id\":\"https:\/\/baumev.de\/en\/wissensaufbau-und-orientierung-im-nachhaltigkeitsbereich\/#breadcrumb\",\"itemListElement\":[{\"@type\":\"ListItem\",\"position\":1,\"name\":\"Startseite\",\"item\":\"https:\/\/baumev.de\/en\/\"},{\"@type\":\"ListItem\",\"position\":2,\"name\":\"Wissensaufbau und Orientierung im Nachhaltigkeitsbereich\"}]},{\"@type\":\"WebSite\",\"@id\":\"\/#website\",\"url\":\"\/\",\"name\":\"BAUM e.V.\",\"description\":\"BAUM e.V. \u2013 Netzwerk f\u00fcr nachhaltiges Wirtschaften\",\"publisher\":{\"@id\":\"\/#organization\"},\"potentialAction\":[{\"@type\":\"SearchAction\",\"target\":{\"@type\":\"EntryPoint\",\"urlTemplate\":\"\/?s={search_term_string}\"},\"query-input\":{\"@type\":\"PropertyValueSpecification\",\"valueRequired\":true,\"valueName\":\"search_term_string\"}}],\"inLanguage\":\"en-GB\"},{\"@type\":\"Organization\",\"@id\":\"\/#organization\",\"name\":\"BAUM e.V.\",\"alternateName\":\"Bundesdeutscher Arbeitskreis f\u00fcr Umweltbewusstes Management\",\"url\":\"\/\",\"logo\":{\"@type\":\"ImageObject\",\"inLanguage\":\"en-GB\",\"@id\":\"\/#\/schema\/logo\/image\/\",\"url\":\"https:\/\/baumev.de\/wp-content\/uploads\/2025\/04\/Element-1.svg\",\"contentUrl\":\"https:\/\/baumev.de\/wp-content\/uploads\/2025\/04\/Element-1.svg\",\"width\":\"1024\",\"height\":\"1024\",\"caption\":\"BAUM e.V.\"},\"image\":{\"@id\":\"\/#\/schema\/logo\/image\/\"},\"sameAs\":[\"https:\/\/www.linkedin.com\/company\/baum-ev\"]},{\"@type\":\"Person\",\"@id\":\"\/#\/schema\/person\/7cbf92b816dba32080d06186956546dd\",\"name\":\"rittweger\",\"sameAs\":[\"http:\/\/baumev.de\"]}]}<\/script>\n<!-- \/ Yoast SEO plugin. -->","yoast_head_json":{"title":"Wissensaufbau und Orientierung im Nachhaltigkeitsbereich - BAUM e.V.","robots":{"index":"index","follow":"follow","max-snippet":"max-snippet:-1","max-image-preview":"max-image-preview:large","max-video-preview":"max-video-preview:-1"},"canonical":"https:\/\/baumev.de\/en\/wissensaufbau-und-orientierung-im-nachhaltigkeitsbereich\/","og_locale":"en_GB","og_type":"article","og_title":"Wissensaufbau und Orientierung im Nachhaltigkeitsbereich - BAUM e.V.","og_description":"Unsere Digitale Akademie b\u00fcndelt das in der Mitgliedschaft und im Netzwerk vorhandene Wissen und die dezentral verf\u00fcgbaren Angebote. So k\u00f6nnen fachlich fundierte Angebote leichter gefunden und betriebspraktische E-Learnings skalierf\u00e4hig aufbereitet werden.","og_url":"https:\/\/baumev.de\/en\/wissensaufbau-und-orientierung-im-nachhaltigkeitsbereich\/","og_site_name":"BAUM e.V.","article_published_time":"2025-03-03T13:01:09+00:00","article_modified_time":"2025-08-18T06:02:42+00:00","og_image":[{"width":2000,"height":1125,"url":"https:\/\/baumev.de\/wp-content\/uploads\/2025\/03\/Symbolbild_E-Learning.png","type":"image\/png"}],"author":"rittweger","twitter_card":"summary_large_image","twitter_misc":{"Written by":"rittweger","Estimated reading time":"2 minutes"},"schema":{"@context":"https:\/\/schema.org","@graph":[{"@type":"Article","@id":"https:\/\/baumev.de\/en\/wissensaufbau-und-orientierung-im-nachhaltigkeitsbereich\/#article","isPartOf":{"@id":"https:\/\/baumev.de\/en\/wissensaufbau-und-orientierung-im-nachhaltigkeitsbereich\/"},"author":{"name":"rittweger","@id":"\/#\/schema\/person\/7cbf92b816dba32080d06186956546dd"},"headline":"Wissensaufbau und Orientierung im Nachhaltigkeitsbereich","datePublished":"2025-03-03T13:01:09+00:00","dateModified":"2025-08-18T06:02:42+00:00","mainEntityOfPage":{"@id":"https:\/\/baumev.de\/en\/wissensaufbau-und-orientierung-im-nachhaltigkeitsbereich\/"},"wordCount":179,"publisher":{"@id":"\/#organization"},"image":{"@id":"https:\/\/baumev.de\/en\/wissensaufbau-und-orientierung-im-nachhaltigkeitsbereich\/#primaryimage"},"thumbnailUrl":"https:\/\/baumev.de\/wp-content\/uploads\/2025\/03\/Symbolbild_E-Learning.png","articleSection":["Insights &amp; Perspectives"],"inLanguage":"en-GB"},{"@type":"WebPage","@id":"https:\/\/baumev.de\/en\/wissensaufbau-und-orientierung-im-nachhaltigkeitsbereich\/","url":"https:\/\/baumev.de\/en\/wissensaufbau-und-orientierung-im-nachhaltigkeitsbereich\/","name":"Wissensaufbau und Orientierung im Nachhaltigkeitsbereich - BAUM e.V.","isPartOf":{"@id":"\/#website"},"primaryImageOfPage":{"@id":"https:\/\/baumev.de\/en\/wissensaufbau-und-orientierung-im-nachhaltigkeitsbereich\/#primaryimage"},"image":{"@id":"https:\/\/baumev.de\/en\/wissensaufbau-und-orientierung-im-nachhaltigkeitsbereich\/#primaryimage"},"thumbnailUrl":"https:\/\/baumev.de\/wp-content\/uploads\/2025\/03\/Symbolbild_E-Learning.png","datePublished":"2025-03-03T13:01:09+00:00","dateModified":"2025-08-18T06:02:42+00:00","breadcrumb":{"@id":"https:\/\/baumev.de\/en\/wissensaufbau-und-orientierung-im-nachhaltigkeitsbereich\/#breadcrumb"},"inLanguage":"en-GB","potentialAction":[{"@type":"ReadAction","target":["https:\/\/baumev.de\/en\/wissensaufbau-und-orientierung-im-nachhaltigkeitsbereich\/"]}]},{"@type":"ImageObject","inLanguage":"en-GB","@id":"https:\/\/baumev.de\/en\/wissensaufbau-und-orientierung-im-nachhaltigkeitsbereich\/#primaryimage","url":"https:\/\/baumev.de\/wp-content\/uploads\/2025\/03\/Symbolbild_E-Learning.png","contentUrl":"https:\/\/baumev.de\/wp-content\/uploads\/2025\/03\/Symbolbild_E-Learning.png","width":2000,"height":1125,"caption":"L\u00e4chelnde Frau bei einem E-Learning-Kurs von BAUM e.V. einem Unternehmerverband Umweltmanagement, am Laptop, zeigt mit Stift auf den Bildschirm, Notizbuch und Pflanze im Vordergrund"},{"@type":"BreadcrumbList","@id":"https:\/\/baumev.de\/en\/wissensaufbau-und-orientierung-im-nachhaltigkeitsbereich\/#breadcrumb","itemListElement":[{"@type":"ListItem","position":1,"name":"Startseite","item":"https:\/\/baumev.de\/en\/"},{"@type":"ListItem","position":2,"name":"Wissensaufbau und Orientierung im Nachhaltigkeitsbereich"}]},{"@type":"WebSite","@id":"\/#website","url":"\/","name":"BAUM e.V.","description":"BAUM e.V. \u2013 Netzwerk f\u00fcr nachhaltiges Wirtschaften","publisher":{"@id":"\/#organization"},"potentialAction":[{"@type":"SearchAction","target":{"@type":"EntryPoint","urlTemplate":"\/?s={search_term_string}"},"query-input":{"@type":"PropertyValueSpecification","valueRequired":true,"valueName":"search_term_string"}}],"inLanguage":"en-GB"},{"@type":"Organization","@id":"\/#organization","name":"BAUM e.V.","alternateName":"Bundesdeutscher Arbeitskreis f\u00fcr Umweltbewusstes Management","url":"\/","logo":{"@type":"ImageObject","inLanguage":"en-GB","@id":"\/#\/schema\/logo\/image\/","url":"https:\/\/baumev.de\/wp-content\/uploads\/2025\/04\/Element-1.svg","contentUrl":"https:\/\/baumev.de\/wp-content\/uploads\/2025\/04\/Element-1.svg","width":"1024","height":"1024","caption":"BAUM e.V."},"image":{"@id":"\/#\/schema\/logo\/image\/"},"sameAs":["https:\/\/www.linkedin.com\/company\/baum-ev"]},{"@type":"Person","@id":"\/#\/schema\/person\/7cbf92b816dba32080d06186956546dd","name":"rittweger","sameAs":["http:\/\/baumev.de"]}]}},"_links":{"self":[{"href":"https:\/\/baumev.de\/en\/wp-json\/wp\/v2\/posts\/2315","targetHints":{"allow":["GET"]}}],"collection":[{"href":"https:\/\/baumev.de\/en\/wp-json\/wp\/v2\/posts"}],"about":[{"href":"https:\/\/baumev.de\/en\/wp-json\/wp\/v2\/types\/post"}],"author":[{"embeddable":true,"href":"https:\/\/baumev.de\/en\/wp-json\/wp\/v2\/users\/1"}],"replies":[{"embeddable":true,"href":"https:\/\/baumev.de\/en\/wp-json\/wp\/v2\/comments?post=2315"}],"version-history":[{"count":3,"href":"https:\/\/baumev.de\/en\/wp-json\/wp\/v2\/posts\/2315\/revisions"}],"predecessor-version":[{"id":6215,"href":"https:\/\/baumev.de\/en\/wp-json\/wp\/v2\/posts\/2315\/revisions\/6215"}],"wp:featuredmedia":[{"embeddable":true,"href":"https:\/\/baumev.de\/en\/wp-json\/wp\/v2\/media\/6214"}],"wp:attachment":[{"href":"https:\/\/baumev.de\/en\/wp-json\/wp\/v2\/media?parent=2315"}],"wp:term":[{"taxonomy":"category","embeddable":true,"href":"https:\/\/baumev.de\/en\/wp-json\/wp\/v2\/categories?post=2315"},{"taxonomy":"post_tag","embeddable":true,"href":"https:\/\/baumev.de\/en\/wp-json\/wp\/v2\/tags?post=2315"}],"curies":[{"name":"wp","href":"https:\/\/api.w.org\/{rel}","templated":true}]}}