{"id":2440,"date":"2025-02-19T09:33:51","date_gmt":"2025-02-19T08:33:51","guid":{"rendered":"https:\/\/baumev.de\/?p=2440"},"modified":"2025-08-18T08:02:42","modified_gmt":"2025-08-18T06:02:42","slug":"jetzt-gemeinsam-fuer-eine-klimafreundliche-arbeitswelt","status":"publish","type":"post","link":"https:\/\/baumev.de\/en\/jetzt-gemeinsam-fuer-eine-klimafreundliche-arbeitswelt\/","title":{"rendered":"Jetzt gemeinsam f\u00fcr eine klimafreundliche Arbeitswelt"},"content":{"rendered":"<p style=\"font-weight: 400;\">Das Netzwerk Gr\u00fcne Arbeitswelt ist ein partnerschaftlicher Verbund professioneller Akteur:innen und Institutionen, die sich in ihrer t\u00e4glichen Arbeit mit der Fachkr\u00e4ftefrage besch\u00e4ftigen und berufliche Orientierung, Aus- und Weiterbildung in der gr\u00fcnen Arbeitswelt anbieten. Nun ist auch BAUM als Verband nachhaltig wirtschaftender Unternehmen beigetreten.<\/p>\n<p style=\"font-weight: 400;\">Gegr\u00fcndet im Jahr 2017 b\u00fcndelt das Netzwerk bereits \u00fcber 100 Akteure, die sich f\u00fcr die Berufsorientierung in der gr\u00fcnen Arbeitswelt einsetzen \u2013 darunter Unternehmen und Verb\u00e4nde, Schulen und au\u00dferschulische Bildungstr\u00e4ger sowie Fachinstitutionen, Berufsschulen, Fachhochschulen und Universit\u00e4ten, aber auch Tr\u00e4ger der Berufsberatung, Messeanbieter und Medien. Gef\u00f6rdert wird das Projekt von der Nationalen Klimaschutzinitiative des Bundesministeriums f\u00fcr Wirtschaft und Klimaschutz und umgesetzt von vier Verbundpartnern: Wissenschaftsladen Bonn e.V. (WILA Bonn), Bundesverband Nachhaltige Wirtschaft e.V. (BNW), Zeitbild Stiftung und Klimaschutz- und Energieagentur Niedersachen (KEAN).<\/p>\n<p style=\"font-weight: 400;\">Das Netzwerk m\u00f6chte Nachwuchs- und Fachkr\u00e4fte f\u00fcr gr\u00fcne Jobs begeistern und so den Wandel hin zu einer nachhaltigen Wirtschaft deutschlandweit zukunftsf\u00e4hig machen. Daf\u00fcr stellt es auf seinem\u00a0<a href=\"https:\/\/gruene-arbeitswelt.de\/\">Webportal <\/a>Materialien bereit, macht Angebote f\u00fcr die Berufsorientierung sichtbar, entwickelt Fortbildungen und vieles mehr.<\/p>\n<p style=\"font-weight: 400;\">BAUM bringt sich mit seinem\u00a0<a href=\"https:\/\/www.sdg-scouts.de\/\">Projekt SDG-Scouts\u00ae<\/a>\u00a0ein.<\/p>\n","protected":false},"excerpt":{"rendered":"<p>BAUM ist dem Netzwerk Gr\u00fcne Arbeitswelt beigetreten, einem partnerschaftlichen Verbund professioneller Akteur:innen und Institutionen, die sich in ihrer t\u00e4glichen Arbeit mit der Fachkr\u00e4ftefrage besch\u00e4ftigen und berufliche Orientierung, Aus- und Weiterbildung in der gr\u00fcnen Arbeitswelt anbieten.<\/p>\n","protected":false},"author":1,"featured_media":5809,"comment_status":"closed","ping_status":"open","sticky":false,"template":"","format":"standard","meta":{"_acf_changed":false,"_et_pb_use_builder":"","_et_pb_old_content":"","_et_gb_content_width":"","inline_featured_image":false,"footnotes":""},"categories":[11,18],"tags":[],"class_list":["post-2440","post","type-post","status-publish","format-standard","has-post-thumbnail","hentry","category-bildung-fuer-nachhaltige-entwicklung","category-news"],"acf":[],"yoast_head":"<!-- This site is optimized with the Yoast SEO plugin v27.2 - https:\/\/yoast.com\/product\/yoast-seo-wordpress\/ -->\n<title>Jetzt gemeinsam f\u00fcr eine klimafreundliche Arbeitswelt - BAUM e.V.<\/title>\n<meta name=\"robots\" content=\"index, follow, max-snippet:-1, max-image-preview:large, max-video-preview:-1\" \/>\n<link rel=\"canonical\" href=\"https:\/\/baumev.de\/en\/jetzt-gemeinsam-fuer-eine-klimafreundliche-arbeitswelt\/\" \/>\n<meta property=\"og:locale\" content=\"en_GB\" \/>\n<meta property=\"og:type\" content=\"article\" \/>\n<meta property=\"og:title\" content=\"Jetzt gemeinsam f\u00fcr eine klimafreundliche Arbeitswelt - BAUM e.V.\" \/>\n<meta property=\"og:description\" content=\"BAUM ist dem Netzwerk Gr\u00fcne Arbeitswelt beigetreten, einem partnerschaftlichen Verbund professioneller Akteur:innen und Institutionen, die sich in ihrer t\u00e4glichen Arbeit mit der Fachkr\u00e4ftefrage besch\u00e4ftigen und berufliche Orientierung, Aus- und Weiterbildung in der gr\u00fcnen Arbeitswelt anbieten.\" \/>\n<meta property=\"og:url\" content=\"https:\/\/baumev.de\/en\/jetzt-gemeinsam-fuer-eine-klimafreundliche-arbeitswelt\/\" \/>\n<meta property=\"og:site_name\" content=\"BAUM e.V.\" \/>\n<meta property=\"article:published_time\" content=\"2025-02-19T08:33:51+00:00\" \/>\n<meta property=\"article:modified_time\" content=\"2025-08-18T06:02:42+00:00\" \/>\n<meta property=\"og:image\" content=\"https:\/\/baumev.de\/wp-content\/uploads\/2025\/02\/NGA_LABEL_rgb_72dpi.png\" \/>\n\t<meta property=\"og:image:width\" content=\"2000\" \/>\n\t<meta property=\"og:image:height\" content=\"1125\" \/>\n\t<meta property=\"og:image:type\" content=\"image\/png\" \/>\n<meta name=\"author\" content=\"rittweger\" \/>\n<meta name=\"twitter:card\" content=\"summary_large_image\" \/>\n<meta name=\"twitter:label1\" content=\"Written by\" \/>\n\t<meta name=\"twitter:data1\" content=\"rittweger\" \/>\n\t<meta name=\"twitter:label2\" content=\"Estimated reading time\" \/>\n\t<meta name=\"twitter:data2\" content=\"2 minutes\" \/>\n<script type=\"application\/ld+json\" class=\"yoast-schema-graph\">{\"@context\":\"https:\/\/schema.org\",\"@graph\":[{\"@type\":\"Article\",\"@id\":\"https:\/\/baumev.de\/en\/jetzt-gemeinsam-fuer-eine-klimafreundliche-arbeitswelt\/#article\",\"isPartOf\":{\"@id\":\"https:\/\/baumev.de\/en\/jetzt-gemeinsam-fuer-eine-klimafreundliche-arbeitswelt\/\"},\"author\":{\"name\":\"rittweger\",\"@id\":\"\/#\/schema\/person\/7cbf92b816dba32080d06186956546dd\"},\"headline\":\"Jetzt gemeinsam f\u00fcr eine klimafreundliche Arbeitswelt\",\"datePublished\":\"2025-02-19T08:33:51+00:00\",\"dateModified\":\"2025-08-18T06:02:42+00:00\",\"mainEntityOfPage\":{\"@id\":\"https:\/\/baumev.de\/en\/jetzt-gemeinsam-fuer-eine-klimafreundliche-arbeitswelt\/\"},\"wordCount\":203,\"publisher\":{\"@id\":\"\/#organization\"},\"image\":{\"@id\":\"https:\/\/baumev.de\/en\/jetzt-gemeinsam-fuer-eine-klimafreundliche-arbeitswelt\/#primaryimage\"},\"thumbnailUrl\":\"https:\/\/baumev.de\/wp-content\/uploads\/2025\/02\/NGA_LABEL_rgb_72dpi.png\",\"articleSection\":[\"Bildung f\u00fcr Nachhaltige Entwicklung\",\"Einblicke &amp; Perspektiven\"],\"inLanguage\":\"en-GB\"},{\"@type\":\"WebPage\",\"@id\":\"https:\/\/baumev.de\/en\/jetzt-gemeinsam-fuer-eine-klimafreundliche-arbeitswelt\/\",\"url\":\"https:\/\/baumev.de\/en\/jetzt-gemeinsam-fuer-eine-klimafreundliche-arbeitswelt\/\",\"name\":\"Jetzt gemeinsam f\u00fcr eine klimafreundliche Arbeitswelt - BAUM e.V.\",\"isPartOf\":{\"@id\":\"\/#website\"},\"primaryImageOfPage\":{\"@id\":\"https:\/\/baumev.de\/en\/jetzt-gemeinsam-fuer-eine-klimafreundliche-arbeitswelt\/#primaryimage\"},\"image\":{\"@id\":\"https:\/\/baumev.de\/en\/jetzt-gemeinsam-fuer-eine-klimafreundliche-arbeitswelt\/#primaryimage\"},\"thumbnailUrl\":\"https:\/\/baumev.de\/wp-content\/uploads\/2025\/02\/NGA_LABEL_rgb_72dpi.png\",\"datePublished\":\"2025-02-19T08:33:51+00:00\",\"dateModified\":\"2025-08-18T06:02:42+00:00\",\"breadcrumb\":{\"@id\":\"https:\/\/baumev.de\/en\/jetzt-gemeinsam-fuer-eine-klimafreundliche-arbeitswelt\/#breadcrumb\"},\"inLanguage\":\"en-GB\",\"potentialAction\":[{\"@type\":\"ReadAction\",\"target\":[\"https:\/\/baumev.de\/en\/jetzt-gemeinsam-fuer-eine-klimafreundliche-arbeitswelt\/\"]}]},{\"@type\":\"ImageObject\",\"inLanguage\":\"en-GB\",\"@id\":\"https:\/\/baumev.de\/en\/jetzt-gemeinsam-fuer-eine-klimafreundliche-arbeitswelt\/#primaryimage\",\"url\":\"https:\/\/baumev.de\/wp-content\/uploads\/2025\/02\/NGA_LABEL_rgb_72dpi.png\",\"contentUrl\":\"https:\/\/baumev.de\/wp-content\/uploads\/2025\/02\/NGA_LABEL_rgb_72dpi.png\",\"width\":2000,\"height\":1125,\"caption\":\"Logo des Netzwerks Gr\u00fcne Arbeitswelt\"},{\"@type\":\"BreadcrumbList\",\"@id\":\"https:\/\/baumev.de\/en\/jetzt-gemeinsam-fuer-eine-klimafreundliche-arbeitswelt\/#breadcrumb\",\"itemListElement\":[{\"@type\":\"ListItem\",\"position\":1,\"name\":\"Startseite\",\"item\":\"https:\/\/baumev.de\/en\/\"},{\"@type\":\"ListItem\",\"position\":2,\"name\":\"Jetzt gemeinsam f\u00fcr eine klimafreundliche Arbeitswelt\"}]},{\"@type\":\"WebSite\",\"@id\":\"\/#website\",\"url\":\"\/\",\"name\":\"BAUM e.V.\",\"description\":\"BAUM e.V. \u2013 Netzwerk f\u00fcr nachhaltiges Wirtschaften\",\"publisher\":{\"@id\":\"\/#organization\"},\"potentialAction\":[{\"@type\":\"SearchAction\",\"target\":{\"@type\":\"EntryPoint\",\"urlTemplate\":\"\/?s={search_term_string}\"},\"query-input\":{\"@type\":\"PropertyValueSpecification\",\"valueRequired\":true,\"valueName\":\"search_term_string\"}}],\"inLanguage\":\"en-GB\"},{\"@type\":\"Organization\",\"@id\":\"\/#organization\",\"name\":\"BAUM e.V.\",\"alternateName\":\"Bundesdeutscher Arbeitskreis f\u00fcr Umweltbewusstes Management\",\"url\":\"\/\",\"logo\":{\"@type\":\"ImageObject\",\"inLanguage\":\"en-GB\",\"@id\":\"\/#\/schema\/logo\/image\/\",\"url\":\"https:\/\/baumev.de\/wp-content\/uploads\/2025\/04\/Element-1.svg\",\"contentUrl\":\"https:\/\/baumev.de\/wp-content\/uploads\/2025\/04\/Element-1.svg\",\"width\":\"1024\",\"height\":\"1024\",\"caption\":\"BAUM e.V.\"},\"image\":{\"@id\":\"\/#\/schema\/logo\/image\/\"},\"sameAs\":[\"https:\/\/www.linkedin.com\/company\/baum-ev\"]},{\"@type\":\"Person\",\"@id\":\"\/#\/schema\/person\/7cbf92b816dba32080d06186956546dd\",\"name\":\"rittweger\",\"sameAs\":[\"http:\/\/baumev.de\"]}]}<\/script>\n<!-- \/ Yoast SEO plugin. -->","yoast_head_json":{"title":"Jetzt gemeinsam f\u00fcr eine klimafreundliche Arbeitswelt - BAUM e.V.","robots":{"index":"index","follow":"follow","max-snippet":"max-snippet:-1","max-image-preview":"max-image-preview:large","max-video-preview":"max-video-preview:-1"},"canonical":"https:\/\/baumev.de\/en\/jetzt-gemeinsam-fuer-eine-klimafreundliche-arbeitswelt\/","og_locale":"en_GB","og_type":"article","og_title":"Jetzt gemeinsam f\u00fcr eine klimafreundliche Arbeitswelt - BAUM e.V.","og_description":"BAUM ist dem Netzwerk Gr\u00fcne Arbeitswelt beigetreten, einem partnerschaftlichen Verbund professioneller Akteur:innen und Institutionen, die sich in ihrer t\u00e4glichen Arbeit mit der Fachkr\u00e4ftefrage besch\u00e4ftigen und berufliche Orientierung, Aus- und Weiterbildung in der gr\u00fcnen Arbeitswelt anbieten.","og_url":"https:\/\/baumev.de\/en\/jetzt-gemeinsam-fuer-eine-klimafreundliche-arbeitswelt\/","og_site_name":"BAUM e.V.","article_published_time":"2025-02-19T08:33:51+00:00","article_modified_time":"2025-08-18T06:02:42+00:00","og_image":[{"width":2000,"height":1125,"url":"https:\/\/baumev.de\/wp-content\/uploads\/2025\/02\/NGA_LABEL_rgb_72dpi.png","type":"image\/png"}],"author":"rittweger","twitter_card":"summary_large_image","twitter_misc":{"Written by":"rittweger","Estimated reading time":"2 minutes"},"schema":{"@context":"https:\/\/schema.org","@graph":[{"@type":"Article","@id":"https:\/\/baumev.de\/en\/jetzt-gemeinsam-fuer-eine-klimafreundliche-arbeitswelt\/#article","isPartOf":{"@id":"https:\/\/baumev.de\/en\/jetzt-gemeinsam-fuer-eine-klimafreundliche-arbeitswelt\/"},"author":{"name":"rittweger","@id":"\/#\/schema\/person\/7cbf92b816dba32080d06186956546dd"},"headline":"Jetzt gemeinsam f\u00fcr eine klimafreundliche Arbeitswelt","datePublished":"2025-02-19T08:33:51+00:00","dateModified":"2025-08-18T06:02:42+00:00","mainEntityOfPage":{"@id":"https:\/\/baumev.de\/en\/jetzt-gemeinsam-fuer-eine-klimafreundliche-arbeitswelt\/"},"wordCount":203,"publisher":{"@id":"\/#organization"},"image":{"@id":"https:\/\/baumev.de\/en\/jetzt-gemeinsam-fuer-eine-klimafreundliche-arbeitswelt\/#primaryimage"},"thumbnailUrl":"https:\/\/baumev.de\/wp-content\/uploads\/2025\/02\/NGA_LABEL_rgb_72dpi.png","articleSection":["Bildung f\u00fcr Nachhaltige Entwicklung","Einblicke &amp; Perspektiven"],"inLanguage":"en-GB"},{"@type":"WebPage","@id":"https:\/\/baumev.de\/en\/jetzt-gemeinsam-fuer-eine-klimafreundliche-arbeitswelt\/","url":"https:\/\/baumev.de\/en\/jetzt-gemeinsam-fuer-eine-klimafreundliche-arbeitswelt\/","name":"Jetzt gemeinsam f\u00fcr eine klimafreundliche Arbeitswelt - BAUM e.V.","isPartOf":{"@id":"\/#website"},"primaryImageOfPage":{"@id":"https:\/\/baumev.de\/en\/jetzt-gemeinsam-fuer-eine-klimafreundliche-arbeitswelt\/#primaryimage"},"image":{"@id":"https:\/\/baumev.de\/en\/jetzt-gemeinsam-fuer-eine-klimafreundliche-arbeitswelt\/#primaryimage"},"thumbnailUrl":"https:\/\/baumev.de\/wp-content\/uploads\/2025\/02\/NGA_LABEL_rgb_72dpi.png","datePublished":"2025-02-19T08:33:51+00:00","dateModified":"2025-08-18T06:02:42+00:00","breadcrumb":{"@id":"https:\/\/baumev.de\/en\/jetzt-gemeinsam-fuer-eine-klimafreundliche-arbeitswelt\/#breadcrumb"},"inLanguage":"en-GB","potentialAction":[{"@type":"ReadAction","target":["https:\/\/baumev.de\/en\/jetzt-gemeinsam-fuer-eine-klimafreundliche-arbeitswelt\/"]}]},{"@type":"ImageObject","inLanguage":"en-GB","@id":"https:\/\/baumev.de\/en\/jetzt-gemeinsam-fuer-eine-klimafreundliche-arbeitswelt\/#primaryimage","url":"https:\/\/baumev.de\/wp-content\/uploads\/2025\/02\/NGA_LABEL_rgb_72dpi.png","contentUrl":"https:\/\/baumev.de\/wp-content\/uploads\/2025\/02\/NGA_LABEL_rgb_72dpi.png","width":2000,"height":1125,"caption":"Logo des Netzwerks Gr\u00fcne Arbeitswelt"},{"@type":"BreadcrumbList","@id":"https:\/\/baumev.de\/en\/jetzt-gemeinsam-fuer-eine-klimafreundliche-arbeitswelt\/#breadcrumb","itemListElement":[{"@type":"ListItem","position":1,"name":"Startseite","item":"https:\/\/baumev.de\/en\/"},{"@type":"ListItem","position":2,"name":"Jetzt gemeinsam f\u00fcr eine klimafreundliche Arbeitswelt"}]},{"@type":"WebSite","@id":"\/#website","url":"\/","name":"BAUM e.V.","description":"BAUM e.V. \u2013 Netzwerk f\u00fcr nachhaltiges Wirtschaften","publisher":{"@id":"\/#organization"},"potentialAction":[{"@type":"SearchAction","target":{"@type":"EntryPoint","urlTemplate":"\/?s={search_term_string}"},"query-input":{"@type":"PropertyValueSpecification","valueRequired":true,"valueName":"search_term_string"}}],"inLanguage":"en-GB"},{"@type":"Organization","@id":"\/#organization","name":"BAUM e.V.","alternateName":"Bundesdeutscher Arbeitskreis f\u00fcr Umweltbewusstes Management","url":"\/","logo":{"@type":"ImageObject","inLanguage":"en-GB","@id":"\/#\/schema\/logo\/image\/","url":"https:\/\/baumev.de\/wp-content\/uploads\/2025\/04\/Element-1.svg","contentUrl":"https:\/\/baumev.de\/wp-content\/uploads\/2025\/04\/Element-1.svg","width":"1024","height":"1024","caption":"BAUM e.V."},"image":{"@id":"\/#\/schema\/logo\/image\/"},"sameAs":["https:\/\/www.linkedin.com\/company\/baum-ev"]},{"@type":"Person","@id":"\/#\/schema\/person\/7cbf92b816dba32080d06186956546dd","name":"rittweger","sameAs":["http:\/\/baumev.de"]}]}},"_links":{"self":[{"href":"https:\/\/baumev.de\/en\/wp-json\/wp\/v2\/posts\/2440","targetHints":{"allow":["GET"]}}],"collection":[{"href":"https:\/\/baumev.de\/en\/wp-json\/wp\/v2\/posts"}],"about":[{"href":"https:\/\/baumev.de\/en\/wp-json\/wp\/v2\/types\/post"}],"author":[{"embeddable":true,"href":"https:\/\/baumev.de\/en\/wp-json\/wp\/v2\/users\/1"}],"replies":[{"embeddable":true,"href":"https:\/\/baumev.de\/en\/wp-json\/wp\/v2\/comments?post=2440"}],"version-history":[{"count":3,"href":"https:\/\/baumev.de\/en\/wp-json\/wp\/v2\/posts\/2440\/revisions"}],"predecessor-version":[{"id":6219,"href":"https:\/\/baumev.de\/en\/wp-json\/wp\/v2\/posts\/2440\/revisions\/6219"}],"wp:featuredmedia":[{"embeddable":true,"href":"https:\/\/baumev.de\/en\/wp-json\/wp\/v2\/media\/5809"}],"wp:attachment":[{"href":"https:\/\/baumev.de\/en\/wp-json\/wp\/v2\/media?parent=2440"}],"wp:term":[{"taxonomy":"category","embeddable":true,"href":"https:\/\/baumev.de\/en\/wp-json\/wp\/v2\/categories?post=2440"},{"taxonomy":"post_tag","embeddable":true,"href":"https:\/\/baumev.de\/en\/wp-json\/wp\/v2\/tags?post=2440"}],"curies":[{"name":"wp","href":"https:\/\/api.w.org\/{rel}","templated":true}]}}