{"id":2447,"date":"2025-01-30T09:43:40","date_gmt":"2025-01-30T08:43:40","guid":{"rendered":"https:\/\/baumev.de\/?p=2447"},"modified":"2025-08-18T08:02:42","modified_gmt":"2025-08-18T06:02:42","slug":"kompass-fuer-die-entwicklung-von-biodiversitaet-und-dauerwaldstrukturen-in-deutschen-waeldern","status":"publish","type":"post","link":"https:\/\/baumev.de\/en\/kompass-fuer-die-entwicklung-von-biodiversitaet-und-dauerwaldstrukturen-in-deutschen-waeldern\/","title":{"rendered":"Kompass f\u00fcr die Entwicklung von Biodiversit\u00e4t und Dauerwaldstrukturen in deutschen W\u00e4ldern"},"content":{"rendered":"<p style=\"font-weight: 400;\">Seit 2024 unterst\u00fctzt BAUM Waldprojektanbieter, Waldbesitzende und Unternehmen bei der Entwicklung von klimastabilen Mischw\u00e4ldern in Deutschland. BAUM liefert den Kompass f\u00fcr ein klimawandelangepasstes Waldmanagement, das durch die finanzielle Unterst\u00fctzung durch Unternehmen erst m\u00f6glich wird. Das Beratungsangebot richtet sich an Anbieter von Waldklimaprojekten, Unternehmen mit Waldbesitz, Unternehmen, die sich f\u00fcr Dauerw\u00e4lder engagieren wollen, sowie an Waldbesitzende.<\/p>\n<p style=\"font-weight: 400;\">Die W\u00e4lder in Deutschland sind durch die massiven Sch\u00e4den durch den Klimawandel in einem kritischen Zustand. Schadfl\u00e4chen m\u00fcssen wieder aufgeforstet und anf\u00e4llige W\u00e4lder durch klimastabile Mischw\u00e4lder an den Klimawandel angepasst werden. Einnahmeausf\u00e4lle durch die entstandenen Waldsch\u00e4den und hohe Kosten f\u00fcr die Wiederbewaldung stellen Waldbesitzende vor hohe finanzielle Belastungen. Die Ungewissheit dar\u00fcber, welche Ma\u00dfnahmen zur St\u00e4rkung von Klimaresilienz und Biodiversit\u00e4t kurz- und langfristig beitragen, verunsichern Waldbesitzende zus\u00e4tzlich.<\/p>\n<p style=\"font-weight: 400;\"><b>Klimaschutzma\u00dfnahmen im Wald und Unternehmensengagement zusammenbringen<\/b><\/p>\n<p style=\"font-weight: 400;\">Gemeinsam mit Anbietern von Waldklimaprojekten will BAUM diese L\u00fccke schlie\u00dfen. Auf der Basis von Konzepten, die BAUM gemeinsam mit Anbietern von Waldprojekten entwickelt, erhalten Waldbesitzende sowohl eine systemische Waldbaustrategie mit Zielen und Ma\u00dfnahmen an die Hand, als auch Finanzierung durch Unternehmen. Damit werden wirkungsvolle naturbasierte Klimaschutzma\u00dfnahmen im Waldbereich und Unternehmensengagement f\u00fcr Klima- und Biodiversit\u00e4tsschutz zusammengebracht.<\/p>\n<p style=\"font-weight: 400;\">Durch Vor-Ort-Besichtigungen und gemeinsame Gespr\u00e4che mit Projektanbietern, Ortsf\u00f6rstern und Waldbesitzenden wird der Nutzen und die Schritte f\u00fcr die Umsetzung des von BAUM erstellten Konzepts diskutiert. Eine Begutachtung \u00fcber die Fortschritte der Ma\u00dfnahmen auf der Waldfl\u00e4che bietet BAUM ebenfalls an.<\/p>\n<p style=\"font-weight: 400;\"><b>Anwendungsungsbeispiele: greenkeeper und DEUTIM<\/b><\/p>\n<p style=\"font-weight: 400;\">Die greenkeeper GmbH setzt das Konzept von BAUM f\u00fcr das Waldumbauprojekt\u00a0<a href=\"https:\/\/restor.eco\/de\/sites\/672468f1-c492-4853-afb9-162f29f42e16\/?lat=53.3250206&amp;lng=13.487564670000001&amp;utm_campaign=share-restor-profile&amp;utm_medium=referral&amp;utm_source=copy-link&amp;zoom=14\">Gut Conow<\/a>\u00a0in der Feldberger Seenlandschaft (Mecklenburg-Vorpommern) um. Durch ein angepasstes Waldmanagement sollen eine verbesserte Bodenqualit\u00e4t, eine h\u00f6here Kohlenstoffspeicherung, eine gr\u00f6\u00dfere biologische Vielfalt, bessere \u00d6kosystemleistungen sowie Erosionsschutz und Lebensraumvernetzung verbunden werden.<\/p>\n<p style=\"font-weight: 400;\">Das mit BAUM entwickelte Konzept, so Leo Vidal von greenkeeper, f\u00fchrt &#8220;zu einer Verbesserung der genetischen Vielfalt, die Schaffung struktureller Komplexit\u00e4t und die St\u00e4rkung der Widerstandsf\u00e4higkeit des \u00d6kosystems. Das Ergebnis ist eine messbare und nachhaltige Verbesserung der Waldgesundheit und der Artenvielfalt&#8221;.<\/p>\n<p style=\"font-weight: 400;\">Auch DEUTIM, Waldprojektanbieter f\u00fcr Aufforstungen klimastabiler Mischw\u00e4lder in Deutschland, orientiert sich an dem Konzept von BAUM. Mit geeigneten Ma\u00dfnahmen sollen Biodiversit\u00e4t, \u00d6kosystemleistungen und langfristig die CO<sub>2<\/sub>-Speicherf\u00e4higkeit der W\u00e4lder verbessert werden. Die Aufforstungsprojekte befinden sich in verschiedenen Bundesl\u00e4ndern und erm\u00f6glichen Unternehmen die Verbesserung der Waldsituation in Deutschland mit zu unterst\u00fctzen.<\/p>\n<p style=\"font-weight: 400;\">Josef Guggemos von DEUTIM: &#8220;Der Titel des BAUM-Leitfadens \u2013 Entwicklung von Biodiversit\u00e4t und Dauerwaldstrukturen bei Auf- und Wiederaufforstungsprojekten \u2013 ist Programm und die L\u00f6sung f\u00fcr unsere aktuelle Zeit und die Zukunft: Wirtschaft Hand in Hand mit der Natur. Und nicht losgel\u00f6st voneinander. Dieser Leitfaden ist der Einstieg in ein zukunftsf\u00e4higes Wirtschaften, zum Wohle aller&#8221;.<\/p>\n<p style=\"font-weight: 400;\"><b>Wenn auch Sie Interesse an Beratung und der Entwicklung eines Konzepts haben, wenden Sie sich bitte an Dipl.-Forstwirt Rainer Kant:\u00a0<\/b><a href=\"mailto:rainer.kant@baumev.de\">rainer.kant@baumev.de<\/a><\/p>\n","protected":false},"excerpt":{"rendered":"<p>BAUM liefert den Kompass f\u00fcr ein klimawandelangepasstes Waldmanagement, das durch die finanzielle Unterst\u00fctzung durch Unternehmen erst m\u00f6glich wird. Das Beratungsangebot richtet sich an Anbieter von Waldklimaprojekten, Unternehmen mit Waldbesitz, Unternehmen, die sich f\u00fcr Dauerw\u00e4lder engagieren wollen, sowie an Waldbesitzende.<\/p>\n","protected":false},"author":1,"featured_media":2448,"comment_status":"closed","ping_status":"open","sticky":false,"template":"","format":"standard","meta":{"_acf_changed":false,"_et_pb_use_builder":"","_et_pb_old_content":"","_et_gb_content_width":"","inline_featured_image":false,"footnotes":""},"categories":[41,44],"tags":[],"class_list":["post-2447","post","type-post","status-publish","format-standard","has-post-thumbnail","hentry","category-biodiversity-ecosystems","category-news"],"acf":[],"yoast_head":"<!-- This site is optimized with the Yoast SEO plugin v27.2 - https:\/\/yoast.com\/product\/yoast-seo-wordpress\/ -->\n<title>Kompass f\u00fcr die Entwicklung von Biodiversit\u00e4t und Dauerwaldstrukturen in deutschen W\u00e4ldern - BAUM e.V.<\/title>\n<meta name=\"robots\" content=\"index, follow, max-snippet:-1, max-image-preview:large, max-video-preview:-1\" \/>\n<link rel=\"canonical\" href=\"https:\/\/baumev.de\/en\/kompass-fuer-die-entwicklung-von-biodiversitaet-und-dauerwaldstrukturen-in-deutschen-waeldern\/\" \/>\n<meta property=\"og:locale\" content=\"en_GB\" \/>\n<meta property=\"og:type\" content=\"article\" \/>\n<meta property=\"og:title\" content=\"Kompass f\u00fcr die Entwicklung von Biodiversit\u00e4t und Dauerwaldstrukturen in deutschen W\u00e4ldern - BAUM e.V.\" \/>\n<meta property=\"og:description\" content=\"BAUM liefert den Kompass f\u00fcr ein klimawandelangepasstes Waldmanagement, das durch die finanzielle Unterst\u00fctzung durch Unternehmen erst m\u00f6glich wird. Das Beratungsangebot richtet sich an Anbieter von Waldklimaprojekten, Unternehmen mit Waldbesitz, Unternehmen, die sich f\u00fcr Dauerw\u00e4lder engagieren wollen, sowie an Waldbesitzende.\" \/>\n<meta property=\"og:url\" content=\"https:\/\/baumev.de\/en\/kompass-fuer-die-entwicklung-von-biodiversitaet-und-dauerwaldstrukturen-in-deutschen-waeldern\/\" \/>\n<meta property=\"og:site_name\" content=\"BAUM e.V.\" \/>\n<meta property=\"article:published_time\" content=\"2025-01-30T08:43:40+00:00\" \/>\n<meta property=\"article:modified_time\" content=\"2025-08-18T06:02:42+00:00\" \/>\n<meta property=\"og:image\" content=\"https:\/\/baumev.de\/wp-content\/uploads\/2025\/05\/Dauerwaldstrukturen-e1753203438311.png\" \/>\n\t<meta property=\"og:image:width\" content=\"523\" \/>\n\t<meta property=\"og:image:height\" content=\"295\" \/>\n\t<meta property=\"og:image:type\" content=\"image\/png\" \/>\n<meta name=\"author\" content=\"rittweger\" \/>\n<meta name=\"twitter:card\" content=\"summary_large_image\" \/>\n<meta name=\"twitter:label1\" content=\"Written by\" \/>\n\t<meta name=\"twitter:data1\" content=\"rittweger\" \/>\n\t<meta name=\"twitter:label2\" content=\"Estimated reading time\" \/>\n\t<meta name=\"twitter:data2\" content=\"3 minutes\" \/>\n<script type=\"application\/ld+json\" class=\"yoast-schema-graph\">{\"@context\":\"https:\/\/schema.org\",\"@graph\":[{\"@type\":\"Article\",\"@id\":\"https:\/\/baumev.de\/en\/kompass-fuer-die-entwicklung-von-biodiversitaet-und-dauerwaldstrukturen-in-deutschen-waeldern\/#article\",\"isPartOf\":{\"@id\":\"https:\/\/baumev.de\/en\/kompass-fuer-die-entwicklung-von-biodiversitaet-und-dauerwaldstrukturen-in-deutschen-waeldern\/\"},\"author\":{\"name\":\"rittweger\",\"@id\":\"\/#\/schema\/person\/7cbf92b816dba32080d06186956546dd\"},\"headline\":\"Kompass f\u00fcr die Entwicklung von Biodiversit\u00e4t und Dauerwaldstrukturen in deutschen W\u00e4ldern\",\"datePublished\":\"2025-01-30T08:43:40+00:00\",\"dateModified\":\"2025-08-18T06:02:42+00:00\",\"mainEntityOfPage\":{\"@id\":\"https:\/\/baumev.de\/en\/kompass-fuer-die-entwicklung-von-biodiversitaet-und-dauerwaldstrukturen-in-deutschen-waeldern\/\"},\"wordCount\":504,\"publisher\":{\"@id\":\"\/#organization\"},\"image\":{\"@id\":\"https:\/\/baumev.de\/en\/kompass-fuer-die-entwicklung-von-biodiversitaet-und-dauerwaldstrukturen-in-deutschen-waeldern\/#primaryimage\"},\"thumbnailUrl\":\"https:\/\/baumev.de\/wp-content\/uploads\/2025\/05\/Dauerwaldstrukturen-e1753203438311.png\",\"articleSection\":[\"Biodiversity &amp; Ecosystems\",\"Insights &amp; Perspectives\"],\"inLanguage\":\"en-GB\"},{\"@type\":\"WebPage\",\"@id\":\"https:\/\/baumev.de\/en\/kompass-fuer-die-entwicklung-von-biodiversitaet-und-dauerwaldstrukturen-in-deutschen-waeldern\/\",\"url\":\"https:\/\/baumev.de\/en\/kompass-fuer-die-entwicklung-von-biodiversitaet-und-dauerwaldstrukturen-in-deutschen-waeldern\/\",\"name\":\"Kompass f\u00fcr die Entwicklung von Biodiversit\u00e4t und Dauerwaldstrukturen in deutschen W\u00e4ldern - BAUM e.V.\",\"isPartOf\":{\"@id\":\"\/#website\"},\"primaryImageOfPage\":{\"@id\":\"https:\/\/baumev.de\/en\/kompass-fuer-die-entwicklung-von-biodiversitaet-und-dauerwaldstrukturen-in-deutschen-waeldern\/#primaryimage\"},\"image\":{\"@id\":\"https:\/\/baumev.de\/en\/kompass-fuer-die-entwicklung-von-biodiversitaet-und-dauerwaldstrukturen-in-deutschen-waeldern\/#primaryimage\"},\"thumbnailUrl\":\"https:\/\/baumev.de\/wp-content\/uploads\/2025\/05\/Dauerwaldstrukturen-e1753203438311.png\",\"datePublished\":\"2025-01-30T08:43:40+00:00\",\"dateModified\":\"2025-08-18T06:02:42+00:00\",\"breadcrumb\":{\"@id\":\"https:\/\/baumev.de\/en\/kompass-fuer-die-entwicklung-von-biodiversitaet-und-dauerwaldstrukturen-in-deutschen-waeldern\/#breadcrumb\"},\"inLanguage\":\"en-GB\",\"potentialAction\":[{\"@type\":\"ReadAction\",\"target\":[\"https:\/\/baumev.de\/en\/kompass-fuer-die-entwicklung-von-biodiversitaet-und-dauerwaldstrukturen-in-deutschen-waeldern\/\"]}]},{\"@type\":\"ImageObject\",\"inLanguage\":\"en-GB\",\"@id\":\"https:\/\/baumev.de\/en\/kompass-fuer-die-entwicklung-von-biodiversitaet-und-dauerwaldstrukturen-in-deutschen-waeldern\/#primaryimage\",\"url\":\"https:\/\/baumev.de\/wp-content\/uploads\/2025\/05\/Dauerwaldstrukturen-e1753203438311.png\",\"contentUrl\":\"https:\/\/baumev.de\/wp-content\/uploads\/2025\/05\/Dauerwaldstrukturen-e1753203438311.png\",\"width\":523,\"height\":295,\"caption\":\"Drei M\u00e4nner im Gespr\u00e4ch in einem naturnahen Waldgebiet, einer gestikuliert erkl\u00e4rend \u2013 Symbolbild f\u00fcr nachhaltige Forstwirtschaft und Dauerwaldstrukturen\"},{\"@type\":\"BreadcrumbList\",\"@id\":\"https:\/\/baumev.de\/en\/kompass-fuer-die-entwicklung-von-biodiversitaet-und-dauerwaldstrukturen-in-deutschen-waeldern\/#breadcrumb\",\"itemListElement\":[{\"@type\":\"ListItem\",\"position\":1,\"name\":\"Startseite\",\"item\":\"https:\/\/baumev.de\/en\/\"},{\"@type\":\"ListItem\",\"position\":2,\"name\":\"Kompass f\u00fcr die Entwicklung von Biodiversit\u00e4t und Dauerwaldstrukturen in deutschen W\u00e4ldern\"}]},{\"@type\":\"WebSite\",\"@id\":\"\/#website\",\"url\":\"\/\",\"name\":\"BAUM e.V.\",\"description\":\"BAUM e.V. \u2013 Netzwerk f\u00fcr nachhaltiges Wirtschaften\",\"publisher\":{\"@id\":\"\/#organization\"},\"potentialAction\":[{\"@type\":\"SearchAction\",\"target\":{\"@type\":\"EntryPoint\",\"urlTemplate\":\"\/?s={search_term_string}\"},\"query-input\":{\"@type\":\"PropertyValueSpecification\",\"valueRequired\":true,\"valueName\":\"search_term_string\"}}],\"inLanguage\":\"en-GB\"},{\"@type\":\"Organization\",\"@id\":\"\/#organization\",\"name\":\"BAUM e.V.\",\"alternateName\":\"Bundesdeutscher Arbeitskreis f\u00fcr Umweltbewusstes Management\",\"url\":\"\/\",\"logo\":{\"@type\":\"ImageObject\",\"inLanguage\":\"en-GB\",\"@id\":\"\/#\/schema\/logo\/image\/\",\"url\":\"https:\/\/baumev.de\/wp-content\/uploads\/2025\/04\/Element-1.svg\",\"contentUrl\":\"https:\/\/baumev.de\/wp-content\/uploads\/2025\/04\/Element-1.svg\",\"width\":\"1024\",\"height\":\"1024\",\"caption\":\"BAUM e.V.\"},\"image\":{\"@id\":\"\/#\/schema\/logo\/image\/\"},\"sameAs\":[\"https:\/\/www.linkedin.com\/company\/baum-ev\"]},{\"@type\":\"Person\",\"@id\":\"\/#\/schema\/person\/7cbf92b816dba32080d06186956546dd\",\"name\":\"rittweger\",\"sameAs\":[\"http:\/\/baumev.de\"]}]}<\/script>\n<!-- \/ Yoast SEO plugin. -->","yoast_head_json":{"title":"Kompass f\u00fcr die Entwicklung von Biodiversit\u00e4t und Dauerwaldstrukturen in deutschen W\u00e4ldern - BAUM e.V.","robots":{"index":"index","follow":"follow","max-snippet":"max-snippet:-1","max-image-preview":"max-image-preview:large","max-video-preview":"max-video-preview:-1"},"canonical":"https:\/\/baumev.de\/en\/kompass-fuer-die-entwicklung-von-biodiversitaet-und-dauerwaldstrukturen-in-deutschen-waeldern\/","og_locale":"en_GB","og_type":"article","og_title":"Kompass f\u00fcr die Entwicklung von Biodiversit\u00e4t und Dauerwaldstrukturen in deutschen W\u00e4ldern - BAUM e.V.","og_description":"BAUM liefert den Kompass f\u00fcr ein klimawandelangepasstes Waldmanagement, das durch die finanzielle Unterst\u00fctzung durch Unternehmen erst m\u00f6glich wird. Das Beratungsangebot richtet sich an Anbieter von Waldklimaprojekten, Unternehmen mit Waldbesitz, Unternehmen, die sich f\u00fcr Dauerw\u00e4lder engagieren wollen, sowie an Waldbesitzende.","og_url":"https:\/\/baumev.de\/en\/kompass-fuer-die-entwicklung-von-biodiversitaet-und-dauerwaldstrukturen-in-deutschen-waeldern\/","og_site_name":"BAUM e.V.","article_published_time":"2025-01-30T08:43:40+00:00","article_modified_time":"2025-08-18T06:02:42+00:00","og_image":[{"width":523,"height":295,"url":"https:\/\/baumev.de\/wp-content\/uploads\/2025\/05\/Dauerwaldstrukturen-e1753203438311.png","type":"image\/png"}],"author":"rittweger","twitter_card":"summary_large_image","twitter_misc":{"Written by":"rittweger","Estimated reading time":"3 minutes"},"schema":{"@context":"https:\/\/schema.org","@graph":[{"@type":"Article","@id":"https:\/\/baumev.de\/en\/kompass-fuer-die-entwicklung-von-biodiversitaet-und-dauerwaldstrukturen-in-deutschen-waeldern\/#article","isPartOf":{"@id":"https:\/\/baumev.de\/en\/kompass-fuer-die-entwicklung-von-biodiversitaet-und-dauerwaldstrukturen-in-deutschen-waeldern\/"},"author":{"name":"rittweger","@id":"\/#\/schema\/person\/7cbf92b816dba32080d06186956546dd"},"headline":"Kompass f\u00fcr die Entwicklung von Biodiversit\u00e4t und Dauerwaldstrukturen in deutschen W\u00e4ldern","datePublished":"2025-01-30T08:43:40+00:00","dateModified":"2025-08-18T06:02:42+00:00","mainEntityOfPage":{"@id":"https:\/\/baumev.de\/en\/kompass-fuer-die-entwicklung-von-biodiversitaet-und-dauerwaldstrukturen-in-deutschen-waeldern\/"},"wordCount":504,"publisher":{"@id":"\/#organization"},"image":{"@id":"https:\/\/baumev.de\/en\/kompass-fuer-die-entwicklung-von-biodiversitaet-und-dauerwaldstrukturen-in-deutschen-waeldern\/#primaryimage"},"thumbnailUrl":"https:\/\/baumev.de\/wp-content\/uploads\/2025\/05\/Dauerwaldstrukturen-e1753203438311.png","articleSection":["Biodiversity &amp; Ecosystems","Insights &amp; Perspectives"],"inLanguage":"en-GB"},{"@type":"WebPage","@id":"https:\/\/baumev.de\/en\/kompass-fuer-die-entwicklung-von-biodiversitaet-und-dauerwaldstrukturen-in-deutschen-waeldern\/","url":"https:\/\/baumev.de\/en\/kompass-fuer-die-entwicklung-von-biodiversitaet-und-dauerwaldstrukturen-in-deutschen-waeldern\/","name":"Kompass f\u00fcr die Entwicklung von Biodiversit\u00e4t und Dauerwaldstrukturen in deutschen W\u00e4ldern - BAUM e.V.","isPartOf":{"@id":"\/#website"},"primaryImageOfPage":{"@id":"https:\/\/baumev.de\/en\/kompass-fuer-die-entwicklung-von-biodiversitaet-und-dauerwaldstrukturen-in-deutschen-waeldern\/#primaryimage"},"image":{"@id":"https:\/\/baumev.de\/en\/kompass-fuer-die-entwicklung-von-biodiversitaet-und-dauerwaldstrukturen-in-deutschen-waeldern\/#primaryimage"},"thumbnailUrl":"https:\/\/baumev.de\/wp-content\/uploads\/2025\/05\/Dauerwaldstrukturen-e1753203438311.png","datePublished":"2025-01-30T08:43:40+00:00","dateModified":"2025-08-18T06:02:42+00:00","breadcrumb":{"@id":"https:\/\/baumev.de\/en\/kompass-fuer-die-entwicklung-von-biodiversitaet-und-dauerwaldstrukturen-in-deutschen-waeldern\/#breadcrumb"},"inLanguage":"en-GB","potentialAction":[{"@type":"ReadAction","target":["https:\/\/baumev.de\/en\/kompass-fuer-die-entwicklung-von-biodiversitaet-und-dauerwaldstrukturen-in-deutschen-waeldern\/"]}]},{"@type":"ImageObject","inLanguage":"en-GB","@id":"https:\/\/baumev.de\/en\/kompass-fuer-die-entwicklung-von-biodiversitaet-und-dauerwaldstrukturen-in-deutschen-waeldern\/#primaryimage","url":"https:\/\/baumev.de\/wp-content\/uploads\/2025\/05\/Dauerwaldstrukturen-e1753203438311.png","contentUrl":"https:\/\/baumev.de\/wp-content\/uploads\/2025\/05\/Dauerwaldstrukturen-e1753203438311.png","width":523,"height":295,"caption":"Drei M\u00e4nner im Gespr\u00e4ch in einem naturnahen Waldgebiet, einer gestikuliert erkl\u00e4rend \u2013 Symbolbild f\u00fcr nachhaltige Forstwirtschaft und Dauerwaldstrukturen"},{"@type":"BreadcrumbList","@id":"https:\/\/baumev.de\/en\/kompass-fuer-die-entwicklung-von-biodiversitaet-und-dauerwaldstrukturen-in-deutschen-waeldern\/#breadcrumb","itemListElement":[{"@type":"ListItem","position":1,"name":"Startseite","item":"https:\/\/baumev.de\/en\/"},{"@type":"ListItem","position":2,"name":"Kompass f\u00fcr die Entwicklung von Biodiversit\u00e4t und Dauerwaldstrukturen in deutschen W\u00e4ldern"}]},{"@type":"WebSite","@id":"\/#website","url":"\/","name":"BAUM e.V.","description":"BAUM e.V. \u2013 Netzwerk f\u00fcr nachhaltiges Wirtschaften","publisher":{"@id":"\/#organization"},"potentialAction":[{"@type":"SearchAction","target":{"@type":"EntryPoint","urlTemplate":"\/?s={search_term_string}"},"query-input":{"@type":"PropertyValueSpecification","valueRequired":true,"valueName":"search_term_string"}}],"inLanguage":"en-GB"},{"@type":"Organization","@id":"\/#organization","name":"BAUM e.V.","alternateName":"Bundesdeutscher Arbeitskreis f\u00fcr Umweltbewusstes Management","url":"\/","logo":{"@type":"ImageObject","inLanguage":"en-GB","@id":"\/#\/schema\/logo\/image\/","url":"https:\/\/baumev.de\/wp-content\/uploads\/2025\/04\/Element-1.svg","contentUrl":"https:\/\/baumev.de\/wp-content\/uploads\/2025\/04\/Element-1.svg","width":"1024","height":"1024","caption":"BAUM e.V."},"image":{"@id":"\/#\/schema\/logo\/image\/"},"sameAs":["https:\/\/www.linkedin.com\/company\/baum-ev"]},{"@type":"Person","@id":"\/#\/schema\/person\/7cbf92b816dba32080d06186956546dd","name":"rittweger","sameAs":["http:\/\/baumev.de"]}]}},"_links":{"self":[{"href":"https:\/\/baumev.de\/en\/wp-json\/wp\/v2\/posts\/2447","targetHints":{"allow":["GET"]}}],"collection":[{"href":"https:\/\/baumev.de\/en\/wp-json\/wp\/v2\/posts"}],"about":[{"href":"https:\/\/baumev.de\/en\/wp-json\/wp\/v2\/types\/post"}],"author":[{"embeddable":true,"href":"https:\/\/baumev.de\/en\/wp-json\/wp\/v2\/users\/1"}],"replies":[{"embeddable":true,"href":"https:\/\/baumev.de\/en\/wp-json\/wp\/v2\/comments?post=2447"}],"version-history":[{"count":3,"href":"https:\/\/baumev.de\/en\/wp-json\/wp\/v2\/posts\/2447\/revisions"}],"predecessor-version":[{"id":6221,"href":"https:\/\/baumev.de\/en\/wp-json\/wp\/v2\/posts\/2447\/revisions\/6221"}],"wp:featuredmedia":[{"embeddable":true,"href":"https:\/\/baumev.de\/en\/wp-json\/wp\/v2\/media\/2448"}],"wp:attachment":[{"href":"https:\/\/baumev.de\/en\/wp-json\/wp\/v2\/media?parent=2447"}],"wp:term":[{"taxonomy":"category","embeddable":true,"href":"https:\/\/baumev.de\/en\/wp-json\/wp\/v2\/categories?post=2447"},{"taxonomy":"post_tag","embeddable":true,"href":"https:\/\/baumev.de\/en\/wp-json\/wp\/v2\/tags?post=2447"}],"curies":[{"name":"wp","href":"https:\/\/api.w.org\/{rel}","templated":true}]}}