{"id":2458,"date":"2025-01-16T09:56:01","date_gmt":"2025-01-16T08:56:01","guid":{"rendered":"https:\/\/baumev.de\/?p=2458"},"modified":"2025-08-28T12:17:49","modified_gmt":"2025-08-28T10:17:49","slug":"expertinnen-und-wissenschaftler-co2-preise-und-anforderungen-sind-allein-nicht-ausreichend","status":"publish","type":"post","link":"https:\/\/baumev.de\/en\/expertinnen-und-wissenschaftler-co2-preise-und-anforderungen-sind-allein-nicht-ausreichend\/","title":{"rendered":"Expertinnen und Wissenschaftler: CO\u2082-Preise und- Anforderungen sind allein nicht ausreichend"},"content":{"rendered":"<p style=\"font-weight: 400;\">Mehr als 20 Wissenschaftler:innen und unabh\u00e4ngige Expert:innen, darunter die BAUM-Vorsitzende Yvonne Zwick, warnen in einer gemeinsamen Erkl\u00e4rung davor, Energieeffizienz in der Energiepolitik zu vernachl\u00e4ssigen. In ihrem Appell an die Parteien vor der Bundestagswahl hei\u00dft es, Energieeffizienz sei &#8220;gemeinsam mit dem Ausbau erneuerbarer Energien der Schl\u00fcssel zu einer nachhaltigen, bezahlbaren und sozial gerechten Energiewende&#8221;. Die Unterzeichnenden rufen dazu auf, die Energieeffizienz &#8220;in den Mittelpunkt [ihrer] Wahlprogramme, der kommenden Koalitionsverhandlungen und zuk\u00fcnftigen Regierungsarbeit zu stellen.&#8221;<\/p>\n<p style=\"font-weight: 400;\">CO\u2082-Preise und -Anforderungen allein reichten nicht aus, um die Energiewende voranzutreiben, betont die Expertengruppe. Ohne zus\u00e4tzliche politische Ma\u00dfnahmen zur Energieeffizienz und Energieeinsparung stiegen nicht nur die Kosten der Energiewende unn\u00f6tig, es drohten auch soziale Schieflagen, da steigende Energiepreise einkommensschwache Haushalte besonders hart tr\u00e4fen. Gleichzeitig seien Unternehmen bei mangelnder Effizienz Wettbewerbsnachteilen ausgesetzt.<\/p>\n<p style=\"font-weight: 400;\">Ein ineffizienter Energieeinsatz f\u00fchre zudem zu unn\u00f6tig hohen Netzausbaukosten und h\u00f6heren Belastungen f\u00fcr das Energiesystem. Ein effizienter Energieverbrauch k\u00f6nnten hingegen Lastspitzen gemindert und das Energiesystems stabilisiert werden. Der Bedarf an teuren Erzeugungs- und Speicherinfrastrukturen sowie die Gesamtkosten und Risiken f\u00fcr die Gesellschaft w\u00fcrden so wirksam und nachhaltig begrenzt.<\/p>\n<p style=\"font-weight: 400;\"><b>Effizienz und Erneuerbare Hand in Hand<br \/>\n<\/b>W\u00f6rtlich hei\u00dft es in der gemeinsamen Erkl\u00e4rung: &#8220;Einseitige Strategien, die allein auf die Angebotsseite setzen (Dekarbonisierung der Energietr\u00e4ger, CO\u2082-Preise etc.) und die Nachfrageseite (Energieeffizienz, Energieeinsparung) ausblenden, sind nicht nur teuer und ineffizient, sondern gef\u00e4hrden auch die soziale Gerechtigkeit, die Akzeptanz der Transformation und die Erreichung der Klimaziele.&#8221; Ein zukunftsf\u00e4higes Energiesystem k\u00f6nne nur gelingen, wenn Energieeffizienz und erneuerbare Energien Hand in Hand gehen.<\/p>\n<p style=\"font-weight: 400;\"><b>Energieeffizienz st\u00e4rkt den Standort Deutschland<br \/>\n<\/b>Die Unterzeichnenden verweisen darauf, dass mit dem Ende 2023 in Kraft getretenen Energieeffizienzgesetz (EnEfG) erstmals verbindliche Energieverbrauchsziele gesetzlich festgelegt worden seien. Diese Ziele m\u00fcssten nun mit konkreten F\u00f6rderstrategien, wirksamen Standards und gezielter Beratung umgesetzt werden.Deutschland Wettbewerbsf\u00e4higkeit w\u00fcrde so gest\u00e4rkt, soziale Ungerechtigkeiten vermieden und die Energieversorgung dauerhaft stabilisiert werden, so das Expertengremium.<\/p>\n<p style=\"font-weight: 400;\"><b>Die Erstunterzeichnenden:<br \/>\n<\/b>Dr. Leonard Burtscher, Jutta Gurkmann, Prof. Dr. Peter Hennicke, Prof. Dr.-Ing. Christoph Herrmann, Prof. Dr. Wolfgang Irrek, Prof. Dr. Martin J\u00e4nicke, Prof. Dr.-Ing. Eberhard Jochem, Sascha M\u00fcller-Kraenner, Prof. Dr. Uwe Leprich, Prof. Dr.-Ing. J\u00f6rg Meyer, Dr. Werner Neumann, Prof. Dr. Martin Pehnt, Prof. Dr. Peter Radgen, Julia Repenning, Dr. Katharina Reuter, Prof. Dr.-Ing. Alexander Sauer, Franzjosef Schafhausen, Stefan Scheuer, Dr. Barbara Schlomann, Max Sch\u00f6n, Dr. Burkhard Schulze Darup, Dr. Stefan Thomas, Dr. Hans-Joachim Ziesing, Yvonne Zwick.<\/p>\n<p style=\"font-weight: 400;\"><b>Die Erkl\u00e4rung steht weiteren Interessierten zur Mitunterzeichnung offen. Den Text des Appells finden Sie\u00a0<a href=\"https:\/\/baumev.de\/wp-content\/uploads\/2025\/05\/Appell-Energieeffizienz.pdf\">hier zum Download<\/a>.<\/b><\/p>\n","protected":false},"excerpt":{"rendered":"<p>Mehr als 20 Wissenschaftler:innen und unabh\u00e4ngige Expert:innen, darunter die BAUM-Vorsitzende Yvonne Zwick, warnen in einer gemeinsamen Erkl\u00e4rung davor, Energieeffizienz in der Energiepolitik zu vernachl\u00e4ssigen. <\/p>\n","protected":false},"author":1,"featured_media":4584,"comment_status":"closed","ping_status":"open","sticky":false,"template":"","format":"standard","meta":{"_acf_changed":false,"_et_pb_use_builder":"","_et_pb_old_content":"","_et_gb_content_width":"","inline_featured_image":false,"footnotes":""},"categories":[18,15],"tags":[],"class_list":["post-2458","post","type-post","status-publish","format-standard","has-post-thumbnail","hentry","category-news","category-klima-energie"],"acf":[],"yoast_head":"<!-- This site is optimized with the Yoast SEO plugin v27.2 - https:\/\/yoast.com\/product\/yoast-seo-wordpress\/ -->\n<title>Expertinnen und Wissenschaftler: CO\u2082-Preise und- Anforderungen sind allein nicht ausreichend - BAUM e.V.<\/title>\n<meta name=\"robots\" content=\"index, follow, max-snippet:-1, max-image-preview:large, max-video-preview:-1\" \/>\n<link rel=\"canonical\" href=\"https:\/\/baumev.de\/en\/expertinnen-und-wissenschaftler-co2-preise-und-anforderungen-sind-allein-nicht-ausreichend\/\" \/>\n<meta property=\"og:locale\" content=\"en_GB\" \/>\n<meta property=\"og:type\" content=\"article\" \/>\n<meta property=\"og:title\" content=\"Expertinnen und Wissenschaftler: CO\u2082-Preise und- Anforderungen sind allein nicht ausreichend - BAUM e.V.\" \/>\n<meta property=\"og:description\" content=\"Mehr als 20 Wissenschaftler:innen und unabh\u00e4ngige Expert:innen, darunter die BAUM-Vorsitzende Yvonne Zwick, warnen in einer gemeinsamen Erkl\u00e4rung davor, Energieeffizienz in der Energiepolitik zu vernachl\u00e4ssigen.\" \/>\n<meta property=\"og:url\" content=\"https:\/\/baumev.de\/en\/expertinnen-und-wissenschaftler-co2-preise-und-anforderungen-sind-allein-nicht-ausreichend\/\" \/>\n<meta property=\"og:site_name\" content=\"BAUM e.V.\" \/>\n<meta property=\"article:published_time\" content=\"2025-01-16T08:56:01+00:00\" \/>\n<meta property=\"article:modified_time\" content=\"2025-08-28T10:17:49+00:00\" \/>\n<meta property=\"og:image\" content=\"https:\/\/baumev.de\/wp-content\/uploads\/2025\/06\/co2-3139230_1920.jpg\" \/>\n\t<meta property=\"og:image:width\" content=\"1920\" \/>\n\t<meta property=\"og:image:height\" content=\"1280\" \/>\n\t<meta property=\"og:image:type\" content=\"image\/jpeg\" \/>\n<meta name=\"author\" content=\"rittweger\" \/>\n<meta name=\"twitter:card\" content=\"summary_large_image\" \/>\n<meta name=\"twitter:label1\" content=\"Written by\" \/>\n\t<meta name=\"twitter:data1\" content=\"rittweger\" \/>\n\t<meta name=\"twitter:label2\" content=\"Estimated reading time\" \/>\n\t<meta name=\"twitter:data2\" content=\"3 minutes\" \/>\n<script type=\"application\/ld+json\" class=\"yoast-schema-graph\">{\"@context\":\"https:\/\/schema.org\",\"@graph\":[{\"@type\":\"Article\",\"@id\":\"https:\/\/baumev.de\/en\/expertinnen-und-wissenschaftler-co2-preise-und-anforderungen-sind-allein-nicht-ausreichend\/#article\",\"isPartOf\":{\"@id\":\"https:\/\/baumev.de\/en\/expertinnen-und-wissenschaftler-co2-preise-und-anforderungen-sind-allein-nicht-ausreichend\/\"},\"author\":{\"name\":\"rittweger\",\"@id\":\"\/#\/schema\/person\/7cbf92b816dba32080d06186956546dd\"},\"headline\":\"Expertinnen und Wissenschaftler: CO\u2082-Preise und- Anforderungen sind allein nicht ausreichend\",\"datePublished\":\"2025-01-16T08:56:01+00:00\",\"dateModified\":\"2025-08-28T10:17:49+00:00\",\"mainEntityOfPage\":{\"@id\":\"https:\/\/baumev.de\/en\/expertinnen-und-wissenschaftler-co2-preise-und-anforderungen-sind-allein-nicht-ausreichend\/\"},\"wordCount\":444,\"publisher\":{\"@id\":\"\/#organization\"},\"image\":{\"@id\":\"https:\/\/baumev.de\/en\/expertinnen-und-wissenschaftler-co2-preise-und-anforderungen-sind-allein-nicht-ausreichend\/#primaryimage\"},\"thumbnailUrl\":\"https:\/\/baumev.de\/wp-content\/uploads\/2025\/06\/co2-3139230_1920.jpg\",\"articleSection\":[\"Einblicke &amp; Perspektiven\",\"Klima &amp; Energie\"],\"inLanguage\":\"en-GB\"},{\"@type\":\"WebPage\",\"@id\":\"https:\/\/baumev.de\/en\/expertinnen-und-wissenschaftler-co2-preise-und-anforderungen-sind-allein-nicht-ausreichend\/\",\"url\":\"https:\/\/baumev.de\/en\/expertinnen-und-wissenschaftler-co2-preise-und-anforderungen-sind-allein-nicht-ausreichend\/\",\"name\":\"Expertinnen und Wissenschaftler: CO\u2082-Preise und- Anforderungen sind allein nicht ausreichend - BAUM e.V.\",\"isPartOf\":{\"@id\":\"\/#website\"},\"primaryImageOfPage\":{\"@id\":\"https:\/\/baumev.de\/en\/expertinnen-und-wissenschaftler-co2-preise-und-anforderungen-sind-allein-nicht-ausreichend\/#primaryimage\"},\"image\":{\"@id\":\"https:\/\/baumev.de\/en\/expertinnen-und-wissenschaftler-co2-preise-und-anforderungen-sind-allein-nicht-ausreichend\/#primaryimage\"},\"thumbnailUrl\":\"https:\/\/baumev.de\/wp-content\/uploads\/2025\/06\/co2-3139230_1920.jpg\",\"datePublished\":\"2025-01-16T08:56:01+00:00\",\"dateModified\":\"2025-08-28T10:17:49+00:00\",\"breadcrumb\":{\"@id\":\"https:\/\/baumev.de\/en\/expertinnen-und-wissenschaftler-co2-preise-und-anforderungen-sind-allein-nicht-ausreichend\/#breadcrumb\"},\"inLanguage\":\"en-GB\",\"potentialAction\":[{\"@type\":\"ReadAction\",\"target\":[\"https:\/\/baumev.de\/en\/expertinnen-und-wissenschaftler-co2-preise-und-anforderungen-sind-allein-nicht-ausreichend\/\"]}]},{\"@type\":\"ImageObject\",\"inLanguage\":\"en-GB\",\"@id\":\"https:\/\/baumev.de\/en\/expertinnen-und-wissenschaftler-co2-preise-und-anforderungen-sind-allein-nicht-ausreichend\/#primaryimage\",\"url\":\"https:\/\/baumev.de\/wp-content\/uploads\/2025\/06\/co2-3139230_1920.jpg\",\"contentUrl\":\"https:\/\/baumev.de\/wp-content\/uploads\/2025\/06\/co2-3139230_1920.jpg\",\"width\":1920,\"height\":1280,\"caption\":\"Offsetting und Insetting sind Ma\u00dfnahmen zu CO2-Reduktion und Kilmaschutz\"},{\"@type\":\"BreadcrumbList\",\"@id\":\"https:\/\/baumev.de\/en\/expertinnen-und-wissenschaftler-co2-preise-und-anforderungen-sind-allein-nicht-ausreichend\/#breadcrumb\",\"itemListElement\":[{\"@type\":\"ListItem\",\"position\":1,\"name\":\"Startseite\",\"item\":\"https:\/\/baumev.de\/en\/\"},{\"@type\":\"ListItem\",\"position\":2,\"name\":\"Expertinnen und Wissenschaftler: CO\u2082-Preise und- Anforderungen sind allein nicht ausreichend\"}]},{\"@type\":\"WebSite\",\"@id\":\"\/#website\",\"url\":\"\/\",\"name\":\"BAUM e.V.\",\"description\":\"BAUM e.V. \u2013 Netzwerk f\u00fcr nachhaltiges Wirtschaften\",\"publisher\":{\"@id\":\"\/#organization\"},\"potentialAction\":[{\"@type\":\"SearchAction\",\"target\":{\"@type\":\"EntryPoint\",\"urlTemplate\":\"\/?s={search_term_string}\"},\"query-input\":{\"@type\":\"PropertyValueSpecification\",\"valueRequired\":true,\"valueName\":\"search_term_string\"}}],\"inLanguage\":\"en-GB\"},{\"@type\":\"Organization\",\"@id\":\"\/#organization\",\"name\":\"BAUM e.V.\",\"alternateName\":\"Bundesdeutscher Arbeitskreis f\u00fcr Umweltbewusstes Management\",\"url\":\"\/\",\"logo\":{\"@type\":\"ImageObject\",\"inLanguage\":\"en-GB\",\"@id\":\"\/#\/schema\/logo\/image\/\",\"url\":\"https:\/\/baumev.de\/wp-content\/uploads\/2025\/04\/Element-1.svg\",\"contentUrl\":\"https:\/\/baumev.de\/wp-content\/uploads\/2025\/04\/Element-1.svg\",\"width\":\"1024\",\"height\":\"1024\",\"caption\":\"BAUM e.V.\"},\"image\":{\"@id\":\"\/#\/schema\/logo\/image\/\"},\"sameAs\":[\"https:\/\/www.linkedin.com\/company\/baum-ev\"]},{\"@type\":\"Person\",\"@id\":\"\/#\/schema\/person\/7cbf92b816dba32080d06186956546dd\",\"name\":\"rittweger\",\"sameAs\":[\"http:\/\/baumev.de\"]}]}<\/script>\n<!-- \/ Yoast SEO plugin. -->","yoast_head_json":{"title":"Expertinnen und Wissenschaftler: CO\u2082-Preise und- Anforderungen sind allein nicht ausreichend - BAUM e.V.","robots":{"index":"index","follow":"follow","max-snippet":"max-snippet:-1","max-image-preview":"max-image-preview:large","max-video-preview":"max-video-preview:-1"},"canonical":"https:\/\/baumev.de\/en\/expertinnen-und-wissenschaftler-co2-preise-und-anforderungen-sind-allein-nicht-ausreichend\/","og_locale":"en_GB","og_type":"article","og_title":"Expertinnen und Wissenschaftler: CO\u2082-Preise und- Anforderungen sind allein nicht ausreichend - BAUM e.V.","og_description":"Mehr als 20 Wissenschaftler:innen und unabh\u00e4ngige Expert:innen, darunter die BAUM-Vorsitzende Yvonne Zwick, warnen in einer gemeinsamen Erkl\u00e4rung davor, Energieeffizienz in der Energiepolitik zu vernachl\u00e4ssigen.","og_url":"https:\/\/baumev.de\/en\/expertinnen-und-wissenschaftler-co2-preise-und-anforderungen-sind-allein-nicht-ausreichend\/","og_site_name":"BAUM e.V.","article_published_time":"2025-01-16T08:56:01+00:00","article_modified_time":"2025-08-28T10:17:49+00:00","og_image":[{"width":1920,"height":1280,"url":"https:\/\/baumev.de\/wp-content\/uploads\/2025\/06\/co2-3139230_1920.jpg","type":"image\/jpeg"}],"author":"rittweger","twitter_card":"summary_large_image","twitter_misc":{"Written by":"rittweger","Estimated reading time":"3 minutes"},"schema":{"@context":"https:\/\/schema.org","@graph":[{"@type":"Article","@id":"https:\/\/baumev.de\/en\/expertinnen-und-wissenschaftler-co2-preise-und-anforderungen-sind-allein-nicht-ausreichend\/#article","isPartOf":{"@id":"https:\/\/baumev.de\/en\/expertinnen-und-wissenschaftler-co2-preise-und-anforderungen-sind-allein-nicht-ausreichend\/"},"author":{"name":"rittweger","@id":"\/#\/schema\/person\/7cbf92b816dba32080d06186956546dd"},"headline":"Expertinnen und Wissenschaftler: CO\u2082-Preise und- Anforderungen sind allein nicht ausreichend","datePublished":"2025-01-16T08:56:01+00:00","dateModified":"2025-08-28T10:17:49+00:00","mainEntityOfPage":{"@id":"https:\/\/baumev.de\/en\/expertinnen-und-wissenschaftler-co2-preise-und-anforderungen-sind-allein-nicht-ausreichend\/"},"wordCount":444,"publisher":{"@id":"\/#organization"},"image":{"@id":"https:\/\/baumev.de\/en\/expertinnen-und-wissenschaftler-co2-preise-und-anforderungen-sind-allein-nicht-ausreichend\/#primaryimage"},"thumbnailUrl":"https:\/\/baumev.de\/wp-content\/uploads\/2025\/06\/co2-3139230_1920.jpg","articleSection":["Einblicke &amp; Perspektiven","Klima &amp; Energie"],"inLanguage":"en-GB"},{"@type":"WebPage","@id":"https:\/\/baumev.de\/en\/expertinnen-und-wissenschaftler-co2-preise-und-anforderungen-sind-allein-nicht-ausreichend\/","url":"https:\/\/baumev.de\/en\/expertinnen-und-wissenschaftler-co2-preise-und-anforderungen-sind-allein-nicht-ausreichend\/","name":"Expertinnen und Wissenschaftler: CO\u2082-Preise und- Anforderungen sind allein nicht ausreichend - BAUM e.V.","isPartOf":{"@id":"\/#website"},"primaryImageOfPage":{"@id":"https:\/\/baumev.de\/en\/expertinnen-und-wissenschaftler-co2-preise-und-anforderungen-sind-allein-nicht-ausreichend\/#primaryimage"},"image":{"@id":"https:\/\/baumev.de\/en\/expertinnen-und-wissenschaftler-co2-preise-und-anforderungen-sind-allein-nicht-ausreichend\/#primaryimage"},"thumbnailUrl":"https:\/\/baumev.de\/wp-content\/uploads\/2025\/06\/co2-3139230_1920.jpg","datePublished":"2025-01-16T08:56:01+00:00","dateModified":"2025-08-28T10:17:49+00:00","breadcrumb":{"@id":"https:\/\/baumev.de\/en\/expertinnen-und-wissenschaftler-co2-preise-und-anforderungen-sind-allein-nicht-ausreichend\/#breadcrumb"},"inLanguage":"en-GB","potentialAction":[{"@type":"ReadAction","target":["https:\/\/baumev.de\/en\/expertinnen-und-wissenschaftler-co2-preise-und-anforderungen-sind-allein-nicht-ausreichend\/"]}]},{"@type":"ImageObject","inLanguage":"en-GB","@id":"https:\/\/baumev.de\/en\/expertinnen-und-wissenschaftler-co2-preise-und-anforderungen-sind-allein-nicht-ausreichend\/#primaryimage","url":"https:\/\/baumev.de\/wp-content\/uploads\/2025\/06\/co2-3139230_1920.jpg","contentUrl":"https:\/\/baumev.de\/wp-content\/uploads\/2025\/06\/co2-3139230_1920.jpg","width":1920,"height":1280,"caption":"Offsetting und Insetting sind Ma\u00dfnahmen zu CO2-Reduktion und Kilmaschutz"},{"@type":"BreadcrumbList","@id":"https:\/\/baumev.de\/en\/expertinnen-und-wissenschaftler-co2-preise-und-anforderungen-sind-allein-nicht-ausreichend\/#breadcrumb","itemListElement":[{"@type":"ListItem","position":1,"name":"Startseite","item":"https:\/\/baumev.de\/en\/"},{"@type":"ListItem","position":2,"name":"Expertinnen und Wissenschaftler: CO\u2082-Preise und- Anforderungen sind allein nicht ausreichend"}]},{"@type":"WebSite","@id":"\/#website","url":"\/","name":"BAUM e.V.","description":"BAUM e.V. \u2013 Netzwerk f\u00fcr nachhaltiges Wirtschaften","publisher":{"@id":"\/#organization"},"potentialAction":[{"@type":"SearchAction","target":{"@type":"EntryPoint","urlTemplate":"\/?s={search_term_string}"},"query-input":{"@type":"PropertyValueSpecification","valueRequired":true,"valueName":"search_term_string"}}],"inLanguage":"en-GB"},{"@type":"Organization","@id":"\/#organization","name":"BAUM e.V.","alternateName":"Bundesdeutscher Arbeitskreis f\u00fcr Umweltbewusstes Management","url":"\/","logo":{"@type":"ImageObject","inLanguage":"en-GB","@id":"\/#\/schema\/logo\/image\/","url":"https:\/\/baumev.de\/wp-content\/uploads\/2025\/04\/Element-1.svg","contentUrl":"https:\/\/baumev.de\/wp-content\/uploads\/2025\/04\/Element-1.svg","width":"1024","height":"1024","caption":"BAUM e.V."},"image":{"@id":"\/#\/schema\/logo\/image\/"},"sameAs":["https:\/\/www.linkedin.com\/company\/baum-ev"]},{"@type":"Person","@id":"\/#\/schema\/person\/7cbf92b816dba32080d06186956546dd","name":"rittweger","sameAs":["http:\/\/baumev.de"]}]}},"_links":{"self":[{"href":"https:\/\/baumev.de\/en\/wp-json\/wp\/v2\/posts\/2458","targetHints":{"allow":["GET"]}}],"collection":[{"href":"https:\/\/baumev.de\/en\/wp-json\/wp\/v2\/posts"}],"about":[{"href":"https:\/\/baumev.de\/en\/wp-json\/wp\/v2\/types\/post"}],"author":[{"embeddable":true,"href":"https:\/\/baumev.de\/en\/wp-json\/wp\/v2\/users\/1"}],"replies":[{"embeddable":true,"href":"https:\/\/baumev.de\/en\/wp-json\/wp\/v2\/comments?post=2458"}],"version-history":[{"count":5,"href":"https:\/\/baumev.de\/en\/wp-json\/wp\/v2\/posts\/2458\/revisions"}],"predecessor-version":[{"id":8970,"href":"https:\/\/baumev.de\/en\/wp-json\/wp\/v2\/posts\/2458\/revisions\/8970"}],"wp:featuredmedia":[{"embeddable":true,"href":"https:\/\/baumev.de\/en\/wp-json\/wp\/v2\/media\/4584"}],"wp:attachment":[{"href":"https:\/\/baumev.de\/en\/wp-json\/wp\/v2\/media?parent=2458"}],"wp:term":[{"taxonomy":"category","embeddable":true,"href":"https:\/\/baumev.de\/en\/wp-json\/wp\/v2\/categories?post=2458"},{"taxonomy":"post_tag","embeddable":true,"href":"https:\/\/baumev.de\/en\/wp-json\/wp\/v2\/tags?post=2458"}],"curies":[{"name":"wp","href":"https:\/\/api.w.org\/{rel}","templated":true}]}}