{"id":2465,"date":"2025-01-07T10:07:56","date_gmt":"2025-01-07T09:07:56","guid":{"rendered":"https:\/\/baumev.de\/?p=2465"},"modified":"2025-08-18T08:02:42","modified_gmt":"2025-08-18T06:02:42","slug":"beschaffung-schluesselrolle-bei-der-nachhaltigen-entwicklung","status":"publish","type":"post","link":"https:\/\/baumev.de\/en\/beschaffung-schluesselrolle-bei-der-nachhaltigen-entwicklung\/","title":{"rendered":"Beschaffung: Schl\u00fcsselrolle bei der nachhaltigen Entwicklung"},"content":{"rendered":"<p style=\"font-weight: 400;\">Die Akademie auf unserer digitalen Plattform enth\u00e4lt E-Learnings unserer Contentpartner \u2013 z.B. des JARO Institut f\u00fcr Nachhaltigkeit und Digitalisierung zu nachhaltiger Beschaffung. BAUM-Mitglieder erhalten beim Buchen der kostenpflichtigen Kurse einen Rabatt.<\/p>\n<p style=\"font-weight: 400;\">&#8220;Beschaffungsverantwortliche steuern die Nachfrage weltweit und nehmen eine Schl\u00fcsselrolle f\u00fcr die globale nachhaltige Entwicklung ein. Um auch in Zukunft wirtschaftlich erfolgreich und ein attraktiver Arbeitgeber f\u00fcr qualifizierte Fachkr\u00e4fte zu bleiben, ist es notwendig, alte Konzepte zu \u00fcberdenken und verantwortungsvoll mit knappen Ressourcen und Menschenrechten umzugehen&#8221;, so JARO. &#8220;Eink\u00e4ufer m\u00fcssen in Zukunft in der Lage sein, nachhaltige Beschaffungsstrategien zu entwickeln und diese gemeinsam mit den relevanten Interessengruppen strukturiert umzusetzen.&#8221;<\/p>\n<p style=\"font-weight: 400;\">Das\u00a0<a href=\"https:\/\/jaro-institut.de\/\">JARO Institut<\/a>\u00a0wurde 2018 als gemeinn\u00fctziger Verein gegr\u00fcndet und ist gepr\u00e4gt von der langj\u00e4hrigen Expertise seiner Gr\u00fcnderinnen im Bereich Tourismus und Beschaffung. Dieses Fachwissen mit dem Schwerpunkt auf nachhaltigem Wirtschaften steht im Zentrum der Arbeit von JARO.<\/p>\n<p style=\"font-weight: 400;\">In unserer\u00a0<a href=\"https:\/\/baumev.de\/akademie\/\">Akademie<\/a>\u00a0reicht das Angebot der E-Learnings des JARO Institut von &#8220;Biodiversit\u00e4t in der nachhaltigen Beschaffung&#8221; \u00fcber &#8220;Nachhaltige Lieferantenentwicklung&#8221; bis hin zu &#8220;Neue Technologien f\u00fcr den Einkauf&#8221;. Sicher ist auch f\u00fcr Sie Interessantes dabei!<\/p>\n<p style=\"font-weight: 400;\">Das Angebot unserer Akademie richtet sich in erster Linie an mit Nachhaltigkeitsthemen befasste Mitarbeiterinnen und Mitarbeiter aller Hierarchieebenen und umfasst die Kernthemen Strategische Planung und Unternehmensf\u00fchrung, Beschaffung, sowie (Nachhaltigkeits-)Berichterstattung.<\/p>\n<p style=\"font-weight: 400;\">Anbieter von nicht werblichen E-Learnings, die die Qualit\u00e4tkriterien unserer Akademie erf\u00fcllen, sind dazu eingeladen, sich mit uns in Verbindung zu setzen.<\/p>\n","protected":false},"excerpt":{"rendered":"<p>Unsere Akademie enth\u00e4lt E-Learnings unserer Contentpartner \u2013 z.B. des JARO Institut f\u00fcr Nachhaltigkeit und Digitalisierung zu nachhaltiger Beschaffung. BAUM-Mitglieder erhalten beim Buchen der kostenpflichtigen Kurse einen Rabatt.<\/p>\n","protected":false},"author":1,"featured_media":2466,"comment_status":"closed","ping_status":"open","sticky":false,"template":"","format":"standard","meta":{"_acf_changed":false,"_et_pb_use_builder":"","_et_pb_old_content":"","_et_gb_content_width":"","inline_featured_image":false,"footnotes":""},"categories":[14,18],"tags":[],"class_list":["post-2465","post","type-post","status-publish","format-standard","has-post-thumbnail","hentry","category-digitalisierung","category-news"],"acf":[],"yoast_head":"<!-- This site is optimized with the Yoast SEO plugin v27.2 - https:\/\/yoast.com\/product\/yoast-seo-wordpress\/ -->\n<title>Beschaffung: Schl\u00fcsselrolle bei der nachhaltigen Entwicklung - BAUM e.V.<\/title>\n<meta name=\"robots\" content=\"index, follow, max-snippet:-1, max-image-preview:large, max-video-preview:-1\" \/>\n<link rel=\"canonical\" href=\"https:\/\/baumev.de\/en\/beschaffung-schluesselrolle-bei-der-nachhaltigen-entwicklung\/\" \/>\n<meta property=\"og:locale\" content=\"en_GB\" \/>\n<meta property=\"og:type\" content=\"article\" \/>\n<meta property=\"og:title\" content=\"Beschaffung: Schl\u00fcsselrolle bei der nachhaltigen Entwicklung - BAUM e.V.\" \/>\n<meta property=\"og:description\" content=\"Unsere Akademie enth\u00e4lt E-Learnings unserer Contentpartner \u2013 z.B. des JARO Institut f\u00fcr Nachhaltigkeit und Digitalisierung zu nachhaltiger Beschaffung. BAUM-Mitglieder erhalten beim Buchen der kostenpflichtigen Kurse einen Rabatt.\" \/>\n<meta property=\"og:url\" content=\"https:\/\/baumev.de\/en\/beschaffung-schluesselrolle-bei-der-nachhaltigen-entwicklung\/\" \/>\n<meta property=\"og:site_name\" content=\"BAUM e.V.\" \/>\n<meta property=\"article:published_time\" content=\"2025-01-07T09:07:56+00:00\" \/>\n<meta property=\"article:modified_time\" content=\"2025-08-18T06:02:42+00:00\" \/>\n<meta property=\"og:image\" content=\"https:\/\/baumev.de\/wp-content\/uploads\/2025\/05\/jaro_institut.png\" \/>\n\t<meta property=\"og:image:width\" content=\"2000\" \/>\n\t<meta property=\"og:image:height\" content=\"1125\" \/>\n\t<meta property=\"og:image:type\" content=\"image\/png\" \/>\n<meta name=\"author\" content=\"rittweger\" \/>\n<meta name=\"twitter:card\" content=\"summary_large_image\" \/>\n<meta name=\"twitter:label1\" content=\"Written by\" \/>\n\t<meta name=\"twitter:data1\" content=\"rittweger\" \/>\n\t<meta name=\"twitter:label2\" content=\"Estimated reading time\" \/>\n\t<meta name=\"twitter:data2\" content=\"2 minutes\" \/>\n<script type=\"application\/ld+json\" class=\"yoast-schema-graph\">{\"@context\":\"https:\/\/schema.org\",\"@graph\":[{\"@type\":\"Article\",\"@id\":\"https:\/\/baumev.de\/en\/beschaffung-schluesselrolle-bei-der-nachhaltigen-entwicklung\/#article\",\"isPartOf\":{\"@id\":\"https:\/\/baumev.de\/en\/beschaffung-schluesselrolle-bei-der-nachhaltigen-entwicklung\/\"},\"author\":{\"name\":\"rittweger\",\"@id\":\"\/#\/schema\/person\/7cbf92b816dba32080d06186956546dd\"},\"headline\":\"Beschaffung: Schl\u00fcsselrolle bei der nachhaltigen Entwicklung\",\"datePublished\":\"2025-01-07T09:07:56+00:00\",\"dateModified\":\"2025-08-18T06:02:42+00:00\",\"mainEntityOfPage\":{\"@id\":\"https:\/\/baumev.de\/en\/beschaffung-schluesselrolle-bei-der-nachhaltigen-entwicklung\/\"},\"wordCount\":248,\"publisher\":{\"@id\":\"\/#organization\"},\"image\":{\"@id\":\"https:\/\/baumev.de\/en\/beschaffung-schluesselrolle-bei-der-nachhaltigen-entwicklung\/#primaryimage\"},\"thumbnailUrl\":\"https:\/\/baumev.de\/wp-content\/uploads\/2025\/05\/jaro_institut.png\",\"articleSection\":[\"Digitalisierung\",\"Einblicke &amp; Perspektiven\"],\"inLanguage\":\"en-GB\"},{\"@type\":\"WebPage\",\"@id\":\"https:\/\/baumev.de\/en\/beschaffung-schluesselrolle-bei-der-nachhaltigen-entwicklung\/\",\"url\":\"https:\/\/baumev.de\/en\/beschaffung-schluesselrolle-bei-der-nachhaltigen-entwicklung\/\",\"name\":\"Beschaffung: Schl\u00fcsselrolle bei der nachhaltigen Entwicklung - BAUM e.V.\",\"isPartOf\":{\"@id\":\"\/#website\"},\"primaryImageOfPage\":{\"@id\":\"https:\/\/baumev.de\/en\/beschaffung-schluesselrolle-bei-der-nachhaltigen-entwicklung\/#primaryimage\"},\"image\":{\"@id\":\"https:\/\/baumev.de\/en\/beschaffung-schluesselrolle-bei-der-nachhaltigen-entwicklung\/#primaryimage\"},\"thumbnailUrl\":\"https:\/\/baumev.de\/wp-content\/uploads\/2025\/05\/jaro_institut.png\",\"datePublished\":\"2025-01-07T09:07:56+00:00\",\"dateModified\":\"2025-08-18T06:02:42+00:00\",\"breadcrumb\":{\"@id\":\"https:\/\/baumev.de\/en\/beschaffung-schluesselrolle-bei-der-nachhaltigen-entwicklung\/#breadcrumb\"},\"inLanguage\":\"en-GB\",\"potentialAction\":[{\"@type\":\"ReadAction\",\"target\":[\"https:\/\/baumev.de\/en\/beschaffung-schluesselrolle-bei-der-nachhaltigen-entwicklung\/\"]}]},{\"@type\":\"ImageObject\",\"inLanguage\":\"en-GB\",\"@id\":\"https:\/\/baumev.de\/en\/beschaffung-schluesselrolle-bei-der-nachhaltigen-entwicklung\/#primaryimage\",\"url\":\"https:\/\/baumev.de\/wp-content\/uploads\/2025\/05\/jaro_institut.png\",\"contentUrl\":\"https:\/\/baumev.de\/wp-content\/uploads\/2025\/05\/jaro_institut.png\",\"width\":2000,\"height\":1125,\"caption\":\"Logo des JARO Instituts\"},{\"@type\":\"BreadcrumbList\",\"@id\":\"https:\/\/baumev.de\/en\/beschaffung-schluesselrolle-bei-der-nachhaltigen-entwicklung\/#breadcrumb\",\"itemListElement\":[{\"@type\":\"ListItem\",\"position\":1,\"name\":\"Startseite\",\"item\":\"https:\/\/baumev.de\/en\/\"},{\"@type\":\"ListItem\",\"position\":2,\"name\":\"Beschaffung: Schl\u00fcsselrolle bei der nachhaltigen Entwicklung\"}]},{\"@type\":\"WebSite\",\"@id\":\"\/#website\",\"url\":\"\/\",\"name\":\"BAUM e.V.\",\"description\":\"BAUM e.V. \u2013 Netzwerk f\u00fcr nachhaltiges Wirtschaften\",\"publisher\":{\"@id\":\"\/#organization\"},\"potentialAction\":[{\"@type\":\"SearchAction\",\"target\":{\"@type\":\"EntryPoint\",\"urlTemplate\":\"\/?s={search_term_string}\"},\"query-input\":{\"@type\":\"PropertyValueSpecification\",\"valueRequired\":true,\"valueName\":\"search_term_string\"}}],\"inLanguage\":\"en-GB\"},{\"@type\":\"Organization\",\"@id\":\"\/#organization\",\"name\":\"BAUM e.V.\",\"alternateName\":\"Bundesdeutscher Arbeitskreis f\u00fcr Umweltbewusstes Management\",\"url\":\"\/\",\"logo\":{\"@type\":\"ImageObject\",\"inLanguage\":\"en-GB\",\"@id\":\"\/#\/schema\/logo\/image\/\",\"url\":\"https:\/\/baumev.de\/wp-content\/uploads\/2025\/04\/Element-1.svg\",\"contentUrl\":\"https:\/\/baumev.de\/wp-content\/uploads\/2025\/04\/Element-1.svg\",\"width\":\"1024\",\"height\":\"1024\",\"caption\":\"BAUM e.V.\"},\"image\":{\"@id\":\"\/#\/schema\/logo\/image\/\"},\"sameAs\":[\"https:\/\/www.linkedin.com\/company\/baum-ev\"]},{\"@type\":\"Person\",\"@id\":\"\/#\/schema\/person\/7cbf92b816dba32080d06186956546dd\",\"name\":\"rittweger\",\"sameAs\":[\"http:\/\/baumev.de\"]}]}<\/script>\n<!-- \/ Yoast SEO plugin. -->","yoast_head_json":{"title":"Beschaffung: Schl\u00fcsselrolle bei der nachhaltigen Entwicklung - BAUM e.V.","robots":{"index":"index","follow":"follow","max-snippet":"max-snippet:-1","max-image-preview":"max-image-preview:large","max-video-preview":"max-video-preview:-1"},"canonical":"https:\/\/baumev.de\/en\/beschaffung-schluesselrolle-bei-der-nachhaltigen-entwicklung\/","og_locale":"en_GB","og_type":"article","og_title":"Beschaffung: Schl\u00fcsselrolle bei der nachhaltigen Entwicklung - BAUM e.V.","og_description":"Unsere Akademie enth\u00e4lt E-Learnings unserer Contentpartner \u2013 z.B. des JARO Institut f\u00fcr Nachhaltigkeit und Digitalisierung zu nachhaltiger Beschaffung. BAUM-Mitglieder erhalten beim Buchen der kostenpflichtigen Kurse einen Rabatt.","og_url":"https:\/\/baumev.de\/en\/beschaffung-schluesselrolle-bei-der-nachhaltigen-entwicklung\/","og_site_name":"BAUM e.V.","article_published_time":"2025-01-07T09:07:56+00:00","article_modified_time":"2025-08-18T06:02:42+00:00","og_image":[{"width":2000,"height":1125,"url":"https:\/\/baumev.de\/wp-content\/uploads\/2025\/05\/jaro_institut.png","type":"image\/png"}],"author":"rittweger","twitter_card":"summary_large_image","twitter_misc":{"Written by":"rittweger","Estimated reading time":"2 minutes"},"schema":{"@context":"https:\/\/schema.org","@graph":[{"@type":"Article","@id":"https:\/\/baumev.de\/en\/beschaffung-schluesselrolle-bei-der-nachhaltigen-entwicklung\/#article","isPartOf":{"@id":"https:\/\/baumev.de\/en\/beschaffung-schluesselrolle-bei-der-nachhaltigen-entwicklung\/"},"author":{"name":"rittweger","@id":"\/#\/schema\/person\/7cbf92b816dba32080d06186956546dd"},"headline":"Beschaffung: Schl\u00fcsselrolle bei der nachhaltigen Entwicklung","datePublished":"2025-01-07T09:07:56+00:00","dateModified":"2025-08-18T06:02:42+00:00","mainEntityOfPage":{"@id":"https:\/\/baumev.de\/en\/beschaffung-schluesselrolle-bei-der-nachhaltigen-entwicklung\/"},"wordCount":248,"publisher":{"@id":"\/#organization"},"image":{"@id":"https:\/\/baumev.de\/en\/beschaffung-schluesselrolle-bei-der-nachhaltigen-entwicklung\/#primaryimage"},"thumbnailUrl":"https:\/\/baumev.de\/wp-content\/uploads\/2025\/05\/jaro_institut.png","articleSection":["Digitalisierung","Einblicke &amp; Perspektiven"],"inLanguage":"en-GB"},{"@type":"WebPage","@id":"https:\/\/baumev.de\/en\/beschaffung-schluesselrolle-bei-der-nachhaltigen-entwicklung\/","url":"https:\/\/baumev.de\/en\/beschaffung-schluesselrolle-bei-der-nachhaltigen-entwicklung\/","name":"Beschaffung: Schl\u00fcsselrolle bei der nachhaltigen Entwicklung - BAUM e.V.","isPartOf":{"@id":"\/#website"},"primaryImageOfPage":{"@id":"https:\/\/baumev.de\/en\/beschaffung-schluesselrolle-bei-der-nachhaltigen-entwicklung\/#primaryimage"},"image":{"@id":"https:\/\/baumev.de\/en\/beschaffung-schluesselrolle-bei-der-nachhaltigen-entwicklung\/#primaryimage"},"thumbnailUrl":"https:\/\/baumev.de\/wp-content\/uploads\/2025\/05\/jaro_institut.png","datePublished":"2025-01-07T09:07:56+00:00","dateModified":"2025-08-18T06:02:42+00:00","breadcrumb":{"@id":"https:\/\/baumev.de\/en\/beschaffung-schluesselrolle-bei-der-nachhaltigen-entwicklung\/#breadcrumb"},"inLanguage":"en-GB","potentialAction":[{"@type":"ReadAction","target":["https:\/\/baumev.de\/en\/beschaffung-schluesselrolle-bei-der-nachhaltigen-entwicklung\/"]}]},{"@type":"ImageObject","inLanguage":"en-GB","@id":"https:\/\/baumev.de\/en\/beschaffung-schluesselrolle-bei-der-nachhaltigen-entwicklung\/#primaryimage","url":"https:\/\/baumev.de\/wp-content\/uploads\/2025\/05\/jaro_institut.png","contentUrl":"https:\/\/baumev.de\/wp-content\/uploads\/2025\/05\/jaro_institut.png","width":2000,"height":1125,"caption":"Logo des JARO Instituts"},{"@type":"BreadcrumbList","@id":"https:\/\/baumev.de\/en\/beschaffung-schluesselrolle-bei-der-nachhaltigen-entwicklung\/#breadcrumb","itemListElement":[{"@type":"ListItem","position":1,"name":"Startseite","item":"https:\/\/baumev.de\/en\/"},{"@type":"ListItem","position":2,"name":"Beschaffung: Schl\u00fcsselrolle bei der nachhaltigen Entwicklung"}]},{"@type":"WebSite","@id":"\/#website","url":"\/","name":"BAUM e.V.","description":"BAUM e.V. \u2013 Netzwerk f\u00fcr nachhaltiges Wirtschaften","publisher":{"@id":"\/#organization"},"potentialAction":[{"@type":"SearchAction","target":{"@type":"EntryPoint","urlTemplate":"\/?s={search_term_string}"},"query-input":{"@type":"PropertyValueSpecification","valueRequired":true,"valueName":"search_term_string"}}],"inLanguage":"en-GB"},{"@type":"Organization","@id":"\/#organization","name":"BAUM e.V.","alternateName":"Bundesdeutscher Arbeitskreis f\u00fcr Umweltbewusstes Management","url":"\/","logo":{"@type":"ImageObject","inLanguage":"en-GB","@id":"\/#\/schema\/logo\/image\/","url":"https:\/\/baumev.de\/wp-content\/uploads\/2025\/04\/Element-1.svg","contentUrl":"https:\/\/baumev.de\/wp-content\/uploads\/2025\/04\/Element-1.svg","width":"1024","height":"1024","caption":"BAUM e.V."},"image":{"@id":"\/#\/schema\/logo\/image\/"},"sameAs":["https:\/\/www.linkedin.com\/company\/baum-ev"]},{"@type":"Person","@id":"\/#\/schema\/person\/7cbf92b816dba32080d06186956546dd","name":"rittweger","sameAs":["http:\/\/baumev.de"]}]}},"_links":{"self":[{"href":"https:\/\/baumev.de\/en\/wp-json\/wp\/v2\/posts\/2465","targetHints":{"allow":["GET"]}}],"collection":[{"href":"https:\/\/baumev.de\/en\/wp-json\/wp\/v2\/posts"}],"about":[{"href":"https:\/\/baumev.de\/en\/wp-json\/wp\/v2\/types\/post"}],"author":[{"embeddable":true,"href":"https:\/\/baumev.de\/en\/wp-json\/wp\/v2\/users\/1"}],"replies":[{"embeddable":true,"href":"https:\/\/baumev.de\/en\/wp-json\/wp\/v2\/comments?post=2465"}],"version-history":[{"count":2,"href":"https:\/\/baumev.de\/en\/wp-json\/wp\/v2\/posts\/2465\/revisions"}],"predecessor-version":[{"id":6226,"href":"https:\/\/baumev.de\/en\/wp-json\/wp\/v2\/posts\/2465\/revisions\/6226"}],"wp:featuredmedia":[{"embeddable":true,"href":"https:\/\/baumev.de\/en\/wp-json\/wp\/v2\/media\/2466"}],"wp:attachment":[{"href":"https:\/\/baumev.de\/en\/wp-json\/wp\/v2\/media?parent=2465"}],"wp:term":[{"taxonomy":"category","embeddable":true,"href":"https:\/\/baumev.de\/en\/wp-json\/wp\/v2\/categories?post=2465"},{"taxonomy":"post_tag","embeddable":true,"href":"https:\/\/baumev.de\/en\/wp-json\/wp\/v2\/tags?post=2465"}],"curies":[{"name":"wp","href":"https:\/\/api.w.org\/{rel}","templated":true}]}}