{"id":2500,"date":"2024-10-02T10:51:22","date_gmt":"2024-10-02T08:51:22","guid":{"rendered":"https:\/\/baumev.de\/?p=2500"},"modified":"2025-08-18T08:02:43","modified_gmt":"2025-08-18T06:02:43","slug":"erfolgreicher-start-fuer-die-initiative-nachhaltige-veranstaltungswirtschaft","status":"publish","type":"post","link":"https:\/\/baumev.de\/en\/erfolgreicher-start-fuer-die-initiative-nachhaltige-veranstaltungswirtschaft\/","title":{"rendered":"Erfolgreicher Start f\u00fcr die Initiative nachhaltige Veranstaltungswirtschaft"},"content":{"rendered":"<p style=\"font-weight: 400;\">Die Auftaktveranstaltung der Initiative Nachhaltige Veranstaltungswirtschaft war ein voller Erfolg. BAUM hat diese Initiative gemeinsam mit dem BAUM-Mitglied 2bdifferent ins Leben gerufen. Beim ausgebuchten Kick-off am 27. September 2024 im Wissenschafts- und Kongresszentrum darmstadtium z\u00e4hlten die Initiatoren 68 G\u00e4ste vor Ort und 37 Teilnehmende online.<\/p>\n<p style=\"font-weight: 400;\">Ziel der Initiative Nachhaltige Veranstaltungswirtschaft (INV) ist, gemeinsam mit Mitgliedern und strategischen Partnern nachhaltiges Wirtschaften in der Veranstaltungsbranche zu f\u00f6rdern und als Transformationsbeschleuniger zu wirken. Die Initiative bietet die Chance, Kompetenzen in der Branche aufzubauen und durch innovative L\u00f6sungen und Synergien ein nachhaltiges Umdenken zu etablieren.<\/p>\n<p style=\"font-weight: 400;\">Im Rahmen der Auftaktveranstaltung wurden f\u00fcnf zentrale Herausforderungen identifiziert \u2013 basierend auf einer aktuellen Umfrage im Vorfeld der Veranstaltung und im Dialog mit den Teilnehmenden vor Ort. Diese Leitthemen werden nun in den kommenden Digitaltreffen und auf den Kommunikationsplattformen der Initiative vertieft und gemeinsam bearbeitet.<\/p>\n<p><b>Kreislaufwirtschaft<br \/>\n<\/b>Dieses Thema steht f\u00fcr die Mehrheit der Teilnehmenden im Vordergrund. Es zeigt, dass eine effiziente Nutzung und die Wiederverwendung von Ressourcen in der Eventplanung und -durchf\u00fchrung als gr\u00f6\u00dfte Herausforderung angesehen wird. Aktuell ist die Umstellung auf eine Kreislaufwirtschaft jedoch schwierig, da viele Industrien und Zulieferer noch nicht auf die spezifischen Anforderungen der Veranstaltungsbranche eingestellt sind. Die Verf\u00fcgbarkeit von wiederverwendbaren Materialien, nachhaltigen Produkten und geschlossenen Lieferkettenmodellen ist begrenzt. Oft fehlt es an geeigneten Infrastrukturen und Netzwerken, die den Bedarf der Veranstaltungswirtschaft abdecken k\u00f6nnen, um ressourcenschonende L\u00f6sungen zu realisieren. Der Aufbau dieser Strukturen und die Anpassung der Lieferketten an zirkul\u00e4re Prinzipien ist daher ein dringendes Handlungsfeld, um Kreislaufwirtschaft als Standard in der Eventbranche zu etablieren.<\/p>\n<p><b>Nachhaltige Eventmobilit\u00e4t<br \/>\n<\/b>Die Mobilit\u00e4t verursacht einen erheblichen Teil des CO<sub>2<\/sub>-Fu\u00dfabdrucks von Veranstaltungen. Die Suche nach umweltfreundlichen Transportl\u00f6sungen und Konzepten zur F\u00f6rderung klimafreundlicher Anreisem\u00f6glichkeiten steht daher weit oben auf der Agenda \u2013 vor allem bei Messen und Gro\u00dfveranstaltungen.<\/p>\n<p><b>Nachhaltige Lieferkette und Beschaffung<br \/>\n<\/b>Viele sehen in der nachhaltigen Beschaffung von Materialien und der Sicherstellung fairer Lieferketten eine gro\u00dfe Herausforderung. Die EU-Regulatorien wie die CSRD und das Lieferkettensorgfaltspflichtengesetz erh\u00f6hen zus\u00e4tzlich den Druck, Transparenz und Nachhaltigkeit in allen Stufen der Lieferkette sicherzustellen. Doch oft fehlen den Akteuren noch passende Prozesse und Strukturen, um diese Anforderungen vollst\u00e4ndig umzusetzen.<\/p>\n<p><b>Klimaschutz und CO<sub>2<\/sub>-Reduktion<br \/>\n<\/b>Der Wunsch nach Ma\u00dfnahmen zur Reduktion des CO<sub>2<\/sub>-Aussto\u00dfes ist weiterhin sehr pr\u00e4sent. Die Eventbranche sucht nach Wegen, um ihren Beitrag zur Bek\u00e4mpfung des Klimawandels zu leisten, indem Emissionen signifikant reduziert werden. Hierbei ist es besonders wichtig, dass die CO<sub>2<\/sub>-Berechnungen in allen drei Scopes erfolgen: Scope 1 (direkte Emissionen), Scope 2 (indirekte Emissionen, zum Beispiel durch den Energieverbrauch) und Scope 3 (indirekte Emissionen entlang der gesamten Wertsch\u00f6pfungskette, zum Beispiel durch die Anreise der Teilnehmenden, Lieferketten und Dienstleister), um reputationssicher und transparent zu handeln.<\/p>\n<p><b>Kommunikation und Bewusstseinsbildung<br \/>\n<\/b>Ebenso wichtig ist es, Nachhaltigkeitsthemen effektiv zu kommunizieren und das Bewusstsein bei allen Beteiligten, einschlie\u00dflich Stakeholdern, Mitarbeitenden und Teilnehmenden, zu sch\u00e4rfen. Eine klare und wirkungsvolle Kommunikation ist notwendig, um die Akzeptanz und Unterst\u00fctzung f\u00fcr nachhaltige Ma\u00dfnahmen zu f\u00f6rdern. Diese Sensibilisierung sollte bereits in der Ausbildung und im Studium verankert werden, um junge Fachkr\u00e4fte fr\u00fchzeitig f\u00fcr die Bedeutung und Umsetzung von Nachhaltigkeitszielen zu gewinnen. Denn nur mit einem umfassenden Verst\u00e4ndnis und einer fundierten Bildung zu Nachhaltigkeit k\u00f6nnen die kommenden Generationen die Transformation der Branche aktiv mitgestalten.<\/p>\n<p style=\"font-weight: 400;\">Auf eines der Kernthemen bezog sich beispielsweise Robert Trebus, Director Global Sustainability bei d &amp; b solutions GmbH &amp; Co. KG, in seinem Impulsvortrag. Er erl\u00e4uterte, wie eine Nachhaltigkeitsstrategie entwickelt und nahtlos in die Unternehmensstrategie integriert wird. Im Fokus standen ESG- und CSRD-Anforderungen, innovative Ans\u00e4tze in der Kreislaufwirtschaft sowie nachhaltige Produktentwicklung. Zudem zeigte er, wie Nachhaltigkeit in der Lieferkette und bei den Mitarbeitenden zu verankern ist, um langfristig Wettbewerbsvorteile zu sichern und eine positive Wirkung auf Umwelt und Gesellschaft zu erzielen.<\/p>\n<p style=\"font-weight: 400;\">Im Talk zum Thema &#8220;Nachhaltigkeit trifft Eventplanung&#8221; wies Laura G\u00f6gelein, Veranstaltungsmanagerin bei der GLS Bank, bereits darauf hin, dass sie wegen der Auswirkungen des Lieferkettengesetzes ab 2025 bei Veranstaltungen nur noch mit Dienstleistern zusammenarbeiten kann, die Nachhaltigkeit in ihren Betriebsprozessen belegen k\u00f6nnen. Laura G\u00f6gelein verantwortet j\u00e4hrlich bis zu 150 Events und 30 Messen f\u00fcr die GLS Bank.<\/p>\n<p style=\"font-weight: 400;\">Vor Ort wurden bereits die n\u00e4chsten Schritte der Initiative Nachhaltige Veranstaltungswirtschaft f\u00fcr das Jahr 2025 definiert, um die nachhaltige Transformation in der Eventbranche dauerhaft zu manifestieren. Die n\u00e4chsten Veranstaltungen der Initiative stehen daf\u00fcr fest: halbt\u00e4gige Online-Workshops am 30. Januar und 15. Mai 2025 sowie Vor-Ort-Veranstaltungen am 18. September 2025 und im November 2025 bei der BAUM-Jahrestagung und Preisverleihung.<\/p>\n<p style=\"font-weight: 400;\">Offizieller Start der INV ist am 1. Januar 2025. Nach einer entsprechenden Anmeldung ist eine Teilnahme und Beteiligung noch m\u00f6glich. Die Teilnahme f\u00fcr Einzelunternehmer:innen kostet 98 Euro im Jahr, eine Unternehmensbeteiligung j\u00e4hrlich 500 Euro. Nur Teilnehmende respektive Mitglieder haben Zugriff auf alle Ergebnisse, Studien und Weiterbildungen beziehungsweise finanzielle Vorteile f\u00fcr bestimmte Leistungen.<\/p>\n<p style=\"font-weight: 400;\">BAUM ist als Unternehmensverband mit vier Jahrzehnten Erfahrung im Bereich der nachhaltigen Transformation ein wichtiger Change Agent. Die wissenschaftliche Expertise und die praxisnahen Ans\u00e4tze von BAUM stellen der INV Kompetenz, Erfahrung und pragmatische L\u00f6sungen zur Verf\u00fcgung. Damit setzt die Initiative dringend ben\u00f6tigte Impulse, um die Transformation der Branche aktiv zu gestalten.<\/p>\n","protected":false},"excerpt":{"rendered":"<p>Die Auftaktveranstaltung der Initiative Nachhaltige Veranstaltungswirtschaft war ein voller Erfolg. BAUM hat diese Initiative gemeinsam mit dem BAUM-Mitglied 2bdifferent ins Leben gerufen. Beim ausgebuchten Kick-off am 27. September 2024 im Wissenschafts- und Kongresszentrum darmstadtium z\u00e4hlten die Initiatoren 68 G\u00e4ste vor Ort und 37 Teilnehmende online.<\/p>\n","protected":false},"author":1,"featured_media":4137,"comment_status":"closed","ping_status":"open","sticky":false,"template":"","format":"standard","meta":{"_acf_changed":false,"_et_pb_use_builder":"","_et_pb_old_content":"","_et_gb_content_width":"","inline_featured_image":false,"footnotes":""},"categories":[18,15],"tags":[],"class_list":["post-2500","post","type-post","status-publish","format-standard","has-post-thumbnail","hentry","category-news","category-klima-energie"],"acf":[],"yoast_head":"<!-- This site is optimized with the Yoast SEO plugin v27.2 - https:\/\/yoast.com\/product\/yoast-seo-wordpress\/ -->\n<title>Erfolgreicher Start f\u00fcr die Initiative nachhaltige Veranstaltungswirtschaft - BAUM e.V.<\/title>\n<meta name=\"robots\" content=\"index, follow, max-snippet:-1, max-image-preview:large, max-video-preview:-1\" \/>\n<link rel=\"canonical\" href=\"https:\/\/baumev.de\/en\/erfolgreicher-start-fuer-die-initiative-nachhaltige-veranstaltungswirtschaft\/\" \/>\n<meta property=\"og:locale\" content=\"en_GB\" \/>\n<meta property=\"og:type\" content=\"article\" \/>\n<meta property=\"og:title\" content=\"Erfolgreicher Start f\u00fcr die Initiative nachhaltige Veranstaltungswirtschaft - BAUM e.V.\" \/>\n<meta property=\"og:description\" content=\"Die Auftaktveranstaltung der Initiative Nachhaltige Veranstaltungswirtschaft war ein voller Erfolg. BAUM hat diese Initiative gemeinsam mit dem BAUM-Mitglied 2bdifferent ins Leben gerufen. Beim ausgebuchten Kick-off am 27. September 2024 im Wissenschafts- und Kongresszentrum darmstadtium z\u00e4hlten die Initiatoren 68 G\u00e4ste vor Ort und 37 Teilnehmende online.\" \/>\n<meta property=\"og:url\" content=\"https:\/\/baumev.de\/en\/erfolgreicher-start-fuer-die-initiative-nachhaltige-veranstaltungswirtschaft\/\" \/>\n<meta property=\"og:site_name\" content=\"BAUM e.V.\" \/>\n<meta property=\"article:published_time\" content=\"2024-10-02T08:51:22+00:00\" \/>\n<meta property=\"article:modified_time\" content=\"2025-08-18T06:02:43+00:00\" \/>\n<meta property=\"og:image\" content=\"https:\/\/baumev.de\/wp-content\/uploads\/2025\/06\/Logo_INV_lightblue.png\" \/>\n\t<meta property=\"og:image:width\" content=\"1572\" \/>\n\t<meta property=\"og:image:height\" content=\"911\" \/>\n\t<meta property=\"og:image:type\" content=\"image\/png\" \/>\n<meta name=\"author\" content=\"rittweger\" \/>\n<meta name=\"twitter:card\" content=\"summary_large_image\" \/>\n<meta name=\"twitter:label1\" content=\"Written by\" \/>\n\t<meta name=\"twitter:data1\" content=\"rittweger\" \/>\n\t<meta name=\"twitter:label2\" content=\"Estimated reading time\" \/>\n\t<meta name=\"twitter:data2\" content=\"5 minutes\" \/>\n<script type=\"application\/ld+json\" class=\"yoast-schema-graph\">{\"@context\":\"https:\/\/schema.org\",\"@graph\":[{\"@type\":\"Article\",\"@id\":\"https:\/\/baumev.de\/en\/erfolgreicher-start-fuer-die-initiative-nachhaltige-veranstaltungswirtschaft\/#article\",\"isPartOf\":{\"@id\":\"https:\/\/baumev.de\/en\/erfolgreicher-start-fuer-die-initiative-nachhaltige-veranstaltungswirtschaft\/\"},\"author\":{\"name\":\"rittweger\",\"@id\":\"\/#\/schema\/person\/7cbf92b816dba32080d06186956546dd\"},\"headline\":\"Erfolgreicher Start f\u00fcr die Initiative nachhaltige Veranstaltungswirtschaft\",\"datePublished\":\"2024-10-02T08:51:22+00:00\",\"dateModified\":\"2025-08-18T06:02:43+00:00\",\"mainEntityOfPage\":{\"@id\":\"https:\/\/baumev.de\/en\/erfolgreicher-start-fuer-die-initiative-nachhaltige-veranstaltungswirtschaft\/\"},\"wordCount\":864,\"publisher\":{\"@id\":\"\/#organization\"},\"image\":{\"@id\":\"https:\/\/baumev.de\/en\/erfolgreicher-start-fuer-die-initiative-nachhaltige-veranstaltungswirtschaft\/#primaryimage\"},\"thumbnailUrl\":\"https:\/\/baumev.de\/wp-content\/uploads\/2025\/06\/Logo_INV_lightblue.png\",\"articleSection\":[\"Einblicke &amp; Perspektiven\",\"Klima &amp; Energie\"],\"inLanguage\":\"en-GB\"},{\"@type\":\"WebPage\",\"@id\":\"https:\/\/baumev.de\/en\/erfolgreicher-start-fuer-die-initiative-nachhaltige-veranstaltungswirtschaft\/\",\"url\":\"https:\/\/baumev.de\/en\/erfolgreicher-start-fuer-die-initiative-nachhaltige-veranstaltungswirtschaft\/\",\"name\":\"Erfolgreicher Start f\u00fcr die Initiative nachhaltige Veranstaltungswirtschaft - BAUM e.V.\",\"isPartOf\":{\"@id\":\"\/#website\"},\"primaryImageOfPage\":{\"@id\":\"https:\/\/baumev.de\/en\/erfolgreicher-start-fuer-die-initiative-nachhaltige-veranstaltungswirtschaft\/#primaryimage\"},\"image\":{\"@id\":\"https:\/\/baumev.de\/en\/erfolgreicher-start-fuer-die-initiative-nachhaltige-veranstaltungswirtschaft\/#primaryimage\"},\"thumbnailUrl\":\"https:\/\/baumev.de\/wp-content\/uploads\/2025\/06\/Logo_INV_lightblue.png\",\"datePublished\":\"2024-10-02T08:51:22+00:00\",\"dateModified\":\"2025-08-18T06:02:43+00:00\",\"breadcrumb\":{\"@id\":\"https:\/\/baumev.de\/en\/erfolgreicher-start-fuer-die-initiative-nachhaltige-veranstaltungswirtschaft\/#breadcrumb\"},\"inLanguage\":\"en-GB\",\"potentialAction\":[{\"@type\":\"ReadAction\",\"target\":[\"https:\/\/baumev.de\/en\/erfolgreicher-start-fuer-die-initiative-nachhaltige-veranstaltungswirtschaft\/\"]}]},{\"@type\":\"ImageObject\",\"inLanguage\":\"en-GB\",\"@id\":\"https:\/\/baumev.de\/en\/erfolgreicher-start-fuer-die-initiative-nachhaltige-veranstaltungswirtschaft\/#primaryimage\",\"url\":\"https:\/\/baumev.de\/wp-content\/uploads\/2025\/06\/Logo_INV_lightblue.png\",\"contentUrl\":\"https:\/\/baumev.de\/wp-content\/uploads\/2025\/06\/Logo_INV_lightblue.png\",\"width\":1572,\"height\":911,\"caption\":\"Logo Initiative Nachhaltige Verstaltungswirtschaft\"},{\"@type\":\"BreadcrumbList\",\"@id\":\"https:\/\/baumev.de\/en\/erfolgreicher-start-fuer-die-initiative-nachhaltige-veranstaltungswirtschaft\/#breadcrumb\",\"itemListElement\":[{\"@type\":\"ListItem\",\"position\":1,\"name\":\"Startseite\",\"item\":\"https:\/\/baumev.de\/en\/\"},{\"@type\":\"ListItem\",\"position\":2,\"name\":\"Erfolgreicher Start f\u00fcr die Initiative nachhaltige Veranstaltungswirtschaft\"}]},{\"@type\":\"WebSite\",\"@id\":\"\/#website\",\"url\":\"\/\",\"name\":\"BAUM e.V.\",\"description\":\"BAUM e.V. \u2013 Netzwerk f\u00fcr nachhaltiges Wirtschaften\",\"publisher\":{\"@id\":\"\/#organization\"},\"potentialAction\":[{\"@type\":\"SearchAction\",\"target\":{\"@type\":\"EntryPoint\",\"urlTemplate\":\"\/?s={search_term_string}\"},\"query-input\":{\"@type\":\"PropertyValueSpecification\",\"valueRequired\":true,\"valueName\":\"search_term_string\"}}],\"inLanguage\":\"en-GB\"},{\"@type\":\"Organization\",\"@id\":\"\/#organization\",\"name\":\"BAUM e.V.\",\"alternateName\":\"Bundesdeutscher Arbeitskreis f\u00fcr Umweltbewusstes Management\",\"url\":\"\/\",\"logo\":{\"@type\":\"ImageObject\",\"inLanguage\":\"en-GB\",\"@id\":\"\/#\/schema\/logo\/image\/\",\"url\":\"https:\/\/baumev.de\/wp-content\/uploads\/2025\/04\/Element-1.svg\",\"contentUrl\":\"https:\/\/baumev.de\/wp-content\/uploads\/2025\/04\/Element-1.svg\",\"width\":\"1024\",\"height\":\"1024\",\"caption\":\"BAUM e.V.\"},\"image\":{\"@id\":\"\/#\/schema\/logo\/image\/\"},\"sameAs\":[\"https:\/\/www.linkedin.com\/company\/baum-ev\"]},{\"@type\":\"Person\",\"@id\":\"\/#\/schema\/person\/7cbf92b816dba32080d06186956546dd\",\"name\":\"rittweger\",\"sameAs\":[\"http:\/\/baumev.de\"]}]}<\/script>\n<!-- \/ Yoast SEO plugin. -->","yoast_head_json":{"title":"Erfolgreicher Start f\u00fcr die Initiative nachhaltige Veranstaltungswirtschaft - BAUM e.V.","robots":{"index":"index","follow":"follow","max-snippet":"max-snippet:-1","max-image-preview":"max-image-preview:large","max-video-preview":"max-video-preview:-1"},"canonical":"https:\/\/baumev.de\/en\/erfolgreicher-start-fuer-die-initiative-nachhaltige-veranstaltungswirtschaft\/","og_locale":"en_GB","og_type":"article","og_title":"Erfolgreicher Start f\u00fcr die Initiative nachhaltige Veranstaltungswirtschaft - BAUM e.V.","og_description":"Die Auftaktveranstaltung der Initiative Nachhaltige Veranstaltungswirtschaft war ein voller Erfolg. BAUM hat diese Initiative gemeinsam mit dem BAUM-Mitglied 2bdifferent ins Leben gerufen. Beim ausgebuchten Kick-off am 27. September 2024 im Wissenschafts- und Kongresszentrum darmstadtium z\u00e4hlten die Initiatoren 68 G\u00e4ste vor Ort und 37 Teilnehmende online.","og_url":"https:\/\/baumev.de\/en\/erfolgreicher-start-fuer-die-initiative-nachhaltige-veranstaltungswirtschaft\/","og_site_name":"BAUM e.V.","article_published_time":"2024-10-02T08:51:22+00:00","article_modified_time":"2025-08-18T06:02:43+00:00","og_image":[{"width":1572,"height":911,"url":"https:\/\/baumev.de\/wp-content\/uploads\/2025\/06\/Logo_INV_lightblue.png","type":"image\/png"}],"author":"rittweger","twitter_card":"summary_large_image","twitter_misc":{"Written by":"rittweger","Estimated reading time":"5 minutes"},"schema":{"@context":"https:\/\/schema.org","@graph":[{"@type":"Article","@id":"https:\/\/baumev.de\/en\/erfolgreicher-start-fuer-die-initiative-nachhaltige-veranstaltungswirtschaft\/#article","isPartOf":{"@id":"https:\/\/baumev.de\/en\/erfolgreicher-start-fuer-die-initiative-nachhaltige-veranstaltungswirtschaft\/"},"author":{"name":"rittweger","@id":"\/#\/schema\/person\/7cbf92b816dba32080d06186956546dd"},"headline":"Erfolgreicher Start f\u00fcr die Initiative nachhaltige Veranstaltungswirtschaft","datePublished":"2024-10-02T08:51:22+00:00","dateModified":"2025-08-18T06:02:43+00:00","mainEntityOfPage":{"@id":"https:\/\/baumev.de\/en\/erfolgreicher-start-fuer-die-initiative-nachhaltige-veranstaltungswirtschaft\/"},"wordCount":864,"publisher":{"@id":"\/#organization"},"image":{"@id":"https:\/\/baumev.de\/en\/erfolgreicher-start-fuer-die-initiative-nachhaltige-veranstaltungswirtschaft\/#primaryimage"},"thumbnailUrl":"https:\/\/baumev.de\/wp-content\/uploads\/2025\/06\/Logo_INV_lightblue.png","articleSection":["Einblicke &amp; Perspektiven","Klima &amp; Energie"],"inLanguage":"en-GB"},{"@type":"WebPage","@id":"https:\/\/baumev.de\/en\/erfolgreicher-start-fuer-die-initiative-nachhaltige-veranstaltungswirtschaft\/","url":"https:\/\/baumev.de\/en\/erfolgreicher-start-fuer-die-initiative-nachhaltige-veranstaltungswirtschaft\/","name":"Erfolgreicher Start f\u00fcr die Initiative nachhaltige Veranstaltungswirtschaft - BAUM e.V.","isPartOf":{"@id":"\/#website"},"primaryImageOfPage":{"@id":"https:\/\/baumev.de\/en\/erfolgreicher-start-fuer-die-initiative-nachhaltige-veranstaltungswirtschaft\/#primaryimage"},"image":{"@id":"https:\/\/baumev.de\/en\/erfolgreicher-start-fuer-die-initiative-nachhaltige-veranstaltungswirtschaft\/#primaryimage"},"thumbnailUrl":"https:\/\/baumev.de\/wp-content\/uploads\/2025\/06\/Logo_INV_lightblue.png","datePublished":"2024-10-02T08:51:22+00:00","dateModified":"2025-08-18T06:02:43+00:00","breadcrumb":{"@id":"https:\/\/baumev.de\/en\/erfolgreicher-start-fuer-die-initiative-nachhaltige-veranstaltungswirtschaft\/#breadcrumb"},"inLanguage":"en-GB","potentialAction":[{"@type":"ReadAction","target":["https:\/\/baumev.de\/en\/erfolgreicher-start-fuer-die-initiative-nachhaltige-veranstaltungswirtschaft\/"]}]},{"@type":"ImageObject","inLanguage":"en-GB","@id":"https:\/\/baumev.de\/en\/erfolgreicher-start-fuer-die-initiative-nachhaltige-veranstaltungswirtschaft\/#primaryimage","url":"https:\/\/baumev.de\/wp-content\/uploads\/2025\/06\/Logo_INV_lightblue.png","contentUrl":"https:\/\/baumev.de\/wp-content\/uploads\/2025\/06\/Logo_INV_lightblue.png","width":1572,"height":911,"caption":"Logo Initiative Nachhaltige Verstaltungswirtschaft"},{"@type":"BreadcrumbList","@id":"https:\/\/baumev.de\/en\/erfolgreicher-start-fuer-die-initiative-nachhaltige-veranstaltungswirtschaft\/#breadcrumb","itemListElement":[{"@type":"ListItem","position":1,"name":"Startseite","item":"https:\/\/baumev.de\/en\/"},{"@type":"ListItem","position":2,"name":"Erfolgreicher Start f\u00fcr die Initiative nachhaltige Veranstaltungswirtschaft"}]},{"@type":"WebSite","@id":"\/#website","url":"\/","name":"BAUM e.V.","description":"BAUM e.V. \u2013 Netzwerk f\u00fcr nachhaltiges Wirtschaften","publisher":{"@id":"\/#organization"},"potentialAction":[{"@type":"SearchAction","target":{"@type":"EntryPoint","urlTemplate":"\/?s={search_term_string}"},"query-input":{"@type":"PropertyValueSpecification","valueRequired":true,"valueName":"search_term_string"}}],"inLanguage":"en-GB"},{"@type":"Organization","@id":"\/#organization","name":"BAUM e.V.","alternateName":"Bundesdeutscher Arbeitskreis f\u00fcr Umweltbewusstes Management","url":"\/","logo":{"@type":"ImageObject","inLanguage":"en-GB","@id":"\/#\/schema\/logo\/image\/","url":"https:\/\/baumev.de\/wp-content\/uploads\/2025\/04\/Element-1.svg","contentUrl":"https:\/\/baumev.de\/wp-content\/uploads\/2025\/04\/Element-1.svg","width":"1024","height":"1024","caption":"BAUM e.V."},"image":{"@id":"\/#\/schema\/logo\/image\/"},"sameAs":["https:\/\/www.linkedin.com\/company\/baum-ev"]},{"@type":"Person","@id":"\/#\/schema\/person\/7cbf92b816dba32080d06186956546dd","name":"rittweger","sameAs":["http:\/\/baumev.de"]}]}},"_links":{"self":[{"href":"https:\/\/baumev.de\/en\/wp-json\/wp\/v2\/posts\/2500","targetHints":{"allow":["GET"]}}],"collection":[{"href":"https:\/\/baumev.de\/en\/wp-json\/wp\/v2\/posts"}],"about":[{"href":"https:\/\/baumev.de\/en\/wp-json\/wp\/v2\/types\/post"}],"author":[{"embeddable":true,"href":"https:\/\/baumev.de\/en\/wp-json\/wp\/v2\/users\/1"}],"replies":[{"embeddable":true,"href":"https:\/\/baumev.de\/en\/wp-json\/wp\/v2\/comments?post=2500"}],"version-history":[{"count":2,"href":"https:\/\/baumev.de\/en\/wp-json\/wp\/v2\/posts\/2500\/revisions"}],"predecessor-version":[{"id":6230,"href":"https:\/\/baumev.de\/en\/wp-json\/wp\/v2\/posts\/2500\/revisions\/6230"}],"wp:featuredmedia":[{"embeddable":true,"href":"https:\/\/baumev.de\/en\/wp-json\/wp\/v2\/media\/4137"}],"wp:attachment":[{"href":"https:\/\/baumev.de\/en\/wp-json\/wp\/v2\/media?parent=2500"}],"wp:term":[{"taxonomy":"category","embeddable":true,"href":"https:\/\/baumev.de\/en\/wp-json\/wp\/v2\/categories?post=2500"},{"taxonomy":"post_tag","embeddable":true,"href":"https:\/\/baumev.de\/en\/wp-json\/wp\/v2\/tags?post=2500"}],"curies":[{"name":"wp","href":"https:\/\/api.w.org\/{rel}","templated":true}]}}