{"id":2509,"date":"2024-08-28T11:00:39","date_gmt":"2024-08-28T09:00:39","guid":{"rendered":"https:\/\/baumev.de\/?p=2509"},"modified":"2025-08-18T08:02:43","modified_gmt":"2025-08-18T06:02:43","slug":"neues-update-und-mehr-moeglichkeiten-im-digitalen-baum","status":"publish","type":"post","link":"https:\/\/baumev.de\/en\/neues-update-und-mehr-moeglichkeiten-im-digitalen-baum\/","title":{"rendered":"Neues Update und mehr M\u00f6glichkeiten im &#8220;Digitalen BAUM&#8221;"},"content":{"rendered":"<p style=\"font-weight: 400;\">Die Implementierung der Berechtigungslevel auf unserer digitalen Plattform st\u00e4rkt die Rolle der Mitgliedsunternehmen. Unter anderem k\u00f6nnen sie ab sofort eigene Events in den Eventkalender eintragen.<\/p>\n<p style=\"font-weight: 400;\">Als Anlaufstelle f\u00fcr Themen des nachhaltigen Wirtschaftens schafft die digitale Plattform von BAUM seit knapp zwei Jahren den virtuellen Raum f\u00fcr unsere Mitglieder sowie Nachhaltigkeitsinteressierte und Mitstreiter:innnen auf dem Weg zu einer nachhaltigen Transformation. Das neueste Update der Plattform st\u00e4rkt nun die Rolle unserer Mitglieder.<\/p>\n<p style=\"font-weight: 400;\"><b>Ab sofort k\u00f6nnen Admins von Mitgliedsunternehmen ihre Events in unseren Eventkalender selbst eintragen. Die Filterfunktion nach Kategorien und Event-Typ verspricht zudem mehr \u00dcbersichtlichkeit bei einem wachsenden Angebot.<\/b><\/p>\n<p style=\"font-weight: 400;\">Unter\u00a0<a href=\"https:\/\/app.baumev.de\/events\">https:\/\/app.baumev.de\/events<\/a>\u00a0haben registrierte User den vollen \u00dcberblick \u00fcber s\u00e4mtliche Online-, Hybrid- und Vor-Ort-Events mit Nachhaltigkeitsbezug.<\/p>\n<p style=\"font-weight: 400;\">Sollten Sie noch nicht auf der Plattform registriert sein, k\u00f6nnen Sie unter\u00a0<a href=\"https:\/\/app.baumev.de\/events-view\">https:\/\/app.baumev.de\/events-view<\/a>\u00a0die aktuellen Events durchst\u00f6bern.<\/p>\n<p style=\"font-weight: 400;\">Alle User der Plattform \u2013 Mitglieder und Nicht-Mitglieder \u2013 haben weiterhin die M\u00f6glichkeit, sich zu Events anzumelden und das Kurs-Angebot der Akademie zu nutzen. BAUM-Mitglieder kommen bei vielen Buchungen zudem in den Genuss von Rabatten und k\u00f6nnen sich im Feed mit anderen Mitgliedern zu relevanten Themen austauschen.<\/p>\n<p style=\"font-weight: 400;\">Bei Fragen und allen weiteren Anliegen rund um die Plattform steht Ihnen Philip Mathies (<a href=\"mailto:philip.mathies@baumev.de\">philip.mathies@baumev.de<\/a>) mit Rat und Tat zur Seite.<\/p>\n<p style=\"font-weight: 400;\">Viel Spa\u00df beim Vernetzen und Austauschen!<\/p>\n","protected":false},"excerpt":{"rendered":"<p>Die Implementierung der Berechtigungslevel auf unserer digitalen Plattform st\u00e4rkt die Rolle der Mitgliedsunternehmen. Unter anderem k\u00f6nnen sie ab sofort eigene Events in den Eventkalender eintragen.<\/p>\n","protected":false},"author":1,"featured_media":1993,"comment_status":"closed","ping_status":"open","sticky":false,"template":"","format":"standard","meta":{"_acf_changed":false,"_et_pb_use_builder":"","_et_pb_old_content":"","_et_gb_content_width":"","inline_featured_image":false,"footnotes":""},"categories":[14,18],"tags":[],"class_list":["post-2509","post","type-post","status-publish","format-standard","has-post-thumbnail","hentry","category-digitalisierung","category-news"],"acf":[],"yoast_head":"<!-- This site is optimized with the Yoast SEO plugin v27.2 - https:\/\/yoast.com\/product\/yoast-seo-wordpress\/ -->\n<title>Neues Update und mehr M\u00f6glichkeiten im &quot;Digitalen BAUM&quot; - BAUM e.V.<\/title>\n<meta name=\"robots\" content=\"index, follow, max-snippet:-1, max-image-preview:large, max-video-preview:-1\" \/>\n<link rel=\"canonical\" href=\"https:\/\/baumev.de\/en\/neues-update-und-mehr-moeglichkeiten-im-digitalen-baum\/\" \/>\n<meta property=\"og:locale\" content=\"en_GB\" \/>\n<meta property=\"og:type\" content=\"article\" \/>\n<meta property=\"og:title\" content=\"Neues Update und mehr M\u00f6glichkeiten im &quot;Digitalen BAUM&quot; - BAUM e.V.\" \/>\n<meta property=\"og:description\" content=\"Die Implementierung der Berechtigungslevel auf unserer digitalen Plattform st\u00e4rkt die Rolle der Mitgliedsunternehmen. Unter anderem k\u00f6nnen sie ab sofort eigene Events in den Eventkalender eintragen.\" \/>\n<meta property=\"og:url\" content=\"https:\/\/baumev.de\/en\/neues-update-und-mehr-moeglichkeiten-im-digitalen-baum\/\" \/>\n<meta property=\"og:site_name\" content=\"BAUM e.V.\" \/>\n<meta property=\"article:published_time\" content=\"2024-08-28T09:00:39+00:00\" \/>\n<meta property=\"article:modified_time\" content=\"2025-08-18T06:02:43+00:00\" \/>\n<meta property=\"og:image\" content=\"https:\/\/baumev.de\/wp-content\/uploads\/2025\/05\/Der-digitale-BAUM-e1753207370415.png\" \/>\n\t<meta property=\"og:image:width\" content=\"1307\" \/>\n\t<meta property=\"og:image:height\" content=\"736\" \/>\n\t<meta property=\"og:image:type\" content=\"image\/png\" \/>\n<meta name=\"author\" content=\"rittweger\" \/>\n<meta name=\"twitter:card\" content=\"summary_large_image\" \/>\n<meta name=\"twitter:label1\" content=\"Written by\" \/>\n\t<meta name=\"twitter:data1\" content=\"rittweger\" \/>\n\t<meta name=\"twitter:label2\" content=\"Estimated reading time\" \/>\n\t<meta name=\"twitter:data2\" content=\"2 minutes\" \/>\n<script type=\"application\/ld+json\" class=\"yoast-schema-graph\">{\"@context\":\"https:\/\/schema.org\",\"@graph\":[{\"@type\":\"Article\",\"@id\":\"https:\/\/baumev.de\/en\/neues-update-und-mehr-moeglichkeiten-im-digitalen-baum\/#article\",\"isPartOf\":{\"@id\":\"https:\/\/baumev.de\/en\/neues-update-und-mehr-moeglichkeiten-im-digitalen-baum\/\"},\"author\":{\"name\":\"rittweger\",\"@id\":\"\/#\/schema\/person\/7cbf92b816dba32080d06186956546dd\"},\"headline\":\"Neues Update und mehr M\u00f6glichkeiten im &#8220;Digitalen BAUM&#8221;\",\"datePublished\":\"2024-08-28T09:00:39+00:00\",\"dateModified\":\"2025-08-18T06:02:43+00:00\",\"mainEntityOfPage\":{\"@id\":\"https:\/\/baumev.de\/en\/neues-update-und-mehr-moeglichkeiten-im-digitalen-baum\/\"},\"wordCount\":234,\"publisher\":{\"@id\":\"\/#organization\"},\"image\":{\"@id\":\"https:\/\/baumev.de\/en\/neues-update-und-mehr-moeglichkeiten-im-digitalen-baum\/#primaryimage\"},\"thumbnailUrl\":\"https:\/\/baumev.de\/wp-content\/uploads\/2025\/05\/Der-digitale-BAUM-e1753207370415.png\",\"articleSection\":[\"Digitalisierung\",\"Einblicke &amp; Perspektiven\"],\"inLanguage\":\"en-GB\"},{\"@type\":\"WebPage\",\"@id\":\"https:\/\/baumev.de\/en\/neues-update-und-mehr-moeglichkeiten-im-digitalen-baum\/\",\"url\":\"https:\/\/baumev.de\/en\/neues-update-und-mehr-moeglichkeiten-im-digitalen-baum\/\",\"name\":\"Neues Update und mehr M\u00f6glichkeiten im \\\"Digitalen BAUM\\\" - BAUM e.V.\",\"isPartOf\":{\"@id\":\"\/#website\"},\"primaryImageOfPage\":{\"@id\":\"https:\/\/baumev.de\/en\/neues-update-und-mehr-moeglichkeiten-im-digitalen-baum\/#primaryimage\"},\"image\":{\"@id\":\"https:\/\/baumev.de\/en\/neues-update-und-mehr-moeglichkeiten-im-digitalen-baum\/#primaryimage\"},\"thumbnailUrl\":\"https:\/\/baumev.de\/wp-content\/uploads\/2025\/05\/Der-digitale-BAUM-e1753207370415.png\",\"datePublished\":\"2024-08-28T09:00:39+00:00\",\"dateModified\":\"2025-08-18T06:02:43+00:00\",\"breadcrumb\":{\"@id\":\"https:\/\/baumev.de\/en\/neues-update-und-mehr-moeglichkeiten-im-digitalen-baum\/#breadcrumb\"},\"inLanguage\":\"en-GB\",\"potentialAction\":[{\"@type\":\"ReadAction\",\"target\":[\"https:\/\/baumev.de\/en\/neues-update-und-mehr-moeglichkeiten-im-digitalen-baum\/\"]}]},{\"@type\":\"ImageObject\",\"inLanguage\":\"en-GB\",\"@id\":\"https:\/\/baumev.de\/en\/neues-update-und-mehr-moeglichkeiten-im-digitalen-baum\/#primaryimage\",\"url\":\"https:\/\/baumev.de\/wp-content\/uploads\/2025\/05\/Der-digitale-BAUM-e1753207370415.png\",\"contentUrl\":\"https:\/\/baumev.de\/wp-content\/uploads\/2025\/05\/Der-digitale-BAUM-e1753207370415.png\",\"width\":1307,\"height\":736,\"caption\":\"Screenshot der Plattform \\\"digitaler Baum\\\", Netzwerk nachhaltiger Unternehmen\"},{\"@type\":\"BreadcrumbList\",\"@id\":\"https:\/\/baumev.de\/en\/neues-update-und-mehr-moeglichkeiten-im-digitalen-baum\/#breadcrumb\",\"itemListElement\":[{\"@type\":\"ListItem\",\"position\":1,\"name\":\"Startseite\",\"item\":\"https:\/\/baumev.de\/en\/\"},{\"@type\":\"ListItem\",\"position\":2,\"name\":\"Neues Update und mehr M\u00f6glichkeiten im &#8222;Digitalen BAUM&#8220;\"}]},{\"@type\":\"WebSite\",\"@id\":\"\/#website\",\"url\":\"\/\",\"name\":\"BAUM e.V.\",\"description\":\"BAUM e.V. \u2013 Netzwerk f\u00fcr nachhaltiges Wirtschaften\",\"publisher\":{\"@id\":\"\/#organization\"},\"potentialAction\":[{\"@type\":\"SearchAction\",\"target\":{\"@type\":\"EntryPoint\",\"urlTemplate\":\"\/?s={search_term_string}\"},\"query-input\":{\"@type\":\"PropertyValueSpecification\",\"valueRequired\":true,\"valueName\":\"search_term_string\"}}],\"inLanguage\":\"en-GB\"},{\"@type\":\"Organization\",\"@id\":\"\/#organization\",\"name\":\"BAUM e.V.\",\"alternateName\":\"Bundesdeutscher Arbeitskreis f\u00fcr Umweltbewusstes Management\",\"url\":\"\/\",\"logo\":{\"@type\":\"ImageObject\",\"inLanguage\":\"en-GB\",\"@id\":\"\/#\/schema\/logo\/image\/\",\"url\":\"https:\/\/baumev.de\/wp-content\/uploads\/2025\/04\/Element-1.svg\",\"contentUrl\":\"https:\/\/baumev.de\/wp-content\/uploads\/2025\/04\/Element-1.svg\",\"width\":\"1024\",\"height\":\"1024\",\"caption\":\"BAUM e.V.\"},\"image\":{\"@id\":\"\/#\/schema\/logo\/image\/\"},\"sameAs\":[\"https:\/\/www.linkedin.com\/company\/baum-ev\"]},{\"@type\":\"Person\",\"@id\":\"\/#\/schema\/person\/7cbf92b816dba32080d06186956546dd\",\"name\":\"rittweger\",\"sameAs\":[\"http:\/\/baumev.de\"]}]}<\/script>\n<!-- \/ Yoast SEO plugin. -->","yoast_head_json":{"title":"Neues Update und mehr M\u00f6glichkeiten im \"Digitalen BAUM\" - BAUM e.V.","robots":{"index":"index","follow":"follow","max-snippet":"max-snippet:-1","max-image-preview":"max-image-preview:large","max-video-preview":"max-video-preview:-1"},"canonical":"https:\/\/baumev.de\/en\/neues-update-und-mehr-moeglichkeiten-im-digitalen-baum\/","og_locale":"en_GB","og_type":"article","og_title":"Neues Update und mehr M\u00f6glichkeiten im \"Digitalen BAUM\" - BAUM e.V.","og_description":"Die Implementierung der Berechtigungslevel auf unserer digitalen Plattform st\u00e4rkt die Rolle der Mitgliedsunternehmen. Unter anderem k\u00f6nnen sie ab sofort eigene Events in den Eventkalender eintragen.","og_url":"https:\/\/baumev.de\/en\/neues-update-und-mehr-moeglichkeiten-im-digitalen-baum\/","og_site_name":"BAUM e.V.","article_published_time":"2024-08-28T09:00:39+00:00","article_modified_time":"2025-08-18T06:02:43+00:00","og_image":[{"width":1307,"height":736,"url":"https:\/\/baumev.de\/wp-content\/uploads\/2025\/05\/Der-digitale-BAUM-e1753207370415.png","type":"image\/png"}],"author":"rittweger","twitter_card":"summary_large_image","twitter_misc":{"Written by":"rittweger","Estimated reading time":"2 minutes"},"schema":{"@context":"https:\/\/schema.org","@graph":[{"@type":"Article","@id":"https:\/\/baumev.de\/en\/neues-update-und-mehr-moeglichkeiten-im-digitalen-baum\/#article","isPartOf":{"@id":"https:\/\/baumev.de\/en\/neues-update-und-mehr-moeglichkeiten-im-digitalen-baum\/"},"author":{"name":"rittweger","@id":"\/#\/schema\/person\/7cbf92b816dba32080d06186956546dd"},"headline":"Neues Update und mehr M\u00f6glichkeiten im &#8220;Digitalen BAUM&#8221;","datePublished":"2024-08-28T09:00:39+00:00","dateModified":"2025-08-18T06:02:43+00:00","mainEntityOfPage":{"@id":"https:\/\/baumev.de\/en\/neues-update-und-mehr-moeglichkeiten-im-digitalen-baum\/"},"wordCount":234,"publisher":{"@id":"\/#organization"},"image":{"@id":"https:\/\/baumev.de\/en\/neues-update-und-mehr-moeglichkeiten-im-digitalen-baum\/#primaryimage"},"thumbnailUrl":"https:\/\/baumev.de\/wp-content\/uploads\/2025\/05\/Der-digitale-BAUM-e1753207370415.png","articleSection":["Digitalisierung","Einblicke &amp; Perspektiven"],"inLanguage":"en-GB"},{"@type":"WebPage","@id":"https:\/\/baumev.de\/en\/neues-update-und-mehr-moeglichkeiten-im-digitalen-baum\/","url":"https:\/\/baumev.de\/en\/neues-update-und-mehr-moeglichkeiten-im-digitalen-baum\/","name":"Neues Update und mehr M\u00f6glichkeiten im \"Digitalen BAUM\" - BAUM e.V.","isPartOf":{"@id":"\/#website"},"primaryImageOfPage":{"@id":"https:\/\/baumev.de\/en\/neues-update-und-mehr-moeglichkeiten-im-digitalen-baum\/#primaryimage"},"image":{"@id":"https:\/\/baumev.de\/en\/neues-update-und-mehr-moeglichkeiten-im-digitalen-baum\/#primaryimage"},"thumbnailUrl":"https:\/\/baumev.de\/wp-content\/uploads\/2025\/05\/Der-digitale-BAUM-e1753207370415.png","datePublished":"2024-08-28T09:00:39+00:00","dateModified":"2025-08-18T06:02:43+00:00","breadcrumb":{"@id":"https:\/\/baumev.de\/en\/neues-update-und-mehr-moeglichkeiten-im-digitalen-baum\/#breadcrumb"},"inLanguage":"en-GB","potentialAction":[{"@type":"ReadAction","target":["https:\/\/baumev.de\/en\/neues-update-und-mehr-moeglichkeiten-im-digitalen-baum\/"]}]},{"@type":"ImageObject","inLanguage":"en-GB","@id":"https:\/\/baumev.de\/en\/neues-update-und-mehr-moeglichkeiten-im-digitalen-baum\/#primaryimage","url":"https:\/\/baumev.de\/wp-content\/uploads\/2025\/05\/Der-digitale-BAUM-e1753207370415.png","contentUrl":"https:\/\/baumev.de\/wp-content\/uploads\/2025\/05\/Der-digitale-BAUM-e1753207370415.png","width":1307,"height":736,"caption":"Screenshot der Plattform \"digitaler Baum\", Netzwerk nachhaltiger Unternehmen"},{"@type":"BreadcrumbList","@id":"https:\/\/baumev.de\/en\/neues-update-und-mehr-moeglichkeiten-im-digitalen-baum\/#breadcrumb","itemListElement":[{"@type":"ListItem","position":1,"name":"Startseite","item":"https:\/\/baumev.de\/en\/"},{"@type":"ListItem","position":2,"name":"Neues Update und mehr M\u00f6glichkeiten im &#8222;Digitalen BAUM&#8220;"}]},{"@type":"WebSite","@id":"\/#website","url":"\/","name":"BAUM e.V.","description":"BAUM e.V. \u2013 Netzwerk f\u00fcr nachhaltiges Wirtschaften","publisher":{"@id":"\/#organization"},"potentialAction":[{"@type":"SearchAction","target":{"@type":"EntryPoint","urlTemplate":"\/?s={search_term_string}"},"query-input":{"@type":"PropertyValueSpecification","valueRequired":true,"valueName":"search_term_string"}}],"inLanguage":"en-GB"},{"@type":"Organization","@id":"\/#organization","name":"BAUM e.V.","alternateName":"Bundesdeutscher Arbeitskreis f\u00fcr Umweltbewusstes Management","url":"\/","logo":{"@type":"ImageObject","inLanguage":"en-GB","@id":"\/#\/schema\/logo\/image\/","url":"https:\/\/baumev.de\/wp-content\/uploads\/2025\/04\/Element-1.svg","contentUrl":"https:\/\/baumev.de\/wp-content\/uploads\/2025\/04\/Element-1.svg","width":"1024","height":"1024","caption":"BAUM e.V."},"image":{"@id":"\/#\/schema\/logo\/image\/"},"sameAs":["https:\/\/www.linkedin.com\/company\/baum-ev"]},{"@type":"Person","@id":"\/#\/schema\/person\/7cbf92b816dba32080d06186956546dd","name":"rittweger","sameAs":["http:\/\/baumev.de"]}]}},"_links":{"self":[{"href":"https:\/\/baumev.de\/en\/wp-json\/wp\/v2\/posts\/2509","targetHints":{"allow":["GET"]}}],"collection":[{"href":"https:\/\/baumev.de\/en\/wp-json\/wp\/v2\/posts"}],"about":[{"href":"https:\/\/baumev.de\/en\/wp-json\/wp\/v2\/types\/post"}],"author":[{"embeddable":true,"href":"https:\/\/baumev.de\/en\/wp-json\/wp\/v2\/users\/1"}],"replies":[{"embeddable":true,"href":"https:\/\/baumev.de\/en\/wp-json\/wp\/v2\/comments?post=2509"}],"version-history":[{"count":2,"href":"https:\/\/baumev.de\/en\/wp-json\/wp\/v2\/posts\/2509\/revisions"}],"predecessor-version":[{"id":6242,"href":"https:\/\/baumev.de\/en\/wp-json\/wp\/v2\/posts\/2509\/revisions\/6242"}],"wp:featuredmedia":[{"embeddable":true,"href":"https:\/\/baumev.de\/en\/wp-json\/wp\/v2\/media\/1993"}],"wp:attachment":[{"href":"https:\/\/baumev.de\/en\/wp-json\/wp\/v2\/media?parent=2509"}],"wp:term":[{"taxonomy":"category","embeddable":true,"href":"https:\/\/baumev.de\/en\/wp-json\/wp\/v2\/categories?post=2509"},{"taxonomy":"post_tag","embeddable":true,"href":"https:\/\/baumev.de\/en\/wp-json\/wp\/v2\/tags?post=2509"}],"curies":[{"name":"wp","href":"https:\/\/api.w.org\/{rel}","templated":true}]}}