{"id":2513,"date":"2024-08-27T11:17:07","date_gmt":"2024-08-27T09:17:07","guid":{"rendered":"https:\/\/baumev.de\/?p=2513"},"modified":"2025-08-18T08:02:55","modified_gmt":"2025-08-18T06:02:55","slug":"leitfaden-waelder-wirtschaft-biodiversitaet-aktualisiert","status":"publish","type":"post","link":"https:\/\/baumev.de\/en\/leitfaden-waelder-wirtschaft-biodiversitaet-aktualisiert\/","title":{"rendered":"Leitfaden &#8220;W\u00e4lder\u2013Wirtschaft\u2013Biodiversit\u00e4t&#8221; aktualisiert"},"content":{"rendered":"<p style=\"font-weight: 400;\">Der Leitfaden stellt einen Orientierungskompass f\u00fcr Unternehmen dar, die sich f\u00fcr wirkungsvolle Schritte im Biodiversit\u00e4tsschutz mit dem Schwerpunkt Wald\u00f6kosysteme, aber auch f\u00fcr andere landbasierte Ma\u00dfnahmen entscheiden und aktiv werden wollen oder m\u00fcssen. Nun liegt er in einer aktualisierten Fassung vor.<\/p>\n<p style=\"font-weight: 400;\">Die Wirtschaft ist einer der Hauptverursacher f\u00fcr Klimawandel und Biodiversit\u00e4tsverlust und zugleich Teil der L\u00f6sung. Sie steht aktuell vor neuen Realit\u00e4ten: zum einen die neuen EU-Berichtspflichten, wonach Unternehmen u.a. \u00fcber ihre Wirkungen (Impacts), Abh\u00e4ngigkeiten und Ma\u00dfnahmen in Bezug auf Biodiversit\u00e4t und \u00d6kosysteme berichten m\u00fcssen; zum anderen die Herausforderung, mit den Klimafolgen umzugehen sowie ein Verst\u00e4ndnis zu entwickeln f\u00fcr das komplexe Thema Biodiversit\u00e4t und daf\u00fcr, inwieweit sich das Thema in den Lieferketten wiederfindet.<\/p>\n<p style=\"font-weight: 400;\">Unternehmen fragen unter anderem:<\/p>\n<ul style=\"font-weight: 400;\">\n<li>Wie und durch welche unternehmerischen Strategien kann man Naturzerst\u00f6rung minimieren und durch welche Entscheidungen ein naturpositives Wirtschaften entwickeln?<\/li>\n<li>Wie kann man bei Natur- und CO<sub>2<\/sub>-Kompensationsprojekten seri\u00f6se Anbieter von Greenwashing unterscheiden?<\/li>\n<li>Welche Projekte sind ganzheitlich gedacht, langfristig wirkungsvoll und kombinieren Klima- mit Biodiversit\u00e4tsschutz? (Der Markt h\u00e4lt eine Vielzahl von Tools und Anbietern f\u00fcr Klima- und Biodiversit\u00e4tsschutzprojekte bereit, die nur bedingt transparent und vergleichbar sind.)<\/li>\n<\/ul>\n<p style=\"font-weight: 400;\"><b>Im naturpositiven Wirtschaften liegt eine gro\u00dfe Hoffnung<br \/>\n<\/b>Die positiven Effekte einer Wiederherstellung der Natur gehen \u00fcber den reinen Klimaschutz weit hinaus. Leistungen und Investitionen in umweltpositives Wirtschaften holen Unternehmen aus der defensiven Haltung der Schadensbegrenzung in die umfassende, auch \u00f6kobilanziell messbare Wert-Schaffung. Wir b\u00fcndeln in diesem Leitfaden bekannte und erprobte Ma\u00dfnahmen f\u00fcr den leichten Einstieg.<\/p>\n<p style=\"font-weight: 400;\">Der Leitfaden beginnt mit der Darstellung des Themas vor dem Hintergrund der aktuellen politischen Diskussion um Klima- und Biodiversit\u00e4tsschutz und der wissenschaftlichen Erkenntnisse. Es folgt eine ganzheitliche Darstellung von nat\u00fcrlichen Klimaschutzma\u00dfnahmen mit anschlie\u00dfender Beschreibung einzelner Ma\u00dfnahmen.<\/p>\n<p><a href=\"https:\/\/baumev.de\/wp-content\/uploads\/2025\/05\/Praxisleitfaden_Biodiversitaet-1.pdf\">Aktuelle Fassung zum Download<\/a><\/p>\n","protected":false},"excerpt":{"rendered":"<p>Der Leitfaden stellt einen Orientierungskompass f\u00fcr Unternehmen dar, die sich f\u00fcr wirkungsvolle Schritte im Biodiversit\u00e4tsschutz mit dem Schwerpunkt Wald\u00f6kosysteme, aber auch f\u00fcr andere landbasierte Ma\u00dfnahmen entscheiden und aktiv werden wollen oder m\u00fcssen.<\/p>\n","protected":false},"author":1,"featured_media":2515,"comment_status":"closed","ping_status":"open","sticky":false,"template":"","format":"standard","meta":{"_acf_changed":false,"_et_pb_use_builder":"","_et_pb_old_content":"","_et_gb_content_width":"","inline_featured_image":false,"footnotes":""},"categories":[41,44],"tags":[],"class_list":["post-2513","post","type-post","status-publish","format-standard","has-post-thumbnail","hentry","category-biodiversity-ecosystems","category-news"],"acf":[],"yoast_head":"<!-- This site is optimized with the Yoast SEO plugin v27.2 - https:\/\/yoast.com\/product\/yoast-seo-wordpress\/ -->\n<title>Leitfaden &quot;W\u00e4lder\u2013Wirtschaft\u2013Biodiversit\u00e4t&quot; aktualisiert - BAUM e.V.<\/title>\n<meta name=\"robots\" content=\"index, follow, max-snippet:-1, max-image-preview:large, max-video-preview:-1\" \/>\n<link rel=\"canonical\" href=\"https:\/\/baumev.de\/en\/leitfaden-waelder-wirtschaft-biodiversitaet-aktualisiert\/\" \/>\n<meta property=\"og:locale\" content=\"en_GB\" \/>\n<meta property=\"og:type\" content=\"article\" \/>\n<meta property=\"og:title\" content=\"Leitfaden &quot;W\u00e4lder\u2013Wirtschaft\u2013Biodiversit\u00e4t&quot; aktualisiert - BAUM e.V.\" \/>\n<meta property=\"og:description\" content=\"Der Leitfaden stellt einen Orientierungskompass f\u00fcr Unternehmen dar, die sich f\u00fcr wirkungsvolle Schritte im Biodiversit\u00e4tsschutz mit dem Schwerpunkt Wald\u00f6kosysteme, aber auch f\u00fcr andere landbasierte Ma\u00dfnahmen entscheiden und aktiv werden wollen oder m\u00fcssen.\" \/>\n<meta property=\"og:url\" content=\"https:\/\/baumev.de\/en\/leitfaden-waelder-wirtschaft-biodiversitaet-aktualisiert\/\" \/>\n<meta property=\"og:site_name\" content=\"BAUM e.V.\" \/>\n<meta property=\"article:published_time\" content=\"2024-08-27T09:17:07+00:00\" \/>\n<meta property=\"article:modified_time\" content=\"2025-08-18T06:02:55+00:00\" \/>\n<meta property=\"og:image\" content=\"https:\/\/baumev.de\/wp-content\/uploads\/2025\/05\/Leitfaden-Waelder-Wirtschaft-Biodiversitaet.png\" \/>\n\t<meta property=\"og:image:width\" content=\"2000\" \/>\n\t<meta property=\"og:image:height\" content=\"1125\" \/>\n\t<meta property=\"og:image:type\" content=\"image\/png\" \/>\n<meta name=\"author\" content=\"rittweger\" \/>\n<meta name=\"twitter:card\" content=\"summary_large_image\" \/>\n<meta name=\"twitter:label1\" content=\"Written by\" \/>\n\t<meta name=\"twitter:data1\" content=\"rittweger\" \/>\n\t<meta name=\"twitter:label2\" content=\"Estimated reading time\" \/>\n\t<meta name=\"twitter:data2\" content=\"2 minutes\" \/>\n<script type=\"application\/ld+json\" class=\"yoast-schema-graph\">{\"@context\":\"https:\/\/schema.org\",\"@graph\":[{\"@type\":\"Article\",\"@id\":\"https:\/\/baumev.de\/en\/leitfaden-waelder-wirtschaft-biodiversitaet-aktualisiert\/#article\",\"isPartOf\":{\"@id\":\"https:\/\/baumev.de\/en\/leitfaden-waelder-wirtschaft-biodiversitaet-aktualisiert\/\"},\"author\":{\"name\":\"rittweger\",\"@id\":\"\/#\/schema\/person\/7cbf92b816dba32080d06186956546dd\"},\"headline\":\"Leitfaden &#8220;W\u00e4lder\u2013Wirtschaft\u2013Biodiversit\u00e4t&#8221; aktualisiert\",\"datePublished\":\"2024-08-27T09:17:07+00:00\",\"dateModified\":\"2025-08-18T06:02:55+00:00\",\"mainEntityOfPage\":{\"@id\":\"https:\/\/baumev.de\/en\/leitfaden-waelder-wirtschaft-biodiversitaet-aktualisiert\/\"},\"wordCount\":317,\"publisher\":{\"@id\":\"\/#organization\"},\"image\":{\"@id\":\"https:\/\/baumev.de\/en\/leitfaden-waelder-wirtschaft-biodiversitaet-aktualisiert\/#primaryimage\"},\"thumbnailUrl\":\"https:\/\/baumev.de\/wp-content\/uploads\/2025\/05\/Leitfaden-Waelder-Wirtschaft-Biodiversitaet.png\",\"articleSection\":[\"Biodiversity &amp; Ecosystems\",\"Insights &amp; Perspectives\"],\"inLanguage\":\"en-GB\"},{\"@type\":\"WebPage\",\"@id\":\"https:\/\/baumev.de\/en\/leitfaden-waelder-wirtschaft-biodiversitaet-aktualisiert\/\",\"url\":\"https:\/\/baumev.de\/en\/leitfaden-waelder-wirtschaft-biodiversitaet-aktualisiert\/\",\"name\":\"Leitfaden \\\"W\u00e4lder\u2013Wirtschaft\u2013Biodiversit\u00e4t\\\" aktualisiert - BAUM e.V.\",\"isPartOf\":{\"@id\":\"\/#website\"},\"primaryImageOfPage\":{\"@id\":\"https:\/\/baumev.de\/en\/leitfaden-waelder-wirtschaft-biodiversitaet-aktualisiert\/#primaryimage\"},\"image\":{\"@id\":\"https:\/\/baumev.de\/en\/leitfaden-waelder-wirtschaft-biodiversitaet-aktualisiert\/#primaryimage\"},\"thumbnailUrl\":\"https:\/\/baumev.de\/wp-content\/uploads\/2025\/05\/Leitfaden-Waelder-Wirtschaft-Biodiversitaet.png\",\"datePublished\":\"2024-08-27T09:17:07+00:00\",\"dateModified\":\"2025-08-18T06:02:55+00:00\",\"breadcrumb\":{\"@id\":\"https:\/\/baumev.de\/en\/leitfaden-waelder-wirtschaft-biodiversitaet-aktualisiert\/#breadcrumb\"},\"inLanguage\":\"en-GB\",\"potentialAction\":[{\"@type\":\"ReadAction\",\"target\":[\"https:\/\/baumev.de\/en\/leitfaden-waelder-wirtschaft-biodiversitaet-aktualisiert\/\"]}]},{\"@type\":\"ImageObject\",\"inLanguage\":\"en-GB\",\"@id\":\"https:\/\/baumev.de\/en\/leitfaden-waelder-wirtschaft-biodiversitaet-aktualisiert\/#primaryimage\",\"url\":\"https:\/\/baumev.de\/wp-content\/uploads\/2025\/05\/Leitfaden-Waelder-Wirtschaft-Biodiversitaet.png\",\"contentUrl\":\"https:\/\/baumev.de\/wp-content\/uploads\/2025\/05\/Leitfaden-Waelder-Wirtschaft-Biodiversitaet.png\",\"width\":2000,\"height\":1125,\"caption\":\"Titelseite der Brosch\u00fcre \\\"W\u00e4lder - Wirtschaft - Biodiversit\u00e4t\\\"\"},{\"@type\":\"BreadcrumbList\",\"@id\":\"https:\/\/baumev.de\/en\/leitfaden-waelder-wirtschaft-biodiversitaet-aktualisiert\/#breadcrumb\",\"itemListElement\":[{\"@type\":\"ListItem\",\"position\":1,\"name\":\"Startseite\",\"item\":\"https:\/\/baumev.de\/en\/\"},{\"@type\":\"ListItem\",\"position\":2,\"name\":\"Leitfaden &#8222;W\u00e4lder\u2013Wirtschaft\u2013Biodiversit\u00e4t&#8220; aktualisiert\"}]},{\"@type\":\"WebSite\",\"@id\":\"\/#website\",\"url\":\"\/\",\"name\":\"BAUM e.V.\",\"description\":\"BAUM e.V. \u2013 Netzwerk f\u00fcr nachhaltiges Wirtschaften\",\"publisher\":{\"@id\":\"\/#organization\"},\"potentialAction\":[{\"@type\":\"SearchAction\",\"target\":{\"@type\":\"EntryPoint\",\"urlTemplate\":\"\/?s={search_term_string}\"},\"query-input\":{\"@type\":\"PropertyValueSpecification\",\"valueRequired\":true,\"valueName\":\"search_term_string\"}}],\"inLanguage\":\"en-GB\"},{\"@type\":\"Organization\",\"@id\":\"\/#organization\",\"name\":\"BAUM e.V.\",\"alternateName\":\"Bundesdeutscher Arbeitskreis f\u00fcr Umweltbewusstes Management\",\"url\":\"\/\",\"logo\":{\"@type\":\"ImageObject\",\"inLanguage\":\"en-GB\",\"@id\":\"\/#\/schema\/logo\/image\/\",\"url\":\"https:\/\/baumev.de\/wp-content\/uploads\/2025\/04\/Element-1.svg\",\"contentUrl\":\"https:\/\/baumev.de\/wp-content\/uploads\/2025\/04\/Element-1.svg\",\"width\":\"1024\",\"height\":\"1024\",\"caption\":\"BAUM e.V.\"},\"image\":{\"@id\":\"\/#\/schema\/logo\/image\/\"},\"sameAs\":[\"https:\/\/www.linkedin.com\/company\/baum-ev\"]},{\"@type\":\"Person\",\"@id\":\"\/#\/schema\/person\/7cbf92b816dba32080d06186956546dd\",\"name\":\"rittweger\",\"sameAs\":[\"http:\/\/baumev.de\"]}]}<\/script>\n<!-- \/ Yoast SEO plugin. -->","yoast_head_json":{"title":"Leitfaden \"W\u00e4lder\u2013Wirtschaft\u2013Biodiversit\u00e4t\" aktualisiert - BAUM e.V.","robots":{"index":"index","follow":"follow","max-snippet":"max-snippet:-1","max-image-preview":"max-image-preview:large","max-video-preview":"max-video-preview:-1"},"canonical":"https:\/\/baumev.de\/en\/leitfaden-waelder-wirtschaft-biodiversitaet-aktualisiert\/","og_locale":"en_GB","og_type":"article","og_title":"Leitfaden \"W\u00e4lder\u2013Wirtschaft\u2013Biodiversit\u00e4t\" aktualisiert - BAUM e.V.","og_description":"Der Leitfaden stellt einen Orientierungskompass f\u00fcr Unternehmen dar, die sich f\u00fcr wirkungsvolle Schritte im Biodiversit\u00e4tsschutz mit dem Schwerpunkt Wald\u00f6kosysteme, aber auch f\u00fcr andere landbasierte Ma\u00dfnahmen entscheiden und aktiv werden wollen oder m\u00fcssen.","og_url":"https:\/\/baumev.de\/en\/leitfaden-waelder-wirtschaft-biodiversitaet-aktualisiert\/","og_site_name":"BAUM e.V.","article_published_time":"2024-08-27T09:17:07+00:00","article_modified_time":"2025-08-18T06:02:55+00:00","og_image":[{"width":2000,"height":1125,"url":"https:\/\/baumev.de\/wp-content\/uploads\/2025\/05\/Leitfaden-Waelder-Wirtschaft-Biodiversitaet.png","type":"image\/png"}],"author":"rittweger","twitter_card":"summary_large_image","twitter_misc":{"Written by":"rittweger","Estimated reading time":"2 minutes"},"schema":{"@context":"https:\/\/schema.org","@graph":[{"@type":"Article","@id":"https:\/\/baumev.de\/en\/leitfaden-waelder-wirtschaft-biodiversitaet-aktualisiert\/#article","isPartOf":{"@id":"https:\/\/baumev.de\/en\/leitfaden-waelder-wirtschaft-biodiversitaet-aktualisiert\/"},"author":{"name":"rittweger","@id":"\/#\/schema\/person\/7cbf92b816dba32080d06186956546dd"},"headline":"Leitfaden &#8220;W\u00e4lder\u2013Wirtschaft\u2013Biodiversit\u00e4t&#8221; aktualisiert","datePublished":"2024-08-27T09:17:07+00:00","dateModified":"2025-08-18T06:02:55+00:00","mainEntityOfPage":{"@id":"https:\/\/baumev.de\/en\/leitfaden-waelder-wirtschaft-biodiversitaet-aktualisiert\/"},"wordCount":317,"publisher":{"@id":"\/#organization"},"image":{"@id":"https:\/\/baumev.de\/en\/leitfaden-waelder-wirtschaft-biodiversitaet-aktualisiert\/#primaryimage"},"thumbnailUrl":"https:\/\/baumev.de\/wp-content\/uploads\/2025\/05\/Leitfaden-Waelder-Wirtschaft-Biodiversitaet.png","articleSection":["Biodiversity &amp; Ecosystems","Insights &amp; Perspectives"],"inLanguage":"en-GB"},{"@type":"WebPage","@id":"https:\/\/baumev.de\/en\/leitfaden-waelder-wirtschaft-biodiversitaet-aktualisiert\/","url":"https:\/\/baumev.de\/en\/leitfaden-waelder-wirtschaft-biodiversitaet-aktualisiert\/","name":"Leitfaden \"W\u00e4lder\u2013Wirtschaft\u2013Biodiversit\u00e4t\" aktualisiert - BAUM e.V.","isPartOf":{"@id":"\/#website"},"primaryImageOfPage":{"@id":"https:\/\/baumev.de\/en\/leitfaden-waelder-wirtschaft-biodiversitaet-aktualisiert\/#primaryimage"},"image":{"@id":"https:\/\/baumev.de\/en\/leitfaden-waelder-wirtschaft-biodiversitaet-aktualisiert\/#primaryimage"},"thumbnailUrl":"https:\/\/baumev.de\/wp-content\/uploads\/2025\/05\/Leitfaden-Waelder-Wirtschaft-Biodiversitaet.png","datePublished":"2024-08-27T09:17:07+00:00","dateModified":"2025-08-18T06:02:55+00:00","breadcrumb":{"@id":"https:\/\/baumev.de\/en\/leitfaden-waelder-wirtschaft-biodiversitaet-aktualisiert\/#breadcrumb"},"inLanguage":"en-GB","potentialAction":[{"@type":"ReadAction","target":["https:\/\/baumev.de\/en\/leitfaden-waelder-wirtschaft-biodiversitaet-aktualisiert\/"]}]},{"@type":"ImageObject","inLanguage":"en-GB","@id":"https:\/\/baumev.de\/en\/leitfaden-waelder-wirtschaft-biodiversitaet-aktualisiert\/#primaryimage","url":"https:\/\/baumev.de\/wp-content\/uploads\/2025\/05\/Leitfaden-Waelder-Wirtschaft-Biodiversitaet.png","contentUrl":"https:\/\/baumev.de\/wp-content\/uploads\/2025\/05\/Leitfaden-Waelder-Wirtschaft-Biodiversitaet.png","width":2000,"height":1125,"caption":"Titelseite der Brosch\u00fcre \"W\u00e4lder - Wirtschaft - Biodiversit\u00e4t\""},{"@type":"BreadcrumbList","@id":"https:\/\/baumev.de\/en\/leitfaden-waelder-wirtschaft-biodiversitaet-aktualisiert\/#breadcrumb","itemListElement":[{"@type":"ListItem","position":1,"name":"Startseite","item":"https:\/\/baumev.de\/en\/"},{"@type":"ListItem","position":2,"name":"Leitfaden &#8222;W\u00e4lder\u2013Wirtschaft\u2013Biodiversit\u00e4t&#8220; aktualisiert"}]},{"@type":"WebSite","@id":"\/#website","url":"\/","name":"BAUM e.V.","description":"BAUM e.V. \u2013 Netzwerk f\u00fcr nachhaltiges Wirtschaften","publisher":{"@id":"\/#organization"},"potentialAction":[{"@type":"SearchAction","target":{"@type":"EntryPoint","urlTemplate":"\/?s={search_term_string}"},"query-input":{"@type":"PropertyValueSpecification","valueRequired":true,"valueName":"search_term_string"}}],"inLanguage":"en-GB"},{"@type":"Organization","@id":"\/#organization","name":"BAUM e.V.","alternateName":"Bundesdeutscher Arbeitskreis f\u00fcr Umweltbewusstes Management","url":"\/","logo":{"@type":"ImageObject","inLanguage":"en-GB","@id":"\/#\/schema\/logo\/image\/","url":"https:\/\/baumev.de\/wp-content\/uploads\/2025\/04\/Element-1.svg","contentUrl":"https:\/\/baumev.de\/wp-content\/uploads\/2025\/04\/Element-1.svg","width":"1024","height":"1024","caption":"BAUM e.V."},"image":{"@id":"\/#\/schema\/logo\/image\/"},"sameAs":["https:\/\/www.linkedin.com\/company\/baum-ev"]},{"@type":"Person","@id":"\/#\/schema\/person\/7cbf92b816dba32080d06186956546dd","name":"rittweger","sameAs":["http:\/\/baumev.de"]}]}},"_links":{"self":[{"href":"https:\/\/baumev.de\/en\/wp-json\/wp\/v2\/posts\/2513","targetHints":{"allow":["GET"]}}],"collection":[{"href":"https:\/\/baumev.de\/en\/wp-json\/wp\/v2\/posts"}],"about":[{"href":"https:\/\/baumev.de\/en\/wp-json\/wp\/v2\/types\/post"}],"author":[{"embeddable":true,"href":"https:\/\/baumev.de\/en\/wp-json\/wp\/v2\/users\/1"}],"replies":[{"embeddable":true,"href":"https:\/\/baumev.de\/en\/wp-json\/wp\/v2\/comments?post=2513"}],"version-history":[{"count":4,"href":"https:\/\/baumev.de\/en\/wp-json\/wp\/v2\/posts\/2513\/revisions"}],"predecessor-version":[{"id":6241,"href":"https:\/\/baumev.de\/en\/wp-json\/wp\/v2\/posts\/2513\/revisions\/6241"}],"wp:featuredmedia":[{"embeddable":true,"href":"https:\/\/baumev.de\/en\/wp-json\/wp\/v2\/media\/2515"}],"wp:attachment":[{"href":"https:\/\/baumev.de\/en\/wp-json\/wp\/v2\/media?parent=2513"}],"wp:term":[{"taxonomy":"category","embeddable":true,"href":"https:\/\/baumev.de\/en\/wp-json\/wp\/v2\/categories?post=2513"},{"taxonomy":"post_tag","embeddable":true,"href":"https:\/\/baumev.de\/en\/wp-json\/wp\/v2\/tags?post=2513"}],"curies":[{"name":"wp","href":"https:\/\/api.w.org\/{rel}","templated":true}]}}