{"id":5745,"date":"2025-07-15T09:00:33","date_gmt":"2025-07-15T07:00:33","guid":{"rendered":"https:\/\/baumev.de\/?p=5745"},"modified":"2025-08-18T08:02:24","modified_gmt":"2025-08-18T06:02:24","slug":"die-wirtschaft-der-zukunft-beginnt-jetzt","status":"publish","type":"post","link":"https:\/\/baumev.de\/en\/die-wirtschaft-der-zukunft-beginnt-jetzt\/","title":{"rendered":"Die Wirtschaft der Zukunft beginnt jetzt"},"content":{"rendered":"<p><strong>Zwei Frauen und drei M\u00e4nner werden in diesem Jahr mit dem BAUM | Umwelt- und Nachhaltigkeitspreis ausgezeichnet. Sie engagieren sich f\u00fcr eine zukunftsf\u00e4hige Wirtschaft und Gesellschaft. Als Nachhaltigkeitsverantwortliche, Gesch\u00e4ftsf\u00fchrer, Wissenschaftlerin oder Berater in der Entwicklungszusammenarbeit zeigen sie Wege zu mehr Klima-, Ressourcen- und Biodiversit\u00e4tsschutz und gehen voran.<\/strong><\/p>\n<p>&#8220;Welche Wirtschaft wollen wir? Zukunftsbilder f\u00fcr eine nachhaltige Wirtschaft und Gesellschaft \u2013 das ist unser Jahresthema 2025. Unsere Preistr\u00e4gerinnen und Preistr\u00e4ger leben das auf fantastische Weise ganz allt\u00e4glich: Sie zeigen mit ihrem Engagement, wie sich zukunftsf\u00e4hige L\u00f6sungen finden und umsetzten lassen&#8221;, so Martin Oldeland, stellvertretender Vorsitzender von BAUM e.V. und Vorsitzender der Jury des BAUM | Umwelt- und Nachhaltigkeitspreises.<\/p>\n<p><strong>Dr. Stefanie Eichiner<\/strong>, Head of Sustainability der Pfleiderer Deutschland GmbH und Preistr\u00e4gerin in der Kategorie &#8220;Gro\u00dfunternehmen&#8221;, tr\u00e4gt ma\u00dfgeblich zum Mainstreaming des Themas Biodiversit\u00e4t im Schulterschluss von Wissenschaft, Zivilgesellschaft und Wirtschaft bei.<\/p>\n<p><strong>Dominik Campanella<\/strong>, Mitgr\u00fcnder und Gesch\u00e4ftsf\u00fchrer der Concular GmbH und einer der Preistr\u00e4ger in der Kategorie &#8220;Kleine und mittlere Unternehmen&#8221;, setzt sich daf\u00fcr ein, in der stark umweltbelastenden Baubranche Zirkularit\u00e4t als Standard zu etablieren.<\/p>\n<p><strong>Marco D\u00f6rr<\/strong>, Gesch\u00e4ftsf\u00fchrender Gesellschafter der Stannol GmbH &amp; Co. KG und ein weiterer Preistr\u00e4ger in der Kategorie &#8220;Kleine und mittlere Unternehmen&#8221;, hat durch die ausschlie\u00dfliche Verwendung von Recycling-Zinn bzw. fair gef\u00f6rdertem und gehandelten Zinn zur Produktion von L\u00f6tmitteln einen neuen Standard f\u00fcr diesen Konfliktrohstoff gesetzt.<\/p>\n<p><strong>Prof. Dr. Frauke Wiese<\/strong>, Juniorprofessorin f\u00fcr die Transformation der Energiesysteme an der Europa-Universit\u00e4t Flensburg und Preistr\u00e4gerin in der Kategorie &#8220;Wissenschaft&#8221;, forscht und ber\u00e4t zur absoluten Reduktion von Energie- und Ressourcenverbrauch durch soziale Innovationen. Damit r\u00fcckt sie das schwierige, aber vielversprechende und zukunftstr\u00e4chtige Thema Suffizienz in den Fokus.<\/p>\n<p><strong>Tony Rinaudo<\/strong>, Agrarexperte bei World Vision Australia und Preistr\u00e4ger in der Kategorie &#8220;International&#8221;, hat die Wiederbegr\u00fcnungsmethode Farmer Managed Natural Regeneration (FMNR) entwickelt. Sie ist heute in \u00fcber 30 L\u00e4ndern weltweit eingef\u00fchrt und leistet einen wichtigen Beitrag zu Klimaschutz, Ern\u00e4hrungssicherheit und Stabilit\u00e4t von \u00d6kosystemen.<\/p>\n<p>Mit dem BAUM | Umwelt- und Nachhaltigkeitspreis zeichnet das Unternehmensnetzwerk ganz bewusst engagierte Einzelpersonen und nicht Organisationen aus. Der Preis wurde 1993 ins Leben gerufen, um vor allem Vorbilder und die Arbeit der &#8220;Macher:innen&#8221; in Unternehmen und Institutionen, die Arbeit derer, die das Umwelt- und Nachhaltigkeitsmanagement verantworten und operativ umsetzen, anzuerkennen. Bisher wurden \u00fcber 300 Vorbilder f\u00fcr gelebte Nachhaltigkeit und Umweltschutz ausgezeichnet<\/p>\n<p>Die Preise werden am 11. November 2025 im Rahmen der BAUM-Tagung in Dortmund \u00fcberreicht. Der Preistr\u00e4ger in der Kategorie &#8220;International&#8221; Tony Rinaudo erhielt seinen Preis bereits im Juni, als er zu Terminen in Deutschland war.<\/p>\n<p>Ausf\u00fchrliche Portr\u00e4ts der Preistr\u00e4gerinnen und Preistr\u00e4ger sowie Bildmaterial unter <a href=\"\/baum-preis\/preistraeger-2025\/\">www.baumev.de\/preistraegerinnen_2025<\/a>.<\/p>\n","protected":false},"excerpt":{"rendered":"<p>Zwei Frauen und drei M\u00e4nner werden in diesem Jahr mit dem BAUM | Umwelt- und Nachhaltigkeitspreis ausgezeichnet. Sie engagieren sich f\u00fcr eine zukunftsf\u00e4hige Wirtschaft und Gesellschaft. Als Nachhaltigkeitsverantwortliche, Gesch\u00e4ftsf\u00fchrer, Wissenschaftlerin oder Berater in der Entwicklungszusammenarbeit zeigen sie Wege zu mehr Klima-, Ressourcen- und Biodiversit\u00e4tsschutz und gehen voran.<\/p>\n","protected":false},"author":2,"featured_media":5393,"comment_status":"closed","ping_status":"open","sticky":false,"template":"","format":"standard","meta":{"_acf_changed":false,"_et_pb_use_builder":"","_et_pb_old_content":"","_et_gb_content_width":"","inline_featured_image":false,"footnotes":""},"categories":[18,10],"tags":[],"class_list":["post-5745","post","type-post","status-publish","format-standard","has-post-thumbnail","hentry","category-news","category-pressemitteilungen"],"acf":[],"yoast_head":"<!-- This site is optimized with the Yoast SEO plugin v27.2 - https:\/\/yoast.com\/product\/yoast-seo-wordpress\/ -->\n<title>Die Wirtschaft der Zukunft beginnt jetzt - BAUM e.V.<\/title>\n<meta name=\"description\" content=\"Zwei Frauen und drei M\u00e4nner werden in diesem Jahr mit dem BAUM | Umwelt- und Nachhaltigkeitspreis ausgezeichnet. Sie engagieren sich f\u00fcr eine zukunftsf\u00e4hige Wirtschaft und Gesellschaft. BAUM zeichnet ganz bewusst engagierte Einzelpersonen und nicht Organisationen aus.\" \/>\n<meta name=\"robots\" content=\"index, follow, max-snippet:-1, max-image-preview:large, max-video-preview:-1\" \/>\n<link rel=\"canonical\" href=\"https:\/\/baumev.de\/en\/die-wirtschaft-der-zukunft-beginnt-jetzt\/\" \/>\n<meta property=\"og:locale\" content=\"en_GB\" \/>\n<meta property=\"og:type\" content=\"article\" \/>\n<meta property=\"og:title\" content=\"Die Wirtschaft der Zukunft beginnt jetzt - BAUM e.V.\" \/>\n<meta property=\"og:description\" content=\"Zwei Frauen und drei M\u00e4nner werden in diesem Jahr mit dem BAUM | Umwelt- und Nachhaltigkeitspreis ausgezeichnet. Sie engagieren sich f\u00fcr eine zukunftsf\u00e4hige Wirtschaft und Gesellschaft. BAUM zeichnet ganz bewusst engagierte Einzelpersonen und nicht Organisationen aus.\" \/>\n<meta property=\"og:url\" content=\"https:\/\/baumev.de\/en\/die-wirtschaft-der-zukunft-beginnt-jetzt\/\" \/>\n<meta property=\"og:site_name\" content=\"BAUM e.V.\" \/>\n<meta property=\"article:published_time\" content=\"2025-07-15T07:00:33+00:00\" \/>\n<meta property=\"article:modified_time\" content=\"2025-08-18T06:02:24+00:00\" \/>\n<meta property=\"og:image\" content=\"https:\/\/baumev.de\/wp-content\/uploads\/2025\/07\/BUP25_sharepic_neu.jpg\" \/>\n\t<meta property=\"og:image:width\" content=\"1600\" \/>\n\t<meta property=\"og:image:height\" content=\"900\" \/>\n\t<meta property=\"og:image:type\" content=\"image\/jpeg\" \/>\n<meta name=\"author\" content=\"Katrin Wippich\" \/>\n<meta name=\"twitter:card\" content=\"summary_large_image\" \/>\n<meta name=\"twitter:label1\" content=\"Written by\" \/>\n\t<meta name=\"twitter:data1\" content=\"Katrin Wippich\" \/>\n\t<meta name=\"twitter:label2\" content=\"Estimated reading time\" \/>\n\t<meta name=\"twitter:data2\" content=\"3 minutes\" \/>\n<script type=\"application\/ld+json\" class=\"yoast-schema-graph\">{\"@context\":\"https:\/\/schema.org\",\"@graph\":[{\"@type\":\"Article\",\"@id\":\"https:\/\/baumev.de\/en\/die-wirtschaft-der-zukunft-beginnt-jetzt\/#article\",\"isPartOf\":{\"@id\":\"https:\/\/baumev.de\/en\/die-wirtschaft-der-zukunft-beginnt-jetzt\/\"},\"author\":{\"name\":\"Katrin Wippich\",\"@id\":\"\/#\/schema\/person\/7cca3fa2dd5ee9056656013035fb46db\"},\"headline\":\"Die Wirtschaft der Zukunft beginnt jetzt\",\"datePublished\":\"2025-07-15T07:00:33+00:00\",\"dateModified\":\"2025-08-18T06:02:24+00:00\",\"mainEntityOfPage\":{\"@id\":\"https:\/\/baumev.de\/en\/die-wirtschaft-der-zukunft-beginnt-jetzt\/\"},\"wordCount\":462,\"publisher\":{\"@id\":\"\/#organization\"},\"image\":{\"@id\":\"https:\/\/baumev.de\/en\/die-wirtschaft-der-zukunft-beginnt-jetzt\/#primaryimage\"},\"thumbnailUrl\":\"https:\/\/baumev.de\/wp-content\/uploads\/2025\/07\/BUP25_sharepic_neu.jpg\",\"articleSection\":[\"Einblicke &amp; Perspektiven\",\"Pressemitteilungen\"],\"inLanguage\":\"en-GB\"},{\"@type\":\"WebPage\",\"@id\":\"https:\/\/baumev.de\/en\/die-wirtschaft-der-zukunft-beginnt-jetzt\/\",\"url\":\"https:\/\/baumev.de\/en\/die-wirtschaft-der-zukunft-beginnt-jetzt\/\",\"name\":\"Die Wirtschaft der Zukunft beginnt jetzt - BAUM e.V.\",\"isPartOf\":{\"@id\":\"\/#website\"},\"primaryImageOfPage\":{\"@id\":\"https:\/\/baumev.de\/en\/die-wirtschaft-der-zukunft-beginnt-jetzt\/#primaryimage\"},\"image\":{\"@id\":\"https:\/\/baumev.de\/en\/die-wirtschaft-der-zukunft-beginnt-jetzt\/#primaryimage\"},\"thumbnailUrl\":\"https:\/\/baumev.de\/wp-content\/uploads\/2025\/07\/BUP25_sharepic_neu.jpg\",\"datePublished\":\"2025-07-15T07:00:33+00:00\",\"dateModified\":\"2025-08-18T06:02:24+00:00\",\"description\":\"Zwei Frauen und drei M\u00e4nner werden in diesem Jahr mit dem BAUM | Umwelt- und Nachhaltigkeitspreis ausgezeichnet. Sie engagieren sich f\u00fcr eine zukunftsf\u00e4hige Wirtschaft und Gesellschaft. BAUM zeichnet ganz bewusst engagierte Einzelpersonen und nicht Organisationen aus.\",\"breadcrumb\":{\"@id\":\"https:\/\/baumev.de\/en\/die-wirtschaft-der-zukunft-beginnt-jetzt\/#breadcrumb\"},\"inLanguage\":\"en-GB\",\"potentialAction\":[{\"@type\":\"ReadAction\",\"target\":[\"https:\/\/baumev.de\/en\/die-wirtschaft-der-zukunft-beginnt-jetzt\/\"]}]},{\"@type\":\"ImageObject\",\"inLanguage\":\"en-GB\",\"@id\":\"https:\/\/baumev.de\/en\/die-wirtschaft-der-zukunft-beginnt-jetzt\/#primaryimage\",\"url\":\"https:\/\/baumev.de\/wp-content\/uploads\/2025\/07\/BUP25_sharepic_neu.jpg\",\"contentUrl\":\"https:\/\/baumev.de\/wp-content\/uploads\/2025\/07\/BUP25_sharepic_neu.jpg\",\"width\":1600,\"height\":900,\"caption\":\"Visual zur BAUM-Tagung 2025 mit Doppelbelichtung einer Frauen-Silhouette und Naturmotiven, Text: \u201aWelche Wirtschaft wollen wir? Zukunftsbilder f\u00fcr nachhaltige Wirtschaft und Gesellschaft\u2018 sowie Veranstaltungsinfos zur Umwelt- und Nachhaltigkeitspreisverleihung am 11.\/12. November in Dortmund.\"},{\"@type\":\"BreadcrumbList\",\"@id\":\"https:\/\/baumev.de\/en\/die-wirtschaft-der-zukunft-beginnt-jetzt\/#breadcrumb\",\"itemListElement\":[{\"@type\":\"ListItem\",\"position\":1,\"name\":\"Startseite\",\"item\":\"https:\/\/baumev.de\/en\/\"},{\"@type\":\"ListItem\",\"position\":2,\"name\":\"Die Wirtschaft der Zukunft beginnt jetzt\"}]},{\"@type\":\"WebSite\",\"@id\":\"\/#website\",\"url\":\"\/\",\"name\":\"BAUM e.V.\",\"description\":\"BAUM e.V. \u2013 Netzwerk f\u00fcr nachhaltiges Wirtschaften\",\"publisher\":{\"@id\":\"\/#organization\"},\"potentialAction\":[{\"@type\":\"SearchAction\",\"target\":{\"@type\":\"EntryPoint\",\"urlTemplate\":\"\/?s={search_term_string}\"},\"query-input\":{\"@type\":\"PropertyValueSpecification\",\"valueRequired\":true,\"valueName\":\"search_term_string\"}}],\"inLanguage\":\"en-GB\"},{\"@type\":\"Organization\",\"@id\":\"\/#organization\",\"name\":\"BAUM e.V.\",\"alternateName\":\"Bundesdeutscher Arbeitskreis f\u00fcr Umweltbewusstes Management\",\"url\":\"\/\",\"logo\":{\"@type\":\"ImageObject\",\"inLanguage\":\"en-GB\",\"@id\":\"\/#\/schema\/logo\/image\/\",\"url\":\"https:\/\/baumev.de\/wp-content\/uploads\/2025\/04\/Element-1.svg\",\"contentUrl\":\"https:\/\/baumev.de\/wp-content\/uploads\/2025\/04\/Element-1.svg\",\"width\":\"1024\",\"height\":\"1024\",\"caption\":\"BAUM e.V.\"},\"image\":{\"@id\":\"\/#\/schema\/logo\/image\/\"},\"sameAs\":[\"https:\/\/www.linkedin.com\/company\/baum-ev\"]},{\"@type\":\"Person\",\"@id\":\"\/#\/schema\/person\/7cca3fa2dd5ee9056656013035fb46db\",\"name\":\"Katrin Wippich\"}]}<\/script>\n<!-- \/ Yoast SEO plugin. -->","yoast_head_json":{"title":"Die Wirtschaft der Zukunft beginnt jetzt - BAUM e.V.","description":"Zwei Frauen und drei M\u00e4nner werden in diesem Jahr mit dem BAUM | Umwelt- und Nachhaltigkeitspreis ausgezeichnet. Sie engagieren sich f\u00fcr eine zukunftsf\u00e4hige Wirtschaft und Gesellschaft. BAUM zeichnet ganz bewusst engagierte Einzelpersonen und nicht Organisationen aus.","robots":{"index":"index","follow":"follow","max-snippet":"max-snippet:-1","max-image-preview":"max-image-preview:large","max-video-preview":"max-video-preview:-1"},"canonical":"https:\/\/baumev.de\/en\/die-wirtschaft-der-zukunft-beginnt-jetzt\/","og_locale":"en_GB","og_type":"article","og_title":"Die Wirtschaft der Zukunft beginnt jetzt - BAUM e.V.","og_description":"Zwei Frauen und drei M\u00e4nner werden in diesem Jahr mit dem BAUM | Umwelt- und Nachhaltigkeitspreis ausgezeichnet. Sie engagieren sich f\u00fcr eine zukunftsf\u00e4hige Wirtschaft und Gesellschaft. BAUM zeichnet ganz bewusst engagierte Einzelpersonen und nicht Organisationen aus.","og_url":"https:\/\/baumev.de\/en\/die-wirtschaft-der-zukunft-beginnt-jetzt\/","og_site_name":"BAUM e.V.","article_published_time":"2025-07-15T07:00:33+00:00","article_modified_time":"2025-08-18T06:02:24+00:00","og_image":[{"width":1600,"height":900,"url":"https:\/\/baumev.de\/wp-content\/uploads\/2025\/07\/BUP25_sharepic_neu.jpg","type":"image\/jpeg"}],"author":"Katrin Wippich","twitter_card":"summary_large_image","twitter_misc":{"Written by":"Katrin Wippich","Estimated reading time":"3 minutes"},"schema":{"@context":"https:\/\/schema.org","@graph":[{"@type":"Article","@id":"https:\/\/baumev.de\/en\/die-wirtschaft-der-zukunft-beginnt-jetzt\/#article","isPartOf":{"@id":"https:\/\/baumev.de\/en\/die-wirtschaft-der-zukunft-beginnt-jetzt\/"},"author":{"name":"Katrin Wippich","@id":"\/#\/schema\/person\/7cca3fa2dd5ee9056656013035fb46db"},"headline":"Die Wirtschaft der Zukunft beginnt jetzt","datePublished":"2025-07-15T07:00:33+00:00","dateModified":"2025-08-18T06:02:24+00:00","mainEntityOfPage":{"@id":"https:\/\/baumev.de\/en\/die-wirtschaft-der-zukunft-beginnt-jetzt\/"},"wordCount":462,"publisher":{"@id":"\/#organization"},"image":{"@id":"https:\/\/baumev.de\/en\/die-wirtschaft-der-zukunft-beginnt-jetzt\/#primaryimage"},"thumbnailUrl":"https:\/\/baumev.de\/wp-content\/uploads\/2025\/07\/BUP25_sharepic_neu.jpg","articleSection":["Einblicke &amp; Perspektiven","Pressemitteilungen"],"inLanguage":"en-GB"},{"@type":"WebPage","@id":"https:\/\/baumev.de\/en\/die-wirtschaft-der-zukunft-beginnt-jetzt\/","url":"https:\/\/baumev.de\/en\/die-wirtschaft-der-zukunft-beginnt-jetzt\/","name":"Die Wirtschaft der Zukunft beginnt jetzt - BAUM e.V.","isPartOf":{"@id":"\/#website"},"primaryImageOfPage":{"@id":"https:\/\/baumev.de\/en\/die-wirtschaft-der-zukunft-beginnt-jetzt\/#primaryimage"},"image":{"@id":"https:\/\/baumev.de\/en\/die-wirtschaft-der-zukunft-beginnt-jetzt\/#primaryimage"},"thumbnailUrl":"https:\/\/baumev.de\/wp-content\/uploads\/2025\/07\/BUP25_sharepic_neu.jpg","datePublished":"2025-07-15T07:00:33+00:00","dateModified":"2025-08-18T06:02:24+00:00","description":"Zwei Frauen und drei M\u00e4nner werden in diesem Jahr mit dem BAUM | Umwelt- und Nachhaltigkeitspreis ausgezeichnet. Sie engagieren sich f\u00fcr eine zukunftsf\u00e4hige Wirtschaft und Gesellschaft. BAUM zeichnet ganz bewusst engagierte Einzelpersonen und nicht Organisationen aus.","breadcrumb":{"@id":"https:\/\/baumev.de\/en\/die-wirtschaft-der-zukunft-beginnt-jetzt\/#breadcrumb"},"inLanguage":"en-GB","potentialAction":[{"@type":"ReadAction","target":["https:\/\/baumev.de\/en\/die-wirtschaft-der-zukunft-beginnt-jetzt\/"]}]},{"@type":"ImageObject","inLanguage":"en-GB","@id":"https:\/\/baumev.de\/en\/die-wirtschaft-der-zukunft-beginnt-jetzt\/#primaryimage","url":"https:\/\/baumev.de\/wp-content\/uploads\/2025\/07\/BUP25_sharepic_neu.jpg","contentUrl":"https:\/\/baumev.de\/wp-content\/uploads\/2025\/07\/BUP25_sharepic_neu.jpg","width":1600,"height":900,"caption":"Visual zur BAUM-Tagung 2025 mit Doppelbelichtung einer Frauen-Silhouette und Naturmotiven, Text: \u201aWelche Wirtschaft wollen wir? Zukunftsbilder f\u00fcr nachhaltige Wirtschaft und Gesellschaft\u2018 sowie Veranstaltungsinfos zur Umwelt- und Nachhaltigkeitspreisverleihung am 11.\/12. November in Dortmund."},{"@type":"BreadcrumbList","@id":"https:\/\/baumev.de\/en\/die-wirtschaft-der-zukunft-beginnt-jetzt\/#breadcrumb","itemListElement":[{"@type":"ListItem","position":1,"name":"Startseite","item":"https:\/\/baumev.de\/en\/"},{"@type":"ListItem","position":2,"name":"Die Wirtschaft der Zukunft beginnt jetzt"}]},{"@type":"WebSite","@id":"\/#website","url":"\/","name":"BAUM e.V.","description":"BAUM e.V. \u2013 Netzwerk f\u00fcr nachhaltiges Wirtschaften","publisher":{"@id":"\/#organization"},"potentialAction":[{"@type":"SearchAction","target":{"@type":"EntryPoint","urlTemplate":"\/?s={search_term_string}"},"query-input":{"@type":"PropertyValueSpecification","valueRequired":true,"valueName":"search_term_string"}}],"inLanguage":"en-GB"},{"@type":"Organization","@id":"\/#organization","name":"BAUM e.V.","alternateName":"Bundesdeutscher Arbeitskreis f\u00fcr Umweltbewusstes Management","url":"\/","logo":{"@type":"ImageObject","inLanguage":"en-GB","@id":"\/#\/schema\/logo\/image\/","url":"https:\/\/baumev.de\/wp-content\/uploads\/2025\/04\/Element-1.svg","contentUrl":"https:\/\/baumev.de\/wp-content\/uploads\/2025\/04\/Element-1.svg","width":"1024","height":"1024","caption":"BAUM e.V."},"image":{"@id":"\/#\/schema\/logo\/image\/"},"sameAs":["https:\/\/www.linkedin.com\/company\/baum-ev"]},{"@type":"Person","@id":"\/#\/schema\/person\/7cca3fa2dd5ee9056656013035fb46db","name":"Katrin Wippich"}]}},"_links":{"self":[{"href":"https:\/\/baumev.de\/en\/wp-json\/wp\/v2\/posts\/5745","targetHints":{"allow":["GET"]}}],"collection":[{"href":"https:\/\/baumev.de\/en\/wp-json\/wp\/v2\/posts"}],"about":[{"href":"https:\/\/baumev.de\/en\/wp-json\/wp\/v2\/types\/post"}],"author":[{"embeddable":true,"href":"https:\/\/baumev.de\/en\/wp-json\/wp\/v2\/users\/2"}],"replies":[{"embeddable":true,"href":"https:\/\/baumev.de\/en\/wp-json\/wp\/v2\/comments?post=5745"}],"version-history":[{"count":4,"href":"https:\/\/baumev.de\/en\/wp-json\/wp\/v2\/posts\/5745\/revisions"}],"predecessor-version":[{"id":8092,"href":"https:\/\/baumev.de\/en\/wp-json\/wp\/v2\/posts\/5745\/revisions\/8092"}],"wp:featuredmedia":[{"embeddable":true,"href":"https:\/\/baumev.de\/en\/wp-json\/wp\/v2\/media\/5393"}],"wp:attachment":[{"href":"https:\/\/baumev.de\/en\/wp-json\/wp\/v2\/media?parent=5745"}],"wp:term":[{"taxonomy":"category","embeddable":true,"href":"https:\/\/baumev.de\/en\/wp-json\/wp\/v2\/categories?post=5745"},{"taxonomy":"post_tag","embeddable":true,"href":"https:\/\/baumev.de\/en\/wp-json\/wp\/v2\/tags?post=5745"}],"curies":[{"name":"wp","href":"https:\/\/api.w.org\/{rel}","templated":true}]}}