{"id":5759,"date":"2025-06-03T16:46:57","date_gmt":"2025-06-03T14:46:57","guid":{"rendered":"https:\/\/baumev.de\/?p=5759"},"modified":"2025-08-18T08:02:24","modified_gmt":"2025-08-18T06:02:24","slug":"sdg-scouts-nominiert-fuer-internationalen-unesco-preis","status":"publish","type":"post","link":"https:\/\/baumev.de\/en\/sdg-scouts-nominiert-fuer-internationalen-unesco-preis\/","title":{"rendered":"SDG-Scouts\u00ae nominiert f\u00fcr internationalen UNESCO-Preis"},"content":{"rendered":"<p style=\"font-weight: 400;\">BAUM freut sich \u00fcber eine besondere Anerkennung: Das Projekt SDG-Scouts<sup>\u00ae<\/sup>, das Auszubildende und Nachwuchskr\u00e4fte dabei unterst\u00fctzt, Nachhaltigkeit in ihren Unternehmen aktiv voranzubringen, wurde von der Deutschen UNESCO-Kommission f\u00fcr den internationalen UNESCO-Japan-Prize on Education for Sustainable Development nominiert. Damit vertritt das Projekt als einzige NGO-Initiative aus Deutschland das Land bei diesem Wettbewerb.<\/p>\n<p style=\"font-weight: 400;\">Der Preis, der seit 2015 j\u00e4hrlich von der UNESCO mit finanzieller Unterst\u00fctzung der japanischen Regierung vergeben wird, w\u00fcrdigt Bildungsans\u00e4tze, die soziale, wirtschaftliche, kulturelle und \u00f6kologische Nachhaltigkeit miteinander verbinden. Jedes Jahr werden drei Projekte weltweit ausgezeichnet \u2013 ausgew\u00e4hlt durch eine internationale f\u00fcnfk\u00f6pfige Jury. Die Preisverleihung findet im Rahmen der UNESCO-Generalversammlung 2025 in Usbekistan statt (30. Oktober bis 13. November). Die Preistr\u00e4ger erhalten je 50.000 US-Dollar.<\/p>\n<p style=\"font-weight: 400;\">Diese Nominierung kn\u00fcpft an eine Reihe beachtlicher Erfolge an: Bereits im Mai 2023 wurde das Projekt mit dem \u201eNationalen Preis \u2013 Bildung f\u00fcr nachhaltige Entwicklung&#8221; ausgezeichnet, den das Bundesministerium f\u00fcr Bildung und Forschung (BMBF) und die Deutsche UNESCO-Kommission gemeinsam vergeben. BAUM e.V. erhielt damals in der Kategorie &#8220;Multiplikator:innen&#8221; ein Preisgeld von 10.000 Euro f\u00fcr seinen innovativen Bildungsansatz.<\/p>\n<p style=\"font-weight: 400;\">Im Oktober 2024 w\u00fcrdigten das Bundesbildungsministerium und die Deutsche UNESCO-Kommission das Projekt SDG-Scouts\u00ae f\u00fcr seinen beispielhaften Einsatz in der Nachhaltigkeitsbildung sowie f\u00fcr die Umsetzung der Sustainable Development Goals (SDG) der Agenda 2030.<\/p>\n<p style=\"font-weight: 400;\">Inzwischen wurden durch die SDG-Scouts\u00ae-Schulungen rund 400 Nachwuchskr\u00e4fte in 130 Unternehmen aus ganz Deutschland weitergebildet. Diese jungen Fachkr\u00e4fte wirken seither als Multiplikator:innen f\u00fcr die Agenda 2030 der Vereinten Nationen \u2013 insbesondere f\u00fcr deren 17 Ziele f\u00fcr nachhaltige Entwicklung (SDGs). Das Projekt bef\u00e4higt sie, betriebliche Nachhaltigkeitspotenziale zu erkennen, Projekte anzusto\u00dfen und Ver\u00e4nderung innerhalb ihrer Unternehmen anzuregen \u2013 praxisnah, partizipativ und mit Weitblick.<\/p>\n<p style=\"font-weight: 400;\">Dass SDG-Scouts\u00ae nun auch auf internationaler B\u00fchne Anerkennung findet, unterstreicht die Relevanz von berufsbezogener Nachhaltigkeitsbildung \u2013 und zeigt, was m\u00f6glich ist, wenn junge Menschen Verantwortung \u00fcbernehmen d\u00fcrfen.<\/p>\n<p style=\"font-weight: 400;\">Weitere Informationen zum Projekt: <a href=\"https:\/\/www.baumev.de\/sdg-scouts\">www.baumev.de\/sdg-scouts<\/a><\/p>\n","protected":false},"excerpt":{"rendered":"<p>BAUM freut sich \u00fcber eine besondere Anerkennung: Das Projekt SDG-Scouts\u00ae, das Auszubildende und Nachwuchskr\u00e4fte dabei unterst\u00fctzt, Nachhaltigkeit in ihren Unternehmen aktiv voranzubringen, wurde von der Deutschen UNESCO-Kommission f\u00fcr den internationalen UNESCO-Japan-Prize on Education for Sustainable Development nominiert.<\/p>\n","protected":false},"author":2,"featured_media":597,"comment_status":"closed","ping_status":"open","sticky":false,"template":"","format":"standard","meta":{"_acf_changed":false,"_et_pb_use_builder":"","_et_pb_old_content":"","_et_gb_content_width":"","inline_featured_image":false,"footnotes":""},"categories":[11,18],"tags":[],"class_list":["post-5759","post","type-post","status-publish","format-standard","has-post-thumbnail","hentry","category-bildung-fuer-nachhaltige-entwicklung","category-news"],"acf":[],"yoast_head":"<!-- This site is optimized with the Yoast SEO plugin v27.2 - https:\/\/yoast.com\/product\/yoast-seo-wordpress\/ -->\n<title>SDG-Scouts\u00ae nominiert f\u00fcr internationalen UNESCO-Preis - BAUM e.V.<\/title>\n<meta name=\"robots\" content=\"index, follow, max-snippet:-1, max-image-preview:large, max-video-preview:-1\" \/>\n<link rel=\"canonical\" href=\"https:\/\/baumev.de\/en\/sdg-scouts-nominiert-fuer-internationalen-unesco-preis\/\" \/>\n<meta property=\"og:locale\" content=\"en_GB\" \/>\n<meta property=\"og:type\" content=\"article\" \/>\n<meta property=\"og:title\" content=\"SDG-Scouts\u00ae nominiert f\u00fcr internationalen UNESCO-Preis - BAUM e.V.\" \/>\n<meta property=\"og:description\" content=\"BAUM freut sich \u00fcber eine besondere Anerkennung: Das Projekt SDG-Scouts\u00ae, das Auszubildende und Nachwuchskr\u00e4fte dabei unterst\u00fctzt, Nachhaltigkeit in ihren Unternehmen aktiv voranzubringen, wurde von der Deutschen UNESCO-Kommission f\u00fcr den internationalen UNESCO-Japan-Prize on Education for Sustainable Development nominiert.\" \/>\n<meta property=\"og:url\" content=\"https:\/\/baumev.de\/en\/sdg-scouts-nominiert-fuer-internationalen-unesco-preis\/\" \/>\n<meta property=\"og:site_name\" content=\"BAUM e.V.\" \/>\n<meta property=\"article:published_time\" content=\"2025-06-03T14:46:57+00:00\" \/>\n<meta property=\"article:modified_time\" content=\"2025-08-18T06:02:24+00:00\" \/>\n<meta property=\"og:image\" content=\"https:\/\/baumev.de\/wp-content\/uploads\/2025\/04\/LogoSDG-ScoutsMarke.png\" \/>\n\t<meta property=\"og:image:width\" content=\"2000\" \/>\n\t<meta property=\"og:image:height\" content=\"1125\" \/>\n\t<meta property=\"og:image:type\" content=\"image\/png\" \/>\n<meta name=\"author\" content=\"Katrin Wippich\" \/>\n<meta name=\"twitter:card\" content=\"summary_large_image\" \/>\n<meta name=\"twitter:label1\" content=\"Written by\" \/>\n\t<meta name=\"twitter:data1\" content=\"Katrin Wippich\" \/>\n\t<meta name=\"twitter:label2\" content=\"Estimated reading time\" \/>\n\t<meta name=\"twitter:data2\" content=\"2 minutes\" \/>\n<script type=\"application\/ld+json\" class=\"yoast-schema-graph\">{\"@context\":\"https:\/\/schema.org\",\"@graph\":[{\"@type\":\"Article\",\"@id\":\"https:\/\/baumev.de\/en\/sdg-scouts-nominiert-fuer-internationalen-unesco-preis\/#article\",\"isPartOf\":{\"@id\":\"https:\/\/baumev.de\/en\/sdg-scouts-nominiert-fuer-internationalen-unesco-preis\/\"},\"author\":{\"name\":\"Katrin Wippich\",\"@id\":\"\/#\/schema\/person\/7cca3fa2dd5ee9056656013035fb46db\"},\"headline\":\"SDG-Scouts\u00ae nominiert f\u00fcr internationalen UNESCO-Preis\",\"datePublished\":\"2025-06-03T14:46:57+00:00\",\"dateModified\":\"2025-08-18T06:02:24+00:00\",\"mainEntityOfPage\":{\"@id\":\"https:\/\/baumev.de\/en\/sdg-scouts-nominiert-fuer-internationalen-unesco-preis\/\"},\"wordCount\":321,\"publisher\":{\"@id\":\"\/#organization\"},\"image\":{\"@id\":\"https:\/\/baumev.de\/en\/sdg-scouts-nominiert-fuer-internationalen-unesco-preis\/#primaryimage\"},\"thumbnailUrl\":\"https:\/\/baumev.de\/wp-content\/uploads\/2025\/04\/LogoSDG-ScoutsMarke.png\",\"articleSection\":[\"Bildung f\u00fcr Nachhaltige Entwicklung\",\"Einblicke &amp; Perspektiven\"],\"inLanguage\":\"en-GB\"},{\"@type\":\"WebPage\",\"@id\":\"https:\/\/baumev.de\/en\/sdg-scouts-nominiert-fuer-internationalen-unesco-preis\/\",\"url\":\"https:\/\/baumev.de\/en\/sdg-scouts-nominiert-fuer-internationalen-unesco-preis\/\",\"name\":\"SDG-Scouts\u00ae nominiert f\u00fcr internationalen UNESCO-Preis - BAUM e.V.\",\"isPartOf\":{\"@id\":\"\/#website\"},\"primaryImageOfPage\":{\"@id\":\"https:\/\/baumev.de\/en\/sdg-scouts-nominiert-fuer-internationalen-unesco-preis\/#primaryimage\"},\"image\":{\"@id\":\"https:\/\/baumev.de\/en\/sdg-scouts-nominiert-fuer-internationalen-unesco-preis\/#primaryimage\"},\"thumbnailUrl\":\"https:\/\/baumev.de\/wp-content\/uploads\/2025\/04\/LogoSDG-ScoutsMarke.png\",\"datePublished\":\"2025-06-03T14:46:57+00:00\",\"dateModified\":\"2025-08-18T06:02:24+00:00\",\"breadcrumb\":{\"@id\":\"https:\/\/baumev.de\/en\/sdg-scouts-nominiert-fuer-internationalen-unesco-preis\/#breadcrumb\"},\"inLanguage\":\"en-GB\",\"potentialAction\":[{\"@type\":\"ReadAction\",\"target\":[\"https:\/\/baumev.de\/en\/sdg-scouts-nominiert-fuer-internationalen-unesco-preis\/\"]}]},{\"@type\":\"ImageObject\",\"inLanguage\":\"en-GB\",\"@id\":\"https:\/\/baumev.de\/en\/sdg-scouts-nominiert-fuer-internationalen-unesco-preis\/#primaryimage\",\"url\":\"https:\/\/baumev.de\/wp-content\/uploads\/2025\/04\/LogoSDG-ScoutsMarke.png\",\"contentUrl\":\"https:\/\/baumev.de\/wp-content\/uploads\/2025\/04\/LogoSDG-ScoutsMarke.png\",\"width\":2000,\"height\":1125,\"caption\":\"Logo SDG-Scouts\"},{\"@type\":\"BreadcrumbList\",\"@id\":\"https:\/\/baumev.de\/en\/sdg-scouts-nominiert-fuer-internationalen-unesco-preis\/#breadcrumb\",\"itemListElement\":[{\"@type\":\"ListItem\",\"position\":1,\"name\":\"Startseite\",\"item\":\"https:\/\/baumev.de\/en\/\"},{\"@type\":\"ListItem\",\"position\":2,\"name\":\"SDG-Scouts\u00ae nominiert f\u00fcr internationalen UNESCO-Preis\"}]},{\"@type\":\"WebSite\",\"@id\":\"\/#website\",\"url\":\"\/\",\"name\":\"BAUM e.V.\",\"description\":\"BAUM e.V. \u2013 Netzwerk f\u00fcr nachhaltiges Wirtschaften\",\"publisher\":{\"@id\":\"\/#organization\"},\"potentialAction\":[{\"@type\":\"SearchAction\",\"target\":{\"@type\":\"EntryPoint\",\"urlTemplate\":\"\/?s={search_term_string}\"},\"query-input\":{\"@type\":\"PropertyValueSpecification\",\"valueRequired\":true,\"valueName\":\"search_term_string\"}}],\"inLanguage\":\"en-GB\"},{\"@type\":\"Organization\",\"@id\":\"\/#organization\",\"name\":\"BAUM e.V.\",\"alternateName\":\"Bundesdeutscher Arbeitskreis f\u00fcr Umweltbewusstes Management\",\"url\":\"\/\",\"logo\":{\"@type\":\"ImageObject\",\"inLanguage\":\"en-GB\",\"@id\":\"\/#\/schema\/logo\/image\/\",\"url\":\"https:\/\/baumev.de\/wp-content\/uploads\/2025\/04\/Element-1.svg\",\"contentUrl\":\"https:\/\/baumev.de\/wp-content\/uploads\/2025\/04\/Element-1.svg\",\"width\":\"1024\",\"height\":\"1024\",\"caption\":\"BAUM e.V.\"},\"image\":{\"@id\":\"\/#\/schema\/logo\/image\/\"},\"sameAs\":[\"https:\/\/www.linkedin.com\/company\/baum-ev\"]},{\"@type\":\"Person\",\"@id\":\"\/#\/schema\/person\/7cca3fa2dd5ee9056656013035fb46db\",\"name\":\"Katrin Wippich\"}]}<\/script>\n<!-- \/ Yoast SEO plugin. -->","yoast_head_json":{"title":"SDG-Scouts\u00ae nominiert f\u00fcr internationalen UNESCO-Preis - BAUM e.V.","robots":{"index":"index","follow":"follow","max-snippet":"max-snippet:-1","max-image-preview":"max-image-preview:large","max-video-preview":"max-video-preview:-1"},"canonical":"https:\/\/baumev.de\/en\/sdg-scouts-nominiert-fuer-internationalen-unesco-preis\/","og_locale":"en_GB","og_type":"article","og_title":"SDG-Scouts\u00ae nominiert f\u00fcr internationalen UNESCO-Preis - BAUM e.V.","og_description":"BAUM freut sich \u00fcber eine besondere Anerkennung: Das Projekt SDG-Scouts\u00ae, das Auszubildende und Nachwuchskr\u00e4fte dabei unterst\u00fctzt, Nachhaltigkeit in ihren Unternehmen aktiv voranzubringen, wurde von der Deutschen UNESCO-Kommission f\u00fcr den internationalen UNESCO-Japan-Prize on Education for Sustainable Development nominiert.","og_url":"https:\/\/baumev.de\/en\/sdg-scouts-nominiert-fuer-internationalen-unesco-preis\/","og_site_name":"BAUM e.V.","article_published_time":"2025-06-03T14:46:57+00:00","article_modified_time":"2025-08-18T06:02:24+00:00","og_image":[{"width":2000,"height":1125,"url":"https:\/\/baumev.de\/wp-content\/uploads\/2025\/04\/LogoSDG-ScoutsMarke.png","type":"image\/png"}],"author":"Katrin Wippich","twitter_card":"summary_large_image","twitter_misc":{"Written by":"Katrin Wippich","Estimated reading time":"2 minutes"},"schema":{"@context":"https:\/\/schema.org","@graph":[{"@type":"Article","@id":"https:\/\/baumev.de\/en\/sdg-scouts-nominiert-fuer-internationalen-unesco-preis\/#article","isPartOf":{"@id":"https:\/\/baumev.de\/en\/sdg-scouts-nominiert-fuer-internationalen-unesco-preis\/"},"author":{"name":"Katrin Wippich","@id":"\/#\/schema\/person\/7cca3fa2dd5ee9056656013035fb46db"},"headline":"SDG-Scouts\u00ae nominiert f\u00fcr internationalen UNESCO-Preis","datePublished":"2025-06-03T14:46:57+00:00","dateModified":"2025-08-18T06:02:24+00:00","mainEntityOfPage":{"@id":"https:\/\/baumev.de\/en\/sdg-scouts-nominiert-fuer-internationalen-unesco-preis\/"},"wordCount":321,"publisher":{"@id":"\/#organization"},"image":{"@id":"https:\/\/baumev.de\/en\/sdg-scouts-nominiert-fuer-internationalen-unesco-preis\/#primaryimage"},"thumbnailUrl":"https:\/\/baumev.de\/wp-content\/uploads\/2025\/04\/LogoSDG-ScoutsMarke.png","articleSection":["Bildung f\u00fcr Nachhaltige Entwicklung","Einblicke &amp; Perspektiven"],"inLanguage":"en-GB"},{"@type":"WebPage","@id":"https:\/\/baumev.de\/en\/sdg-scouts-nominiert-fuer-internationalen-unesco-preis\/","url":"https:\/\/baumev.de\/en\/sdg-scouts-nominiert-fuer-internationalen-unesco-preis\/","name":"SDG-Scouts\u00ae nominiert f\u00fcr internationalen UNESCO-Preis - BAUM e.V.","isPartOf":{"@id":"\/#website"},"primaryImageOfPage":{"@id":"https:\/\/baumev.de\/en\/sdg-scouts-nominiert-fuer-internationalen-unesco-preis\/#primaryimage"},"image":{"@id":"https:\/\/baumev.de\/en\/sdg-scouts-nominiert-fuer-internationalen-unesco-preis\/#primaryimage"},"thumbnailUrl":"https:\/\/baumev.de\/wp-content\/uploads\/2025\/04\/LogoSDG-ScoutsMarke.png","datePublished":"2025-06-03T14:46:57+00:00","dateModified":"2025-08-18T06:02:24+00:00","breadcrumb":{"@id":"https:\/\/baumev.de\/en\/sdg-scouts-nominiert-fuer-internationalen-unesco-preis\/#breadcrumb"},"inLanguage":"en-GB","potentialAction":[{"@type":"ReadAction","target":["https:\/\/baumev.de\/en\/sdg-scouts-nominiert-fuer-internationalen-unesco-preis\/"]}]},{"@type":"ImageObject","inLanguage":"en-GB","@id":"https:\/\/baumev.de\/en\/sdg-scouts-nominiert-fuer-internationalen-unesco-preis\/#primaryimage","url":"https:\/\/baumev.de\/wp-content\/uploads\/2025\/04\/LogoSDG-ScoutsMarke.png","contentUrl":"https:\/\/baumev.de\/wp-content\/uploads\/2025\/04\/LogoSDG-ScoutsMarke.png","width":2000,"height":1125,"caption":"Logo SDG-Scouts"},{"@type":"BreadcrumbList","@id":"https:\/\/baumev.de\/en\/sdg-scouts-nominiert-fuer-internationalen-unesco-preis\/#breadcrumb","itemListElement":[{"@type":"ListItem","position":1,"name":"Startseite","item":"https:\/\/baumev.de\/en\/"},{"@type":"ListItem","position":2,"name":"SDG-Scouts\u00ae nominiert f\u00fcr internationalen UNESCO-Preis"}]},{"@type":"WebSite","@id":"\/#website","url":"\/","name":"BAUM e.V.","description":"BAUM e.V. \u2013 Netzwerk f\u00fcr nachhaltiges Wirtschaften","publisher":{"@id":"\/#organization"},"potentialAction":[{"@type":"SearchAction","target":{"@type":"EntryPoint","urlTemplate":"\/?s={search_term_string}"},"query-input":{"@type":"PropertyValueSpecification","valueRequired":true,"valueName":"search_term_string"}}],"inLanguage":"en-GB"},{"@type":"Organization","@id":"\/#organization","name":"BAUM e.V.","alternateName":"Bundesdeutscher Arbeitskreis f\u00fcr Umweltbewusstes Management","url":"\/","logo":{"@type":"ImageObject","inLanguage":"en-GB","@id":"\/#\/schema\/logo\/image\/","url":"https:\/\/baumev.de\/wp-content\/uploads\/2025\/04\/Element-1.svg","contentUrl":"https:\/\/baumev.de\/wp-content\/uploads\/2025\/04\/Element-1.svg","width":"1024","height":"1024","caption":"BAUM e.V."},"image":{"@id":"\/#\/schema\/logo\/image\/"},"sameAs":["https:\/\/www.linkedin.com\/company\/baum-ev"]},{"@type":"Person","@id":"\/#\/schema\/person\/7cca3fa2dd5ee9056656013035fb46db","name":"Katrin Wippich"}]}},"_links":{"self":[{"href":"https:\/\/baumev.de\/en\/wp-json\/wp\/v2\/posts\/5759","targetHints":{"allow":["GET"]}}],"collection":[{"href":"https:\/\/baumev.de\/en\/wp-json\/wp\/v2\/posts"}],"about":[{"href":"https:\/\/baumev.de\/en\/wp-json\/wp\/v2\/types\/post"}],"author":[{"embeddable":true,"href":"https:\/\/baumev.de\/en\/wp-json\/wp\/v2\/users\/2"}],"replies":[{"embeddable":true,"href":"https:\/\/baumev.de\/en\/wp-json\/wp\/v2\/comments?post=5759"}],"version-history":[{"count":3,"href":"https:\/\/baumev.de\/en\/wp-json\/wp\/v2\/posts\/5759\/revisions"}],"predecessor-version":[{"id":8089,"href":"https:\/\/baumev.de\/en\/wp-json\/wp\/v2\/posts\/5759\/revisions\/8089"}],"wp:featuredmedia":[{"embeddable":true,"href":"https:\/\/baumev.de\/en\/wp-json\/wp\/v2\/media\/597"}],"wp:attachment":[{"href":"https:\/\/baumev.de\/en\/wp-json\/wp\/v2\/media?parent=5759"}],"wp:term":[{"taxonomy":"category","embeddable":true,"href":"https:\/\/baumev.de\/en\/wp-json\/wp\/v2\/categories?post=5759"},{"taxonomy":"post_tag","embeddable":true,"href":"https:\/\/baumev.de\/en\/wp-json\/wp\/v2\/tags?post=5759"}],"curies":[{"name":"wp","href":"https:\/\/api.w.org\/{rel}","templated":true}]}}