{"id":5763,"date":"2025-06-18T16:53:51","date_gmt":"2025-06-18T14:53:51","guid":{"rendered":"https:\/\/baumev.de\/?p=5763"},"modified":"2025-08-18T08:02:24","modified_gmt":"2025-08-18T06:02:24","slug":"dauermischwaelder-zukunftsweisendes-waldkonzept-im-klimawandel","status":"publish","type":"post","link":"https:\/\/baumev.de\/en\/dauermischwaelder-zukunftsweisendes-waldkonzept-im-klimawandel\/","title":{"rendered":"Dauermischw\u00e4lder \u2013 zukunftsweisendes Waldkonzept im Klimawandel"},"content":{"rendered":"<p style=\"font-weight: 400;\">In Deutschland und Kanada wird ein zukunftsweisendes Waldkonzept umgesetzt, das als Best-Practice-Modell f\u00fcr die Entwicklung von resilienten W\u00e4ldern im Klimawandel gilt. Das von BAUM unterst\u00fctzte Konzept folgt den anspruchsvollen Kriterien des Dauerwaldgedankens von Alfred E. M\u00f6ller.\u00a0Das Konzept f\u00f6rdert eindrucksvoll sowohl die \u00f6kologische Stabilit\u00e4t der W\u00e4lder als auch die Wertholzproduktion in einer ausbalancierten und schonenden Weise. Waldbesitzende haben durch das breite Spektrum der Baumarten eine stabile Einnahmequelle \u2013 und die W\u00e4lder selbst profitieren von einem konsequenten Bodenschutz durch schonende Holzernteverfahren, Kahlschlagverbot und eine hohe biologische Vielfalt.<\/p>\n<p style=\"font-weight: 400;\">Umgesetzt wird das Konzept von der b\u00fcrger:wald:invest der VA Behrens-Gruppe. Mit dem Dauerwaldkonzept f\u00fchrt sie zum einen in Kanada 2.000 Hektar Wald zur Ursprungsform des Akadischen Mischwalds zur\u00fcck. Zum anderen entwickelt sie im Naturpark S\u00fcdharz einen einschichtigen Buchenmischwald in einen vielschichtigen und baumartenreichen Dauermischwald.\u00a0BAUM unterst\u00fctzt diese vorbildlichen Dauermischwaldprojekte und begleitet die Entwicklung in Kanada und Deutschland. Um qualitativ sicherzustellen, dass die Dauerwaldkriterien auch in Zukunft eingehalten werden, wirkt BAUM als Mitglied des Gew\u00e4hrstr\u00e4ger-Beirats an der Projektentwicklung mit.<\/p>\n<p style=\"font-weight: 400;\">Zur F\u00f6rderung der biologischen Vielfalt im Harzwald hat BAUM ein Biotopverbundsystem eingerichtet. Durch Auswahl und Markierung geeigneter Habitatb\u00e4ume entstand so ein System aus biologisch wertvollen Altb\u00e4umen im Zerfallsstadium, die nicht gef\u00e4llt werden d\u00fcrfen. Die Habitatb\u00e4ume bilden einen Korridor und verbinden die vorhandenen Schutzfl\u00e4chen im Wald. Das f\u00f6rdert sowohl die Artenvielfalt als auch den genetischen Austausch der Arten untereinander.<\/p>\n<div id=\"attachment_5767\" style=\"width: 1034px\" class=\"wp-caption aligncenter\"><img loading=\"lazy\" decoding=\"async\" aria-describedby=\"caption-attachment-5767\" class=\"wp-image-5767 size-large\" src=\"https:\/\/baumev.de\/wp-content\/uploads\/2025\/06\/Screenshot_20250315_175640_Avenza-Maps-1-1024x573.jpg\" alt=\"Zur F\u00f6rderung der biologischen Vielfalt im Harzwald hat BAUM ein Biotopverbundsystem eingerichtet. Durch Auswahl und Markierung geeigneter Habitatb\u00e4ume entstand so ein System aus biologisch wertvollen Altb\u00e4umen im Zerfallsstadium, die nicht gef\u00e4llt werden d\u00fcrfen.\" width=\"1024\" height=\"573\" srcset=\"https:\/\/baumev.de\/wp-content\/uploads\/2025\/06\/Screenshot_20250315_175640_Avenza-Maps-1-980x548.jpg 980w, https:\/\/baumev.de\/wp-content\/uploads\/2025\/06\/Screenshot_20250315_175640_Avenza-Maps-1-480x269.jpg 480w\" sizes=\"(min-width: 0px) and (max-width: 480px) 480px, (min-width: 481px) and (max-width: 980px) 980px, (min-width: 981px) 1024px, 100vw\" \/><p id=\"caption-attachment-5767\" class=\"wp-caption-text\">Biotopverbundkonzept im S\u00fcdharz: Habitatb\u00e4ume (rot) verbinden Schutzfl\u00e4chen (gelb) \u2013 Eigene Darstellung auf der Basis einer Karte von b\u00fcrger:wald:invest.<\/p><\/div>\n<p style=\"font-weight: 400;\">Das Dauerwaldprojekt im S\u00fcdharz mit seinen vielf\u00e4ltigen positiven Auswirkungen auf Klima- und Biodiversit\u00e4tsschutz und Waldbewohner wie Luchs, Wildkatze oder Schwarzstorch wird in einem eindrucksvollen\u00a0<a href=\"https:\/\/www.youtube.com\/watch?v=1ZCQ2uVwjDo\">f\u00fcnfmin\u00fctigen Film<\/a>\u00a0vorgestellt, der auf YouTube verf\u00fcgbar ist.<\/p>\n<p style=\"font-weight: 400;\">Eine Vorank\u00fcndigung f\u00fcr alle Interessierten: Im letzten Quartal 2025 werden qualitativ hochwertige Zertifikate erh\u00e4ltlich sein. Es handelt sich um VCS-Zertifikate, die dem h\u00f6chsten internationalen Qualit\u00e4tsstandard gerecht werden und mit dem CCP-Label des renommierten Integrity Council for the Voluntary Carbon Market (ICVCM) ausgezeichnet sind (<a href=\"https:\/\/buergerwaldinvest.de\/\">b\u00fcrger:wald:invest \u2013 In Wald investieren \u2013 Klima sch\u00fctzen \u2013 Verm\u00f6gen sichern<\/a>). Unter der Bezeichnung &#8220;dauer-wald-projekt: CO<sub>2<\/sub>-Zertifikate&#8221; k\u00f6nnen diese Zertifikate aus Kanada, die CO<sub>2<\/sub>-Bindung mit der Dauerwaldbewirtschaftung auch in Deutschland kombinieren, bezogen werden.<\/p>\n","protected":false},"excerpt":{"rendered":"<p>BAUM unterst\u00fctzt Projekte nach dem Dauerwald-Konzept. Das Konzept f\u00f6rdert sowohl die \u00f6kologische Stabilit\u00e4t der W\u00e4lder als auch die Wertholzproduktion in ausbalancierter und schonender Weise.<\/p>\n","protected":false},"author":2,"featured_media":5765,"comment_status":"closed","ping_status":"open","sticky":false,"template":"","format":"standard","meta":{"_acf_changed":false,"_et_pb_use_builder":"","_et_pb_old_content":"","_et_gb_content_width":"","inline_featured_image":false,"footnotes":""},"categories":[12,18],"tags":[],"class_list":["post-5763","post","type-post","status-publish","format-standard","has-post-thumbnail","hentry","category-biodiversitaet-oekosysteme","category-news"],"acf":[],"yoast_head":"<!-- This site is optimized with the Yoast SEO plugin v27.2 - https:\/\/yoast.com\/product\/yoast-seo-wordpress\/ -->\n<title>Dauermischw\u00e4lder \u2013 zukunftsweisendes Waldkonzept im Klimawandel - BAUM e.V.<\/title>\n<meta name=\"robots\" content=\"index, follow, max-snippet:-1, max-image-preview:large, max-video-preview:-1\" \/>\n<link rel=\"canonical\" href=\"https:\/\/baumev.de\/en\/dauermischwaelder-zukunftsweisendes-waldkonzept-im-klimawandel\/\" \/>\n<meta property=\"og:locale\" content=\"en_GB\" \/>\n<meta property=\"og:type\" content=\"article\" \/>\n<meta property=\"og:title\" content=\"Dauermischw\u00e4lder \u2013 zukunftsweisendes Waldkonzept im Klimawandel - BAUM e.V.\" \/>\n<meta property=\"og:description\" content=\"BAUM unterst\u00fctzt Projekte nach dem Dauerwald-Konzept. Das Konzept f\u00f6rdert sowohl die \u00f6kologische Stabilit\u00e4t der W\u00e4lder als auch die Wertholzproduktion in ausbalancierter und schonender Weise.\" \/>\n<meta property=\"og:url\" content=\"https:\/\/baumev.de\/en\/dauermischwaelder-zukunftsweisendes-waldkonzept-im-klimawandel\/\" \/>\n<meta property=\"og:site_name\" content=\"BAUM e.V.\" \/>\n<meta property=\"article:published_time\" content=\"2025-06-18T14:53:51+00:00\" \/>\n<meta property=\"article:modified_time\" content=\"2025-08-18T06:02:24+00:00\" \/>\n<meta property=\"og:image\" content=\"https:\/\/baumev.de\/wp-content\/uploads\/2025\/06\/RKA_2137_2-scaled-e1753198734795.jpg\" \/>\n\t<meta property=\"og:image:width\" content=\"2560\" \/>\n\t<meta property=\"og:image:height\" content=\"1442\" \/>\n\t<meta property=\"og:image:type\" content=\"image\/jpeg\" \/>\n<meta name=\"author\" content=\"Katrin Wippich\" \/>\n<meta name=\"twitter:card\" content=\"summary_large_image\" \/>\n<meta name=\"twitter:label1\" content=\"Written by\" \/>\n\t<meta name=\"twitter:data1\" content=\"Katrin Wippich\" \/>\n\t<meta name=\"twitter:label2\" content=\"Estimated reading time\" \/>\n\t<meta name=\"twitter:data2\" content=\"3 minutes\" \/>\n<script type=\"application\/ld+json\" class=\"yoast-schema-graph\">{\"@context\":\"https:\/\/schema.org\",\"@graph\":[{\"@type\":\"Article\",\"@id\":\"https:\/\/baumev.de\/en\/dauermischwaelder-zukunftsweisendes-waldkonzept-im-klimawandel\/#article\",\"isPartOf\":{\"@id\":\"https:\/\/baumev.de\/en\/dauermischwaelder-zukunftsweisendes-waldkonzept-im-klimawandel\/\"},\"author\":{\"name\":\"Katrin Wippich\",\"@id\":\"\/#\/schema\/person\/7cca3fa2dd5ee9056656013035fb46db\"},\"headline\":\"Dauermischw\u00e4lder \u2013 zukunftsweisendes Waldkonzept im Klimawandel\",\"datePublished\":\"2025-06-18T14:53:51+00:00\",\"dateModified\":\"2025-08-18T06:02:24+00:00\",\"mainEntityOfPage\":{\"@id\":\"https:\/\/baumev.de\/en\/dauermischwaelder-zukunftsweisendes-waldkonzept-im-klimawandel\/\"},\"wordCount\":403,\"publisher\":{\"@id\":\"\/#organization\"},\"image\":{\"@id\":\"https:\/\/baumev.de\/en\/dauermischwaelder-zukunftsweisendes-waldkonzept-im-klimawandel\/#primaryimage\"},\"thumbnailUrl\":\"https:\/\/baumev.de\/wp-content\/uploads\/2025\/06\/RKA_2137_2-scaled-e1753198734795.jpg\",\"articleSection\":[\"Biodiversit\u00e4t &amp; \u00d6kosysteme\",\"Einblicke &amp; Perspektiven\"],\"inLanguage\":\"en-GB\"},{\"@type\":\"WebPage\",\"@id\":\"https:\/\/baumev.de\/en\/dauermischwaelder-zukunftsweisendes-waldkonzept-im-klimawandel\/\",\"url\":\"https:\/\/baumev.de\/en\/dauermischwaelder-zukunftsweisendes-waldkonzept-im-klimawandel\/\",\"name\":\"Dauermischw\u00e4lder \u2013 zukunftsweisendes Waldkonzept im Klimawandel - BAUM e.V.\",\"isPartOf\":{\"@id\":\"\/#website\"},\"primaryImageOfPage\":{\"@id\":\"https:\/\/baumev.de\/en\/dauermischwaelder-zukunftsweisendes-waldkonzept-im-klimawandel\/#primaryimage\"},\"image\":{\"@id\":\"https:\/\/baumev.de\/en\/dauermischwaelder-zukunftsweisendes-waldkonzept-im-klimawandel\/#primaryimage\"},\"thumbnailUrl\":\"https:\/\/baumev.de\/wp-content\/uploads\/2025\/06\/RKA_2137_2-scaled-e1753198734795.jpg\",\"datePublished\":\"2025-06-18T14:53:51+00:00\",\"dateModified\":\"2025-08-18T06:02:24+00:00\",\"breadcrumb\":{\"@id\":\"https:\/\/baumev.de\/en\/dauermischwaelder-zukunftsweisendes-waldkonzept-im-klimawandel\/#breadcrumb\"},\"inLanguage\":\"en-GB\",\"potentialAction\":[{\"@type\":\"ReadAction\",\"target\":[\"https:\/\/baumev.de\/en\/dauermischwaelder-zukunftsweisendes-waldkonzept-im-klimawandel\/\"]}]},{\"@type\":\"ImageObject\",\"inLanguage\":\"en-GB\",\"@id\":\"https:\/\/baumev.de\/en\/dauermischwaelder-zukunftsweisendes-waldkonzept-im-klimawandel\/#primaryimage\",\"url\":\"https:\/\/baumev.de\/wp-content\/uploads\/2025\/06\/RKA_2137_2-scaled-e1753198734795.jpg\",\"contentUrl\":\"https:\/\/baumev.de\/wp-content\/uploads\/2025\/06\/RKA_2137_2-scaled-e1753198734795.jpg\",\"width\":2560,\"height\":1442,\"caption\":\"\u00a9 Rainer Kant\"},{\"@type\":\"BreadcrumbList\",\"@id\":\"https:\/\/baumev.de\/en\/dauermischwaelder-zukunftsweisendes-waldkonzept-im-klimawandel\/#breadcrumb\",\"itemListElement\":[{\"@type\":\"ListItem\",\"position\":1,\"name\":\"Startseite\",\"item\":\"https:\/\/baumev.de\/en\/\"},{\"@type\":\"ListItem\",\"position\":2,\"name\":\"Dauermischw\u00e4lder \u2013 zukunftsweisendes Waldkonzept im Klimawandel\"}]},{\"@type\":\"WebSite\",\"@id\":\"\/#website\",\"url\":\"\/\",\"name\":\"BAUM e.V.\",\"description\":\"BAUM e.V. \u2013 Netzwerk f\u00fcr nachhaltiges Wirtschaften\",\"publisher\":{\"@id\":\"\/#organization\"},\"potentialAction\":[{\"@type\":\"SearchAction\",\"target\":{\"@type\":\"EntryPoint\",\"urlTemplate\":\"\/?s={search_term_string}\"},\"query-input\":{\"@type\":\"PropertyValueSpecification\",\"valueRequired\":true,\"valueName\":\"search_term_string\"}}],\"inLanguage\":\"en-GB\"},{\"@type\":\"Organization\",\"@id\":\"\/#organization\",\"name\":\"BAUM e.V.\",\"alternateName\":\"Bundesdeutscher Arbeitskreis f\u00fcr Umweltbewusstes Management\",\"url\":\"\/\",\"logo\":{\"@type\":\"ImageObject\",\"inLanguage\":\"en-GB\",\"@id\":\"\/#\/schema\/logo\/image\/\",\"url\":\"https:\/\/baumev.de\/wp-content\/uploads\/2025\/04\/Element-1.svg\",\"contentUrl\":\"https:\/\/baumev.de\/wp-content\/uploads\/2025\/04\/Element-1.svg\",\"width\":\"1024\",\"height\":\"1024\",\"caption\":\"BAUM e.V.\"},\"image\":{\"@id\":\"\/#\/schema\/logo\/image\/\"},\"sameAs\":[\"https:\/\/www.linkedin.com\/company\/baum-ev\"]},{\"@type\":\"Person\",\"@id\":\"\/#\/schema\/person\/7cca3fa2dd5ee9056656013035fb46db\",\"name\":\"Katrin Wippich\"}]}<\/script>\n<!-- \/ Yoast SEO plugin. -->","yoast_head_json":{"title":"Dauermischw\u00e4lder \u2013 zukunftsweisendes Waldkonzept im Klimawandel - BAUM e.V.","robots":{"index":"index","follow":"follow","max-snippet":"max-snippet:-1","max-image-preview":"max-image-preview:large","max-video-preview":"max-video-preview:-1"},"canonical":"https:\/\/baumev.de\/en\/dauermischwaelder-zukunftsweisendes-waldkonzept-im-klimawandel\/","og_locale":"en_GB","og_type":"article","og_title":"Dauermischw\u00e4lder \u2013 zukunftsweisendes Waldkonzept im Klimawandel - BAUM e.V.","og_description":"BAUM unterst\u00fctzt Projekte nach dem Dauerwald-Konzept. Das Konzept f\u00f6rdert sowohl die \u00f6kologische Stabilit\u00e4t der W\u00e4lder als auch die Wertholzproduktion in ausbalancierter und schonender Weise.","og_url":"https:\/\/baumev.de\/en\/dauermischwaelder-zukunftsweisendes-waldkonzept-im-klimawandel\/","og_site_name":"BAUM e.V.","article_published_time":"2025-06-18T14:53:51+00:00","article_modified_time":"2025-08-18T06:02:24+00:00","og_image":[{"width":2560,"height":1442,"url":"https:\/\/baumev.de\/wp-content\/uploads\/2025\/06\/RKA_2137_2-scaled-e1753198734795.jpg","type":"image\/jpeg"}],"author":"Katrin Wippich","twitter_card":"summary_large_image","twitter_misc":{"Written by":"Katrin Wippich","Estimated reading time":"3 minutes"},"schema":{"@context":"https:\/\/schema.org","@graph":[{"@type":"Article","@id":"https:\/\/baumev.de\/en\/dauermischwaelder-zukunftsweisendes-waldkonzept-im-klimawandel\/#article","isPartOf":{"@id":"https:\/\/baumev.de\/en\/dauermischwaelder-zukunftsweisendes-waldkonzept-im-klimawandel\/"},"author":{"name":"Katrin Wippich","@id":"\/#\/schema\/person\/7cca3fa2dd5ee9056656013035fb46db"},"headline":"Dauermischw\u00e4lder \u2013 zukunftsweisendes Waldkonzept im Klimawandel","datePublished":"2025-06-18T14:53:51+00:00","dateModified":"2025-08-18T06:02:24+00:00","mainEntityOfPage":{"@id":"https:\/\/baumev.de\/en\/dauermischwaelder-zukunftsweisendes-waldkonzept-im-klimawandel\/"},"wordCount":403,"publisher":{"@id":"\/#organization"},"image":{"@id":"https:\/\/baumev.de\/en\/dauermischwaelder-zukunftsweisendes-waldkonzept-im-klimawandel\/#primaryimage"},"thumbnailUrl":"https:\/\/baumev.de\/wp-content\/uploads\/2025\/06\/RKA_2137_2-scaled-e1753198734795.jpg","articleSection":["Biodiversit\u00e4t &amp; \u00d6kosysteme","Einblicke &amp; Perspektiven"],"inLanguage":"en-GB"},{"@type":"WebPage","@id":"https:\/\/baumev.de\/en\/dauermischwaelder-zukunftsweisendes-waldkonzept-im-klimawandel\/","url":"https:\/\/baumev.de\/en\/dauermischwaelder-zukunftsweisendes-waldkonzept-im-klimawandel\/","name":"Dauermischw\u00e4lder \u2013 zukunftsweisendes Waldkonzept im Klimawandel - BAUM e.V.","isPartOf":{"@id":"\/#website"},"primaryImageOfPage":{"@id":"https:\/\/baumev.de\/en\/dauermischwaelder-zukunftsweisendes-waldkonzept-im-klimawandel\/#primaryimage"},"image":{"@id":"https:\/\/baumev.de\/en\/dauermischwaelder-zukunftsweisendes-waldkonzept-im-klimawandel\/#primaryimage"},"thumbnailUrl":"https:\/\/baumev.de\/wp-content\/uploads\/2025\/06\/RKA_2137_2-scaled-e1753198734795.jpg","datePublished":"2025-06-18T14:53:51+00:00","dateModified":"2025-08-18T06:02:24+00:00","breadcrumb":{"@id":"https:\/\/baumev.de\/en\/dauermischwaelder-zukunftsweisendes-waldkonzept-im-klimawandel\/#breadcrumb"},"inLanguage":"en-GB","potentialAction":[{"@type":"ReadAction","target":["https:\/\/baumev.de\/en\/dauermischwaelder-zukunftsweisendes-waldkonzept-im-klimawandel\/"]}]},{"@type":"ImageObject","inLanguage":"en-GB","@id":"https:\/\/baumev.de\/en\/dauermischwaelder-zukunftsweisendes-waldkonzept-im-klimawandel\/#primaryimage","url":"https:\/\/baumev.de\/wp-content\/uploads\/2025\/06\/RKA_2137_2-scaled-e1753198734795.jpg","contentUrl":"https:\/\/baumev.de\/wp-content\/uploads\/2025\/06\/RKA_2137_2-scaled-e1753198734795.jpg","width":2560,"height":1442,"caption":"\u00a9 Rainer Kant"},{"@type":"BreadcrumbList","@id":"https:\/\/baumev.de\/en\/dauermischwaelder-zukunftsweisendes-waldkonzept-im-klimawandel\/#breadcrumb","itemListElement":[{"@type":"ListItem","position":1,"name":"Startseite","item":"https:\/\/baumev.de\/en\/"},{"@type":"ListItem","position":2,"name":"Dauermischw\u00e4lder \u2013 zukunftsweisendes Waldkonzept im Klimawandel"}]},{"@type":"WebSite","@id":"\/#website","url":"\/","name":"BAUM e.V.","description":"BAUM e.V. \u2013 Netzwerk f\u00fcr nachhaltiges Wirtschaften","publisher":{"@id":"\/#organization"},"potentialAction":[{"@type":"SearchAction","target":{"@type":"EntryPoint","urlTemplate":"\/?s={search_term_string}"},"query-input":{"@type":"PropertyValueSpecification","valueRequired":true,"valueName":"search_term_string"}}],"inLanguage":"en-GB"},{"@type":"Organization","@id":"\/#organization","name":"BAUM e.V.","alternateName":"Bundesdeutscher Arbeitskreis f\u00fcr Umweltbewusstes Management","url":"\/","logo":{"@type":"ImageObject","inLanguage":"en-GB","@id":"\/#\/schema\/logo\/image\/","url":"https:\/\/baumev.de\/wp-content\/uploads\/2025\/04\/Element-1.svg","contentUrl":"https:\/\/baumev.de\/wp-content\/uploads\/2025\/04\/Element-1.svg","width":"1024","height":"1024","caption":"BAUM e.V."},"image":{"@id":"\/#\/schema\/logo\/image\/"},"sameAs":["https:\/\/www.linkedin.com\/company\/baum-ev"]},{"@type":"Person","@id":"\/#\/schema\/person\/7cca3fa2dd5ee9056656013035fb46db","name":"Katrin Wippich"}]}},"_links":{"self":[{"href":"https:\/\/baumev.de\/en\/wp-json\/wp\/v2\/posts\/5763","targetHints":{"allow":["GET"]}}],"collection":[{"href":"https:\/\/baumev.de\/en\/wp-json\/wp\/v2\/posts"}],"about":[{"href":"https:\/\/baumev.de\/en\/wp-json\/wp\/v2\/types\/post"}],"author":[{"embeddable":true,"href":"https:\/\/baumev.de\/en\/wp-json\/wp\/v2\/users\/2"}],"replies":[{"embeddable":true,"href":"https:\/\/baumev.de\/en\/wp-json\/wp\/v2\/comments?post=5763"}],"version-history":[{"count":6,"href":"https:\/\/baumev.de\/en\/wp-json\/wp\/v2\/posts\/5763\/revisions"}],"predecessor-version":[{"id":6101,"href":"https:\/\/baumev.de\/en\/wp-json\/wp\/v2\/posts\/5763\/revisions\/6101"}],"wp:featuredmedia":[{"embeddable":true,"href":"https:\/\/baumev.de\/en\/wp-json\/wp\/v2\/media\/5765"}],"wp:attachment":[{"href":"https:\/\/baumev.de\/en\/wp-json\/wp\/v2\/media?parent=5763"}],"wp:term":[{"taxonomy":"category","embeddable":true,"href":"https:\/\/baumev.de\/en\/wp-json\/wp\/v2\/categories?post=5763"},{"taxonomy":"post_tag","embeddable":true,"href":"https:\/\/baumev.de\/en\/wp-json\/wp\/v2\/tags?post=5763"}],"curies":[{"name":"wp","href":"https:\/\/api.w.org\/{rel}","templated":true}]}}