{"id":5772,"date":"2025-06-25T17:20:01","date_gmt":"2025-06-25T15:20:01","guid":{"rendered":"https:\/\/baumev.de\/?p=5772"},"modified":"2025-08-18T08:02:24","modified_gmt":"2025-08-18T06:02:24","slug":"baum-erhaelt-auszeichnung-durch-die-hamburger-umweltbehoerde","status":"publish","type":"post","link":"https:\/\/baumev.de\/en\/baum-erhaelt-auszeichnung-durch-die-hamburger-umweltbehoerde\/","title":{"rendered":"BAUM erh\u00e4lt Auszeichnung durch die Hamburger Umweltbeh\u00f6rde"},"content":{"rendered":"<p>Dr. Stefanie von Berg, Staatsr\u00e4tin der Hamburger Umweltbeh\u00f6rde, \u00fcberreichte am 24. Juni beim Barcamp &#8220;Bildungsfunkeln f\u00fcr die Zukunft&#8221; das Zertifikat &#8220;nun \u2013 norddeutsch und nachhaltig&#8221; an BAUM und zehn weitere Bildungsakteur:innen und w\u00fcrdigte damit ihr umfassendes zivilgesellschaftliches Engagement im Sinne einer Bildung f\u00fcr nachhaltige Entwicklung (BNE). Die nun-Zertifizierten bef\u00e4higen Menschen, sich zu den \u00f6kologischen und gesellschaftlichen Herausforderungen unserer Zeit eine informierte Meinung zu bilden und sich mit zukunftsorientierten Ideen f\u00fcr eine nachhaltige Transformation zu engagieren.<\/p>\n<p>&#8220;Die Vorstellungskraft von einer positiven, lebenswerten Zukunft ist das, was wir alle in der heutigen Zeit mehr denn je brauchen. Das Leitbild einer nachhaltigen Entwicklung bietet daf\u00fcr wertvolle Orientierung. Daher freut es mich besonders, diese Auszeichnungen mit verleihen zu d\u00fcrfen. Denn es ist dem langj\u00e4hrigen und zielgerichteten Engagement der Ausgezeichneten zu verdanken, dass viele kleine und gro\u00dfe Schritte in Bildungseinrichtungen f\u00fcr eine nachhaltige Transformation unserer Gesellschaft gegangen werden&#8221;, w\u00fcrdigt Staatsr\u00e4tin von Berg das Engagement der Ausgezeichneten.<\/p>\n<div id=\"attachment_5774\" style=\"width: 1034px\" class=\"wp-caption aligncenter\"><img loading=\"lazy\" decoding=\"async\" aria-describedby=\"caption-attachment-5774\" class=\"wp-image-5774 size-large\" src=\"https:\/\/baumev.de\/wp-content\/uploads\/2025\/07\/nun-Zertifizierte-mit-Staatsraetin-von-Berg_2025_CSOF_klein_Zuschn-1024x701.jpg\" alt=\"Gruppenbild aller Zertifizierten mit Staatsr\u00e4tin Dr. Stefanie von Berg\" width=\"1024\" height=\"701\" srcset=\"https:\/\/baumev.de\/wp-content\/uploads\/2025\/07\/nun-Zertifizierte-mit-Staatsraetin-von-Berg_2025_CSOF_klein_Zuschn-980x671.jpg 980w, https:\/\/baumev.de\/wp-content\/uploads\/2025\/07\/nun-Zertifizierte-mit-Staatsraetin-von-Berg_2025_CSOF_klein_Zuschn-480x329.jpg 480w\" sizes=\"(min-width: 0px) and (max-width: 480px) 480px, (min-width: 481px) and (max-width: 980px) 980px, (min-width: 981px) 1024px, 100vw\" \/><p id=\"caption-attachment-5774\" class=\"wp-caption-text\">Staatsr\u00e4tin Dr. Stefanie von Berg (mittlere Reihe, 5.v.l.) mit den nun-Zertifizierten; links neben ihr Lina Weigel, Projektmanagerin SDG-Scouts\u00ae (Foto: S.O.F.)<\/p><\/div>\n<p>Mit ihrer Arbeit s\u00e4hen die nun-Zertifizierten Impulse f\u00fcr andere, dass die Belange des Klima- und Biodiversit\u00e4tsschutzes, der Solidarit\u00e4t und Teilhabe gesellschaftlich verankert werden. Die nun-Zertifizierten vermitteln Wissen rund um Nachhaltigkeit, schneidern aus einer gro\u00dfen Methodenvielfalt zielgruppenspezifische Angebote und er\u00f6ffnen den Teilnehmenden Spielr\u00e4ume, ihre eigene Selbstwirksamkeit zu erfahren. Damit orientieren sie sich am weltweiten Konzept einer Bildung f\u00fcr nachhaltige Entwicklung, das von der UNESCO bef\u00f6rdert wird.<\/p>\n<p>BAUM bietet seinen Mitgliedsunternehmen und allen interessierten Mitarbeitenden, F\u00fchrungskr\u00e4ften oder Nachhaltigkeitsverantwortlichen vielseitige und praxisnahe Formate, um \u00f6kologische und soziale Verantwortung im eigenen Unternehmen zu verankern. In dem Programm\u00a0<a class=\"linkExtern\" href=\"https:\/\/www.sdg-scouts.de\/\" target=\"_blank\" rel=\"noopener\">SDG-Scouts\u00ae<\/a>\u00a0werden Nachwuchskr\u00e4fte zu Nachhaltigkeitsbotschafter:innen im eigenen Unternehmen ausgebildet.<\/p>\n<p>Unter\u00a0<a class=\"linkExtern\" href=\"https:\/\/www.nun-zertifizierung.de\/hamburg\" target=\"_blank\" rel=\"noopener\">www.nun-zertifizierung.de\/hamburg<\/a>\u00a0stellen sich alle aktuellen nun-Zertifizierten im Kurzprofil vor.<\/p>\n<p>Die nun-Zertifizierung macht die Qualit\u00e4t der Bildung f\u00fcr nachhaltige Entwicklung sichtbar und erm\u00f6glicht Schulen, Kitas, Familien und Engagierten, sich im non-formalen Bildungsangebot zu orientieren und Kooperationen f\u00fcr Bildungspartnerschaften aufzubauen.<\/p>\n<p>&#8220;Die nun-Zertifizierung ist seit 2014 in Hamburg zu einer festen Gr\u00f6\u00dfe geworden f\u00fcr hochwertige Bildungsarbeit im Sinne einer nachhaltigen Entwicklung. Im Einklang mit den globalen Entwicklungszielen entwickeln wir das Verfahren in starker Partnerschaft mit den weiteren nun-L\u00e4ndern kontinuierlich weiter. Nicht zuletzt deshalb ist es auch als Ma\u00dfnahme im Hamburger Masterplan BNE 2030 verankert&#8221;, ist sich Ralf Behrens von der Umweltbeh\u00f6rde als Vorsitzender der nun-Kommission sicher.<\/p>\n<p>Die Stadt Hamburg vergibt das nun-Zertifikat seit 2014. Die S.O.F. Save Our Future \u2013 Umweltstiftung organisiert als Hamburger Gesch\u00e4ftsstelle das Zertifizierungsverfahren und den damit verbundenen Qualit\u00e4tsentwicklungsprozess. In den vier beteiligten nun-L\u00e4ndern Hamburg, Mecklenburg-Vorpommern, Sachsen-Anhalt und Schleswig-Holstein sind bereits an die 150 Akteur:innen zertifiziert.<\/p>\n","protected":false},"excerpt":{"rendered":"<p>Dr. Stefanie von Berg, Staatsr\u00e4tin der Hamburger Umweltbeh\u00f6rde, \u00fcberreichte am 24. Juni beim Barcamp &#8220;Bildungsfunkeln f\u00fcr die Zukunft&#8221; das Zertifikat &#8220;nun \u2013 norddeutsch und nachhaltig&#8221; an BAUM und zehn weitere Bildungsakteur:innen.<\/p>\n","protected":false},"author":2,"featured_media":5574,"comment_status":"closed","ping_status":"open","sticky":false,"template":"","format":"standard","meta":{"_acf_changed":false,"_et_pb_use_builder":"","_et_pb_old_content":"","_et_gb_content_width":"","inline_featured_image":false,"footnotes":""},"categories":[11,18],"tags":[],"class_list":["post-5772","post","type-post","status-publish","format-standard","has-post-thumbnail","hentry","category-bildung-fuer-nachhaltige-entwicklung","category-news"],"acf":[],"yoast_head":"<!-- This site is optimized with the Yoast SEO plugin v27.2 - https:\/\/yoast.com\/product\/yoast-seo-wordpress\/ -->\n<title>BAUM erh\u00e4lt Auszeichnung durch die Hamburger Umweltbeh\u00f6rde - BAUM e.V.<\/title>\n<meta name=\"robots\" content=\"index, follow, max-snippet:-1, max-image-preview:large, max-video-preview:-1\" \/>\n<link rel=\"canonical\" href=\"https:\/\/baumev.de\/en\/baum-erhaelt-auszeichnung-durch-die-hamburger-umweltbehoerde\/\" \/>\n<meta property=\"og:locale\" content=\"en_GB\" \/>\n<meta property=\"og:type\" content=\"article\" \/>\n<meta property=\"og:title\" content=\"BAUM erh\u00e4lt Auszeichnung durch die Hamburger Umweltbeh\u00f6rde - BAUM e.V.\" \/>\n<meta property=\"og:description\" content=\"Dr. Stefanie von Berg, Staatsr\u00e4tin der Hamburger Umweltbeh\u00f6rde, \u00fcberreichte am 24. Juni beim Barcamp &quot;Bildungsfunkeln f\u00fcr die Zukunft&quot; das Zertifikat &quot;nun \u2013 norddeutsch und nachhaltig&quot; an BAUM und zehn weitere Bildungsakteur:innen.\" \/>\n<meta property=\"og:url\" content=\"https:\/\/baumev.de\/en\/baum-erhaelt-auszeichnung-durch-die-hamburger-umweltbehoerde\/\" \/>\n<meta property=\"og:site_name\" content=\"BAUM e.V.\" \/>\n<meta property=\"article:published_time\" content=\"2025-06-25T15:20:01+00:00\" \/>\n<meta property=\"article:modified_time\" content=\"2025-08-18T06:02:24+00:00\" \/>\n<meta property=\"og:image\" content=\"https:\/\/baumev.de\/wp-content\/uploads\/2025\/07\/nun_Signet_mit_Slogan.png\" \/>\n\t<meta property=\"og:image:width\" content=\"2000\" \/>\n\t<meta property=\"og:image:height\" content=\"1125\" \/>\n\t<meta property=\"og:image:type\" content=\"image\/png\" \/>\n<meta name=\"author\" content=\"Katrin Wippich\" \/>\n<meta name=\"twitter:card\" content=\"summary_large_image\" \/>\n<meta name=\"twitter:label1\" content=\"Written by\" \/>\n\t<meta name=\"twitter:data1\" content=\"Katrin Wippich\" \/>\n\t<meta name=\"twitter:label2\" content=\"Estimated reading time\" \/>\n\t<meta name=\"twitter:data2\" content=\"3 minutes\" \/>\n<script type=\"application\/ld+json\" class=\"yoast-schema-graph\">{\"@context\":\"https:\/\/schema.org\",\"@graph\":[{\"@type\":\"Article\",\"@id\":\"https:\/\/baumev.de\/en\/baum-erhaelt-auszeichnung-durch-die-hamburger-umweltbehoerde\/#article\",\"isPartOf\":{\"@id\":\"https:\/\/baumev.de\/en\/baum-erhaelt-auszeichnung-durch-die-hamburger-umweltbehoerde\/\"},\"author\":{\"name\":\"Katrin Wippich\",\"@id\":\"\/#\/schema\/person\/7cca3fa2dd5ee9056656013035fb46db\"},\"headline\":\"BAUM erh\u00e4lt Auszeichnung durch die Hamburger Umweltbeh\u00f6rde\",\"datePublished\":\"2025-06-25T15:20:01+00:00\",\"dateModified\":\"2025-08-18T06:02:24+00:00\",\"mainEntityOfPage\":{\"@id\":\"https:\/\/baumev.de\/en\/baum-erhaelt-auszeichnung-durch-die-hamburger-umweltbehoerde\/\"},\"wordCount\":479,\"publisher\":{\"@id\":\"\/#organization\"},\"image\":{\"@id\":\"https:\/\/baumev.de\/en\/baum-erhaelt-auszeichnung-durch-die-hamburger-umweltbehoerde\/#primaryimage\"},\"thumbnailUrl\":\"https:\/\/baumev.de\/wp-content\/uploads\/2025\/07\/nun_Signet_mit_Slogan.png\",\"articleSection\":[\"Bildung f\u00fcr Nachhaltige Entwicklung\",\"Einblicke &amp; Perspektiven\"],\"inLanguage\":\"en-GB\"},{\"@type\":\"WebPage\",\"@id\":\"https:\/\/baumev.de\/en\/baum-erhaelt-auszeichnung-durch-die-hamburger-umweltbehoerde\/\",\"url\":\"https:\/\/baumev.de\/en\/baum-erhaelt-auszeichnung-durch-die-hamburger-umweltbehoerde\/\",\"name\":\"BAUM erh\u00e4lt Auszeichnung durch die Hamburger Umweltbeh\u00f6rde - BAUM e.V.\",\"isPartOf\":{\"@id\":\"\/#website\"},\"primaryImageOfPage\":{\"@id\":\"https:\/\/baumev.de\/en\/baum-erhaelt-auszeichnung-durch-die-hamburger-umweltbehoerde\/#primaryimage\"},\"image\":{\"@id\":\"https:\/\/baumev.de\/en\/baum-erhaelt-auszeichnung-durch-die-hamburger-umweltbehoerde\/#primaryimage\"},\"thumbnailUrl\":\"https:\/\/baumev.de\/wp-content\/uploads\/2025\/07\/nun_Signet_mit_Slogan.png\",\"datePublished\":\"2025-06-25T15:20:01+00:00\",\"dateModified\":\"2025-08-18T06:02:24+00:00\",\"breadcrumb\":{\"@id\":\"https:\/\/baumev.de\/en\/baum-erhaelt-auszeichnung-durch-die-hamburger-umweltbehoerde\/#breadcrumb\"},\"inLanguage\":\"en-GB\",\"potentialAction\":[{\"@type\":\"ReadAction\",\"target\":[\"https:\/\/baumev.de\/en\/baum-erhaelt-auszeichnung-durch-die-hamburger-umweltbehoerde\/\"]}]},{\"@type\":\"ImageObject\",\"inLanguage\":\"en-GB\",\"@id\":\"https:\/\/baumev.de\/en\/baum-erhaelt-auszeichnung-durch-die-hamburger-umweltbehoerde\/#primaryimage\",\"url\":\"https:\/\/baumev.de\/wp-content\/uploads\/2025\/07\/nun_Signet_mit_Slogan.png\",\"contentUrl\":\"https:\/\/baumev.de\/wp-content\/uploads\/2025\/07\/nun_Signet_mit_Slogan.png\",\"width\":2000,\"height\":1125,\"caption\":\"Logo der Initiative nun\"},{\"@type\":\"BreadcrumbList\",\"@id\":\"https:\/\/baumev.de\/en\/baum-erhaelt-auszeichnung-durch-die-hamburger-umweltbehoerde\/#breadcrumb\",\"itemListElement\":[{\"@type\":\"ListItem\",\"position\":1,\"name\":\"Startseite\",\"item\":\"https:\/\/baumev.de\/en\/\"},{\"@type\":\"ListItem\",\"position\":2,\"name\":\"BAUM erh\u00e4lt Auszeichnung durch die Hamburger Umweltbeh\u00f6rde\"}]},{\"@type\":\"WebSite\",\"@id\":\"\/#website\",\"url\":\"\/\",\"name\":\"BAUM e.V.\",\"description\":\"BAUM e.V. \u2013 Netzwerk f\u00fcr nachhaltiges Wirtschaften\",\"publisher\":{\"@id\":\"\/#organization\"},\"potentialAction\":[{\"@type\":\"SearchAction\",\"target\":{\"@type\":\"EntryPoint\",\"urlTemplate\":\"\/?s={search_term_string}\"},\"query-input\":{\"@type\":\"PropertyValueSpecification\",\"valueRequired\":true,\"valueName\":\"search_term_string\"}}],\"inLanguage\":\"en-GB\"},{\"@type\":\"Organization\",\"@id\":\"\/#organization\",\"name\":\"BAUM e.V.\",\"alternateName\":\"Bundesdeutscher Arbeitskreis f\u00fcr Umweltbewusstes Management\",\"url\":\"\/\",\"logo\":{\"@type\":\"ImageObject\",\"inLanguage\":\"en-GB\",\"@id\":\"\/#\/schema\/logo\/image\/\",\"url\":\"https:\/\/baumev.de\/wp-content\/uploads\/2025\/04\/Element-1.svg\",\"contentUrl\":\"https:\/\/baumev.de\/wp-content\/uploads\/2025\/04\/Element-1.svg\",\"width\":\"1024\",\"height\":\"1024\",\"caption\":\"BAUM e.V.\"},\"image\":{\"@id\":\"\/#\/schema\/logo\/image\/\"},\"sameAs\":[\"https:\/\/www.linkedin.com\/company\/baum-ev\"]},{\"@type\":\"Person\",\"@id\":\"\/#\/schema\/person\/7cca3fa2dd5ee9056656013035fb46db\",\"name\":\"Katrin Wippich\"}]}<\/script>\n<!-- \/ Yoast SEO plugin. -->","yoast_head_json":{"title":"BAUM erh\u00e4lt Auszeichnung durch die Hamburger Umweltbeh\u00f6rde - BAUM e.V.","robots":{"index":"index","follow":"follow","max-snippet":"max-snippet:-1","max-image-preview":"max-image-preview:large","max-video-preview":"max-video-preview:-1"},"canonical":"https:\/\/baumev.de\/en\/baum-erhaelt-auszeichnung-durch-die-hamburger-umweltbehoerde\/","og_locale":"en_GB","og_type":"article","og_title":"BAUM erh\u00e4lt Auszeichnung durch die Hamburger Umweltbeh\u00f6rde - BAUM e.V.","og_description":"Dr. Stefanie von Berg, Staatsr\u00e4tin der Hamburger Umweltbeh\u00f6rde, \u00fcberreichte am 24. Juni beim Barcamp \"Bildungsfunkeln f\u00fcr die Zukunft\" das Zertifikat \"nun \u2013 norddeutsch und nachhaltig\" an BAUM und zehn weitere Bildungsakteur:innen.","og_url":"https:\/\/baumev.de\/en\/baum-erhaelt-auszeichnung-durch-die-hamburger-umweltbehoerde\/","og_site_name":"BAUM e.V.","article_published_time":"2025-06-25T15:20:01+00:00","article_modified_time":"2025-08-18T06:02:24+00:00","og_image":[{"width":2000,"height":1125,"url":"https:\/\/baumev.de\/wp-content\/uploads\/2025\/07\/nun_Signet_mit_Slogan.png","type":"image\/png"}],"author":"Katrin Wippich","twitter_card":"summary_large_image","twitter_misc":{"Written by":"Katrin Wippich","Estimated reading time":"3 minutes"},"schema":{"@context":"https:\/\/schema.org","@graph":[{"@type":"Article","@id":"https:\/\/baumev.de\/en\/baum-erhaelt-auszeichnung-durch-die-hamburger-umweltbehoerde\/#article","isPartOf":{"@id":"https:\/\/baumev.de\/en\/baum-erhaelt-auszeichnung-durch-die-hamburger-umweltbehoerde\/"},"author":{"name":"Katrin Wippich","@id":"\/#\/schema\/person\/7cca3fa2dd5ee9056656013035fb46db"},"headline":"BAUM erh\u00e4lt Auszeichnung durch die Hamburger Umweltbeh\u00f6rde","datePublished":"2025-06-25T15:20:01+00:00","dateModified":"2025-08-18T06:02:24+00:00","mainEntityOfPage":{"@id":"https:\/\/baumev.de\/en\/baum-erhaelt-auszeichnung-durch-die-hamburger-umweltbehoerde\/"},"wordCount":479,"publisher":{"@id":"\/#organization"},"image":{"@id":"https:\/\/baumev.de\/en\/baum-erhaelt-auszeichnung-durch-die-hamburger-umweltbehoerde\/#primaryimage"},"thumbnailUrl":"https:\/\/baumev.de\/wp-content\/uploads\/2025\/07\/nun_Signet_mit_Slogan.png","articleSection":["Bildung f\u00fcr Nachhaltige Entwicklung","Einblicke &amp; Perspektiven"],"inLanguage":"en-GB"},{"@type":"WebPage","@id":"https:\/\/baumev.de\/en\/baum-erhaelt-auszeichnung-durch-die-hamburger-umweltbehoerde\/","url":"https:\/\/baumev.de\/en\/baum-erhaelt-auszeichnung-durch-die-hamburger-umweltbehoerde\/","name":"BAUM erh\u00e4lt Auszeichnung durch die Hamburger Umweltbeh\u00f6rde - BAUM e.V.","isPartOf":{"@id":"\/#website"},"primaryImageOfPage":{"@id":"https:\/\/baumev.de\/en\/baum-erhaelt-auszeichnung-durch-die-hamburger-umweltbehoerde\/#primaryimage"},"image":{"@id":"https:\/\/baumev.de\/en\/baum-erhaelt-auszeichnung-durch-die-hamburger-umweltbehoerde\/#primaryimage"},"thumbnailUrl":"https:\/\/baumev.de\/wp-content\/uploads\/2025\/07\/nun_Signet_mit_Slogan.png","datePublished":"2025-06-25T15:20:01+00:00","dateModified":"2025-08-18T06:02:24+00:00","breadcrumb":{"@id":"https:\/\/baumev.de\/en\/baum-erhaelt-auszeichnung-durch-die-hamburger-umweltbehoerde\/#breadcrumb"},"inLanguage":"en-GB","potentialAction":[{"@type":"ReadAction","target":["https:\/\/baumev.de\/en\/baum-erhaelt-auszeichnung-durch-die-hamburger-umweltbehoerde\/"]}]},{"@type":"ImageObject","inLanguage":"en-GB","@id":"https:\/\/baumev.de\/en\/baum-erhaelt-auszeichnung-durch-die-hamburger-umweltbehoerde\/#primaryimage","url":"https:\/\/baumev.de\/wp-content\/uploads\/2025\/07\/nun_Signet_mit_Slogan.png","contentUrl":"https:\/\/baumev.de\/wp-content\/uploads\/2025\/07\/nun_Signet_mit_Slogan.png","width":2000,"height":1125,"caption":"Logo der Initiative nun"},{"@type":"BreadcrumbList","@id":"https:\/\/baumev.de\/en\/baum-erhaelt-auszeichnung-durch-die-hamburger-umweltbehoerde\/#breadcrumb","itemListElement":[{"@type":"ListItem","position":1,"name":"Startseite","item":"https:\/\/baumev.de\/en\/"},{"@type":"ListItem","position":2,"name":"BAUM erh\u00e4lt Auszeichnung durch die Hamburger Umweltbeh\u00f6rde"}]},{"@type":"WebSite","@id":"\/#website","url":"\/","name":"BAUM e.V.","description":"BAUM e.V. \u2013 Netzwerk f\u00fcr nachhaltiges Wirtschaften","publisher":{"@id":"\/#organization"},"potentialAction":[{"@type":"SearchAction","target":{"@type":"EntryPoint","urlTemplate":"\/?s={search_term_string}"},"query-input":{"@type":"PropertyValueSpecification","valueRequired":true,"valueName":"search_term_string"}}],"inLanguage":"en-GB"},{"@type":"Organization","@id":"\/#organization","name":"BAUM e.V.","alternateName":"Bundesdeutscher Arbeitskreis f\u00fcr Umweltbewusstes Management","url":"\/","logo":{"@type":"ImageObject","inLanguage":"en-GB","@id":"\/#\/schema\/logo\/image\/","url":"https:\/\/baumev.de\/wp-content\/uploads\/2025\/04\/Element-1.svg","contentUrl":"https:\/\/baumev.de\/wp-content\/uploads\/2025\/04\/Element-1.svg","width":"1024","height":"1024","caption":"BAUM e.V."},"image":{"@id":"\/#\/schema\/logo\/image\/"},"sameAs":["https:\/\/www.linkedin.com\/company\/baum-ev"]},{"@type":"Person","@id":"\/#\/schema\/person\/7cca3fa2dd5ee9056656013035fb46db","name":"Katrin Wippich"}]}},"_links":{"self":[{"href":"https:\/\/baumev.de\/en\/wp-json\/wp\/v2\/posts\/5772","targetHints":{"allow":["GET"]}}],"collection":[{"href":"https:\/\/baumev.de\/en\/wp-json\/wp\/v2\/posts"}],"about":[{"href":"https:\/\/baumev.de\/en\/wp-json\/wp\/v2\/types\/post"}],"author":[{"embeddable":true,"href":"https:\/\/baumev.de\/en\/wp-json\/wp\/v2\/users\/2"}],"replies":[{"embeddable":true,"href":"https:\/\/baumev.de\/en\/wp-json\/wp\/v2\/comments?post=5772"}],"version-history":[{"count":8,"href":"https:\/\/baumev.de\/en\/wp-json\/wp\/v2\/posts\/5772\/revisions"}],"predecessor-version":[{"id":6100,"href":"https:\/\/baumev.de\/en\/wp-json\/wp\/v2\/posts\/5772\/revisions\/6100"}],"wp:featuredmedia":[{"embeddable":true,"href":"https:\/\/baumev.de\/en\/wp-json\/wp\/v2\/media\/5574"}],"wp:attachment":[{"href":"https:\/\/baumev.de\/en\/wp-json\/wp\/v2\/media?parent=5772"}],"wp:term":[{"taxonomy":"category","embeddable":true,"href":"https:\/\/baumev.de\/en\/wp-json\/wp\/v2\/categories?post=5772"},{"taxonomy":"post_tag","embeddable":true,"href":"https:\/\/baumev.de\/en\/wp-json\/wp\/v2\/tags?post=5772"}],"curies":[{"name":"wp","href":"https:\/\/api.w.org\/{rel}","templated":true}]}}