{"id":6096,"date":"2025-07-22T11:26:07","date_gmt":"2025-07-22T09:26:07","guid":{"rendered":"https:\/\/baumev.de\/?p=6096"},"modified":"2025-08-18T08:02:24","modified_gmt":"2025-08-18T06:02:24","slug":"warum-es-hoechste-zeit-zum-handeln-ist-und-nachhaltigkeit-selbstverstaendlich-werden-muss","status":"publish","type":"post","link":"https:\/\/baumev.de\/en\/warum-es-hoechste-zeit-zum-handeln-ist-und-nachhaltigkeit-selbstverstaendlich-werden-muss\/","title":{"rendered":"Warum es h\u00f6chste Zeit zum Handeln ist und Nachhaltigkeit selbstverst\u00e4ndlich werden muss"},"content":{"rendered":"<p>Yvonne Zwick fordert in ihrem neuen Buch dazu auf, aktiv zu werden \u2013 nicht aus Idealismus, sondern aus der Erkenntnis heraus, dass die Erde nur dann weiterhin ein lebenswerter Ort bleibt, wenn wir alle unseren Teil dazu beitragen. Wer jetzt nicht handelt, tr\u00e4gt die Verantwortung daf\u00fcr, dass nachhaltige Entwicklung, nachhaltige wirtschaftliche Prozesse und zukunftsf\u00e4hige Lebensstile keine Chance haben.<\/p>\n<p>In 17 radikalen Thesen, die sich an den 17 Sustainable Development Goals (SDGs) orientieren, erl\u00e4utert die BAUM-Vorsitzende in ihrem Buch, wie wir Nachhaltigkeit fest in unserem Leben und Handeln verankern k\u00f6nnen:<\/p>\n<ul>\n<li>Weniger ist leer \u2013 und klimasensible Ern\u00e4hrung ist eine Zumutung. Von Unterern\u00e4hrung hin zu gesunder Ern\u00e4hrung. Ist es nur ein Verteilungsproblem, dann ist es eigentlich kein Problem!<\/li>\n<li>Schlechte Bildung muss man sich leisten k\u00f6nnen. Investitionen in Bildung sind Investitionen in Demokratie und Freiheit.<\/li>\n<li>Gatekeeper nerven. Und Quoten auch. Dennoch sind sie ein Schl\u00fcssel f\u00fcr Gerechtigkeit. Jeder Mensch, jedes Individuum hat alle Chancen verdient, die eigene Geschichte und das eigene Image selbst zu pr\u00e4gen.<\/li>\n<li>Dezentrale Strukturen sind gute Strukturen. Energiewende selber machen, Autonomie st\u00e4rken und Energiem\u00e4rkte demokratisieren \u2013 das ist auch eine Form, Autonomie und resiliente Wirtschaft vor Ort zu st\u00e4rken.<\/li>\n<li>Die Debatte um Klimawandel ist von (vor)gestern. Nachhaltig leben ist wie Z\u00e4hne putzen: nicht diskutieren, nicht nachdenken. Einfach machen.<\/li>\n<li>Nachhaltigkeitspolitik ist Sicherheitspolitik. Wir m\u00fcssen Budgets und politische Priorit\u00e4ten konsequent auf die Sicherung der Zukunft und die Daseinsvorsorge ausrichten.<\/li>\n<li>Wer den Wandel wirklich will, kooperiert. Nachhaltigkeit erfordert Partnerschaften, die nicht von Egos oder \u201eNot invented here\u201c-Mentalit\u00e4t eingez\u00e4unt werden.<\/li>\n<\/ul>\n<p>Yvonne Zwick ist Spezialistin f\u00fcr nachhaltigen Konsum und nachhaltiges Wirtschaften. Ihre Vision ist eine Wirtschaft, die jedem Menschen n\u00fctzt und niemandem schadet, kurz: eine distributive, inklusive \u00d6konomie, die mehr Werte schafft als zerst\u00f6rt. Sie ist Diplom-Theologin und seit 2021 Vorsitzende von BAUM e.V.<\/p>\n<p><strong>Das Buch erscheint Anfang September bei Haufe<\/strong> und kann bereits <a href=\"https:\/\/shop.haufe.de\/prod\/nachhaltigkeit-machen\">hier<\/a> vorbestellt werden.<\/p>\n<p><a href=\"https:\/\/baumev.de\/wp-content\/uploads\/2025\/07\/Pressemappe_Zwick_Nachhaltigkeit-machen.pdf\" target=\"_blank\" rel=\"noopener\">Pressemappe zum Buch<\/a><\/p>\n","protected":false},"excerpt":{"rendered":"<p>Yvonne Zwick fordert in ihrem neuen Buch dazu auf, aktiv zu werden \u2013 nicht aus Idealismus, sondern aus der Erkenntnis heraus, dass die Erde nur dann weiterhin ein lebenswerter Ort bleibt, wenn wir alle unseren Teil dazu beitragen.<\/p>\n","protected":false},"author":2,"featured_media":6097,"comment_status":"closed","ping_status":"open","sticky":false,"template":"","format":"standard","meta":{"_acf_changed":false,"_et_pb_use_builder":"","_et_pb_old_content":"","_et_gb_content_width":"","inline_featured_image":false,"footnotes":""},"categories":[18],"tags":[],"class_list":["post-6096","post","type-post","status-publish","format-standard","has-post-thumbnail","hentry","category-news"],"acf":[],"yoast_head":"<!-- This site is optimized with the Yoast SEO plugin v27.2 - https:\/\/yoast.com\/product\/yoast-seo-wordpress\/ -->\n<title>Warum es h\u00f6chste Zeit zum Handeln ist und Nachhaltigkeit selbstverst\u00e4ndlich werden muss - BAUM e.V.<\/title>\n<meta name=\"robots\" content=\"index, follow, max-snippet:-1, max-image-preview:large, max-video-preview:-1\" \/>\n<link rel=\"canonical\" href=\"https:\/\/baumev.de\/en\/warum-es-hoechste-zeit-zum-handeln-ist-und-nachhaltigkeit-selbstverstaendlich-werden-muss\/\" \/>\n<meta property=\"og:locale\" content=\"en_GB\" \/>\n<meta property=\"og:type\" content=\"article\" \/>\n<meta property=\"og:title\" content=\"Warum es h\u00f6chste Zeit zum Handeln ist und Nachhaltigkeit selbstverst\u00e4ndlich werden muss - BAUM e.V.\" \/>\n<meta property=\"og:description\" content=\"Yvonne Zwick fordert in ihrem neuen Buch dazu auf, aktiv zu werden \u2013 nicht aus Idealismus, sondern aus der Erkenntnis heraus, dass die Erde nur dann weiterhin ein lebenswerter Ort bleibt, wenn wir alle unseren Teil dazu beitragen.\" \/>\n<meta property=\"og:url\" content=\"https:\/\/baumev.de\/en\/warum-es-hoechste-zeit-zum-handeln-ist-und-nachhaltigkeit-selbstverstaendlich-werden-muss\/\" \/>\n<meta property=\"og:site_name\" content=\"BAUM e.V.\" \/>\n<meta property=\"article:published_time\" content=\"2025-07-22T09:26:07+00:00\" \/>\n<meta property=\"article:modified_time\" content=\"2025-08-18T06:02:24+00:00\" \/>\n<meta property=\"og:image\" content=\"https:\/\/baumev.de\/wp-content\/uploads\/2025\/07\/Cover_YZ_Haufe_16zu9.png\" \/>\n\t<meta property=\"og:image:width\" content=\"2000\" \/>\n\t<meta property=\"og:image:height\" content=\"1125\" \/>\n\t<meta property=\"og:image:type\" content=\"image\/png\" \/>\n<meta name=\"author\" content=\"Katrin Wippich\" \/>\n<meta name=\"twitter:card\" content=\"summary_large_image\" \/>\n<meta name=\"twitter:label1\" content=\"Written by\" \/>\n\t<meta name=\"twitter:data1\" content=\"Katrin Wippich\" \/>\n\t<meta name=\"twitter:label2\" content=\"Estimated reading time\" \/>\n\t<meta name=\"twitter:data2\" content=\"2 minutes\" \/>\n<script type=\"application\/ld+json\" class=\"yoast-schema-graph\">{\"@context\":\"https:\/\/schema.org\",\"@graph\":[{\"@type\":\"Article\",\"@id\":\"https:\/\/baumev.de\/en\/warum-es-hoechste-zeit-zum-handeln-ist-und-nachhaltigkeit-selbstverstaendlich-werden-muss\/#article\",\"isPartOf\":{\"@id\":\"https:\/\/baumev.de\/en\/warum-es-hoechste-zeit-zum-handeln-ist-und-nachhaltigkeit-selbstverstaendlich-werden-muss\/\"},\"author\":{\"name\":\"Katrin Wippich\",\"@id\":\"\/#\/schema\/person\/7cca3fa2dd5ee9056656013035fb46db\"},\"headline\":\"Warum es h\u00f6chste Zeit zum Handeln ist und Nachhaltigkeit selbstverst\u00e4ndlich werden muss\",\"datePublished\":\"2025-07-22T09:26:07+00:00\",\"dateModified\":\"2025-08-18T06:02:24+00:00\",\"mainEntityOfPage\":{\"@id\":\"https:\/\/baumev.de\/en\/warum-es-hoechste-zeit-zum-handeln-ist-und-nachhaltigkeit-selbstverstaendlich-werden-muss\/\"},\"wordCount\":339,\"publisher\":{\"@id\":\"\/#organization\"},\"image\":{\"@id\":\"https:\/\/baumev.de\/en\/warum-es-hoechste-zeit-zum-handeln-ist-und-nachhaltigkeit-selbstverstaendlich-werden-muss\/#primaryimage\"},\"thumbnailUrl\":\"https:\/\/baumev.de\/wp-content\/uploads\/2025\/07\/Cover_YZ_Haufe_16zu9.png\",\"articleSection\":[\"Einblicke &amp; Perspektiven\"],\"inLanguage\":\"en-GB\"},{\"@type\":\"WebPage\",\"@id\":\"https:\/\/baumev.de\/en\/warum-es-hoechste-zeit-zum-handeln-ist-und-nachhaltigkeit-selbstverstaendlich-werden-muss\/\",\"url\":\"https:\/\/baumev.de\/en\/warum-es-hoechste-zeit-zum-handeln-ist-und-nachhaltigkeit-selbstverstaendlich-werden-muss\/\",\"name\":\"Warum es h\u00f6chste Zeit zum Handeln ist und Nachhaltigkeit selbstverst\u00e4ndlich werden muss - BAUM e.V.\",\"isPartOf\":{\"@id\":\"\/#website\"},\"primaryImageOfPage\":{\"@id\":\"https:\/\/baumev.de\/en\/warum-es-hoechste-zeit-zum-handeln-ist-und-nachhaltigkeit-selbstverstaendlich-werden-muss\/#primaryimage\"},\"image\":{\"@id\":\"https:\/\/baumev.de\/en\/warum-es-hoechste-zeit-zum-handeln-ist-und-nachhaltigkeit-selbstverstaendlich-werden-muss\/#primaryimage\"},\"thumbnailUrl\":\"https:\/\/baumev.de\/wp-content\/uploads\/2025\/07\/Cover_YZ_Haufe_16zu9.png\",\"datePublished\":\"2025-07-22T09:26:07+00:00\",\"dateModified\":\"2025-08-18T06:02:24+00:00\",\"breadcrumb\":{\"@id\":\"https:\/\/baumev.de\/en\/warum-es-hoechste-zeit-zum-handeln-ist-und-nachhaltigkeit-selbstverstaendlich-werden-muss\/#breadcrumb\"},\"inLanguage\":\"en-GB\",\"potentialAction\":[{\"@type\":\"ReadAction\",\"target\":[\"https:\/\/baumev.de\/en\/warum-es-hoechste-zeit-zum-handeln-ist-und-nachhaltigkeit-selbstverstaendlich-werden-muss\/\"]}]},{\"@type\":\"ImageObject\",\"inLanguage\":\"en-GB\",\"@id\":\"https:\/\/baumev.de\/en\/warum-es-hoechste-zeit-zum-handeln-ist-und-nachhaltigkeit-selbstverstaendlich-werden-muss\/#primaryimage\",\"url\":\"https:\/\/baumev.de\/wp-content\/uploads\/2025\/07\/Cover_YZ_Haufe_16zu9.png\",\"contentUrl\":\"https:\/\/baumev.de\/wp-content\/uploads\/2025\/07\/Cover_YZ_Haufe_16zu9.png\",\"width\":2000,\"height\":1125,\"caption\":\"Cover des Buchs \\\"\\\"Nachhaltigkeit machen. 17 radikale Thesen f\u00fcr echten Wandel\\\" von Yvonne Zwick\"},{\"@type\":\"BreadcrumbList\",\"@id\":\"https:\/\/baumev.de\/en\/warum-es-hoechste-zeit-zum-handeln-ist-und-nachhaltigkeit-selbstverstaendlich-werden-muss\/#breadcrumb\",\"itemListElement\":[{\"@type\":\"ListItem\",\"position\":1,\"name\":\"Startseite\",\"item\":\"https:\/\/baumev.de\/en\/\"},{\"@type\":\"ListItem\",\"position\":2,\"name\":\"Warum es h\u00f6chste Zeit zum Handeln ist und Nachhaltigkeit selbstverst\u00e4ndlich werden muss\"}]},{\"@type\":\"WebSite\",\"@id\":\"\/#website\",\"url\":\"\/\",\"name\":\"BAUM e.V.\",\"description\":\"BAUM e.V. \u2013 Netzwerk f\u00fcr nachhaltiges Wirtschaften\",\"publisher\":{\"@id\":\"\/#organization\"},\"potentialAction\":[{\"@type\":\"SearchAction\",\"target\":{\"@type\":\"EntryPoint\",\"urlTemplate\":\"\/?s={search_term_string}\"},\"query-input\":{\"@type\":\"PropertyValueSpecification\",\"valueRequired\":true,\"valueName\":\"search_term_string\"}}],\"inLanguage\":\"en-GB\"},{\"@type\":\"Organization\",\"@id\":\"\/#organization\",\"name\":\"BAUM e.V.\",\"alternateName\":\"Bundesdeutscher Arbeitskreis f\u00fcr Umweltbewusstes Management\",\"url\":\"\/\",\"logo\":{\"@type\":\"ImageObject\",\"inLanguage\":\"en-GB\",\"@id\":\"\/#\/schema\/logo\/image\/\",\"url\":\"https:\/\/baumev.de\/wp-content\/uploads\/2025\/04\/Element-1.svg\",\"contentUrl\":\"https:\/\/baumev.de\/wp-content\/uploads\/2025\/04\/Element-1.svg\",\"width\":\"1024\",\"height\":\"1024\",\"caption\":\"BAUM e.V.\"},\"image\":{\"@id\":\"\/#\/schema\/logo\/image\/\"},\"sameAs\":[\"https:\/\/www.linkedin.com\/company\/baum-ev\"]},{\"@type\":\"Person\",\"@id\":\"\/#\/schema\/person\/7cca3fa2dd5ee9056656013035fb46db\",\"name\":\"Katrin Wippich\"}]}<\/script>\n<!-- \/ Yoast SEO plugin. -->","yoast_head_json":{"title":"Warum es h\u00f6chste Zeit zum Handeln ist und Nachhaltigkeit selbstverst\u00e4ndlich werden muss - BAUM e.V.","robots":{"index":"index","follow":"follow","max-snippet":"max-snippet:-1","max-image-preview":"max-image-preview:large","max-video-preview":"max-video-preview:-1"},"canonical":"https:\/\/baumev.de\/en\/warum-es-hoechste-zeit-zum-handeln-ist-und-nachhaltigkeit-selbstverstaendlich-werden-muss\/","og_locale":"en_GB","og_type":"article","og_title":"Warum es h\u00f6chste Zeit zum Handeln ist und Nachhaltigkeit selbstverst\u00e4ndlich werden muss - BAUM e.V.","og_description":"Yvonne Zwick fordert in ihrem neuen Buch dazu auf, aktiv zu werden \u2013 nicht aus Idealismus, sondern aus der Erkenntnis heraus, dass die Erde nur dann weiterhin ein lebenswerter Ort bleibt, wenn wir alle unseren Teil dazu beitragen.","og_url":"https:\/\/baumev.de\/en\/warum-es-hoechste-zeit-zum-handeln-ist-und-nachhaltigkeit-selbstverstaendlich-werden-muss\/","og_site_name":"BAUM e.V.","article_published_time":"2025-07-22T09:26:07+00:00","article_modified_time":"2025-08-18T06:02:24+00:00","og_image":[{"width":2000,"height":1125,"url":"https:\/\/baumev.de\/wp-content\/uploads\/2025\/07\/Cover_YZ_Haufe_16zu9.png","type":"image\/png"}],"author":"Katrin Wippich","twitter_card":"summary_large_image","twitter_misc":{"Written by":"Katrin Wippich","Estimated reading time":"2 minutes"},"schema":{"@context":"https:\/\/schema.org","@graph":[{"@type":"Article","@id":"https:\/\/baumev.de\/en\/warum-es-hoechste-zeit-zum-handeln-ist-und-nachhaltigkeit-selbstverstaendlich-werden-muss\/#article","isPartOf":{"@id":"https:\/\/baumev.de\/en\/warum-es-hoechste-zeit-zum-handeln-ist-und-nachhaltigkeit-selbstverstaendlich-werden-muss\/"},"author":{"name":"Katrin Wippich","@id":"\/#\/schema\/person\/7cca3fa2dd5ee9056656013035fb46db"},"headline":"Warum es h\u00f6chste Zeit zum Handeln ist und Nachhaltigkeit selbstverst\u00e4ndlich werden muss","datePublished":"2025-07-22T09:26:07+00:00","dateModified":"2025-08-18T06:02:24+00:00","mainEntityOfPage":{"@id":"https:\/\/baumev.de\/en\/warum-es-hoechste-zeit-zum-handeln-ist-und-nachhaltigkeit-selbstverstaendlich-werden-muss\/"},"wordCount":339,"publisher":{"@id":"\/#organization"},"image":{"@id":"https:\/\/baumev.de\/en\/warum-es-hoechste-zeit-zum-handeln-ist-und-nachhaltigkeit-selbstverstaendlich-werden-muss\/#primaryimage"},"thumbnailUrl":"https:\/\/baumev.de\/wp-content\/uploads\/2025\/07\/Cover_YZ_Haufe_16zu9.png","articleSection":["Einblicke &amp; Perspektiven"],"inLanguage":"en-GB"},{"@type":"WebPage","@id":"https:\/\/baumev.de\/en\/warum-es-hoechste-zeit-zum-handeln-ist-und-nachhaltigkeit-selbstverstaendlich-werden-muss\/","url":"https:\/\/baumev.de\/en\/warum-es-hoechste-zeit-zum-handeln-ist-und-nachhaltigkeit-selbstverstaendlich-werden-muss\/","name":"Warum es h\u00f6chste Zeit zum Handeln ist und Nachhaltigkeit selbstverst\u00e4ndlich werden muss - BAUM e.V.","isPartOf":{"@id":"\/#website"},"primaryImageOfPage":{"@id":"https:\/\/baumev.de\/en\/warum-es-hoechste-zeit-zum-handeln-ist-und-nachhaltigkeit-selbstverstaendlich-werden-muss\/#primaryimage"},"image":{"@id":"https:\/\/baumev.de\/en\/warum-es-hoechste-zeit-zum-handeln-ist-und-nachhaltigkeit-selbstverstaendlich-werden-muss\/#primaryimage"},"thumbnailUrl":"https:\/\/baumev.de\/wp-content\/uploads\/2025\/07\/Cover_YZ_Haufe_16zu9.png","datePublished":"2025-07-22T09:26:07+00:00","dateModified":"2025-08-18T06:02:24+00:00","breadcrumb":{"@id":"https:\/\/baumev.de\/en\/warum-es-hoechste-zeit-zum-handeln-ist-und-nachhaltigkeit-selbstverstaendlich-werden-muss\/#breadcrumb"},"inLanguage":"en-GB","potentialAction":[{"@type":"ReadAction","target":["https:\/\/baumev.de\/en\/warum-es-hoechste-zeit-zum-handeln-ist-und-nachhaltigkeit-selbstverstaendlich-werden-muss\/"]}]},{"@type":"ImageObject","inLanguage":"en-GB","@id":"https:\/\/baumev.de\/en\/warum-es-hoechste-zeit-zum-handeln-ist-und-nachhaltigkeit-selbstverstaendlich-werden-muss\/#primaryimage","url":"https:\/\/baumev.de\/wp-content\/uploads\/2025\/07\/Cover_YZ_Haufe_16zu9.png","contentUrl":"https:\/\/baumev.de\/wp-content\/uploads\/2025\/07\/Cover_YZ_Haufe_16zu9.png","width":2000,"height":1125,"caption":"Cover des Buchs \"\"Nachhaltigkeit machen. 17 radikale Thesen f\u00fcr echten Wandel\" von Yvonne Zwick"},{"@type":"BreadcrumbList","@id":"https:\/\/baumev.de\/en\/warum-es-hoechste-zeit-zum-handeln-ist-und-nachhaltigkeit-selbstverstaendlich-werden-muss\/#breadcrumb","itemListElement":[{"@type":"ListItem","position":1,"name":"Startseite","item":"https:\/\/baumev.de\/en\/"},{"@type":"ListItem","position":2,"name":"Warum es h\u00f6chste Zeit zum Handeln ist und Nachhaltigkeit selbstverst\u00e4ndlich werden muss"}]},{"@type":"WebSite","@id":"\/#website","url":"\/","name":"BAUM e.V.","description":"BAUM e.V. \u2013 Netzwerk f\u00fcr nachhaltiges Wirtschaften","publisher":{"@id":"\/#organization"},"potentialAction":[{"@type":"SearchAction","target":{"@type":"EntryPoint","urlTemplate":"\/?s={search_term_string}"},"query-input":{"@type":"PropertyValueSpecification","valueRequired":true,"valueName":"search_term_string"}}],"inLanguage":"en-GB"},{"@type":"Organization","@id":"\/#organization","name":"BAUM e.V.","alternateName":"Bundesdeutscher Arbeitskreis f\u00fcr Umweltbewusstes Management","url":"\/","logo":{"@type":"ImageObject","inLanguage":"en-GB","@id":"\/#\/schema\/logo\/image\/","url":"https:\/\/baumev.de\/wp-content\/uploads\/2025\/04\/Element-1.svg","contentUrl":"https:\/\/baumev.de\/wp-content\/uploads\/2025\/04\/Element-1.svg","width":"1024","height":"1024","caption":"BAUM e.V."},"image":{"@id":"\/#\/schema\/logo\/image\/"},"sameAs":["https:\/\/www.linkedin.com\/company\/baum-ev"]},{"@type":"Person","@id":"\/#\/schema\/person\/7cca3fa2dd5ee9056656013035fb46db","name":"Katrin Wippich"}]}},"_links":{"self":[{"href":"https:\/\/baumev.de\/en\/wp-json\/wp\/v2\/posts\/6096","targetHints":{"allow":["GET"]}}],"collection":[{"href":"https:\/\/baumev.de\/en\/wp-json\/wp\/v2\/posts"}],"about":[{"href":"https:\/\/baumev.de\/en\/wp-json\/wp\/v2\/types\/post"}],"author":[{"embeddable":true,"href":"https:\/\/baumev.de\/en\/wp-json\/wp\/v2\/users\/2"}],"replies":[{"embeddable":true,"href":"https:\/\/baumev.de\/en\/wp-json\/wp\/v2\/comments?post=6096"}],"version-history":[{"count":4,"href":"https:\/\/baumev.de\/en\/wp-json\/wp\/v2\/posts\/6096\/revisions"}],"predecessor-version":[{"id":6412,"href":"https:\/\/baumev.de\/en\/wp-json\/wp\/v2\/posts\/6096\/revisions\/6412"}],"wp:featuredmedia":[{"embeddable":true,"href":"https:\/\/baumev.de\/en\/wp-json\/wp\/v2\/media\/6097"}],"wp:attachment":[{"href":"https:\/\/baumev.de\/en\/wp-json\/wp\/v2\/media?parent=6096"}],"wp:term":[{"taxonomy":"category","embeddable":true,"href":"https:\/\/baumev.de\/en\/wp-json\/wp\/v2\/categories?post=6096"},{"taxonomy":"post_tag","embeddable":true,"href":"https:\/\/baumev.de\/en\/wp-json\/wp\/v2\/tags?post=6096"}],"curies":[{"name":"wp","href":"https:\/\/api.w.org\/{rel}","templated":true}]}}