{"id":6358,"date":"2025-07-23T19:40:20","date_gmt":"2025-07-23T17:40:20","guid":{"rendered":"https:\/\/baumev.de\/?p=6358"},"modified":"2025-08-28T14:22:34","modified_gmt":"2025-08-28T12:22:34","slug":"scouts-for-future-wie-junge-mitarbeitende-unternehmen-nachhaltig-veraendern","status":"publish","type":"post","link":"https:\/\/baumev.de\/en\/scouts-for-future-wie-junge-mitarbeitende-unternehmen-nachhaltig-veraendern\/","title":{"rendered":"Scouts for Future \u2013 Wie junge Mitarbeitende Unternehmen nachhaltig ver\u00e4ndern"},"content":{"rendered":"<p>Wie bringt man Nachhaltigkeit in Unternehmen wirklich voran \u2013 und zwar von innen heraus? In ihrem Podcast MAGIC BRAIN KICKS spricht Maria Hoffacker Lina Weigel, Projektmanagerin SDG-Scouts\u00ae bei BAUM, \u00fcber das Bildungs- und Transformationsprogramm, das jungen Mitarbeitenden die Power gibt, echten Wandel zu initiieren.<\/p>\n<p>Lina Weigel gibt Einblicke in die Entstehungsgeschichte des Programms, erz\u00e4hlt von Erfolgsprojekten aus \u00fcber 130 Unternehmen und warum die Verbindung von Nachhaltigkeit und Nachwuchsf\u00f6rderung genau jetzt so wichtig ist.<\/p>\n<p><a href=\"https:\/\/www.drmariahoffacker.com\/scouts-for-future-wie-junge-mitarbeitende-unternehmen-nachhaltig-veraendern-mit-lina-weigel-143\/\">Hier geht&#8217;s zum Podcast.<\/a><\/p>\n<p>Und hier erfahren Sie mehr \u00fcber die <a href=\"https:\/\/www.sdg-scouts.de\/\">SDG-Scouts<\/a>\u00ae.<\/p>\n","protected":false},"excerpt":{"rendered":"<p>In ihrem Podcast MAGIC BRAIN KICKS spricht Maria Hoffacker Lina Weigel, Projektmanagerin SDG-Scouts\u00ae bei BAUM, \u00fcber das Bildungs- und Transformationsprogramm, das jungen Mitarbeitenden die Power gibt, echten Wandel zu initiieren.<\/p>\n","protected":false},"author":2,"featured_media":6359,"comment_status":"closed","ping_status":"open","sticky":false,"template":"","format":"standard","meta":{"_acf_changed":false,"_et_pb_use_builder":"","_et_pb_old_content":"","_et_gb_content_width":"","inline_featured_image":false,"footnotes":""},"categories":[11,18],"tags":[],"class_list":["post-6358","post","type-post","status-publish","format-standard","has-post-thumbnail","hentry","category-bildung-fuer-nachhaltige-entwicklung","category-news"],"acf":[],"yoast_head":"<!-- This site is optimized with the Yoast SEO plugin v27.2 - https:\/\/yoast.com\/product\/yoast-seo-wordpress\/ -->\n<title>Scouts for Future \u2013 Wie junge Mitarbeitende Unternehmen nachhaltig ver\u00e4ndern - BAUM e.V.<\/title>\n<meta name=\"robots\" content=\"index, follow, max-snippet:-1, max-image-preview:large, max-video-preview:-1\" \/>\n<link rel=\"canonical\" href=\"https:\/\/baumev.de\/en\/scouts-for-future-wie-junge-mitarbeitende-unternehmen-nachhaltig-veraendern\/\" \/>\n<meta property=\"og:locale\" content=\"en_GB\" \/>\n<meta property=\"og:type\" content=\"article\" \/>\n<meta property=\"og:title\" content=\"Scouts for Future \u2013 Wie junge Mitarbeitende Unternehmen nachhaltig ver\u00e4ndern - BAUM e.V.\" \/>\n<meta property=\"og:description\" content=\"In ihrem Podcast MAGIC BRAIN KICKS spricht Maria Hoffacker Lina Weigel, Projektmanagerin SDG-Scouts\u00ae bei BAUM, \u00fcber das Bildungs- und Transformationsprogramm, das jungen Mitarbeitenden die Power gibt, echten Wandel zu initiieren.\" \/>\n<meta property=\"og:url\" content=\"https:\/\/baumev.de\/en\/scouts-for-future-wie-junge-mitarbeitende-unternehmen-nachhaltig-veraendern\/\" \/>\n<meta property=\"og:site_name\" content=\"BAUM e.V.\" \/>\n<meta property=\"article:published_time\" content=\"2025-07-23T17:40:20+00:00\" \/>\n<meta property=\"article:modified_time\" content=\"2025-08-28T12:22:34+00:00\" \/>\n<meta property=\"og:image\" content=\"https:\/\/baumev.de\/wp-content\/uploads\/2025\/07\/Podcast_Magic_Brain_Kicks.png\" \/>\n\t<meta property=\"og:image:width\" content=\"2000\" \/>\n\t<meta property=\"og:image:height\" content=\"1125\" \/>\n\t<meta property=\"og:image:type\" content=\"image\/png\" \/>\n<meta name=\"author\" content=\"Katrin Wippich\" \/>\n<meta name=\"twitter:card\" content=\"summary_large_image\" \/>\n<meta name=\"twitter:label1\" content=\"Written by\" \/>\n\t<meta name=\"twitter:data1\" content=\"Katrin Wippich\" \/>\n\t<meta name=\"twitter:label2\" content=\"Estimated reading time\" \/>\n\t<meta name=\"twitter:data2\" content=\"1 minute\" \/>\n<script type=\"application\/ld+json\" class=\"yoast-schema-graph\">{\"@context\":\"https:\/\/schema.org\",\"@graph\":[{\"@type\":\"Article\",\"@id\":\"https:\/\/baumev.de\/en\/scouts-for-future-wie-junge-mitarbeitende-unternehmen-nachhaltig-veraendern\/#article\",\"isPartOf\":{\"@id\":\"https:\/\/baumev.de\/en\/scouts-for-future-wie-junge-mitarbeitende-unternehmen-nachhaltig-veraendern\/\"},\"author\":{\"name\":\"Katrin Wippich\",\"@id\":\"\/#\/schema\/person\/7cca3fa2dd5ee9056656013035fb46db\"},\"headline\":\"Scouts for Future \u2013 Wie junge Mitarbeitende Unternehmen nachhaltig ver\u00e4ndern\",\"datePublished\":\"2025-07-23T17:40:20+00:00\",\"dateModified\":\"2025-08-28T12:22:34+00:00\",\"mainEntityOfPage\":{\"@id\":\"https:\/\/baumev.de\/en\/scouts-for-future-wie-junge-mitarbeitende-unternehmen-nachhaltig-veraendern\/\"},\"wordCount\":96,\"publisher\":{\"@id\":\"\/#organization\"},\"image\":{\"@id\":\"https:\/\/baumev.de\/en\/scouts-for-future-wie-junge-mitarbeitende-unternehmen-nachhaltig-veraendern\/#primaryimage\"},\"thumbnailUrl\":\"https:\/\/baumev.de\/wp-content\/uploads\/2025\/07\/Podcast_Magic_Brain_Kicks.png\",\"articleSection\":[\"Bildung f\u00fcr Nachhaltige Entwicklung\",\"Einblicke &amp; Perspektiven\"],\"inLanguage\":\"en-GB\"},{\"@type\":\"WebPage\",\"@id\":\"https:\/\/baumev.de\/en\/scouts-for-future-wie-junge-mitarbeitende-unternehmen-nachhaltig-veraendern\/\",\"url\":\"https:\/\/baumev.de\/en\/scouts-for-future-wie-junge-mitarbeitende-unternehmen-nachhaltig-veraendern\/\",\"name\":\"Scouts for Future \u2013 Wie junge Mitarbeitende Unternehmen nachhaltig ver\u00e4ndern - BAUM e.V.\",\"isPartOf\":{\"@id\":\"\/#website\"},\"primaryImageOfPage\":{\"@id\":\"https:\/\/baumev.de\/en\/scouts-for-future-wie-junge-mitarbeitende-unternehmen-nachhaltig-veraendern\/#primaryimage\"},\"image\":{\"@id\":\"https:\/\/baumev.de\/en\/scouts-for-future-wie-junge-mitarbeitende-unternehmen-nachhaltig-veraendern\/#primaryimage\"},\"thumbnailUrl\":\"https:\/\/baumev.de\/wp-content\/uploads\/2025\/07\/Podcast_Magic_Brain_Kicks.png\",\"datePublished\":\"2025-07-23T17:40:20+00:00\",\"dateModified\":\"2025-08-28T12:22:34+00:00\",\"breadcrumb\":{\"@id\":\"https:\/\/baumev.de\/en\/scouts-for-future-wie-junge-mitarbeitende-unternehmen-nachhaltig-veraendern\/#breadcrumb\"},\"inLanguage\":\"en-GB\",\"potentialAction\":[{\"@type\":\"ReadAction\",\"target\":[\"https:\/\/baumev.de\/en\/scouts-for-future-wie-junge-mitarbeitende-unternehmen-nachhaltig-veraendern\/\"]}]},{\"@type\":\"ImageObject\",\"inLanguage\":\"en-GB\",\"@id\":\"https:\/\/baumev.de\/en\/scouts-for-future-wie-junge-mitarbeitende-unternehmen-nachhaltig-veraendern\/#primaryimage\",\"url\":\"https:\/\/baumev.de\/wp-content\/uploads\/2025\/07\/Podcast_Magic_Brain_Kicks.png\",\"contentUrl\":\"https:\/\/baumev.de\/wp-content\/uploads\/2025\/07\/Podcast_Magic_Brain_Kicks.png\",\"width\":2000,\"height\":1125,\"caption\":\"Cover des Podcasts mit Maria Hoffacken und Lina Weigel\"},{\"@type\":\"BreadcrumbList\",\"@id\":\"https:\/\/baumev.de\/en\/scouts-for-future-wie-junge-mitarbeitende-unternehmen-nachhaltig-veraendern\/#breadcrumb\",\"itemListElement\":[{\"@type\":\"ListItem\",\"position\":1,\"name\":\"Startseite\",\"item\":\"https:\/\/baumev.de\/en\/\"},{\"@type\":\"ListItem\",\"position\":2,\"name\":\"Scouts for Future \u2013 Wie junge Mitarbeitende Unternehmen nachhaltig ver\u00e4ndern\"}]},{\"@type\":\"WebSite\",\"@id\":\"\/#website\",\"url\":\"\/\",\"name\":\"BAUM e.V.\",\"description\":\"BAUM e.V. \u2013 Netzwerk f\u00fcr nachhaltiges Wirtschaften\",\"publisher\":{\"@id\":\"\/#organization\"},\"potentialAction\":[{\"@type\":\"SearchAction\",\"target\":{\"@type\":\"EntryPoint\",\"urlTemplate\":\"\/?s={search_term_string}\"},\"query-input\":{\"@type\":\"PropertyValueSpecification\",\"valueRequired\":true,\"valueName\":\"search_term_string\"}}],\"inLanguage\":\"en-GB\"},{\"@type\":\"Organization\",\"@id\":\"\/#organization\",\"name\":\"BAUM e.V.\",\"alternateName\":\"Bundesdeutscher Arbeitskreis f\u00fcr Umweltbewusstes Management\",\"url\":\"\/\",\"logo\":{\"@type\":\"ImageObject\",\"inLanguage\":\"en-GB\",\"@id\":\"\/#\/schema\/logo\/image\/\",\"url\":\"https:\/\/baumev.de\/wp-content\/uploads\/2025\/04\/Element-1.svg\",\"contentUrl\":\"https:\/\/baumev.de\/wp-content\/uploads\/2025\/04\/Element-1.svg\",\"width\":\"1024\",\"height\":\"1024\",\"caption\":\"BAUM e.V.\"},\"image\":{\"@id\":\"\/#\/schema\/logo\/image\/\"},\"sameAs\":[\"https:\/\/www.linkedin.com\/company\/baum-ev\"]},{\"@type\":\"Person\",\"@id\":\"\/#\/schema\/person\/7cca3fa2dd5ee9056656013035fb46db\",\"name\":\"Katrin Wippich\"}]}<\/script>\n<!-- \/ Yoast SEO plugin. -->","yoast_head_json":{"title":"Scouts for Future \u2013 Wie junge Mitarbeitende Unternehmen nachhaltig ver\u00e4ndern - BAUM e.V.","robots":{"index":"index","follow":"follow","max-snippet":"max-snippet:-1","max-image-preview":"max-image-preview:large","max-video-preview":"max-video-preview:-1"},"canonical":"https:\/\/baumev.de\/en\/scouts-for-future-wie-junge-mitarbeitende-unternehmen-nachhaltig-veraendern\/","og_locale":"en_GB","og_type":"article","og_title":"Scouts for Future \u2013 Wie junge Mitarbeitende Unternehmen nachhaltig ver\u00e4ndern - BAUM e.V.","og_description":"In ihrem Podcast MAGIC BRAIN KICKS spricht Maria Hoffacker Lina Weigel, Projektmanagerin SDG-Scouts\u00ae bei BAUM, \u00fcber das Bildungs- und Transformationsprogramm, das jungen Mitarbeitenden die Power gibt, echten Wandel zu initiieren.","og_url":"https:\/\/baumev.de\/en\/scouts-for-future-wie-junge-mitarbeitende-unternehmen-nachhaltig-veraendern\/","og_site_name":"BAUM e.V.","article_published_time":"2025-07-23T17:40:20+00:00","article_modified_time":"2025-08-28T12:22:34+00:00","og_image":[{"width":2000,"height":1125,"url":"https:\/\/baumev.de\/wp-content\/uploads\/2025\/07\/Podcast_Magic_Brain_Kicks.png","type":"image\/png"}],"author":"Katrin Wippich","twitter_card":"summary_large_image","twitter_misc":{"Written by":"Katrin Wippich","Estimated reading time":"1 minute"},"schema":{"@context":"https:\/\/schema.org","@graph":[{"@type":"Article","@id":"https:\/\/baumev.de\/en\/scouts-for-future-wie-junge-mitarbeitende-unternehmen-nachhaltig-veraendern\/#article","isPartOf":{"@id":"https:\/\/baumev.de\/en\/scouts-for-future-wie-junge-mitarbeitende-unternehmen-nachhaltig-veraendern\/"},"author":{"name":"Katrin Wippich","@id":"\/#\/schema\/person\/7cca3fa2dd5ee9056656013035fb46db"},"headline":"Scouts for Future \u2013 Wie junge Mitarbeitende Unternehmen nachhaltig ver\u00e4ndern","datePublished":"2025-07-23T17:40:20+00:00","dateModified":"2025-08-28T12:22:34+00:00","mainEntityOfPage":{"@id":"https:\/\/baumev.de\/en\/scouts-for-future-wie-junge-mitarbeitende-unternehmen-nachhaltig-veraendern\/"},"wordCount":96,"publisher":{"@id":"\/#organization"},"image":{"@id":"https:\/\/baumev.de\/en\/scouts-for-future-wie-junge-mitarbeitende-unternehmen-nachhaltig-veraendern\/#primaryimage"},"thumbnailUrl":"https:\/\/baumev.de\/wp-content\/uploads\/2025\/07\/Podcast_Magic_Brain_Kicks.png","articleSection":["Bildung f\u00fcr Nachhaltige Entwicklung","Einblicke &amp; Perspektiven"],"inLanguage":"en-GB"},{"@type":"WebPage","@id":"https:\/\/baumev.de\/en\/scouts-for-future-wie-junge-mitarbeitende-unternehmen-nachhaltig-veraendern\/","url":"https:\/\/baumev.de\/en\/scouts-for-future-wie-junge-mitarbeitende-unternehmen-nachhaltig-veraendern\/","name":"Scouts for Future \u2013 Wie junge Mitarbeitende Unternehmen nachhaltig ver\u00e4ndern - BAUM e.V.","isPartOf":{"@id":"\/#website"},"primaryImageOfPage":{"@id":"https:\/\/baumev.de\/en\/scouts-for-future-wie-junge-mitarbeitende-unternehmen-nachhaltig-veraendern\/#primaryimage"},"image":{"@id":"https:\/\/baumev.de\/en\/scouts-for-future-wie-junge-mitarbeitende-unternehmen-nachhaltig-veraendern\/#primaryimage"},"thumbnailUrl":"https:\/\/baumev.de\/wp-content\/uploads\/2025\/07\/Podcast_Magic_Brain_Kicks.png","datePublished":"2025-07-23T17:40:20+00:00","dateModified":"2025-08-28T12:22:34+00:00","breadcrumb":{"@id":"https:\/\/baumev.de\/en\/scouts-for-future-wie-junge-mitarbeitende-unternehmen-nachhaltig-veraendern\/#breadcrumb"},"inLanguage":"en-GB","potentialAction":[{"@type":"ReadAction","target":["https:\/\/baumev.de\/en\/scouts-for-future-wie-junge-mitarbeitende-unternehmen-nachhaltig-veraendern\/"]}]},{"@type":"ImageObject","inLanguage":"en-GB","@id":"https:\/\/baumev.de\/en\/scouts-for-future-wie-junge-mitarbeitende-unternehmen-nachhaltig-veraendern\/#primaryimage","url":"https:\/\/baumev.de\/wp-content\/uploads\/2025\/07\/Podcast_Magic_Brain_Kicks.png","contentUrl":"https:\/\/baumev.de\/wp-content\/uploads\/2025\/07\/Podcast_Magic_Brain_Kicks.png","width":2000,"height":1125,"caption":"Cover des Podcasts mit Maria Hoffacken und Lina Weigel"},{"@type":"BreadcrumbList","@id":"https:\/\/baumev.de\/en\/scouts-for-future-wie-junge-mitarbeitende-unternehmen-nachhaltig-veraendern\/#breadcrumb","itemListElement":[{"@type":"ListItem","position":1,"name":"Startseite","item":"https:\/\/baumev.de\/en\/"},{"@type":"ListItem","position":2,"name":"Scouts for Future \u2013 Wie junge Mitarbeitende Unternehmen nachhaltig ver\u00e4ndern"}]},{"@type":"WebSite","@id":"\/#website","url":"\/","name":"BAUM e.V.","description":"BAUM e.V. \u2013 Netzwerk f\u00fcr nachhaltiges Wirtschaften","publisher":{"@id":"\/#organization"},"potentialAction":[{"@type":"SearchAction","target":{"@type":"EntryPoint","urlTemplate":"\/?s={search_term_string}"},"query-input":{"@type":"PropertyValueSpecification","valueRequired":true,"valueName":"search_term_string"}}],"inLanguage":"en-GB"},{"@type":"Organization","@id":"\/#organization","name":"BAUM e.V.","alternateName":"Bundesdeutscher Arbeitskreis f\u00fcr Umweltbewusstes Management","url":"\/","logo":{"@type":"ImageObject","inLanguage":"en-GB","@id":"\/#\/schema\/logo\/image\/","url":"https:\/\/baumev.de\/wp-content\/uploads\/2025\/04\/Element-1.svg","contentUrl":"https:\/\/baumev.de\/wp-content\/uploads\/2025\/04\/Element-1.svg","width":"1024","height":"1024","caption":"BAUM e.V."},"image":{"@id":"\/#\/schema\/logo\/image\/"},"sameAs":["https:\/\/www.linkedin.com\/company\/baum-ev"]},{"@type":"Person","@id":"\/#\/schema\/person\/7cca3fa2dd5ee9056656013035fb46db","name":"Katrin Wippich"}]}},"_links":{"self":[{"href":"https:\/\/baumev.de\/en\/wp-json\/wp\/v2\/posts\/6358","targetHints":{"allow":["GET"]}}],"collection":[{"href":"https:\/\/baumev.de\/en\/wp-json\/wp\/v2\/posts"}],"about":[{"href":"https:\/\/baumev.de\/en\/wp-json\/wp\/v2\/types\/post"}],"author":[{"embeddable":true,"href":"https:\/\/baumev.de\/en\/wp-json\/wp\/v2\/users\/2"}],"replies":[{"embeddable":true,"href":"https:\/\/baumev.de\/en\/wp-json\/wp\/v2\/comments?post=6358"}],"version-history":[{"count":2,"href":"https:\/\/baumev.de\/en\/wp-json\/wp\/v2\/posts\/6358\/revisions"}],"predecessor-version":[{"id":8989,"href":"https:\/\/baumev.de\/en\/wp-json\/wp\/v2\/posts\/6358\/revisions\/8989"}],"wp:featuredmedia":[{"embeddable":true,"href":"https:\/\/baumev.de\/en\/wp-json\/wp\/v2\/media\/6359"}],"wp:attachment":[{"href":"https:\/\/baumev.de\/en\/wp-json\/wp\/v2\/media?parent=6358"}],"wp:term":[{"taxonomy":"category","embeddable":true,"href":"https:\/\/baumev.de\/en\/wp-json\/wp\/v2\/categories?post=6358"},{"taxonomy":"post_tag","embeddable":true,"href":"https:\/\/baumev.de\/en\/wp-json\/wp\/v2\/tags?post=6358"}],"curies":[{"name":"wp","href":"https:\/\/api.w.org\/{rel}","templated":true}]}}