{"id":8863,"date":"2025-08-26T10:07:59","date_gmt":"2025-08-26T08:07:59","guid":{"rendered":"https:\/\/baumev.de\/?p=8863"},"modified":"2025-08-26T10:32:07","modified_gmt":"2025-08-26T08:32:07","slug":"bis-2030-lassen-sich-deutliche-fortschritte-hin-zum-zirkulaeren-wirtschaften-erzielen","status":"publish","type":"post","link":"https:\/\/baumev.de\/en\/bis-2030-lassen-sich-deutliche-fortschritte-hin-zum-zirkulaeren-wirtschaften-erzielen\/","title":{"rendered":"\u201eBis 2030 lassen sich deutliche Fortschritte hin zum zirkul\u00e4ren Wirtschaften erzielen.\u201c"},"content":{"rendered":"<p class=\"p2 mcePastedContent\" data-pm-slice=\"1 1 []\">Interview mit Dr. Oliver Wolfrum, Gesch\u00e4ftsf\u00fchrer des Verbands Deutscher Wellpappe (VDW) und Generalbevollm\u00e4chtigtem des Forum \u00d6kologisch Verpacken (F\u00d6V), \u00fcber die Imagewirkung von Verpackungen, klimaschonende Innovationen und Mythen \u00fcber Mehrwegverpackungen.<\/p>\n<hr \/>\n<p><strong>Was motiviert Sie pers\u00f6nlich, sich so intensiv mit \u00f6kologischer Verpackung zu besch\u00e4ftigen?<\/strong><\/p>\n<p>Mit der Gr\u00fcndung des Forum \u00d6kologisch Verpacken (F\u00d6V) vor dreizehn Jahren haben Hersteller von Wellpappenverpackungen einen Dialogprozess f\u00fcr die St\u00e4rkung der Kreislaufwirtschaft in Gang gesetzt. Das ist mir ein gro\u00dfes Anliegen. Denn Fortschritte beim \u00f6kologischen Verpacken sind nicht Sache einzelner Akteure, sondern nur in einer gemeinsamen Anstrengung von Unternehmen, Politik und Verbrauchern zu erzielen.<\/p>\n<p><strong>Wie sieht Ihrer Meinung nach die Verpackungslandschaft 2030 aus \u2013 und welche Rolle spielt die Gesetzgebung dabei? <\/strong><\/p>\n<p>Ich bin davon \u00fcberzeugt: Bis 2030 lassen sich deutliche Fortschritte hin zum zirkul\u00e4ren Wirtschaften erzielen. Auf diesem Weg braucht es tragf\u00e4hige politische Entscheidungen auf Basis verl\u00e4sslicher und offen zug\u00e4nglicher Information \u00fcber Umwelteinfl\u00fcsse und Kreislaufwirtschaft. Sie sollten effizient, evidenzbasiert und mit wenig B\u00fcrokratie verbunden sein. Diese Positionen teilen wir gemeinsam mit Experten aus Wirtschaft, Politik und Wissenschaft, wie ein Workshop des F\u00d6V im Fr\u00fchjahr gezeigt hat.<\/p>\n<p><strong>Welche Fehler oder Irrt\u00fcmer begegnen Ihnen, wenn Unternehmen Nachhaltigkeit bei Verpackungen umsetzen wollen?<\/strong><\/p>\n<p>Der vielleicht hartn\u00e4ckigste Mythos ist die Annahme, Mehrwegverpackungen seien grunds\u00e4tzlich \u00f6kologisch vorteilhaft. Dass die mehrfache Bef\u00fcllung einer Verpackung nur unter bestimmten Voraussetzungen Umweltvorteile erzielen kann, ist vielfach wissenschaftlich nachgewiesen. So ist f\u00fcr den Fall der Transportverpackungen aus Wellpappe anhand verschiedener Szenarien belegt, dass diese Verpackungen unter dem Aspekt Treibhausgasemissionen \u00fcberwiegend besser abschneiden als entsprechende Mehrwegl\u00f6sungen.<\/p>\n<p><strong>Inwiefern kann nachhaltiges Verpacken ein Wettbewerbsvorteil sein?<\/strong><\/p>\n<p>Verpackungen haben Imagewirkung. Das sieht jeder beim Gang durch die Regale des Supermarkts. Viele Konsumg\u00fcterhersteller informieren daher ihre Kunden \u00fcber die Umwelteigenschaften ihrer Verpackungen. Die Ziele, Verpackung zu reduzieren oder die Recyclingf\u00e4higkeit zu erh\u00f6hen, stehen dabei im Vordergrund. Auch die Substitution von Kunststoff durch Kreislaufmaterialen wie Papier, Pappe oder Wellpappe tragen zu einem \u00f6kologisch verantwortungsbewussten Unternehmensimage bei.<\/p>\n<p><strong>Welche Innovationen oder Forschungsergebnisse zum Thema Wellpappe sind besonders vielversprechend im Sinne von Nachhaltigkeit?<\/strong><\/p>\n<p>Innovationen sind f\u00fcr die Entwickler von Wellpappenverpackungen Teil ihrer t\u00e4glichen Arbeit. So l\u00e4sst sich beispielsweise durch neue konstruktive L\u00f6sungen der Materialeinsatz reduzieren, ohne dabei Abstriche an der Schutzwirkung machen zu m\u00fcssen. Gro\u00dfe Fortschritte erzielen die Hersteller beim Klimaschutz. So konnte in der europ\u00e4ischen Wellpappenindustrie der CO\u2082-Fu\u00dfabdruck einer durchschnittlichen Wellpappenverpackung bereits von 531 CO\u2082e\/t im Jahr 2018 auf 491 CO\u2082e\/t im Jahr 2022 gesenkt werden.<\/p>\n<hr \/>\n<p>Wollen Sie mehr zum Thema Verpackung erfahren, auch im Kontext der neuen EU-Verpackungsverordnung (PPWR) und des Circular Economy Action Plan (CEAP)? Dann empfehlen wir den Praxistalk am 22. Oktober.<\/p>\n","protected":false},"excerpt":{"rendered":"<p>Interview mit Dr. Oliver Wolfrum, Gesch\u00e4ftsf\u00fchrer des Verbands Deutscher Wellpappe (VDW) und Generalbevollm\u00e4chtigtem des Forum \u00d6kologisch Verpacken (F\u00d6V), \u00fcber die Imagewirkung von Verpackungen, klimaschonende Innovationen und Mythen \u00fcber Mehrwegverpackungen.<\/p>\n","protected":false},"author":2,"featured_media":8875,"comment_status":"closed","ping_status":"closed","sticky":false,"template":"","format":"standard","meta":{"_acf_changed":false,"_et_pb_use_builder":"","_et_pb_old_content":"","_et_gb_content_width":"","inline_featured_image":false,"footnotes":""},"categories":[13,18],"tags":[],"class_list":["post-8863","post","type-post","status-publish","format-standard","has-post-thumbnail","hentry","category-circular-economy","category-news"],"acf":[],"yoast_head":"<!-- This site is optimized with the Yoast SEO plugin v27.2 - https:\/\/yoast.com\/product\/yoast-seo-wordpress\/ -->\n<title>\u201eBis 2030 lassen sich deutliche Fortschritte hin zum zirkul\u00e4ren Wirtschaften erzielen.\u201c - BAUM e.V.<\/title>\n<meta name=\"robots\" content=\"index, follow, max-snippet:-1, max-image-preview:large, max-video-preview:-1\" \/>\n<link rel=\"canonical\" href=\"https:\/\/baumev.de\/en\/bis-2030-lassen-sich-deutliche-fortschritte-hin-zum-zirkulaeren-wirtschaften-erzielen\/\" \/>\n<meta property=\"og:locale\" content=\"en_GB\" \/>\n<meta property=\"og:type\" content=\"article\" \/>\n<meta property=\"og:title\" content=\"\u201eBis 2030 lassen sich deutliche Fortschritte hin zum zirkul\u00e4ren Wirtschaften erzielen.\u201c - BAUM e.V.\" \/>\n<meta property=\"og:description\" content=\"Interview mit Dr. Oliver Wolfrum, Gesch\u00e4ftsf\u00fchrer des Verbands Deutscher Wellpappe (VDW) und Generalbevollm\u00e4chtigtem des Forum \u00d6kologisch Verpacken (F\u00d6V), \u00fcber die Imagewirkung von Verpackungen, klimaschonende Innovationen und Mythen \u00fcber Mehrwegverpackungen.\" \/>\n<meta property=\"og:url\" content=\"https:\/\/baumev.de\/en\/bis-2030-lassen-sich-deutliche-fortschritte-hin-zum-zirkulaeren-wirtschaften-erzielen\/\" \/>\n<meta property=\"og:site_name\" content=\"BAUM e.V.\" \/>\n<meta property=\"article:published_time\" content=\"2025-08-26T08:07:59+00:00\" \/>\n<meta property=\"article:modified_time\" content=\"2025-08-26T08:32:07+00:00\" \/>\n<meta property=\"og:image\" content=\"https:\/\/baumev.de\/wp-content\/uploads\/2025\/08\/221207_Dr_Wolfrum_-122r-scaled-1.jpg\" \/>\n\t<meta property=\"og:image:width\" content=\"2560\" \/>\n\t<meta property=\"og:image:height\" content=\"1440\" \/>\n\t<meta property=\"og:image:type\" content=\"image\/jpeg\" \/>\n<meta name=\"author\" content=\"Katrin Wippich\" \/>\n<meta name=\"twitter:card\" content=\"summary_large_image\" \/>\n<meta name=\"twitter:label1\" content=\"Written by\" \/>\n\t<meta name=\"twitter:data1\" content=\"Katrin Wippich\" \/>\n\t<meta name=\"twitter:label2\" content=\"Estimated reading time\" \/>\n\t<meta name=\"twitter:data2\" content=\"3 minutes\" \/>\n<script type=\"application\/ld+json\" class=\"yoast-schema-graph\">{\"@context\":\"https:\/\/schema.org\",\"@graph\":[{\"@type\":\"Article\",\"@id\":\"https:\/\/baumev.de\/en\/bis-2030-lassen-sich-deutliche-fortschritte-hin-zum-zirkulaeren-wirtschaften-erzielen\/#article\",\"isPartOf\":{\"@id\":\"https:\/\/baumev.de\/en\/bis-2030-lassen-sich-deutliche-fortschritte-hin-zum-zirkulaeren-wirtschaften-erzielen\/\"},\"author\":{\"name\":\"Katrin Wippich\",\"@id\":\"\/#\/schema\/person\/7cca3fa2dd5ee9056656013035fb46db\"},\"headline\":\"\u201eBis 2030 lassen sich deutliche Fortschritte hin zum zirkul\u00e4ren Wirtschaften erzielen.\u201c\",\"datePublished\":\"2025-08-26T08:07:59+00:00\",\"dateModified\":\"2025-08-26T08:32:07+00:00\",\"mainEntityOfPage\":{\"@id\":\"https:\/\/baumev.de\/en\/bis-2030-lassen-sich-deutliche-fortschritte-hin-zum-zirkulaeren-wirtschaften-erzielen\/\"},\"wordCount\":460,\"publisher\":{\"@id\":\"\/#organization\"},\"image\":{\"@id\":\"https:\/\/baumev.de\/en\/bis-2030-lassen-sich-deutliche-fortschritte-hin-zum-zirkulaeren-wirtschaften-erzielen\/#primaryimage\"},\"thumbnailUrl\":\"https:\/\/baumev.de\/wp-content\/uploads\/2025\/08\/221207_Dr_Wolfrum_-122r-scaled-1.jpg\",\"articleSection\":[\"Circular Economy\",\"Einblicke &amp; Perspektiven\"],\"inLanguage\":\"en-GB\"},{\"@type\":\"WebPage\",\"@id\":\"https:\/\/baumev.de\/en\/bis-2030-lassen-sich-deutliche-fortschritte-hin-zum-zirkulaeren-wirtschaften-erzielen\/\",\"url\":\"https:\/\/baumev.de\/en\/bis-2030-lassen-sich-deutliche-fortschritte-hin-zum-zirkulaeren-wirtschaften-erzielen\/\",\"name\":\"\u201eBis 2030 lassen sich deutliche Fortschritte hin zum zirkul\u00e4ren Wirtschaften erzielen.\u201c - BAUM e.V.\",\"isPartOf\":{\"@id\":\"\/#website\"},\"primaryImageOfPage\":{\"@id\":\"https:\/\/baumev.de\/en\/bis-2030-lassen-sich-deutliche-fortschritte-hin-zum-zirkulaeren-wirtschaften-erzielen\/#primaryimage\"},\"image\":{\"@id\":\"https:\/\/baumev.de\/en\/bis-2030-lassen-sich-deutliche-fortschritte-hin-zum-zirkulaeren-wirtschaften-erzielen\/#primaryimage\"},\"thumbnailUrl\":\"https:\/\/baumev.de\/wp-content\/uploads\/2025\/08\/221207_Dr_Wolfrum_-122r-scaled-1.jpg\",\"datePublished\":\"2025-08-26T08:07:59+00:00\",\"dateModified\":\"2025-08-26T08:32:07+00:00\",\"breadcrumb\":{\"@id\":\"https:\/\/baumev.de\/en\/bis-2030-lassen-sich-deutliche-fortschritte-hin-zum-zirkulaeren-wirtschaften-erzielen\/#breadcrumb\"},\"inLanguage\":\"en-GB\",\"potentialAction\":[{\"@type\":\"ReadAction\",\"target\":[\"https:\/\/baumev.de\/en\/bis-2030-lassen-sich-deutliche-fortschritte-hin-zum-zirkulaeren-wirtschaften-erzielen\/\"]}]},{\"@type\":\"ImageObject\",\"inLanguage\":\"en-GB\",\"@id\":\"https:\/\/baumev.de\/en\/bis-2030-lassen-sich-deutliche-fortschritte-hin-zum-zirkulaeren-wirtschaften-erzielen\/#primaryimage\",\"url\":\"https:\/\/baumev.de\/wp-content\/uploads\/2025\/08\/221207_Dr_Wolfrum_-122r-scaled-1.jpg\",\"contentUrl\":\"https:\/\/baumev.de\/wp-content\/uploads\/2025\/08\/221207_Dr_Wolfrum_-122r-scaled-1.jpg\",\"width\":2560,\"height\":1440,\"caption\":\"Portr\u00e4t Dr. Oliver Wolfrum, Gesch\u00e4ftsf\u00fchrer des Verbands Deutscher Wellpappe (VDW) und Generalbevollm\u00e4chtigtem des Forum \u00d6kologisch Verpacken (F\u00d6V)\"},{\"@type\":\"BreadcrumbList\",\"@id\":\"https:\/\/baumev.de\/en\/bis-2030-lassen-sich-deutliche-fortschritte-hin-zum-zirkulaeren-wirtschaften-erzielen\/#breadcrumb\",\"itemListElement\":[{\"@type\":\"ListItem\",\"position\":1,\"name\":\"Startseite\",\"item\":\"https:\/\/baumev.de\/en\/\"},{\"@type\":\"ListItem\",\"position\":2,\"name\":\"\u201eBis 2030 lassen sich deutliche Fortschritte hin zum zirkul\u00e4ren Wirtschaften erzielen.\u201c\"}]},{\"@type\":\"WebSite\",\"@id\":\"\/#website\",\"url\":\"\/\",\"name\":\"BAUM e.V.\",\"description\":\"BAUM e.V. \u2013 Netzwerk f\u00fcr nachhaltiges Wirtschaften\",\"publisher\":{\"@id\":\"\/#organization\"},\"potentialAction\":[{\"@type\":\"SearchAction\",\"target\":{\"@type\":\"EntryPoint\",\"urlTemplate\":\"\/?s={search_term_string}\"},\"query-input\":{\"@type\":\"PropertyValueSpecification\",\"valueRequired\":true,\"valueName\":\"search_term_string\"}}],\"inLanguage\":\"en-GB\"},{\"@type\":\"Organization\",\"@id\":\"\/#organization\",\"name\":\"BAUM e.V.\",\"alternateName\":\"Bundesdeutscher Arbeitskreis f\u00fcr Umweltbewusstes Management\",\"url\":\"\/\",\"logo\":{\"@type\":\"ImageObject\",\"inLanguage\":\"en-GB\",\"@id\":\"\/#\/schema\/logo\/image\/\",\"url\":\"https:\/\/baumev.de\/wp-content\/uploads\/2025\/04\/Element-1.svg\",\"contentUrl\":\"https:\/\/baumev.de\/wp-content\/uploads\/2025\/04\/Element-1.svg\",\"width\":\"1024\",\"height\":\"1024\",\"caption\":\"BAUM e.V.\"},\"image\":{\"@id\":\"\/#\/schema\/logo\/image\/\"},\"sameAs\":[\"https:\/\/www.linkedin.com\/company\/baum-ev\"]},{\"@type\":\"Person\",\"@id\":\"\/#\/schema\/person\/7cca3fa2dd5ee9056656013035fb46db\",\"name\":\"Katrin Wippich\"}]}<\/script>\n<!-- \/ Yoast SEO plugin. -->","yoast_head_json":{"title":"\u201eBis 2030 lassen sich deutliche Fortschritte hin zum zirkul\u00e4ren Wirtschaften erzielen.\u201c - BAUM e.V.","robots":{"index":"index","follow":"follow","max-snippet":"max-snippet:-1","max-image-preview":"max-image-preview:large","max-video-preview":"max-video-preview:-1"},"canonical":"https:\/\/baumev.de\/en\/bis-2030-lassen-sich-deutliche-fortschritte-hin-zum-zirkulaeren-wirtschaften-erzielen\/","og_locale":"en_GB","og_type":"article","og_title":"\u201eBis 2030 lassen sich deutliche Fortschritte hin zum zirkul\u00e4ren Wirtschaften erzielen.\u201c - BAUM e.V.","og_description":"Interview mit Dr. Oliver Wolfrum, Gesch\u00e4ftsf\u00fchrer des Verbands Deutscher Wellpappe (VDW) und Generalbevollm\u00e4chtigtem des Forum \u00d6kologisch Verpacken (F\u00d6V), \u00fcber die Imagewirkung von Verpackungen, klimaschonende Innovationen und Mythen \u00fcber Mehrwegverpackungen.","og_url":"https:\/\/baumev.de\/en\/bis-2030-lassen-sich-deutliche-fortschritte-hin-zum-zirkulaeren-wirtschaften-erzielen\/","og_site_name":"BAUM e.V.","article_published_time":"2025-08-26T08:07:59+00:00","article_modified_time":"2025-08-26T08:32:07+00:00","og_image":[{"width":2560,"height":1440,"url":"https:\/\/baumev.de\/wp-content\/uploads\/2025\/08\/221207_Dr_Wolfrum_-122r-scaled-1.jpg","type":"image\/jpeg"}],"author":"Katrin Wippich","twitter_card":"summary_large_image","twitter_misc":{"Written by":"Katrin Wippich","Estimated reading time":"3 minutes"},"schema":{"@context":"https:\/\/schema.org","@graph":[{"@type":"Article","@id":"https:\/\/baumev.de\/en\/bis-2030-lassen-sich-deutliche-fortschritte-hin-zum-zirkulaeren-wirtschaften-erzielen\/#article","isPartOf":{"@id":"https:\/\/baumev.de\/en\/bis-2030-lassen-sich-deutliche-fortschritte-hin-zum-zirkulaeren-wirtschaften-erzielen\/"},"author":{"name":"Katrin Wippich","@id":"\/#\/schema\/person\/7cca3fa2dd5ee9056656013035fb46db"},"headline":"\u201eBis 2030 lassen sich deutliche Fortschritte hin zum zirkul\u00e4ren Wirtschaften erzielen.\u201c","datePublished":"2025-08-26T08:07:59+00:00","dateModified":"2025-08-26T08:32:07+00:00","mainEntityOfPage":{"@id":"https:\/\/baumev.de\/en\/bis-2030-lassen-sich-deutliche-fortschritte-hin-zum-zirkulaeren-wirtschaften-erzielen\/"},"wordCount":460,"publisher":{"@id":"\/#organization"},"image":{"@id":"https:\/\/baumev.de\/en\/bis-2030-lassen-sich-deutliche-fortschritte-hin-zum-zirkulaeren-wirtschaften-erzielen\/#primaryimage"},"thumbnailUrl":"https:\/\/baumev.de\/wp-content\/uploads\/2025\/08\/221207_Dr_Wolfrum_-122r-scaled-1.jpg","articleSection":["Circular Economy","Einblicke &amp; Perspektiven"],"inLanguage":"en-GB"},{"@type":"WebPage","@id":"https:\/\/baumev.de\/en\/bis-2030-lassen-sich-deutliche-fortschritte-hin-zum-zirkulaeren-wirtschaften-erzielen\/","url":"https:\/\/baumev.de\/en\/bis-2030-lassen-sich-deutliche-fortschritte-hin-zum-zirkulaeren-wirtschaften-erzielen\/","name":"\u201eBis 2030 lassen sich deutliche Fortschritte hin zum zirkul\u00e4ren Wirtschaften erzielen.\u201c - BAUM e.V.","isPartOf":{"@id":"\/#website"},"primaryImageOfPage":{"@id":"https:\/\/baumev.de\/en\/bis-2030-lassen-sich-deutliche-fortschritte-hin-zum-zirkulaeren-wirtschaften-erzielen\/#primaryimage"},"image":{"@id":"https:\/\/baumev.de\/en\/bis-2030-lassen-sich-deutliche-fortschritte-hin-zum-zirkulaeren-wirtschaften-erzielen\/#primaryimage"},"thumbnailUrl":"https:\/\/baumev.de\/wp-content\/uploads\/2025\/08\/221207_Dr_Wolfrum_-122r-scaled-1.jpg","datePublished":"2025-08-26T08:07:59+00:00","dateModified":"2025-08-26T08:32:07+00:00","breadcrumb":{"@id":"https:\/\/baumev.de\/en\/bis-2030-lassen-sich-deutliche-fortschritte-hin-zum-zirkulaeren-wirtschaften-erzielen\/#breadcrumb"},"inLanguage":"en-GB","potentialAction":[{"@type":"ReadAction","target":["https:\/\/baumev.de\/en\/bis-2030-lassen-sich-deutliche-fortschritte-hin-zum-zirkulaeren-wirtschaften-erzielen\/"]}]},{"@type":"ImageObject","inLanguage":"en-GB","@id":"https:\/\/baumev.de\/en\/bis-2030-lassen-sich-deutliche-fortschritte-hin-zum-zirkulaeren-wirtschaften-erzielen\/#primaryimage","url":"https:\/\/baumev.de\/wp-content\/uploads\/2025\/08\/221207_Dr_Wolfrum_-122r-scaled-1.jpg","contentUrl":"https:\/\/baumev.de\/wp-content\/uploads\/2025\/08\/221207_Dr_Wolfrum_-122r-scaled-1.jpg","width":2560,"height":1440,"caption":"Portr\u00e4t Dr. Oliver Wolfrum, Gesch\u00e4ftsf\u00fchrer des Verbands Deutscher Wellpappe (VDW) und Generalbevollm\u00e4chtigtem des Forum \u00d6kologisch Verpacken (F\u00d6V)"},{"@type":"BreadcrumbList","@id":"https:\/\/baumev.de\/en\/bis-2030-lassen-sich-deutliche-fortschritte-hin-zum-zirkulaeren-wirtschaften-erzielen\/#breadcrumb","itemListElement":[{"@type":"ListItem","position":1,"name":"Startseite","item":"https:\/\/baumev.de\/en\/"},{"@type":"ListItem","position":2,"name":"\u201eBis 2030 lassen sich deutliche Fortschritte hin zum zirkul\u00e4ren Wirtschaften erzielen.\u201c"}]},{"@type":"WebSite","@id":"\/#website","url":"\/","name":"BAUM e.V.","description":"BAUM e.V. \u2013 Netzwerk f\u00fcr nachhaltiges Wirtschaften","publisher":{"@id":"\/#organization"},"potentialAction":[{"@type":"SearchAction","target":{"@type":"EntryPoint","urlTemplate":"\/?s={search_term_string}"},"query-input":{"@type":"PropertyValueSpecification","valueRequired":true,"valueName":"search_term_string"}}],"inLanguage":"en-GB"},{"@type":"Organization","@id":"\/#organization","name":"BAUM e.V.","alternateName":"Bundesdeutscher Arbeitskreis f\u00fcr Umweltbewusstes Management","url":"\/","logo":{"@type":"ImageObject","inLanguage":"en-GB","@id":"\/#\/schema\/logo\/image\/","url":"https:\/\/baumev.de\/wp-content\/uploads\/2025\/04\/Element-1.svg","contentUrl":"https:\/\/baumev.de\/wp-content\/uploads\/2025\/04\/Element-1.svg","width":"1024","height":"1024","caption":"BAUM e.V."},"image":{"@id":"\/#\/schema\/logo\/image\/"},"sameAs":["https:\/\/www.linkedin.com\/company\/baum-ev"]},{"@type":"Person","@id":"\/#\/schema\/person\/7cca3fa2dd5ee9056656013035fb46db","name":"Katrin Wippich"}]}},"_links":{"self":[{"href":"https:\/\/baumev.de\/en\/wp-json\/wp\/v2\/posts\/8863","targetHints":{"allow":["GET"]}}],"collection":[{"href":"https:\/\/baumev.de\/en\/wp-json\/wp\/v2\/posts"}],"about":[{"href":"https:\/\/baumev.de\/en\/wp-json\/wp\/v2\/types\/post"}],"author":[{"embeddable":true,"href":"https:\/\/baumev.de\/en\/wp-json\/wp\/v2\/users\/2"}],"replies":[{"embeddable":true,"href":"https:\/\/baumev.de\/en\/wp-json\/wp\/v2\/comments?post=8863"}],"version-history":[{"count":7,"href":"https:\/\/baumev.de\/en\/wp-json\/wp\/v2\/posts\/8863\/revisions"}],"predecessor-version":[{"id":8871,"href":"https:\/\/baumev.de\/en\/wp-json\/wp\/v2\/posts\/8863\/revisions\/8871"}],"wp:featuredmedia":[{"embeddable":true,"href":"https:\/\/baumev.de\/en\/wp-json\/wp\/v2\/media\/8875"}],"wp:attachment":[{"href":"https:\/\/baumev.de\/en\/wp-json\/wp\/v2\/media?parent=8863"}],"wp:term":[{"taxonomy":"category","embeddable":true,"href":"https:\/\/baumev.de\/en\/wp-json\/wp\/v2\/categories?post=8863"},{"taxonomy":"post_tag","embeddable":true,"href":"https:\/\/baumev.de\/en\/wp-json\/wp\/v2\/tags?post=8863"}],"curies":[{"name":"wp","href":"https:\/\/api.w.org\/{rel}","templated":true}]}}