{"id":8983,"date":"2025-08-28T14:11:45","date_gmt":"2025-08-28T12:11:45","guid":{"rendered":"https:\/\/baumev.de\/?p=8983"},"modified":"2025-08-28T14:21:44","modified_gmt":"2025-08-28T12:21:44","slug":"neue-foerderung-fuer-betriebliches-mobilitaetsmanagement-in-kmu","status":"publish","type":"post","link":"https:\/\/baumev.de\/en\/neue-foerderung-fuer-betriebliches-mobilitaetsmanagement-in-kmu\/","title":{"rendered":"Neue F\u00f6rderung f\u00fcr Betriebliches Mobilit\u00e4tsmanagement in KMU"},"content":{"rendered":"<p>Das Bundesministerium f\u00fcr Verkehr (BMV) stellt im Rahmen des F\u00f6rderprogramms Betriebliches Mobilit\u00e4tsmanagement neue F\u00f6rdermittel bereit. Kleine und mittlere Unternehmen (KMU) k\u00f6nnen ab sofort von zwei gezielten F\u00f6rderangeboten profitieren: Einer qualifizierten Erstberatung f\u00fcr ein ma\u00dfgeschneidertes Mobilit\u00e4tskonzept sowie der F\u00f6rderung bew\u00e4hrter Standardma\u00dfnahmen im Betrieblichen Mobilit\u00e4tsmanagement.<\/p>\n<p><strong>Initialf\u00f6rderung \u2013 Qualifizierte Erstberatung f\u00fcr Mobilit\u00e4tskonzepte<\/strong><\/p>\n<p>Mit dem F\u00f6rderaufruf im Schwerpunkt Initialf\u00f6rderung erhalten KMU ohne oder mit nur geringen Vorerfahrungen im Mobilit\u00e4tsmanagement eine umfassende Erstberatung. Diese umfasst eine Bestandsaufnahme sowie die Entwicklung eines ma\u00dfgeschneiderten und nachhaltigen Mobilit\u00e4tskonzepts. Ziel ist es, Unternehmen beim Einstieg in das Betriebliche Mobilit\u00e4tsmanagement zu unterst\u00fctzen und die Grundlage f\u00fcr weiterf\u00fchrende Ma\u00dfnahmen zu schaffen. Die Beratungsleistungen werden ausschlie\u00dflich durch akkreditierte Mobilit\u00e4tsberaterinnen und -berater erbracht, die im Beratungspool der Initiative \u201emobil gewinnt\u201c unter www.mobil-gewinnt.de\/Beratungspool gelistet sind.<\/p>\n<p><strong>Breitenf\u00f6rderung \u2013 Umsetzung von Standardma\u00dfnahmen<\/strong><\/p>\n<p>Der F\u00f6rderaufruf im Schwerpunkt Breitenf\u00f6rderung richtet sich an KMU, die konkrete Ma\u00dfnahmen des Betrieblichen Mobilit\u00e4tsmanagements umsetzen m\u00f6chten. So f\u00f6rdert das BMV unter anderem den Kauf von Lastenfahrr\u00e4dern und Lasten-Pedelecs, Radabstellanlagen, Duschen und Umkleiden, Lades\u00e4ulen, den Kauf von E-Fahrzeugen und E-Rollern, Mobilit\u00e4tsaktionstage, die dienstliche Nutzung von Carsharing und Mietangeboten sowie App- und Software-L\u00f6sungen. Voraussetzung sind erste \u00dcberlegungen wie z. B. Nutzung von Lasten-Pedelecs anstatt Pkw oder sogar Mobilit\u00e4tskonzepte. Die F\u00f6rderung soll eine m\u00f6glichst breite Wirkung in der Unternehmenslandschaft erzielen und langfristige Ver\u00e4nderungen im Mobilit\u00e4tsverhalten ansto\u00dfen.<\/p>\n<p>Die F\u00f6rderaufrufe erfolgen im Rahmen des F\u00f6rderprogramms Betriebliches Mobilit\u00e4tsmanagement des BMV, basierend auf der Richtlinie Betriebliches Mobilit\u00e4tsmanagement vom 10. April 2024. Beide F\u00f6rderaufrufe richten sich ausschlie\u00dflich an nach EU-Definition eingestufte KMU.\u00a0<strong>Die Einreichungsfrist f\u00fcr F\u00f6rderantr\u00e4ge endet am 31. Dezember 2026.\u00a0<\/strong>Das F\u00f6rderprogramm im Rahmen der Bundesinitiative \u201emobil gewinnt\u201c bietet unter anderem Unternehmen die Chance, durch eigene Ma\u00dfnahmen einen aktiven Beitrag zu einem modernen und klimafreundlichen Mobilit\u00e4tssystem zu leisten.<\/p>\n<p>Alle Informationen rund um die F\u00f6rderaufrufe sowie begleitende Informationen zum F\u00f6rderprogramm und zum Betrieblichen Mobilit\u00e4tsmanagement finden Sie auf der Internetseite der Initiative \u201emobil gewinnt\u201c unter <a href=\"http:\/\/www.mobil-gewinnt.de\/Breitenfoerderung\" target=\"_blank\" rel=\"noopener\">www.mobil-gewinnt.de\/Initialfoerderung<\/a> und <a href=\"http:\/\/www.mobil-gewinnt.de\/Breitenfoerderung\" target=\"_blank\" rel=\"noopener\">www.mobil-gewinnt.de\/Breitenfoerderung<\/a> sowie auf der Internetseite des Bundesamt f\u00fcr Logistik und Mobilit\u00e4t (BALM) unter <a href=\"https:\/\/www.balm.bund.de\/DE\/Foerderprogramme\/BMM\/Foerderaufruf\/Foerderaufruf_BMM.html\" target=\"_blank\" rel=\"noopener\">F\u00f6rderaufruf BMM \u2013 Aktuelle F\u00f6rderrichtlinie und F\u00f6rderaufrufe<\/a>.<\/p>\n","protected":false},"excerpt":{"rendered":"<p>Das Bundesministerium f\u00fcr Verkehr (BMV) stellt im Rahmen des F\u00f6rderprogramms Betriebliches Mobilit\u00e4tsmanagement neue F\u00f6rdermittel bereit. Kleine und mittlere Unternehmen (KMU) k\u00f6nnen ab sofort von zwei gezielten F\u00f6rderangeboten profitieren.<\/p>\n","protected":false},"author":2,"featured_media":8985,"comment_status":"closed","ping_status":"closed","sticky":false,"template":"","format":"standard","meta":{"_acf_changed":false,"_et_pb_use_builder":"","_et_pb_old_content":"","_et_gb_content_width":"","inline_featured_image":false,"footnotes":""},"categories":[18,16],"tags":[],"class_list":["post-8983","post","type-post","status-publish","format-standard","has-post-thumbnail","hentry","category-news","category-mobilitaet-logistik"],"acf":[],"yoast_head":"<!-- This site is optimized with the Yoast SEO plugin v27.2 - https:\/\/yoast.com\/product\/yoast-seo-wordpress\/ -->\n<title>Neue F\u00f6rderung f\u00fcr Betriebliches Mobilit\u00e4tsmanagement in KMU - BAUM e.V.<\/title>\n<meta name=\"robots\" content=\"index, follow, max-snippet:-1, max-image-preview:large, max-video-preview:-1\" \/>\n<link rel=\"canonical\" href=\"https:\/\/baumev.de\/en\/neue-foerderung-fuer-betriebliches-mobilitaetsmanagement-in-kmu\/\" \/>\n<meta property=\"og:locale\" content=\"en_GB\" \/>\n<meta property=\"og:type\" content=\"article\" \/>\n<meta property=\"og:title\" content=\"Neue F\u00f6rderung f\u00fcr Betriebliches Mobilit\u00e4tsmanagement in KMU - BAUM e.V.\" \/>\n<meta property=\"og:description\" content=\"Das Bundesministerium f\u00fcr Verkehr (BMV) stellt im Rahmen des F\u00f6rderprogramms Betriebliches Mobilit\u00e4tsmanagement neue F\u00f6rdermittel bereit. Kleine und mittlere Unternehmen (KMU) k\u00f6nnen ab sofort von zwei gezielten F\u00f6rderangeboten profitieren.\" \/>\n<meta property=\"og:url\" content=\"https:\/\/baumev.de\/en\/neue-foerderung-fuer-betriebliches-mobilitaetsmanagement-in-kmu\/\" \/>\n<meta property=\"og:site_name\" content=\"BAUM e.V.\" \/>\n<meta property=\"article:published_time\" content=\"2025-08-28T12:11:45+00:00\" \/>\n<meta property=\"article:modified_time\" content=\"2025-08-28T12:21:44+00:00\" \/>\n<meta property=\"og:image\" content=\"https:\/\/baumev.de\/wp-content\/uploads\/2025\/08\/Foerderaufruf_mobilgewinnt.png\" \/>\n\t<meta property=\"og:image:width\" content=\"2000\" \/>\n\t<meta property=\"og:image:height\" content=\"1125\" \/>\n\t<meta property=\"og:image:type\" content=\"image\/png\" \/>\n<meta name=\"author\" content=\"Katrin Wippich\" \/>\n<meta name=\"twitter:card\" content=\"summary_large_image\" \/>\n<meta name=\"twitter:label1\" content=\"Written by\" \/>\n\t<meta name=\"twitter:data1\" content=\"Katrin Wippich\" \/>\n\t<meta name=\"twitter:label2\" content=\"Estimated reading time\" \/>\n\t<meta name=\"twitter:data2\" content=\"2 minutes\" \/>\n<script type=\"application\/ld+json\" class=\"yoast-schema-graph\">{\"@context\":\"https:\/\/schema.org\",\"@graph\":[{\"@type\":\"Article\",\"@id\":\"https:\/\/baumev.de\/en\/neue-foerderung-fuer-betriebliches-mobilitaetsmanagement-in-kmu\/#article\",\"isPartOf\":{\"@id\":\"https:\/\/baumev.de\/en\/neue-foerderung-fuer-betriebliches-mobilitaetsmanagement-in-kmu\/\"},\"author\":{\"name\":\"Katrin Wippich\",\"@id\":\"\/#\/schema\/person\/7cca3fa2dd5ee9056656013035fb46db\"},\"headline\":\"Neue F\u00f6rderung f\u00fcr Betriebliches Mobilit\u00e4tsmanagement in KMU\",\"datePublished\":\"2025-08-28T12:11:45+00:00\",\"dateModified\":\"2025-08-28T12:21:44+00:00\",\"mainEntityOfPage\":{\"@id\":\"https:\/\/baumev.de\/en\/neue-foerderung-fuer-betriebliches-mobilitaetsmanagement-in-kmu\/\"},\"wordCount\":403,\"publisher\":{\"@id\":\"\/#organization\"},\"image\":{\"@id\":\"https:\/\/baumev.de\/en\/neue-foerderung-fuer-betriebliches-mobilitaetsmanagement-in-kmu\/#primaryimage\"},\"thumbnailUrl\":\"https:\/\/baumev.de\/wp-content\/uploads\/2025\/08\/Foerderaufruf_mobilgewinnt.png\",\"articleSection\":[\"Einblicke &amp; Perspektiven\",\"Mobilit\u00e4t &amp; Logistik\"],\"inLanguage\":\"en-GB\"},{\"@type\":\"WebPage\",\"@id\":\"https:\/\/baumev.de\/en\/neue-foerderung-fuer-betriebliches-mobilitaetsmanagement-in-kmu\/\",\"url\":\"https:\/\/baumev.de\/en\/neue-foerderung-fuer-betriebliches-mobilitaetsmanagement-in-kmu\/\",\"name\":\"Neue F\u00f6rderung f\u00fcr Betriebliches Mobilit\u00e4tsmanagement in KMU - BAUM e.V.\",\"isPartOf\":{\"@id\":\"\/#website\"},\"primaryImageOfPage\":{\"@id\":\"https:\/\/baumev.de\/en\/neue-foerderung-fuer-betriebliches-mobilitaetsmanagement-in-kmu\/#primaryimage\"},\"image\":{\"@id\":\"https:\/\/baumev.de\/en\/neue-foerderung-fuer-betriebliches-mobilitaetsmanagement-in-kmu\/#primaryimage\"},\"thumbnailUrl\":\"https:\/\/baumev.de\/wp-content\/uploads\/2025\/08\/Foerderaufruf_mobilgewinnt.png\",\"datePublished\":\"2025-08-28T12:11:45+00:00\",\"dateModified\":\"2025-08-28T12:21:44+00:00\",\"breadcrumb\":{\"@id\":\"https:\/\/baumev.de\/en\/neue-foerderung-fuer-betriebliches-mobilitaetsmanagement-in-kmu\/#breadcrumb\"},\"inLanguage\":\"en-GB\",\"potentialAction\":[{\"@type\":\"ReadAction\",\"target\":[\"https:\/\/baumev.de\/en\/neue-foerderung-fuer-betriebliches-mobilitaetsmanagement-in-kmu\/\"]}]},{\"@type\":\"ImageObject\",\"inLanguage\":\"en-GB\",\"@id\":\"https:\/\/baumev.de\/en\/neue-foerderung-fuer-betriebliches-mobilitaetsmanagement-in-kmu\/#primaryimage\",\"url\":\"https:\/\/baumev.de\/wp-content\/uploads\/2025\/08\/Foerderaufruf_mobilgewinnt.png\",\"contentUrl\":\"https:\/\/baumev.de\/wp-content\/uploads\/2025\/08\/Foerderaufruf_mobilgewinnt.png\",\"width\":2000,\"height\":1125,\"caption\":\"Social-Media-Sharepic zum F\u00f6rderausruf. Alle Informationen auch im Text.\"},{\"@type\":\"BreadcrumbList\",\"@id\":\"https:\/\/baumev.de\/en\/neue-foerderung-fuer-betriebliches-mobilitaetsmanagement-in-kmu\/#breadcrumb\",\"itemListElement\":[{\"@type\":\"ListItem\",\"position\":1,\"name\":\"Startseite\",\"item\":\"https:\/\/baumev.de\/en\/\"},{\"@type\":\"ListItem\",\"position\":2,\"name\":\"Neue F\u00f6rderung f\u00fcr Betriebliches Mobilit\u00e4tsmanagement in KMU\"}]},{\"@type\":\"WebSite\",\"@id\":\"\/#website\",\"url\":\"\/\",\"name\":\"BAUM e.V.\",\"description\":\"BAUM e.V. \u2013 Netzwerk f\u00fcr nachhaltiges Wirtschaften\",\"publisher\":{\"@id\":\"\/#organization\"},\"potentialAction\":[{\"@type\":\"SearchAction\",\"target\":{\"@type\":\"EntryPoint\",\"urlTemplate\":\"\/?s={search_term_string}\"},\"query-input\":{\"@type\":\"PropertyValueSpecification\",\"valueRequired\":true,\"valueName\":\"search_term_string\"}}],\"inLanguage\":\"en-GB\"},{\"@type\":\"Organization\",\"@id\":\"\/#organization\",\"name\":\"BAUM e.V.\",\"alternateName\":\"Bundesdeutscher Arbeitskreis f\u00fcr Umweltbewusstes Management\",\"url\":\"\/\",\"logo\":{\"@type\":\"ImageObject\",\"inLanguage\":\"en-GB\",\"@id\":\"\/#\/schema\/logo\/image\/\",\"url\":\"https:\/\/baumev.de\/wp-content\/uploads\/2025\/04\/Element-1.svg\",\"contentUrl\":\"https:\/\/baumev.de\/wp-content\/uploads\/2025\/04\/Element-1.svg\",\"width\":\"1024\",\"height\":\"1024\",\"caption\":\"BAUM e.V.\"},\"image\":{\"@id\":\"\/#\/schema\/logo\/image\/\"},\"sameAs\":[\"https:\/\/www.linkedin.com\/company\/baum-ev\"]},{\"@type\":\"Person\",\"@id\":\"\/#\/schema\/person\/7cca3fa2dd5ee9056656013035fb46db\",\"name\":\"Katrin Wippich\"}]}<\/script>\n<!-- \/ Yoast SEO plugin. -->","yoast_head_json":{"title":"Neue F\u00f6rderung f\u00fcr Betriebliches Mobilit\u00e4tsmanagement in KMU - BAUM e.V.","robots":{"index":"index","follow":"follow","max-snippet":"max-snippet:-1","max-image-preview":"max-image-preview:large","max-video-preview":"max-video-preview:-1"},"canonical":"https:\/\/baumev.de\/en\/neue-foerderung-fuer-betriebliches-mobilitaetsmanagement-in-kmu\/","og_locale":"en_GB","og_type":"article","og_title":"Neue F\u00f6rderung f\u00fcr Betriebliches Mobilit\u00e4tsmanagement in KMU - BAUM e.V.","og_description":"Das Bundesministerium f\u00fcr Verkehr (BMV) stellt im Rahmen des F\u00f6rderprogramms Betriebliches Mobilit\u00e4tsmanagement neue F\u00f6rdermittel bereit. Kleine und mittlere Unternehmen (KMU) k\u00f6nnen ab sofort von zwei gezielten F\u00f6rderangeboten profitieren.","og_url":"https:\/\/baumev.de\/en\/neue-foerderung-fuer-betriebliches-mobilitaetsmanagement-in-kmu\/","og_site_name":"BAUM e.V.","article_published_time":"2025-08-28T12:11:45+00:00","article_modified_time":"2025-08-28T12:21:44+00:00","og_image":[{"width":2000,"height":1125,"url":"https:\/\/baumev.de\/wp-content\/uploads\/2025\/08\/Foerderaufruf_mobilgewinnt.png","type":"image\/png"}],"author":"Katrin Wippich","twitter_card":"summary_large_image","twitter_misc":{"Written by":"Katrin Wippich","Estimated reading time":"2 minutes"},"schema":{"@context":"https:\/\/schema.org","@graph":[{"@type":"Article","@id":"https:\/\/baumev.de\/en\/neue-foerderung-fuer-betriebliches-mobilitaetsmanagement-in-kmu\/#article","isPartOf":{"@id":"https:\/\/baumev.de\/en\/neue-foerderung-fuer-betriebliches-mobilitaetsmanagement-in-kmu\/"},"author":{"name":"Katrin Wippich","@id":"\/#\/schema\/person\/7cca3fa2dd5ee9056656013035fb46db"},"headline":"Neue F\u00f6rderung f\u00fcr Betriebliches Mobilit\u00e4tsmanagement in KMU","datePublished":"2025-08-28T12:11:45+00:00","dateModified":"2025-08-28T12:21:44+00:00","mainEntityOfPage":{"@id":"https:\/\/baumev.de\/en\/neue-foerderung-fuer-betriebliches-mobilitaetsmanagement-in-kmu\/"},"wordCount":403,"publisher":{"@id":"\/#organization"},"image":{"@id":"https:\/\/baumev.de\/en\/neue-foerderung-fuer-betriebliches-mobilitaetsmanagement-in-kmu\/#primaryimage"},"thumbnailUrl":"https:\/\/baumev.de\/wp-content\/uploads\/2025\/08\/Foerderaufruf_mobilgewinnt.png","articleSection":["Einblicke &amp; Perspektiven","Mobilit\u00e4t &amp; Logistik"],"inLanguage":"en-GB"},{"@type":"WebPage","@id":"https:\/\/baumev.de\/en\/neue-foerderung-fuer-betriebliches-mobilitaetsmanagement-in-kmu\/","url":"https:\/\/baumev.de\/en\/neue-foerderung-fuer-betriebliches-mobilitaetsmanagement-in-kmu\/","name":"Neue F\u00f6rderung f\u00fcr Betriebliches Mobilit\u00e4tsmanagement in KMU - BAUM e.V.","isPartOf":{"@id":"\/#website"},"primaryImageOfPage":{"@id":"https:\/\/baumev.de\/en\/neue-foerderung-fuer-betriebliches-mobilitaetsmanagement-in-kmu\/#primaryimage"},"image":{"@id":"https:\/\/baumev.de\/en\/neue-foerderung-fuer-betriebliches-mobilitaetsmanagement-in-kmu\/#primaryimage"},"thumbnailUrl":"https:\/\/baumev.de\/wp-content\/uploads\/2025\/08\/Foerderaufruf_mobilgewinnt.png","datePublished":"2025-08-28T12:11:45+00:00","dateModified":"2025-08-28T12:21:44+00:00","breadcrumb":{"@id":"https:\/\/baumev.de\/en\/neue-foerderung-fuer-betriebliches-mobilitaetsmanagement-in-kmu\/#breadcrumb"},"inLanguage":"en-GB","potentialAction":[{"@type":"ReadAction","target":["https:\/\/baumev.de\/en\/neue-foerderung-fuer-betriebliches-mobilitaetsmanagement-in-kmu\/"]}]},{"@type":"ImageObject","inLanguage":"en-GB","@id":"https:\/\/baumev.de\/en\/neue-foerderung-fuer-betriebliches-mobilitaetsmanagement-in-kmu\/#primaryimage","url":"https:\/\/baumev.de\/wp-content\/uploads\/2025\/08\/Foerderaufruf_mobilgewinnt.png","contentUrl":"https:\/\/baumev.de\/wp-content\/uploads\/2025\/08\/Foerderaufruf_mobilgewinnt.png","width":2000,"height":1125,"caption":"Social-Media-Sharepic zum F\u00f6rderausruf. Alle Informationen auch im Text."},{"@type":"BreadcrumbList","@id":"https:\/\/baumev.de\/en\/neue-foerderung-fuer-betriebliches-mobilitaetsmanagement-in-kmu\/#breadcrumb","itemListElement":[{"@type":"ListItem","position":1,"name":"Startseite","item":"https:\/\/baumev.de\/en\/"},{"@type":"ListItem","position":2,"name":"Neue F\u00f6rderung f\u00fcr Betriebliches Mobilit\u00e4tsmanagement in KMU"}]},{"@type":"WebSite","@id":"\/#website","url":"\/","name":"BAUM e.V.","description":"BAUM e.V. \u2013 Netzwerk f\u00fcr nachhaltiges Wirtschaften","publisher":{"@id":"\/#organization"},"potentialAction":[{"@type":"SearchAction","target":{"@type":"EntryPoint","urlTemplate":"\/?s={search_term_string}"},"query-input":{"@type":"PropertyValueSpecification","valueRequired":true,"valueName":"search_term_string"}}],"inLanguage":"en-GB"},{"@type":"Organization","@id":"\/#organization","name":"BAUM e.V.","alternateName":"Bundesdeutscher Arbeitskreis f\u00fcr Umweltbewusstes Management","url":"\/","logo":{"@type":"ImageObject","inLanguage":"en-GB","@id":"\/#\/schema\/logo\/image\/","url":"https:\/\/baumev.de\/wp-content\/uploads\/2025\/04\/Element-1.svg","contentUrl":"https:\/\/baumev.de\/wp-content\/uploads\/2025\/04\/Element-1.svg","width":"1024","height":"1024","caption":"BAUM e.V."},"image":{"@id":"\/#\/schema\/logo\/image\/"},"sameAs":["https:\/\/www.linkedin.com\/company\/baum-ev"]},{"@type":"Person","@id":"\/#\/schema\/person\/7cca3fa2dd5ee9056656013035fb46db","name":"Katrin Wippich"}]}},"_links":{"self":[{"href":"https:\/\/baumev.de\/en\/wp-json\/wp\/v2\/posts\/8983","targetHints":{"allow":["GET"]}}],"collection":[{"href":"https:\/\/baumev.de\/en\/wp-json\/wp\/v2\/posts"}],"about":[{"href":"https:\/\/baumev.de\/en\/wp-json\/wp\/v2\/types\/post"}],"author":[{"embeddable":true,"href":"https:\/\/baumev.de\/en\/wp-json\/wp\/v2\/users\/2"}],"replies":[{"embeddable":true,"href":"https:\/\/baumev.de\/en\/wp-json\/wp\/v2\/comments?post=8983"}],"version-history":[{"count":2,"href":"https:\/\/baumev.de\/en\/wp-json\/wp\/v2\/posts\/8983\/revisions"}],"predecessor-version":[{"id":8988,"href":"https:\/\/baumev.de\/en\/wp-json\/wp\/v2\/posts\/8983\/revisions\/8988"}],"wp:featuredmedia":[{"embeddable":true,"href":"https:\/\/baumev.de\/en\/wp-json\/wp\/v2\/media\/8985"}],"wp:attachment":[{"href":"https:\/\/baumev.de\/en\/wp-json\/wp\/v2\/media?parent=8983"}],"wp:term":[{"taxonomy":"category","embeddable":true,"href":"https:\/\/baumev.de\/en\/wp-json\/wp\/v2\/categories?post=8983"},{"taxonomy":"post_tag","embeddable":true,"href":"https:\/\/baumev.de\/en\/wp-json\/wp\/v2\/tags?post=8983"}],"curies":[{"name":"wp","href":"https:\/\/api.w.org\/{rel}","templated":true}]}}